{"id":22860,"date":"2023-12-07T13:06:11","date_gmt":"2023-12-07T12:06:11","guid":{"rendered":"https:\/\/www.desarrollo.santapola.es\/?p=22860"},"modified":"2024-03-07T18:42:29","modified_gmt":"2024-03-07T17:42:29","slug":"los-alumnos-del-ciclo-fp-de-mantenimiento-de-embarcaciones-de-recreo-retoman-las-practicas-en-astilleros-astondoa","status":"publish","type":"post","link":"https:\/\/santapola.es\/ca\/los-alumnos-del-ciclo-fp-de-mantenimiento-de-embarcaciones-de-recreo-retoman-las-practicas-en-astilleros-astondoa\/","title":{"rendered":"Los alumnos del ciclo FP de mantenimiento de embarcaciones de recreo retoman las pr\u00e1cticas en Astilleros Astondoa"},"content":{"rendered":"<p><strong>La reuni\u00f3n de la alcaldesa Loreto Serrano con la directora general de Formaci\u00f3n Profesional consigui\u00f3 desbloquear el problema que lo imped\u00eda y los alumnos del IES Cap de l\u2019Aljub podr\u00e1n volver a realizar las pr\u00e1cticas en las instalaciones de los astilleros.<\/strong><\/p>\n<p>El satisfactorio resultado de la reuni\u00f3n que la alcaldesa Loreto Serrano ha mantenido en Valencia con la Directora General de Formaci\u00f3n Profesional, Marta Armendia, ha propiciado que los alumnos que cursan el grado medio de FP de Mantenimiento de Embarcaciones de Recreo en el IES Cap de l\u2019Aljub puedan volver a realizar sus pr\u00e1cticas en Astilleros Astondoa a partir del pr\u00f3ximo lunes, tal y como han estado haciendo los dos cursos anteriores.<\/p>\n<p>Seg\u00fan ha explicado la alcaldesa, \u201clos estudiantes tuvieron que dejar de hacer sus pr\u00e1cticas por una cuesti\u00f3n administrativa, ya que hab\u00eda un problema con el convenio entre Educaci\u00f3n y la empresa que, gracias a la buena predisposici\u00f3n de la directora general, se ha conseguido resolver, de modo que a partir del pr\u00f3ximo lunes se podr\u00e1n retomar las pr\u00e1cticas con total seguridad para los alumnos\u201d.<\/p>\n<p>40 alumnos se graduaron el curso pasado en el grado medio de FP de Mantenimiento de Embarcaciones de Recreo en el IES Cap de l\u2019Aljub, el primer centro de la Comunidad Valenciana que imparte estos estudios.<\/p>\n<p>Durante su formaci\u00f3n, los reci\u00e9n graduados practicaron en los diferentes procesos que conforman la cadena de mantenimiento y reparaci\u00f3n de las embarcaciones de recreo, desde el montaje y reparaci\u00f3n de moldes para laminaci\u00f3n, pasando por la puesta a punto de motores, as\u00ed como por la revisi\u00f3n de los equipos de electricidad y electr\u00f3nica, entre otros.\u00a0 Las pr\u00e1cticas han sido complementadas con clases te\u00f3ricas recibidas por profesionales del equipo del astillero, especialistas en las diferentes \u00e1reas.<\/p>\n<p><em>Foto cedida por Astilleros Astondoa<\/em><\/p>\n","protected":false},"excerpt":{"rendered":"<p>La reuni\u00f3n de la alcaldesa Loreto Serrano con la directora general de Formaci\u00f3n Profesional consigui\u00f3 desbloquear el problema que lo imped\u00eda y los alumnos del IES Cap de l\u2019Aljub podr\u00e1n volver a realizar las pr\u00e1cticas en las instalaciones de los astilleros. El satisfactorio resultado de la reuni\u00f3n que la alcaldesa Loreto Serrano ha mantenido en [&hellip;]<\/p>\n","protected":false},"author":96,"featured_media":22861,"comment_status":"closed","ping_status":"closed","sticky":false,"template":"","format":"standard","meta":{"_et_pb_use_builder":"","_et_pb_old_content":"","_et_gb_content_width":"","footnotes":""},"categories":[116,66],"tags":[359,360,141],"class_list":["post-22860","post","type-post","status-publish","format-standard","has-post-thumbnail","hentry","category-educacion","category-inicio","tag-astilleros-astondoa","tag-ies-cap-de-laljub","tag-loreto-serrano"],"yoast_head":"<!-- This site is optimized with the Yoast SEO plugin v27.4 - https:\/\/yoast.com\/product\/yoast-seo-wordpress\/ -->\n<title>Los alumnos del ciclo FP de mantenimiento de embarcaciones de recreo retoman las pr\u00e1cticas en Astilleros Astondoa - Ajuntament de Santa Pola<\/title>\n<meta name=\"robots\" content=\"index, follow, max-snippet:-1, max-image-preview:large, max-video-preview:-1\" \/>\n<link rel=\"canonical\" href=\"https:\/\/santapola.es\/ca\/los-alumnos-del-ciclo-fp-de-mantenimiento-de-embarcaciones-de-recreo-retoman-las-practicas-en-astilleros-astondoa\/\" \/>\n<meta property=\"og:locale\" content=\"ca_ES\" \/>\n<meta property=\"og:type\" content=\"article\" \/>\n<meta property=\"og:title\" content=\"Los alumnos del ciclo FP de mantenimiento de embarcaciones de recreo retoman las pr\u00e1cticas en Astilleros Astondoa - Ajuntament de Santa Pola\" \/>\n<meta property=\"og:description\" content=\"La reuni\u00f3n de la alcaldesa Loreto Serrano con la directora general de Formaci\u00f3n Profesional consigui\u00f3 desbloquear el problema que lo imped\u00eda y los alumnos del IES Cap de l\u2019Aljub podr\u00e1n volver a realizar las pr\u00e1cticas en las instalaciones de los astilleros. El satisfactorio resultado de la reuni\u00f3n que la alcaldesa Loreto Serrano ha mantenido en [&hellip;]\" \/>\n<meta property=\"og:url\" content=\"https:\/\/santapola.es\/ca\/los-alumnos-del-ciclo-fp-de-mantenimiento-de-embarcaciones-de-recreo-retoman-las-practicas-en-astilleros-astondoa\/\" \/>\n<meta property=\"og:site_name\" content=\"Ajuntament de Santa Pola\" \/>\n<meta property=\"article:publisher\" content=\"https:\/\/www.facebook.com\/AyuntamientoSantaPola\/\" \/>\n<meta property=\"article:published_time\" content=\"2023-12-07T12:06:11+00:00\" \/>\n<meta property=\"article:modified_time\" content=\"2024-03-07T17:42:29+00:00\" \/>\n<meta property=\"og:image\" content=\"https:\/\/santapola.es\/wp-content\/uploads\/2023\/12\/2023-12-07-practicas-alumnos-foto-de-Astilleros-Astondoa.jpg\" \/>\n\t<meta property=\"og:image:width\" content=\"1600\" \/>\n\t<meta property=\"og:image:height\" content=\"901\" \/>\n\t<meta property=\"og:image:type\" content=\"image\/jpeg\" \/>\n<meta name=\"author\" content=\"Jos\u00e9 Juan L\u00f3pez Lafuente\" \/>\n<meta name=\"twitter:card\" content=\"summary_large_image\" \/>\n<meta name=\"twitter:creator\" content=\"@SantaPolaAyunt\" \/>\n<meta name=\"twitter:site\" content=\"@SantaPolaAyunt\" \/>\n<script type=\"application\/ld+json\" class=\"yoast-schema-graph\">{\"@context\":\"https:\\\/\\\/schema.org\",\"@graph\":[{\"@type\":\"Article\",\"@id\":\"https:\\\/\\\/santapola.es\\\/ca\\\/los-alumnos-del-ciclo-fp-de-mantenimiento-de-embarcaciones-de-recreo-retoman-las-practicas-en-astilleros-astondoa\\\/#article\",\"isPartOf\":{\"@id\":\"https:\\\/\\\/santapola.es\\\/ca\\\/los-alumnos-del-ciclo-fp-de-mantenimiento-de-embarcaciones-de-recreo-retoman-las-practicas-en-astilleros-astondoa\\\/\"},\"author\":{\"name\":\"Jos\u00e9 Juan L\u00f3pez Lafuente\",\"@id\":\"https:\\\/\\\/santapola.es\\\/ca\\\/#\\\/schema\\\/person\\\/ad1d67403707b58350c7be5e8dbc442d\"},\"headline\":\"Los alumnos del ciclo FP de mantenimiento de embarcaciones de recreo retoman las pr\u00e1cticas en Astilleros Astondoa\",\"datePublished\":\"2023-12-07T12:06:11+00:00\",\"dateModified\":\"2024-03-07T17:42:29+00:00\",\"mainEntityOfPage\":{\"@id\":\"https:\\\/\\\/santapola.es\\\/ca\\\/los-alumnos-del-ciclo-fp-de-mantenimiento-de-embarcaciones-de-recreo-retoman-las-practicas-en-astilleros-astondoa\\\/\"},\"wordCount\":340,\"image\":{\"@id\":\"https:\\\/\\\/santapola.es\\\/ca\\\/los-alumnos-del-ciclo-fp-de-mantenimiento-de-embarcaciones-de-recreo-retoman-las-practicas-en-astilleros-astondoa\\\/#primaryimage\"},\"thumbnailUrl\":\"https:\\\/\\\/santapola.es\\\/wp-content\\\/uploads\\\/2023\\\/12\\\/2023-12-07-practicas-alumnos-foto-de-Astilleros-Astondoa.jpg\",\"keywords\":[\"Astilleros Astondoa\",\"IES Cap de L'Aljub\",\"Loreto Serrano\"],\"articleSection\":[\"Educaci\u00f3n\",\"Inicio\"],\"inLanguage\":\"ca\"},{\"@type\":\"WebPage\",\"@id\":\"https:\\\/\\\/santapola.es\\\/ca\\\/los-alumnos-del-ciclo-fp-de-mantenimiento-de-embarcaciones-de-recreo-retoman-las-practicas-en-astilleros-astondoa\\\/\",\"url\":\"https:\\\/\\\/santapola.es\\\/ca\\\/los-alumnos-del-ciclo-fp-de-mantenimiento-de-embarcaciones-de-recreo-retoman-las-practicas-en-astilleros-astondoa\\\/\",\"name\":\"Los alumnos del ciclo FP de mantenimiento de embarcaciones de recreo retoman las pr\u00e1cticas en Astilleros Astondoa - Ajuntament de Santa Pola\",\"isPartOf\":{\"@id\":\"https:\\\/\\\/santapola.es\\\/ca\\\/#website\"},\"primaryImageOfPage\":{\"@id\":\"https:\\\/\\\/santapola.es\\\/ca\\\/los-alumnos-del-ciclo-fp-de-mantenimiento-de-embarcaciones-de-recreo-retoman-las-practicas-en-astilleros-astondoa\\\/#primaryimage\"},\"image\":{\"@id\":\"https:\\\/\\\/santapola.es\\\/ca\\\/los-alumnos-del-ciclo-fp-de-mantenimiento-de-embarcaciones-de-recreo-retoman-las-practicas-en-astilleros-astondoa\\\/#primaryimage\"},\"thumbnailUrl\":\"https:\\\/\\\/santapola.es\\\/wp-content\\\/uploads\\\/2023\\\/12\\\/2023-12-07-practicas-alumnos-foto-de-Astilleros-Astondoa.jpg\",\"datePublished\":\"2023-12-07T12:06:11+00:00\",\"dateModified\":\"2024-03-07T17:42:29+00:00\",\"author\":{\"@id\":\"https:\\\/\\\/santapola.es\\\/ca\\\/#\\\/schema\\\/person\\\/ad1d67403707b58350c7be5e8dbc442d\"},\"breadcrumb\":{\"@id\":\"https:\\\/\\\/santapola.es\\\/ca\\\/los-alumnos-del-ciclo-fp-de-mantenimiento-de-embarcaciones-de-recreo-retoman-las-practicas-en-astilleros-astondoa\\\/#breadcrumb\"},\"inLanguage\":\"ca\",\"potentialAction\":[{\"@type\":\"ReadAction\",\"target\":[\"https:\\\/\\\/santapola.es\\\/ca\\\/los-alumnos-del-ciclo-fp-de-mantenimiento-de-embarcaciones-de-recreo-retoman-las-practicas-en-astilleros-astondoa\\\/\"]}]},{\"@type\":\"ImageObject\",\"inLanguage\":\"ca\",\"@id\":\"https:\\\/\\\/santapola.es\\\/ca\\\/los-alumnos-del-ciclo-fp-de-mantenimiento-de-embarcaciones-de-recreo-retoman-las-practicas-en-astilleros-astondoa\\\/#primaryimage\",\"url\":\"https:\\\/\\\/santapola.es\\\/wp-content\\\/uploads\\\/2023\\\/12\\\/2023-12-07-practicas-alumnos-foto-de-Astilleros-Astondoa.jpg\",\"contentUrl\":\"https:\\\/\\\/santapola.es\\\/wp-content\\\/uploads\\\/2023\\\/12\\\/2023-12-07-practicas-alumnos-foto-de-Astilleros-Astondoa.jpg\",\"width\":1600,\"height\":901},{\"@type\":\"BreadcrumbList\",\"@id\":\"https:\\\/\\\/santapola.es\\\/ca\\\/los-alumnos-del-ciclo-fp-de-mantenimiento-de-embarcaciones-de-recreo-retoman-las-practicas-en-astilleros-astondoa\\\/#breadcrumb\",\"itemListElement\":[{\"@type\":\"ListItem\",\"position\":1,\"name\":\"Inici\",\"item\":\"https:\\\/\\\/santapola.es\\\/ca\\\/\"},{\"@type\":\"ListItem\",\"position\":2,\"name\":\"Los alumnos del ciclo FP de mantenimiento de embarcaciones de recreo retoman las pr\u00e1cticas en Astilleros Astondoa\"}]},{\"@type\":\"WebSite\",\"@id\":\"https:\\\/\\\/santapola.es\\\/ca\\\/#website\",\"url\":\"https:\\\/\\\/santapola.es\\\/ca\\\/\",\"name\":\"Ayuntamiento de Santa Pola\",\"description\":\"Web de l'Ajuntament de Santa Pola\",\"potentialAction\":[{\"@type\":\"SearchAction\",\"target\":{\"@type\":\"EntryPoint\",\"urlTemplate\":\"https:\\\/\\\/santapola.es\\\/ca\\\/?s={search_term_string}\"},\"query-input\":{\"@type\":\"PropertyValueSpecification\",\"valueRequired\":true,\"valueName\":\"search_term_string\"}}],\"inLanguage\":\"ca\"},{\"@type\":\"Person\",\"@id\":\"https:\\\/\\\/santapola.es\\\/ca\\\/#\\\/schema\\\/person\\\/ad1d67403707b58350c7be5e8dbc442d\",\"name\":\"Jos\u00e9 Juan L\u00f3pez Lafuente\"}]}<\/script>\n<!-- \/ Yoast SEO plugin. -->","yoast_head_json":{"title":"Los alumnos del ciclo FP de mantenimiento de embarcaciones de recreo retoman las pr\u00e1cticas en Astilleros Astondoa - Ajuntament de Santa Pola","robots":{"index":"index","follow":"follow","max-snippet":"max-snippet:-1","max-image-preview":"max-image-preview:large","max-video-preview":"max-video-preview:-1"},"canonical":"https:\/\/santapola.es\/ca\/los-alumnos-del-ciclo-fp-de-mantenimiento-de-embarcaciones-de-recreo-retoman-las-practicas-en-astilleros-astondoa\/","og_locale":"ca_ES","og_type":"article","og_title":"Los alumnos del ciclo FP de mantenimiento de embarcaciones de recreo retoman las pr\u00e1cticas en Astilleros Astondoa - Ajuntament de Santa Pola","og_description":"La reuni\u00f3n de la alcaldesa Loreto Serrano con la directora general de Formaci\u00f3n Profesional consigui\u00f3 desbloquear el problema que lo imped\u00eda y los alumnos del IES Cap de l\u2019Aljub podr\u00e1n volver a realizar las pr\u00e1cticas en las instalaciones de los astilleros. El satisfactorio resultado de la reuni\u00f3n que la alcaldesa Loreto Serrano ha mantenido en [&hellip;]","og_url":"https:\/\/santapola.es\/ca\/los-alumnos-del-ciclo-fp-de-mantenimiento-de-embarcaciones-de-recreo-retoman-las-practicas-en-astilleros-astondoa\/","og_site_name":"Ajuntament de Santa Pola","article_publisher":"https:\/\/www.facebook.com\/AyuntamientoSantaPola\/","article_published_time":"2023-12-07T12:06:11+00:00","article_modified_time":"2024-03-07T17:42:29+00:00","og_image":[{"width":1600,"height":901,"url":"https:\/\/santapola.es\/wp-content\/uploads\/2023\/12\/2023-12-07-practicas-alumnos-foto-de-Astilleros-Astondoa.jpg","type":"image\/jpeg"}],"author":"Jos\u00e9 Juan L\u00f3pez Lafuente","twitter_card":"summary_large_image","twitter_creator":"@SantaPolaAyunt","twitter_site":"@SantaPolaAyunt","schema":{"@context":"https:\/\/schema.org","@graph":[{"@type":"Article","@id":"https:\/\/santapola.es\/ca\/los-alumnos-del-ciclo-fp-de-mantenimiento-de-embarcaciones-de-recreo-retoman-las-practicas-en-astilleros-astondoa\/#article","isPartOf":{"@id":"https:\/\/santapola.es\/ca\/los-alumnos-del-ciclo-fp-de-mantenimiento-de-embarcaciones-de-recreo-retoman-las-practicas-en-astilleros-astondoa\/"},"author":{"name":"Jos\u00e9 Juan L\u00f3pez Lafuente","@id":"https:\/\/santapola.es\/ca\/#\/schema\/person\/ad1d67403707b58350c7be5e8dbc442d"},"headline":"Los alumnos del ciclo FP de mantenimiento de embarcaciones de recreo retoman las pr\u00e1cticas en Astilleros Astondoa","datePublished":"2023-12-07T12:06:11+00:00","dateModified":"2024-03-07T17:42:29+00:00","mainEntityOfPage":{"@id":"https:\/\/santapola.es\/ca\/los-alumnos-del-ciclo-fp-de-mantenimiento-de-embarcaciones-de-recreo-retoman-las-practicas-en-astilleros-astondoa\/"},"wordCount":340,"image":{"@id":"https:\/\/santapola.es\/ca\/los-alumnos-del-ciclo-fp-de-mantenimiento-de-embarcaciones-de-recreo-retoman-las-practicas-en-astilleros-astondoa\/#primaryimage"},"thumbnailUrl":"https:\/\/santapola.es\/wp-content\/uploads\/2023\/12\/2023-12-07-practicas-alumnos-foto-de-Astilleros-Astondoa.jpg","keywords":["Astilleros Astondoa","IES Cap de L'Aljub","Loreto Serrano"],"articleSection":["Educaci\u00f3n","Inicio"],"inLanguage":"ca"},{"@type":"WebPage","@id":"https:\/\/santapola.es\/ca\/los-alumnos-del-ciclo-fp-de-mantenimiento-de-embarcaciones-de-recreo-retoman-las-practicas-en-astilleros-astondoa\/","url":"https:\/\/santapola.es\/ca\/los-alumnos-del-ciclo-fp-de-mantenimiento-de-embarcaciones-de-recreo-retoman-las-practicas-en-astilleros-astondoa\/","name":"Los alumnos del ciclo FP de mantenimiento de embarcaciones de recreo retoman las pr\u00e1cticas en Astilleros Astondoa - Ajuntament de Santa Pola","isPartOf":{"@id":"https:\/\/santapola.es\/ca\/#website"},"primaryImageOfPage":{"@id":"https:\/\/santapola.es\/ca\/los-alumnos-del-ciclo-fp-de-mantenimiento-de-embarcaciones-de-recreo-retoman-las-practicas-en-astilleros-astondoa\/#primaryimage"},"image":{"@id":"https:\/\/santapola.es\/ca\/los-alumnos-del-ciclo-fp-de-mantenimiento-de-embarcaciones-de-recreo-retoman-las-practicas-en-astilleros-astondoa\/#primaryimage"},"thumbnailUrl":"https:\/\/santapola.es\/wp-content\/uploads\/2023\/12\/2023-12-07-practicas-alumnos-foto-de-Astilleros-Astondoa.jpg","datePublished":"2023-12-07T12:06:11+00:00","dateModified":"2024-03-07T17:42:29+00:00","author":{"@id":"https:\/\/santapola.es\/ca\/#\/schema\/person\/ad1d67403707b58350c7be5e8dbc442d"},"breadcrumb":{"@id":"https:\/\/santapola.es\/ca\/los-alumnos-del-ciclo-fp-de-mantenimiento-de-embarcaciones-de-recreo-retoman-las-practicas-en-astilleros-astondoa\/#breadcrumb"},"inLanguage":"ca","potentialAction":[{"@type":"ReadAction","target":["https:\/\/santapola.es\/ca\/los-alumnos-del-ciclo-fp-de-mantenimiento-de-embarcaciones-de-recreo-retoman-las-practicas-en-astilleros-astondoa\/"]}]},{"@type":"ImageObject","inLanguage":"ca","@id":"https:\/\/santapola.es\/ca\/los-alumnos-del-ciclo-fp-de-mantenimiento-de-embarcaciones-de-recreo-retoman-las-practicas-en-astilleros-astondoa\/#primaryimage","url":"https:\/\/santapola.es\/wp-content\/uploads\/2023\/12\/2023-12-07-practicas-alumnos-foto-de-Astilleros-Astondoa.jpg","contentUrl":"https:\/\/santapola.es\/wp-content\/uploads\/2023\/12\/2023-12-07-practicas-alumnos-foto-de-Astilleros-Astondoa.jpg","width":1600,"height":901},{"@type":"BreadcrumbList","@id":"https:\/\/santapola.es\/ca\/los-alumnos-del-ciclo-fp-de-mantenimiento-de-embarcaciones-de-recreo-retoman-las-practicas-en-astilleros-astondoa\/#breadcrumb","itemListElement":[{"@type":"ListItem","position":1,"name":"Inici","item":"https:\/\/santapola.es\/ca\/"},{"@type":"ListItem","position":2,"name":"Los alumnos del ciclo FP de mantenimiento de embarcaciones de recreo retoman las pr\u00e1cticas en Astilleros Astondoa"}]},{"@type":"WebSite","@id":"https:\/\/santapola.es\/ca\/#website","url":"https:\/\/santapola.es\/ca\/","name":"Ayuntamiento de Santa Pola","description":"Web de l'Ajuntament de Santa Pola","potentialAction":[{"@type":"SearchAction","target":{"@type":"EntryPoint","urlTemplate":"https:\/\/santapola.es\/ca\/?s={search_term_string}"},"query-input":{"@type":"PropertyValueSpecification","valueRequired":true,"valueName":"search_term_string"}}],"inLanguage":"ca"},{"@type":"Person","@id":"https:\/\/santapola.es\/ca\/#\/schema\/person\/ad1d67403707b58350c7be5e8dbc442d","name":"Jos\u00e9 Juan L\u00f3pez Lafuente"}]}},"_links":{"self":[{"href":"https:\/\/santapola.es\/ca\/wp-json\/wp\/v2\/posts\/22860","targetHints":{"allow":["GET"]}}],"collection":[{"href":"https:\/\/santapola.es\/ca\/wp-json\/wp\/v2\/posts"}],"about":[{"href":"https:\/\/santapola.es\/ca\/wp-json\/wp\/v2\/types\/post"}],"author":[{"embeddable":true,"href":"https:\/\/santapola.es\/ca\/wp-json\/wp\/v2\/users\/96"}],"replies":[{"embeddable":true,"href":"https:\/\/santapola.es\/ca\/wp-json\/wp\/v2\/comments?post=22860"}],"version-history":[{"count":0,"href":"https:\/\/santapola.es\/ca\/wp-json\/wp\/v2\/posts\/22860\/revisions"}],"wp:featuredmedia":[{"embeddable":true,"href":"https:\/\/santapola.es\/ca\/wp-json\/wp\/v2\/media\/22861"}],"wp:attachment":[{"href":"https:\/\/santapola.es\/ca\/wp-json\/wp\/v2\/media?parent=22860"}],"wp:term":[{"taxonomy":"category","embeddable":true,"href":"https:\/\/santapola.es\/ca\/wp-json\/wp\/v2\/categories?post=22860"},{"taxonomy":"post_tag","embeddable":true,"href":"https:\/\/santapola.es\/ca\/wp-json\/wp\/v2\/tags?post=22860"}],"curies":[{"name":"wp","href":"https:\/\/api.w.org\/{rel}","templated":true}]}}