{"id":22841,"date":"2023-12-05T13:03:35","date_gmt":"2023-12-05T12:03:35","guid":{"rendered":"https:\/\/www.desarrollo.santapola.es\/?p=22841"},"modified":"2024-03-07T18:42:27","modified_gmt":"2024-03-07T17:42:27","slug":"ya-esta-operativa-la-caldera-de-agua-caliente-en-el-polideportivo-lara-gonzalez","status":"publish","type":"post","link":"https:\/\/santapola.es\/ca\/ya-esta-operativa-la-caldera-de-agua-caliente-en-el-polideportivo-lara-gonzalez\/","title":{"rendered":"Ya est\u00e1 operativa la caldera de agua caliente en el polideportivo Lara Gonz\u00e1lez"},"content":{"rendered":"<p><strong>Casi 18.000 euros ha invertido la Concejal\u00eda de Deportes en la instalaci\u00f3n de una nueva caldera de agua caliente en el pabell\u00f3n. De esta forma los usuarios del polideportivo ya pueden utilizar agua caliente.<\/strong><\/p>\n<p>El concejal de Deportes, \u00c1ngel Piedecausa, ha confirmado que \u201cya est\u00e1 totalmente operativa la nueva caldera del polideportivo Lara Gonz\u00e1lez, despu\u00e9s de los trabajos realizados para sustituir la antigua que se averi\u00f3 y hab\u00eda quedado inutilizable. Agradecemos a nuestros deportistas la paciencia que han tenido durante estas semanas mientras se realizaban los trabajos, hemos dado la m\u00e1xima prioridad a este asunto y afortunadamente ya pueden utilizar el agua caliente en el pabell\u00f3n\u201d.<\/p>\n","protected":false},"excerpt":{"rendered":"<p>Casi 18.000 euros ha invertido la Concejal\u00eda de Deportes en la instalaci\u00f3n de una nueva caldera de agua caliente en el pabell\u00f3n. De esta forma los usuarios del polideportivo ya pueden utilizar agua caliente. El concejal de Deportes, \u00c1ngel Piedecausa, ha confirmado que \u201cya est\u00e1 totalmente operativa la nueva caldera del polideportivo Lara Gonz\u00e1lez, despu\u00e9s [&hellip;]<\/p>\n","protected":false},"author":96,"featured_media":22842,"comment_status":"closed","ping_status":"closed","sticky":false,"template":"","format":"standard","meta":{"_et_pb_use_builder":"","_et_pb_old_content":"","_et_gb_content_width":"","footnotes":""},"categories":[59,66],"tags":[145,351],"class_list":["post-22841","post","type-post","status-publish","format-standard","has-post-thumbnail","hentry","category-deportes","category-inicio","tag-angel-piedecausa","tag-pabellon-lara-gon"],"yoast_head":"<!-- This site is optimized with the Yoast SEO plugin v27.4 - https:\/\/yoast.com\/product\/yoast-seo-wordpress\/ -->\n<title>Ya est\u00e1 operativa la caldera de agua caliente en el polideportivo Lara Gonz\u00e1lez - Ajuntament de Santa Pola<\/title>\n<meta name=\"robots\" content=\"index, follow, max-snippet:-1, max-image-preview:large, max-video-preview:-1\" \/>\n<link rel=\"canonical\" href=\"https:\/\/santapola.es\/ca\/ya-esta-operativa-la-caldera-de-agua-caliente-en-el-polideportivo-lara-gonzalez\/\" \/>\n<meta property=\"og:locale\" content=\"ca_ES\" \/>\n<meta property=\"og:type\" content=\"article\" \/>\n<meta property=\"og:title\" content=\"Ya est\u00e1 operativa la caldera de agua caliente en el polideportivo Lara Gonz\u00e1lez - Ajuntament de Santa Pola\" \/>\n<meta property=\"og:description\" content=\"Casi 18.000 euros ha invertido la Concejal\u00eda de Deportes en la instalaci\u00f3n de una nueva caldera de agua caliente en el pabell\u00f3n. De esta forma los usuarios del polideportivo ya pueden utilizar agua caliente. El concejal de Deportes, \u00c1ngel Piedecausa, ha confirmado que \u201cya est\u00e1 totalmente operativa la nueva caldera del polideportivo Lara Gonz\u00e1lez, despu\u00e9s [&hellip;]\" \/>\n<meta property=\"og:url\" content=\"https:\/\/santapola.es\/ca\/ya-esta-operativa-la-caldera-de-agua-caliente-en-el-polideportivo-lara-gonzalez\/\" \/>\n<meta property=\"og:site_name\" content=\"Ajuntament de Santa Pola\" \/>\n<meta property=\"article:publisher\" content=\"https:\/\/www.facebook.com\/AyuntamientoSantaPola\/\" \/>\n<meta property=\"article:published_time\" content=\"2023-12-05T12:03:35+00:00\" \/>\n<meta property=\"article:modified_time\" content=\"2024-03-07T17:42:27+00:00\" \/>\n<meta property=\"og:image\" content=\"https:\/\/santapola.es\/wp-content\/uploads\/2023\/12\/2023-12-05-caldera-Lara-Gonzalez.jpeg\" \/>\n\t<meta property=\"og:image:width\" content=\"1080\" \/>\n\t<meta property=\"og:image:height\" content=\"1449\" \/>\n\t<meta property=\"og:image:type\" content=\"image\/jpeg\" \/>\n<meta name=\"author\" content=\"Jos\u00e9 Juan L\u00f3pez Lafuente\" \/>\n<meta name=\"twitter:card\" content=\"summary_large_image\" \/>\n<meta name=\"twitter:creator\" content=\"@SantaPolaAyunt\" \/>\n<meta name=\"twitter:site\" content=\"@SantaPolaAyunt\" \/>\n<script type=\"application\/ld+json\" class=\"yoast-schema-graph\">{\"@context\":\"https:\\\/\\\/schema.org\",\"@graph\":[{\"@type\":\"Article\",\"@id\":\"https:\\\/\\\/santapola.es\\\/ca\\\/ya-esta-operativa-la-caldera-de-agua-caliente-en-el-polideportivo-lara-gonzalez\\\/#article\",\"isPartOf\":{\"@id\":\"https:\\\/\\\/santapola.es\\\/ca\\\/ya-esta-operativa-la-caldera-de-agua-caliente-en-el-polideportivo-lara-gonzalez\\\/\"},\"author\":{\"name\":\"Jos\u00e9 Juan L\u00f3pez Lafuente\",\"@id\":\"https:\\\/\\\/santapola.es\\\/ca\\\/#\\\/schema\\\/person\\\/ad1d67403707b58350c7be5e8dbc442d\"},\"headline\":\"Ya est\u00e1 operativa la caldera de agua caliente en el polideportivo Lara Gonz\u00e1lez\",\"datePublished\":\"2023-12-05T12:03:35+00:00\",\"dateModified\":\"2024-03-07T17:42:27+00:00\",\"mainEntityOfPage\":{\"@id\":\"https:\\\/\\\/santapola.es\\\/ca\\\/ya-esta-operativa-la-caldera-de-agua-caliente-en-el-polideportivo-lara-gonzalez\\\/\"},\"wordCount\":127,\"image\":{\"@id\":\"https:\\\/\\\/santapola.es\\\/ca\\\/ya-esta-operativa-la-caldera-de-agua-caliente-en-el-polideportivo-lara-gonzalez\\\/#primaryimage\"},\"thumbnailUrl\":\"https:\\\/\\\/santapola.es\\\/wp-content\\\/uploads\\\/2023\\\/12\\\/2023-12-05-caldera-Lara-Gonzalez.jpeg\",\"keywords\":[\"\u00c1ngel Piedecausa\",\"Pabell\u00f3n Lara Gon\"],\"articleSection\":[\"Deportes\",\"Inicio\"],\"inLanguage\":\"ca\"},{\"@type\":\"WebPage\",\"@id\":\"https:\\\/\\\/santapola.es\\\/ca\\\/ya-esta-operativa-la-caldera-de-agua-caliente-en-el-polideportivo-lara-gonzalez\\\/\",\"url\":\"https:\\\/\\\/santapola.es\\\/ca\\\/ya-esta-operativa-la-caldera-de-agua-caliente-en-el-polideportivo-lara-gonzalez\\\/\",\"name\":\"Ya est\u00e1 operativa la caldera de agua caliente en el polideportivo Lara Gonz\u00e1lez - Ajuntament de Santa Pola\",\"isPartOf\":{\"@id\":\"https:\\\/\\\/santapola.es\\\/ca\\\/#website\"},\"primaryImageOfPage\":{\"@id\":\"https:\\\/\\\/santapola.es\\\/ca\\\/ya-esta-operativa-la-caldera-de-agua-caliente-en-el-polideportivo-lara-gonzalez\\\/#primaryimage\"},\"image\":{\"@id\":\"https:\\\/\\\/santapola.es\\\/ca\\\/ya-esta-operativa-la-caldera-de-agua-caliente-en-el-polideportivo-lara-gonzalez\\\/#primaryimage\"},\"thumbnailUrl\":\"https:\\\/\\\/santapola.es\\\/wp-content\\\/uploads\\\/2023\\\/12\\\/2023-12-05-caldera-Lara-Gonzalez.jpeg\",\"datePublished\":\"2023-12-05T12:03:35+00:00\",\"dateModified\":\"2024-03-07T17:42:27+00:00\",\"author\":{\"@id\":\"https:\\\/\\\/santapola.es\\\/ca\\\/#\\\/schema\\\/person\\\/ad1d67403707b58350c7be5e8dbc442d\"},\"breadcrumb\":{\"@id\":\"https:\\\/\\\/santapola.es\\\/ca\\\/ya-esta-operativa-la-caldera-de-agua-caliente-en-el-polideportivo-lara-gonzalez\\\/#breadcrumb\"},\"inLanguage\":\"ca\",\"potentialAction\":[{\"@type\":\"ReadAction\",\"target\":[\"https:\\\/\\\/santapola.es\\\/ca\\\/ya-esta-operativa-la-caldera-de-agua-caliente-en-el-polideportivo-lara-gonzalez\\\/\"]}]},{\"@type\":\"ImageObject\",\"inLanguage\":\"ca\",\"@id\":\"https:\\\/\\\/santapola.es\\\/ca\\\/ya-esta-operativa-la-caldera-de-agua-caliente-en-el-polideportivo-lara-gonzalez\\\/#primaryimage\",\"url\":\"https:\\\/\\\/santapola.es\\\/wp-content\\\/uploads\\\/2023\\\/12\\\/2023-12-05-caldera-Lara-Gonzalez.jpeg\",\"contentUrl\":\"https:\\\/\\\/santapola.es\\\/wp-content\\\/uploads\\\/2023\\\/12\\\/2023-12-05-caldera-Lara-Gonzalez.jpeg\",\"width\":1080,\"height\":1449},{\"@type\":\"BreadcrumbList\",\"@id\":\"https:\\\/\\\/santapola.es\\\/ca\\\/ya-esta-operativa-la-caldera-de-agua-caliente-en-el-polideportivo-lara-gonzalez\\\/#breadcrumb\",\"itemListElement\":[{\"@type\":\"ListItem\",\"position\":1,\"name\":\"Inici\",\"item\":\"https:\\\/\\\/santapola.es\\\/ca\\\/\"},{\"@type\":\"ListItem\",\"position\":2,\"name\":\"Ya est\u00e1 operativa la caldera de agua caliente en el polideportivo Lara Gonz\u00e1lez\"}]},{\"@type\":\"WebSite\",\"@id\":\"https:\\\/\\\/santapola.es\\\/ca\\\/#website\",\"url\":\"https:\\\/\\\/santapola.es\\\/ca\\\/\",\"name\":\"Ayuntamiento de Santa Pola\",\"description\":\"Web de l'Ajuntament de Santa Pola\",\"potentialAction\":[{\"@type\":\"SearchAction\",\"target\":{\"@type\":\"EntryPoint\",\"urlTemplate\":\"https:\\\/\\\/santapola.es\\\/ca\\\/?s={search_term_string}\"},\"query-input\":{\"@type\":\"PropertyValueSpecification\",\"valueRequired\":true,\"valueName\":\"search_term_string\"}}],\"inLanguage\":\"ca\"},{\"@type\":\"Person\",\"@id\":\"https:\\\/\\\/santapola.es\\\/ca\\\/#\\\/schema\\\/person\\\/ad1d67403707b58350c7be5e8dbc442d\",\"name\":\"Jos\u00e9 Juan L\u00f3pez Lafuente\"}]}<\/script>\n<!-- \/ Yoast SEO plugin. -->","yoast_head_json":{"title":"Ya est\u00e1 operativa la caldera de agua caliente en el polideportivo Lara Gonz\u00e1lez - Ajuntament de Santa Pola","robots":{"index":"index","follow":"follow","max-snippet":"max-snippet:-1","max-image-preview":"max-image-preview:large","max-video-preview":"max-video-preview:-1"},"canonical":"https:\/\/santapola.es\/ca\/ya-esta-operativa-la-caldera-de-agua-caliente-en-el-polideportivo-lara-gonzalez\/","og_locale":"ca_ES","og_type":"article","og_title":"Ya est\u00e1 operativa la caldera de agua caliente en el polideportivo Lara Gonz\u00e1lez - Ajuntament de Santa Pola","og_description":"Casi 18.000 euros ha invertido la Concejal\u00eda de Deportes en la instalaci\u00f3n de una nueva caldera de agua caliente en el pabell\u00f3n. De esta forma los usuarios del polideportivo ya pueden utilizar agua caliente. El concejal de Deportes, \u00c1ngel Piedecausa, ha confirmado que \u201cya est\u00e1 totalmente operativa la nueva caldera del polideportivo Lara Gonz\u00e1lez, despu\u00e9s [&hellip;]","og_url":"https:\/\/santapola.es\/ca\/ya-esta-operativa-la-caldera-de-agua-caliente-en-el-polideportivo-lara-gonzalez\/","og_site_name":"Ajuntament de Santa Pola","article_publisher":"https:\/\/www.facebook.com\/AyuntamientoSantaPola\/","article_published_time":"2023-12-05T12:03:35+00:00","article_modified_time":"2024-03-07T17:42:27+00:00","og_image":[{"width":1080,"height":1449,"url":"https:\/\/santapola.es\/wp-content\/uploads\/2023\/12\/2023-12-05-caldera-Lara-Gonzalez.jpeg","type":"image\/jpeg"}],"author":"Jos\u00e9 Juan L\u00f3pez Lafuente","twitter_card":"summary_large_image","twitter_creator":"@SantaPolaAyunt","twitter_site":"@SantaPolaAyunt","schema":{"@context":"https:\/\/schema.org","@graph":[{"@type":"Article","@id":"https:\/\/santapola.es\/ca\/ya-esta-operativa-la-caldera-de-agua-caliente-en-el-polideportivo-lara-gonzalez\/#article","isPartOf":{"@id":"https:\/\/santapola.es\/ca\/ya-esta-operativa-la-caldera-de-agua-caliente-en-el-polideportivo-lara-gonzalez\/"},"author":{"name":"Jos\u00e9 Juan L\u00f3pez Lafuente","@id":"https:\/\/santapola.es\/ca\/#\/schema\/person\/ad1d67403707b58350c7be5e8dbc442d"},"headline":"Ya est\u00e1 operativa la caldera de agua caliente en el polideportivo Lara Gonz\u00e1lez","datePublished":"2023-12-05T12:03:35+00:00","dateModified":"2024-03-07T17:42:27+00:00","mainEntityOfPage":{"@id":"https:\/\/santapola.es\/ca\/ya-esta-operativa-la-caldera-de-agua-caliente-en-el-polideportivo-lara-gonzalez\/"},"wordCount":127,"image":{"@id":"https:\/\/santapola.es\/ca\/ya-esta-operativa-la-caldera-de-agua-caliente-en-el-polideportivo-lara-gonzalez\/#primaryimage"},"thumbnailUrl":"https:\/\/santapola.es\/wp-content\/uploads\/2023\/12\/2023-12-05-caldera-Lara-Gonzalez.jpeg","keywords":["\u00c1ngel Piedecausa","Pabell\u00f3n Lara Gon"],"articleSection":["Deportes","Inicio"],"inLanguage":"ca"},{"@type":"WebPage","@id":"https:\/\/santapola.es\/ca\/ya-esta-operativa-la-caldera-de-agua-caliente-en-el-polideportivo-lara-gonzalez\/","url":"https:\/\/santapola.es\/ca\/ya-esta-operativa-la-caldera-de-agua-caliente-en-el-polideportivo-lara-gonzalez\/","name":"Ya est\u00e1 operativa la caldera de agua caliente en el polideportivo Lara Gonz\u00e1lez - Ajuntament de Santa Pola","isPartOf":{"@id":"https:\/\/santapola.es\/ca\/#website"},"primaryImageOfPage":{"@id":"https:\/\/santapola.es\/ca\/ya-esta-operativa-la-caldera-de-agua-caliente-en-el-polideportivo-lara-gonzalez\/#primaryimage"},"image":{"@id":"https:\/\/santapola.es\/ca\/ya-esta-operativa-la-caldera-de-agua-caliente-en-el-polideportivo-lara-gonzalez\/#primaryimage"},"thumbnailUrl":"https:\/\/santapola.es\/wp-content\/uploads\/2023\/12\/2023-12-05-caldera-Lara-Gonzalez.jpeg","datePublished":"2023-12-05T12:03:35+00:00","dateModified":"2024-03-07T17:42:27+00:00","author":{"@id":"https:\/\/santapola.es\/ca\/#\/schema\/person\/ad1d67403707b58350c7be5e8dbc442d"},"breadcrumb":{"@id":"https:\/\/santapola.es\/ca\/ya-esta-operativa-la-caldera-de-agua-caliente-en-el-polideportivo-lara-gonzalez\/#breadcrumb"},"inLanguage":"ca","potentialAction":[{"@type":"ReadAction","target":["https:\/\/santapola.es\/ca\/ya-esta-operativa-la-caldera-de-agua-caliente-en-el-polideportivo-lara-gonzalez\/"]}]},{"@type":"ImageObject","inLanguage":"ca","@id":"https:\/\/santapola.es\/ca\/ya-esta-operativa-la-caldera-de-agua-caliente-en-el-polideportivo-lara-gonzalez\/#primaryimage","url":"https:\/\/santapola.es\/wp-content\/uploads\/2023\/12\/2023-12-05-caldera-Lara-Gonzalez.jpeg","contentUrl":"https:\/\/santapola.es\/wp-content\/uploads\/2023\/12\/2023-12-05-caldera-Lara-Gonzalez.jpeg","width":1080,"height":1449},{"@type":"BreadcrumbList","@id":"https:\/\/santapola.es\/ca\/ya-esta-operativa-la-caldera-de-agua-caliente-en-el-polideportivo-lara-gonzalez\/#breadcrumb","itemListElement":[{"@type":"ListItem","position":1,"name":"Inici","item":"https:\/\/santapola.es\/ca\/"},{"@type":"ListItem","position":2,"name":"Ya est\u00e1 operativa la caldera de agua caliente en el polideportivo Lara Gonz\u00e1lez"}]},{"@type":"WebSite","@id":"https:\/\/santapola.es\/ca\/#website","url":"https:\/\/santapola.es\/ca\/","name":"Ayuntamiento de Santa Pola","description":"Web de l'Ajuntament de Santa Pola","potentialAction":[{"@type":"SearchAction","target":{"@type":"EntryPoint","urlTemplate":"https:\/\/santapola.es\/ca\/?s={search_term_string}"},"query-input":{"@type":"PropertyValueSpecification","valueRequired":true,"valueName":"search_term_string"}}],"inLanguage":"ca"},{"@type":"Person","@id":"https:\/\/santapola.es\/ca\/#\/schema\/person\/ad1d67403707b58350c7be5e8dbc442d","name":"Jos\u00e9 Juan L\u00f3pez Lafuente"}]}},"_links":{"self":[{"href":"https:\/\/santapola.es\/ca\/wp-json\/wp\/v2\/posts\/22841","targetHints":{"allow":["GET"]}}],"collection":[{"href":"https:\/\/santapola.es\/ca\/wp-json\/wp\/v2\/posts"}],"about":[{"href":"https:\/\/santapola.es\/ca\/wp-json\/wp\/v2\/types\/post"}],"author":[{"embeddable":true,"href":"https:\/\/santapola.es\/ca\/wp-json\/wp\/v2\/users\/96"}],"replies":[{"embeddable":true,"href":"https:\/\/santapola.es\/ca\/wp-json\/wp\/v2\/comments?post=22841"}],"version-history":[{"count":0,"href":"https:\/\/santapola.es\/ca\/wp-json\/wp\/v2\/posts\/22841\/revisions"}],"wp:featuredmedia":[{"embeddable":true,"href":"https:\/\/santapola.es\/ca\/wp-json\/wp\/v2\/media\/22842"}],"wp:attachment":[{"href":"https:\/\/santapola.es\/ca\/wp-json\/wp\/v2\/media?parent=22841"}],"wp:term":[{"taxonomy":"category","embeddable":true,"href":"https:\/\/santapola.es\/ca\/wp-json\/wp\/v2\/categories?post=22841"},{"taxonomy":"post_tag","embeddable":true,"href":"https:\/\/santapola.es\/ca\/wp-json\/wp\/v2\/tags?post=22841"}],"curies":[{"name":"wp","href":"https:\/\/api.w.org\/{rel}","templated":true}]}}