{"id":22823,"date":"2023-11-29T14:13:03","date_gmt":"2023-11-29T13:13:03","guid":{"rendered":"https:\/\/www.desarrollo.santapola.es\/?p=22823"},"modified":"2024-03-07T18:42:25","modified_gmt":"2024-03-07T17:42:25","slug":"la-concejalia-de-deportes-resiembra-los-campos-de-futbol-del-manolo-macia-y-els-xiprerets","status":"publish","type":"post","link":"https:\/\/santapola.es\/ca\/la-concejalia-de-deportes-resiembra-los-campos-de-futbol-del-manolo-macia-y-els-xiprerets\/","title":{"rendered":"La Concejal\u00eda de Deportes resiembra los campos de f\u00fatbol del Manolo Maci\u00e1 y Els Xiprerets"},"content":{"rendered":"<p><strong>Como es habitual cada a\u00f1o por estas fechas, el Ayuntamiento de Santa Pola renueva el c\u00e9sped de ambos campos de f\u00fatbol con la resiembra que se alargar\u00e1 durante unos 40 d\u00edas hasta que se puedan volver a utilizar.<\/strong><\/p>\n<p>Ya se ha procedido a resembrar el terreno de juego del estadio Manolo Maci\u00e1 y en los pr\u00f3ximos d\u00edas se comenzar\u00e1 a actuar en el c\u00e9sped de Els Xiprerets. Normalmente el proceso hasta que los campos se puedan volver a utilizar lleva unos 40 d\u00edas en condiciones normales, que puede ser algo m\u00e1s dependiendo del fr\u00edo que haga en esas fechas.<\/p>\n<p>Esta actuaci\u00f3n se ha coordinado con los clubes de f\u00fatbol locales, que no perder\u00e1n ning\u00fan partido tras cambiar alguna fecha y jugar fuera de casa, aprovechando despu\u00e9s el par\u00f3n navide\u00f1o de las ligas y volviendo a utilizar los campos a principios de enero.<\/p>\n<p>Los trabajos de resiembra est\u00e1n presupuestados en 23.560 euros al a\u00f1o, estando adjudicado el contrato para una duraci\u00f3n de 2 a\u00f1os.<\/p>\n","protected":false},"excerpt":{"rendered":"<p>Como es habitual cada a\u00f1o por estas fechas, el Ayuntamiento de Santa Pola renueva el c\u00e9sped de ambos campos de f\u00fatbol con la resiembra que se alargar\u00e1 durante unos 40 d\u00edas hasta que se puedan volver a utilizar. Ya se ha procedido a resembrar el terreno de juego del estadio Manolo Maci\u00e1 y en los [&hellip;]<\/p>\n","protected":false},"author":96,"featured_media":22824,"comment_status":"closed","ping_status":"closed","sticky":false,"template":"","format":"standard","meta":{"_et_pb_use_builder":"","_et_pb_old_content":"","_et_gb_content_width":"","footnotes":""},"categories":[59,66],"tags":[344,345],"class_list":["post-22823","post","type-post","status-publish","format-standard","has-post-thumbnail","hentry","category-deportes","category-inicio","tag-campo-els-xiprerets","tag-estadio-manolo-macia"],"yoast_head":"<!-- This site is optimized with the Yoast SEO plugin v27.4 - https:\/\/yoast.com\/product\/yoast-seo-wordpress\/ -->\n<title>La Concejal\u00eda de Deportes resiembra los campos de f\u00fatbol del Manolo Maci\u00e1 y Els Xiprerets - Ajuntament de Santa Pola<\/title>\n<meta name=\"robots\" content=\"index, follow, max-snippet:-1, max-image-preview:large, max-video-preview:-1\" \/>\n<link rel=\"canonical\" href=\"https:\/\/santapola.es\/ca\/la-concejalia-de-deportes-resiembra-los-campos-de-futbol-del-manolo-macia-y-els-xiprerets\/\" \/>\n<meta property=\"og:locale\" content=\"ca_ES\" \/>\n<meta property=\"og:type\" content=\"article\" \/>\n<meta property=\"og:title\" content=\"La Concejal\u00eda de Deportes resiembra los campos de f\u00fatbol del Manolo Maci\u00e1 y Els Xiprerets - Ajuntament de Santa Pola\" \/>\n<meta property=\"og:description\" content=\"Como es habitual cada a\u00f1o por estas fechas, el Ayuntamiento de Santa Pola renueva el c\u00e9sped de ambos campos de f\u00fatbol con la resiembra que se alargar\u00e1 durante unos 40 d\u00edas hasta que se puedan volver a utilizar. Ya se ha procedido a resembrar el terreno de juego del estadio Manolo Maci\u00e1 y en los [&hellip;]\" \/>\n<meta property=\"og:url\" content=\"https:\/\/santapola.es\/ca\/la-concejalia-de-deportes-resiembra-los-campos-de-futbol-del-manolo-macia-y-els-xiprerets\/\" \/>\n<meta property=\"og:site_name\" content=\"Ajuntament de Santa Pola\" \/>\n<meta property=\"article:publisher\" content=\"https:\/\/www.facebook.com\/AyuntamientoSantaPola\/\" \/>\n<meta property=\"article:published_time\" content=\"2023-11-29T13:13:03+00:00\" \/>\n<meta property=\"article:modified_time\" content=\"2024-03-07T17:42:25+00:00\" \/>\n<meta property=\"og:image\" content=\"https:\/\/santapola.es\/wp-content\/uploads\/2023\/12\/2023-11-29-resiembra-Manolo-Macia.jpeg\" \/>\n\t<meta property=\"og:image:width\" content=\"2000\" \/>\n\t<meta property=\"og:image:height\" content=\"1500\" \/>\n\t<meta property=\"og:image:type\" content=\"image\/jpeg\" \/>\n<meta name=\"author\" content=\"Jos\u00e9 Juan L\u00f3pez Lafuente\" \/>\n<meta name=\"twitter:card\" content=\"summary_large_image\" \/>\n<meta name=\"twitter:creator\" content=\"@SantaPolaAyunt\" \/>\n<meta name=\"twitter:site\" content=\"@SantaPolaAyunt\" \/>\n<script type=\"application\/ld+json\" class=\"yoast-schema-graph\">{\"@context\":\"https:\\\/\\\/schema.org\",\"@graph\":[{\"@type\":\"Article\",\"@id\":\"https:\\\/\\\/santapola.es\\\/ca\\\/la-concejalia-de-deportes-resiembra-los-campos-de-futbol-del-manolo-macia-y-els-xiprerets\\\/#article\",\"isPartOf\":{\"@id\":\"https:\\\/\\\/santapola.es\\\/ca\\\/la-concejalia-de-deportes-resiembra-los-campos-de-futbol-del-manolo-macia-y-els-xiprerets\\\/\"},\"author\":{\"name\":\"Jos\u00e9 Juan L\u00f3pez Lafuente\",\"@id\":\"https:\\\/\\\/santapola.es\\\/ca\\\/#\\\/schema\\\/person\\\/ad1d67403707b58350c7be5e8dbc442d\"},\"headline\":\"La Concejal\u00eda de Deportes resiembra los campos de f\u00fatbol del Manolo Maci\u00e1 y Els Xiprerets\",\"datePublished\":\"2023-11-29T13:13:03+00:00\",\"dateModified\":\"2024-03-07T17:42:25+00:00\",\"mainEntityOfPage\":{\"@id\":\"https:\\\/\\\/santapola.es\\\/ca\\\/la-concejalia-de-deportes-resiembra-los-campos-de-futbol-del-manolo-macia-y-els-xiprerets\\\/\"},\"wordCount\":197,\"image\":{\"@id\":\"https:\\\/\\\/santapola.es\\\/ca\\\/la-concejalia-de-deportes-resiembra-los-campos-de-futbol-del-manolo-macia-y-els-xiprerets\\\/#primaryimage\"},\"thumbnailUrl\":\"https:\\\/\\\/santapola.es\\\/wp-content\\\/uploads\\\/2023\\\/12\\\/2023-11-29-resiembra-Manolo-Macia.jpeg\",\"keywords\":[\"Campo Els Xiprerets\",\"Estadio Manolo Maci\u00e1\"],\"articleSection\":[\"Deportes\",\"Inicio\"],\"inLanguage\":\"ca\"},{\"@type\":\"WebPage\",\"@id\":\"https:\\\/\\\/santapola.es\\\/ca\\\/la-concejalia-de-deportes-resiembra-los-campos-de-futbol-del-manolo-macia-y-els-xiprerets\\\/\",\"url\":\"https:\\\/\\\/santapola.es\\\/ca\\\/la-concejalia-de-deportes-resiembra-los-campos-de-futbol-del-manolo-macia-y-els-xiprerets\\\/\",\"name\":\"La Concejal\u00eda de Deportes resiembra los campos de f\u00fatbol del Manolo Maci\u00e1 y Els Xiprerets - Ajuntament de Santa Pola\",\"isPartOf\":{\"@id\":\"https:\\\/\\\/santapola.es\\\/ca\\\/#website\"},\"primaryImageOfPage\":{\"@id\":\"https:\\\/\\\/santapola.es\\\/ca\\\/la-concejalia-de-deportes-resiembra-los-campos-de-futbol-del-manolo-macia-y-els-xiprerets\\\/#primaryimage\"},\"image\":{\"@id\":\"https:\\\/\\\/santapola.es\\\/ca\\\/la-concejalia-de-deportes-resiembra-los-campos-de-futbol-del-manolo-macia-y-els-xiprerets\\\/#primaryimage\"},\"thumbnailUrl\":\"https:\\\/\\\/santapola.es\\\/wp-content\\\/uploads\\\/2023\\\/12\\\/2023-11-29-resiembra-Manolo-Macia.jpeg\",\"datePublished\":\"2023-11-29T13:13:03+00:00\",\"dateModified\":\"2024-03-07T17:42:25+00:00\",\"author\":{\"@id\":\"https:\\\/\\\/santapola.es\\\/ca\\\/#\\\/schema\\\/person\\\/ad1d67403707b58350c7be5e8dbc442d\"},\"breadcrumb\":{\"@id\":\"https:\\\/\\\/santapola.es\\\/ca\\\/la-concejalia-de-deportes-resiembra-los-campos-de-futbol-del-manolo-macia-y-els-xiprerets\\\/#breadcrumb\"},\"inLanguage\":\"ca\",\"potentialAction\":[{\"@type\":\"ReadAction\",\"target\":[\"https:\\\/\\\/santapola.es\\\/ca\\\/la-concejalia-de-deportes-resiembra-los-campos-de-futbol-del-manolo-macia-y-els-xiprerets\\\/\"]}]},{\"@type\":\"ImageObject\",\"inLanguage\":\"ca\",\"@id\":\"https:\\\/\\\/santapola.es\\\/ca\\\/la-concejalia-de-deportes-resiembra-los-campos-de-futbol-del-manolo-macia-y-els-xiprerets\\\/#primaryimage\",\"url\":\"https:\\\/\\\/santapola.es\\\/wp-content\\\/uploads\\\/2023\\\/12\\\/2023-11-29-resiembra-Manolo-Macia.jpeg\",\"contentUrl\":\"https:\\\/\\\/santapola.es\\\/wp-content\\\/uploads\\\/2023\\\/12\\\/2023-11-29-resiembra-Manolo-Macia.jpeg\",\"width\":2000,\"height\":1500},{\"@type\":\"BreadcrumbList\",\"@id\":\"https:\\\/\\\/santapola.es\\\/ca\\\/la-concejalia-de-deportes-resiembra-los-campos-de-futbol-del-manolo-macia-y-els-xiprerets\\\/#breadcrumb\",\"itemListElement\":[{\"@type\":\"ListItem\",\"position\":1,\"name\":\"Inici\",\"item\":\"https:\\\/\\\/santapola.es\\\/ca\\\/\"},{\"@type\":\"ListItem\",\"position\":2,\"name\":\"La Concejal\u00eda de Deportes resiembra los campos de f\u00fatbol del Manolo Maci\u00e1 y Els Xiprerets\"}]},{\"@type\":\"WebSite\",\"@id\":\"https:\\\/\\\/santapola.es\\\/ca\\\/#website\",\"url\":\"https:\\\/\\\/santapola.es\\\/ca\\\/\",\"name\":\"Ayuntamiento de Santa Pola\",\"description\":\"Web de l'Ajuntament de Santa Pola\",\"potentialAction\":[{\"@type\":\"SearchAction\",\"target\":{\"@type\":\"EntryPoint\",\"urlTemplate\":\"https:\\\/\\\/santapola.es\\\/ca\\\/?s={search_term_string}\"},\"query-input\":{\"@type\":\"PropertyValueSpecification\",\"valueRequired\":true,\"valueName\":\"search_term_string\"}}],\"inLanguage\":\"ca\"},{\"@type\":\"Person\",\"@id\":\"https:\\\/\\\/santapola.es\\\/ca\\\/#\\\/schema\\\/person\\\/ad1d67403707b58350c7be5e8dbc442d\",\"name\":\"Jos\u00e9 Juan L\u00f3pez Lafuente\"}]}<\/script>\n<!-- \/ Yoast SEO plugin. -->","yoast_head_json":{"title":"La Concejal\u00eda de Deportes resiembra los campos de f\u00fatbol del Manolo Maci\u00e1 y Els Xiprerets - Ajuntament de Santa Pola","robots":{"index":"index","follow":"follow","max-snippet":"max-snippet:-1","max-image-preview":"max-image-preview:large","max-video-preview":"max-video-preview:-1"},"canonical":"https:\/\/santapola.es\/ca\/la-concejalia-de-deportes-resiembra-los-campos-de-futbol-del-manolo-macia-y-els-xiprerets\/","og_locale":"ca_ES","og_type":"article","og_title":"La Concejal\u00eda de Deportes resiembra los campos de f\u00fatbol del Manolo Maci\u00e1 y Els Xiprerets - Ajuntament de Santa Pola","og_description":"Como es habitual cada a\u00f1o por estas fechas, el Ayuntamiento de Santa Pola renueva el c\u00e9sped de ambos campos de f\u00fatbol con la resiembra que se alargar\u00e1 durante unos 40 d\u00edas hasta que se puedan volver a utilizar. Ya se ha procedido a resembrar el terreno de juego del estadio Manolo Maci\u00e1 y en los [&hellip;]","og_url":"https:\/\/santapola.es\/ca\/la-concejalia-de-deportes-resiembra-los-campos-de-futbol-del-manolo-macia-y-els-xiprerets\/","og_site_name":"Ajuntament de Santa Pola","article_publisher":"https:\/\/www.facebook.com\/AyuntamientoSantaPola\/","article_published_time":"2023-11-29T13:13:03+00:00","article_modified_time":"2024-03-07T17:42:25+00:00","og_image":[{"width":2000,"height":1500,"url":"https:\/\/santapola.es\/wp-content\/uploads\/2023\/12\/2023-11-29-resiembra-Manolo-Macia.jpeg","type":"image\/jpeg"}],"author":"Jos\u00e9 Juan L\u00f3pez Lafuente","twitter_card":"summary_large_image","twitter_creator":"@SantaPolaAyunt","twitter_site":"@SantaPolaAyunt","schema":{"@context":"https:\/\/schema.org","@graph":[{"@type":"Article","@id":"https:\/\/santapola.es\/ca\/la-concejalia-de-deportes-resiembra-los-campos-de-futbol-del-manolo-macia-y-els-xiprerets\/#article","isPartOf":{"@id":"https:\/\/santapola.es\/ca\/la-concejalia-de-deportes-resiembra-los-campos-de-futbol-del-manolo-macia-y-els-xiprerets\/"},"author":{"name":"Jos\u00e9 Juan L\u00f3pez Lafuente","@id":"https:\/\/santapola.es\/ca\/#\/schema\/person\/ad1d67403707b58350c7be5e8dbc442d"},"headline":"La Concejal\u00eda de Deportes resiembra los campos de f\u00fatbol del Manolo Maci\u00e1 y Els Xiprerets","datePublished":"2023-11-29T13:13:03+00:00","dateModified":"2024-03-07T17:42:25+00:00","mainEntityOfPage":{"@id":"https:\/\/santapola.es\/ca\/la-concejalia-de-deportes-resiembra-los-campos-de-futbol-del-manolo-macia-y-els-xiprerets\/"},"wordCount":197,"image":{"@id":"https:\/\/santapola.es\/ca\/la-concejalia-de-deportes-resiembra-los-campos-de-futbol-del-manolo-macia-y-els-xiprerets\/#primaryimage"},"thumbnailUrl":"https:\/\/santapola.es\/wp-content\/uploads\/2023\/12\/2023-11-29-resiembra-Manolo-Macia.jpeg","keywords":["Campo Els Xiprerets","Estadio Manolo Maci\u00e1"],"articleSection":["Deportes","Inicio"],"inLanguage":"ca"},{"@type":"WebPage","@id":"https:\/\/santapola.es\/ca\/la-concejalia-de-deportes-resiembra-los-campos-de-futbol-del-manolo-macia-y-els-xiprerets\/","url":"https:\/\/santapola.es\/ca\/la-concejalia-de-deportes-resiembra-los-campos-de-futbol-del-manolo-macia-y-els-xiprerets\/","name":"La Concejal\u00eda de Deportes resiembra los campos de f\u00fatbol del Manolo Maci\u00e1 y Els Xiprerets - Ajuntament de Santa Pola","isPartOf":{"@id":"https:\/\/santapola.es\/ca\/#website"},"primaryImageOfPage":{"@id":"https:\/\/santapola.es\/ca\/la-concejalia-de-deportes-resiembra-los-campos-de-futbol-del-manolo-macia-y-els-xiprerets\/#primaryimage"},"image":{"@id":"https:\/\/santapola.es\/ca\/la-concejalia-de-deportes-resiembra-los-campos-de-futbol-del-manolo-macia-y-els-xiprerets\/#primaryimage"},"thumbnailUrl":"https:\/\/santapola.es\/wp-content\/uploads\/2023\/12\/2023-11-29-resiembra-Manolo-Macia.jpeg","datePublished":"2023-11-29T13:13:03+00:00","dateModified":"2024-03-07T17:42:25+00:00","author":{"@id":"https:\/\/santapola.es\/ca\/#\/schema\/person\/ad1d67403707b58350c7be5e8dbc442d"},"breadcrumb":{"@id":"https:\/\/santapola.es\/ca\/la-concejalia-de-deportes-resiembra-los-campos-de-futbol-del-manolo-macia-y-els-xiprerets\/#breadcrumb"},"inLanguage":"ca","potentialAction":[{"@type":"ReadAction","target":["https:\/\/santapola.es\/ca\/la-concejalia-de-deportes-resiembra-los-campos-de-futbol-del-manolo-macia-y-els-xiprerets\/"]}]},{"@type":"ImageObject","inLanguage":"ca","@id":"https:\/\/santapola.es\/ca\/la-concejalia-de-deportes-resiembra-los-campos-de-futbol-del-manolo-macia-y-els-xiprerets\/#primaryimage","url":"https:\/\/santapola.es\/wp-content\/uploads\/2023\/12\/2023-11-29-resiembra-Manolo-Macia.jpeg","contentUrl":"https:\/\/santapola.es\/wp-content\/uploads\/2023\/12\/2023-11-29-resiembra-Manolo-Macia.jpeg","width":2000,"height":1500},{"@type":"BreadcrumbList","@id":"https:\/\/santapola.es\/ca\/la-concejalia-de-deportes-resiembra-los-campos-de-futbol-del-manolo-macia-y-els-xiprerets\/#breadcrumb","itemListElement":[{"@type":"ListItem","position":1,"name":"Inici","item":"https:\/\/santapola.es\/ca\/"},{"@type":"ListItem","position":2,"name":"La Concejal\u00eda de Deportes resiembra los campos de f\u00fatbol del Manolo Maci\u00e1 y Els Xiprerets"}]},{"@type":"WebSite","@id":"https:\/\/santapola.es\/ca\/#website","url":"https:\/\/santapola.es\/ca\/","name":"Ayuntamiento de Santa Pola","description":"Web de l'Ajuntament de Santa Pola","potentialAction":[{"@type":"SearchAction","target":{"@type":"EntryPoint","urlTemplate":"https:\/\/santapola.es\/ca\/?s={search_term_string}"},"query-input":{"@type":"PropertyValueSpecification","valueRequired":true,"valueName":"search_term_string"}}],"inLanguage":"ca"},{"@type":"Person","@id":"https:\/\/santapola.es\/ca\/#\/schema\/person\/ad1d67403707b58350c7be5e8dbc442d","name":"Jos\u00e9 Juan L\u00f3pez Lafuente"}]}},"_links":{"self":[{"href":"https:\/\/santapola.es\/ca\/wp-json\/wp\/v2\/posts\/22823","targetHints":{"allow":["GET"]}}],"collection":[{"href":"https:\/\/santapola.es\/ca\/wp-json\/wp\/v2\/posts"}],"about":[{"href":"https:\/\/santapola.es\/ca\/wp-json\/wp\/v2\/types\/post"}],"author":[{"embeddable":true,"href":"https:\/\/santapola.es\/ca\/wp-json\/wp\/v2\/users\/96"}],"replies":[{"embeddable":true,"href":"https:\/\/santapola.es\/ca\/wp-json\/wp\/v2\/comments?post=22823"}],"version-history":[{"count":0,"href":"https:\/\/santapola.es\/ca\/wp-json\/wp\/v2\/posts\/22823\/revisions"}],"wp:featuredmedia":[{"embeddable":true,"href":"https:\/\/santapola.es\/ca\/wp-json\/wp\/v2\/media\/22824"}],"wp:attachment":[{"href":"https:\/\/santapola.es\/ca\/wp-json\/wp\/v2\/media?parent=22823"}],"wp:term":[{"taxonomy":"category","embeddable":true,"href":"https:\/\/santapola.es\/ca\/wp-json\/wp\/v2\/categories?post=22823"},{"taxonomy":"post_tag","embeddable":true,"href":"https:\/\/santapola.es\/ca\/wp-json\/wp\/v2\/tags?post=22823"}],"curies":[{"name":"wp","href":"https:\/\/api.w.org\/{rel}","templated":true}]}}