{"id":22813,"date":"2023-11-27T13:24:58","date_gmt":"2023-11-27T12:24:58","guid":{"rendered":"https:\/\/www.desarrollo.santapola.es\/?p=22813"},"modified":"2024-03-07T18:42:24","modified_gmt":"2024-03-07T17:42:24","slug":"santa-pola-presenta-una-amplia-y-variada-programacion-de-navidad-para-todos-los-publicos","status":"publish","type":"post","link":"https:\/\/santapola.es\/ca\/santa-pola-presenta-una-amplia-y-variada-programacion-de-navidad-para-todos-los-publicos\/","title":{"rendered":"Santa Pola presenta una amplia y variada programaci\u00f3n de Navidad para todos los p\u00fablicos"},"content":{"rendered":"<p><strong>Imposible aburrirse estas navidades en Santa Pola con el extenso programa de actos que el Ayuntamiento ha preparado entre el 1 de diciembre y el 6 de enero, en el que destaca la Casita de Pap\u00e1 Noel, el Bel\u00e9n Municipal, un espect\u00e1culo piromusical, la fiesta de fin de a\u00f1o o la llegada de los Reyes Magos.<\/strong><\/p>\n<p>La concejala de Fiestas, Nely Baile, ha presentado el programa oficial de actos que el Ayuntamiento de Santa Pola organiza con motivo de las fiestas de Navidad, \u201cuna amplia y variada oferta de eventos para todas las edades y todos los gustos con la que intentamos dar alegr\u00eda a nuestro pueblo en estas fechas navide\u00f1as\u201d.<\/p>\n<p>El programa se abre con el mercadillo navide\u00f1o que se celebrar\u00e1 del 1 al 3 de diciembre en el Castillo-Fortaleza, y donde se podr\u00e1 adquirir los t\u00edpicos elementos de decoraci\u00f3n navide\u00f1a para nuestras casas. El d\u00eda 7 se inaugura la Casita de Pap\u00e1 Noel organizada por la Asociaci\u00f3n de Comerciantes, uno de los eventos m\u00e1s populares de nuestras fiestas.<\/p>\n<p>El d\u00eda 8 se inaugurar\u00e1n tanto el Bel\u00e9n Municipal como la iluminaci\u00f3n y el \u00e1rbol de navidad en la Glorieta, este a\u00f1o acompa\u00f1ados por la actuaci\u00f3n del grupo Cham\u00e1n. El 10 de diciembre coincidir\u00e1 con la Venida de la Virgen de Loreto desde el puerto y el 16 destaca una de las novedades de este a\u00f1o: un espect\u00e1culo piromusical en la playa de Levante.<\/p>\n<p>Otro momento estelar y totalmente aut\u00f3ctono ser\u00e1 el popular \u201cD\u00eda del cartucho\u201d que tendr\u00e1 como protagonistas a todos los escolares de Santa Pola el d\u00eda 22, fecha que coincide con la celebraci\u00f3n del \u201cNavirock\u201d por la tarde-noche.<\/p>\n<p>El s\u00e1bado 23 Pap\u00e1 Noel visitar\u00e1 Gran Alacant en un d\u00eda de actividades en el barrio y por la tarde habr\u00e1 junto al Castillo una fiesta joven con Dj\u2019s. La tarde del 24 estar\u00e1, c\u00f3mo no, reservada para la cabalgata de Pap\u00e1 Noel con la participaci\u00f3n de las diferentes escuelas de baile.<\/p>\n<p>Pasado el d\u00eda de Navidad podemos destacar el circuito de bicis organizado por el Parque Infantil de Tr\u00e1fico el d\u00eda 27, la tarde de videojuegos del Rac\u00f3 Jove el 28 y, llegando a la Nochevieja, la carrera San Silvestre y la fiesta de fin de a\u00f1o con m\u00fasica disco y fuegos artificiales.<\/p>\n<p>Para comenzar el a\u00f1o nuevo contaremos el d\u00eda 2 con el desfile solidario de pastorets i pastoretes, los Trons als reis con la Colla El Freu el 3, la embajada real el 4 y, el viernes 5, la llegada de los Reyes Magos al puerto de Santa Pola y la cabalgata tanto en Gran Alacant como en el pueblo.<\/p>\n<p>La programaci\u00f3n completa se puede consultar en este enlace: <a href=\"https:\/\/bit.ly\/Navidad_SantaPola_2023\" target=\"_blank\" rel=\"noopener\">https:\/\/bit.ly\/Navidad_SantaPola_2023\u00a0<\/a><\/p>\n<p><img loading=\"lazy\" decoding=\"async\" class=\"aligncenter size-large wp-image-22815\" src=\"https:\/\/santapola.es\/wp-content\/uploads\/2023\/12\/programa_santapola_navidad2023-819x1024.jpg\" alt=\"\" width=\"819\" height=\"1024\" \/><\/p>\n","protected":false},"excerpt":{"rendered":"<p>Imposible aburrirse estas navidades en Santa Pola con el extenso programa de actos que el Ayuntamiento ha preparado entre el 1 de diciembre y el 6 de enero, en el que destaca la Casita de Pap\u00e1 Noel, el Bel\u00e9n Municipal, un espect\u00e1culo piromusical, la fiesta de fin de a\u00f1o o la llegada de los Reyes [&hellip;]<\/p>\n","protected":false},"author":96,"featured_media":22814,"comment_status":"closed","ping_status":"closed","sticky":false,"template":"","format":"standard","meta":{"_et_pb_use_builder":"","_et_pb_old_content":"","_et_gb_content_width":"","footnotes":""},"categories":[97,66],"tags":[307,177],"class_list":["post-22813","post","type-post","status-publish","format-standard","has-post-thumbnail","hentry","category-fiestas","category-inicio","tag-navidad","tag-nely-baile"],"yoast_head":"<!-- This site is optimized with the Yoast SEO plugin v27.4 - https:\/\/yoast.com\/product\/yoast-seo-wordpress\/ -->\n<title>Santa Pola presenta una amplia y variada programaci\u00f3n de Navidad para todos los p\u00fablicos - Ajuntament de Santa Pola<\/title>\n<meta name=\"robots\" content=\"index, follow, max-snippet:-1, max-image-preview:large, max-video-preview:-1\" \/>\n<link rel=\"canonical\" href=\"https:\/\/santapola.es\/ca\/santa-pola-presenta-una-amplia-y-variada-programacion-de-navidad-para-todos-los-publicos\/\" \/>\n<meta property=\"og:locale\" content=\"ca_ES\" \/>\n<meta property=\"og:type\" content=\"article\" \/>\n<meta property=\"og:title\" content=\"Santa Pola presenta una amplia y variada programaci\u00f3n de Navidad para todos los p\u00fablicos - Ajuntament de Santa Pola\" \/>\n<meta property=\"og:description\" content=\"Imposible aburrirse estas navidades en Santa Pola con el extenso programa de actos que el Ayuntamiento ha preparado entre el 1 de diciembre y el 6 de enero, en el que destaca la Casita de Pap\u00e1 Noel, el Bel\u00e9n Municipal, un espect\u00e1culo piromusical, la fiesta de fin de a\u00f1o o la llegada de los Reyes [&hellip;]\" \/>\n<meta property=\"og:url\" content=\"https:\/\/santapola.es\/ca\/santa-pola-presenta-una-amplia-y-variada-programacion-de-navidad-para-todos-los-publicos\/\" \/>\n<meta property=\"og:site_name\" content=\"Ajuntament de Santa Pola\" \/>\n<meta property=\"article:publisher\" content=\"https:\/\/www.facebook.com\/AyuntamientoSantaPola\/\" \/>\n<meta property=\"article:published_time\" content=\"2023-11-27T12:24:58+00:00\" \/>\n<meta property=\"article:modified_time\" content=\"2024-03-07T17:42:24+00:00\" \/>\n<meta property=\"og:image\" content=\"https:\/\/santapola.es\/wp-content\/uploads\/2023\/12\/2023-11-27-Nely-Baile-navidad.jpg\" \/>\n\t<meta property=\"og:image:width\" content=\"1600\" \/>\n\t<meta property=\"og:image:height\" content=\"1060\" \/>\n\t<meta property=\"og:image:type\" content=\"image\/jpeg\" \/>\n<meta name=\"author\" content=\"Jos\u00e9 Juan L\u00f3pez Lafuente\" \/>\n<meta name=\"twitter:card\" content=\"summary_large_image\" \/>\n<meta name=\"twitter:creator\" content=\"@SantaPolaAyunt\" \/>\n<meta name=\"twitter:site\" content=\"@SantaPolaAyunt\" \/>\n<script type=\"application\/ld+json\" class=\"yoast-schema-graph\">{\"@context\":\"https:\\\/\\\/schema.org\",\"@graph\":[{\"@type\":\"Article\",\"@id\":\"https:\\\/\\\/santapola.es\\\/ca\\\/santa-pola-presenta-una-amplia-y-variada-programacion-de-navidad-para-todos-los-publicos\\\/#article\",\"isPartOf\":{\"@id\":\"https:\\\/\\\/santapola.es\\\/ca\\\/santa-pola-presenta-una-amplia-y-variada-programacion-de-navidad-para-todos-los-publicos\\\/\"},\"author\":{\"name\":\"Jos\u00e9 Juan L\u00f3pez Lafuente\",\"@id\":\"https:\\\/\\\/santapola.es\\\/ca\\\/#\\\/schema\\\/person\\\/ad1d67403707b58350c7be5e8dbc442d\"},\"headline\":\"Santa Pola presenta una amplia y variada programaci\u00f3n de Navidad para todos los p\u00fablicos\",\"datePublished\":\"2023-11-27T12:24:58+00:00\",\"dateModified\":\"2024-03-07T17:42:24+00:00\",\"mainEntityOfPage\":{\"@id\":\"https:\\\/\\\/santapola.es\\\/ca\\\/santa-pola-presenta-una-amplia-y-variada-programacion-de-navidad-para-todos-los-publicos\\\/\"},\"wordCount\":486,\"image\":{\"@id\":\"https:\\\/\\\/santapola.es\\\/ca\\\/santa-pola-presenta-una-amplia-y-variada-programacion-de-navidad-para-todos-los-publicos\\\/#primaryimage\"},\"thumbnailUrl\":\"https:\\\/\\\/santapola.es\\\/wp-content\\\/uploads\\\/2023\\\/12\\\/2023-11-27-Nely-Baile-navidad.jpg\",\"keywords\":[\"Navidad\",\"Nely Baile\"],\"articleSection\":[\"Fiestas\",\"Inicio\"],\"inLanguage\":\"ca\"},{\"@type\":\"WebPage\",\"@id\":\"https:\\\/\\\/santapola.es\\\/ca\\\/santa-pola-presenta-una-amplia-y-variada-programacion-de-navidad-para-todos-los-publicos\\\/\",\"url\":\"https:\\\/\\\/santapola.es\\\/ca\\\/santa-pola-presenta-una-amplia-y-variada-programacion-de-navidad-para-todos-los-publicos\\\/\",\"name\":\"Santa Pola presenta una amplia y variada programaci\u00f3n de Navidad para todos los p\u00fablicos - Ajuntament de Santa Pola\",\"isPartOf\":{\"@id\":\"https:\\\/\\\/santapola.es\\\/ca\\\/#website\"},\"primaryImageOfPage\":{\"@id\":\"https:\\\/\\\/santapola.es\\\/ca\\\/santa-pola-presenta-una-amplia-y-variada-programacion-de-navidad-para-todos-los-publicos\\\/#primaryimage\"},\"image\":{\"@id\":\"https:\\\/\\\/santapola.es\\\/ca\\\/santa-pola-presenta-una-amplia-y-variada-programacion-de-navidad-para-todos-los-publicos\\\/#primaryimage\"},\"thumbnailUrl\":\"https:\\\/\\\/santapola.es\\\/wp-content\\\/uploads\\\/2023\\\/12\\\/2023-11-27-Nely-Baile-navidad.jpg\",\"datePublished\":\"2023-11-27T12:24:58+00:00\",\"dateModified\":\"2024-03-07T17:42:24+00:00\",\"author\":{\"@id\":\"https:\\\/\\\/santapola.es\\\/ca\\\/#\\\/schema\\\/person\\\/ad1d67403707b58350c7be5e8dbc442d\"},\"breadcrumb\":{\"@id\":\"https:\\\/\\\/santapola.es\\\/ca\\\/santa-pola-presenta-una-amplia-y-variada-programacion-de-navidad-para-todos-los-publicos\\\/#breadcrumb\"},\"inLanguage\":\"ca\",\"potentialAction\":[{\"@type\":\"ReadAction\",\"target\":[\"https:\\\/\\\/santapola.es\\\/ca\\\/santa-pola-presenta-una-amplia-y-variada-programacion-de-navidad-para-todos-los-publicos\\\/\"]}]},{\"@type\":\"ImageObject\",\"inLanguage\":\"ca\",\"@id\":\"https:\\\/\\\/santapola.es\\\/ca\\\/santa-pola-presenta-una-amplia-y-variada-programacion-de-navidad-para-todos-los-publicos\\\/#primaryimage\",\"url\":\"https:\\\/\\\/santapola.es\\\/wp-content\\\/uploads\\\/2023\\\/12\\\/2023-11-27-Nely-Baile-navidad.jpg\",\"contentUrl\":\"https:\\\/\\\/santapola.es\\\/wp-content\\\/uploads\\\/2023\\\/12\\\/2023-11-27-Nely-Baile-navidad.jpg\",\"width\":1600,\"height\":1060},{\"@type\":\"BreadcrumbList\",\"@id\":\"https:\\\/\\\/santapola.es\\\/ca\\\/santa-pola-presenta-una-amplia-y-variada-programacion-de-navidad-para-todos-los-publicos\\\/#breadcrumb\",\"itemListElement\":[{\"@type\":\"ListItem\",\"position\":1,\"name\":\"Inici\",\"item\":\"https:\\\/\\\/santapola.es\\\/ca\\\/\"},{\"@type\":\"ListItem\",\"position\":2,\"name\":\"Santa Pola presenta una amplia y variada programaci\u00f3n de Navidad para todos los p\u00fablicos\"}]},{\"@type\":\"WebSite\",\"@id\":\"https:\\\/\\\/santapola.es\\\/ca\\\/#website\",\"url\":\"https:\\\/\\\/santapola.es\\\/ca\\\/\",\"name\":\"Ayuntamiento de Santa Pola\",\"description\":\"Web de l'Ajuntament de Santa Pola\",\"potentialAction\":[{\"@type\":\"SearchAction\",\"target\":{\"@type\":\"EntryPoint\",\"urlTemplate\":\"https:\\\/\\\/santapola.es\\\/ca\\\/?s={search_term_string}\"},\"query-input\":{\"@type\":\"PropertyValueSpecification\",\"valueRequired\":true,\"valueName\":\"search_term_string\"}}],\"inLanguage\":\"ca\"},{\"@type\":\"Person\",\"@id\":\"https:\\\/\\\/santapola.es\\\/ca\\\/#\\\/schema\\\/person\\\/ad1d67403707b58350c7be5e8dbc442d\",\"name\":\"Jos\u00e9 Juan L\u00f3pez Lafuente\"}]}<\/script>\n<!-- \/ Yoast SEO plugin. -->","yoast_head_json":{"title":"Santa Pola presenta una amplia y variada programaci\u00f3n de Navidad para todos los p\u00fablicos - Ajuntament de Santa Pola","robots":{"index":"index","follow":"follow","max-snippet":"max-snippet:-1","max-image-preview":"max-image-preview:large","max-video-preview":"max-video-preview:-1"},"canonical":"https:\/\/santapola.es\/ca\/santa-pola-presenta-una-amplia-y-variada-programacion-de-navidad-para-todos-los-publicos\/","og_locale":"ca_ES","og_type":"article","og_title":"Santa Pola presenta una amplia y variada programaci\u00f3n de Navidad para todos los p\u00fablicos - Ajuntament de Santa Pola","og_description":"Imposible aburrirse estas navidades en Santa Pola con el extenso programa de actos que el Ayuntamiento ha preparado entre el 1 de diciembre y el 6 de enero, en el que destaca la Casita de Pap\u00e1 Noel, el Bel\u00e9n Municipal, un espect\u00e1culo piromusical, la fiesta de fin de a\u00f1o o la llegada de los Reyes [&hellip;]","og_url":"https:\/\/santapola.es\/ca\/santa-pola-presenta-una-amplia-y-variada-programacion-de-navidad-para-todos-los-publicos\/","og_site_name":"Ajuntament de Santa Pola","article_publisher":"https:\/\/www.facebook.com\/AyuntamientoSantaPola\/","article_published_time":"2023-11-27T12:24:58+00:00","article_modified_time":"2024-03-07T17:42:24+00:00","og_image":[{"width":1600,"height":1060,"url":"https:\/\/santapola.es\/wp-content\/uploads\/2023\/12\/2023-11-27-Nely-Baile-navidad.jpg","type":"image\/jpeg"}],"author":"Jos\u00e9 Juan L\u00f3pez Lafuente","twitter_card":"summary_large_image","twitter_creator":"@SantaPolaAyunt","twitter_site":"@SantaPolaAyunt","schema":{"@context":"https:\/\/schema.org","@graph":[{"@type":"Article","@id":"https:\/\/santapola.es\/ca\/santa-pola-presenta-una-amplia-y-variada-programacion-de-navidad-para-todos-los-publicos\/#article","isPartOf":{"@id":"https:\/\/santapola.es\/ca\/santa-pola-presenta-una-amplia-y-variada-programacion-de-navidad-para-todos-los-publicos\/"},"author":{"name":"Jos\u00e9 Juan L\u00f3pez Lafuente","@id":"https:\/\/santapola.es\/ca\/#\/schema\/person\/ad1d67403707b58350c7be5e8dbc442d"},"headline":"Santa Pola presenta una amplia y variada programaci\u00f3n de Navidad para todos los p\u00fablicos","datePublished":"2023-11-27T12:24:58+00:00","dateModified":"2024-03-07T17:42:24+00:00","mainEntityOfPage":{"@id":"https:\/\/santapola.es\/ca\/santa-pola-presenta-una-amplia-y-variada-programacion-de-navidad-para-todos-los-publicos\/"},"wordCount":486,"image":{"@id":"https:\/\/santapola.es\/ca\/santa-pola-presenta-una-amplia-y-variada-programacion-de-navidad-para-todos-los-publicos\/#primaryimage"},"thumbnailUrl":"https:\/\/santapola.es\/wp-content\/uploads\/2023\/12\/2023-11-27-Nely-Baile-navidad.jpg","keywords":["Navidad","Nely Baile"],"articleSection":["Fiestas","Inicio"],"inLanguage":"ca"},{"@type":"WebPage","@id":"https:\/\/santapola.es\/ca\/santa-pola-presenta-una-amplia-y-variada-programacion-de-navidad-para-todos-los-publicos\/","url":"https:\/\/santapola.es\/ca\/santa-pola-presenta-una-amplia-y-variada-programacion-de-navidad-para-todos-los-publicos\/","name":"Santa Pola presenta una amplia y variada programaci\u00f3n de Navidad para todos los p\u00fablicos - Ajuntament de Santa Pola","isPartOf":{"@id":"https:\/\/santapola.es\/ca\/#website"},"primaryImageOfPage":{"@id":"https:\/\/santapola.es\/ca\/santa-pola-presenta-una-amplia-y-variada-programacion-de-navidad-para-todos-los-publicos\/#primaryimage"},"image":{"@id":"https:\/\/santapola.es\/ca\/santa-pola-presenta-una-amplia-y-variada-programacion-de-navidad-para-todos-los-publicos\/#primaryimage"},"thumbnailUrl":"https:\/\/santapola.es\/wp-content\/uploads\/2023\/12\/2023-11-27-Nely-Baile-navidad.jpg","datePublished":"2023-11-27T12:24:58+00:00","dateModified":"2024-03-07T17:42:24+00:00","author":{"@id":"https:\/\/santapola.es\/ca\/#\/schema\/person\/ad1d67403707b58350c7be5e8dbc442d"},"breadcrumb":{"@id":"https:\/\/santapola.es\/ca\/santa-pola-presenta-una-amplia-y-variada-programacion-de-navidad-para-todos-los-publicos\/#breadcrumb"},"inLanguage":"ca","potentialAction":[{"@type":"ReadAction","target":["https:\/\/santapola.es\/ca\/santa-pola-presenta-una-amplia-y-variada-programacion-de-navidad-para-todos-los-publicos\/"]}]},{"@type":"ImageObject","inLanguage":"ca","@id":"https:\/\/santapola.es\/ca\/santa-pola-presenta-una-amplia-y-variada-programacion-de-navidad-para-todos-los-publicos\/#primaryimage","url":"https:\/\/santapola.es\/wp-content\/uploads\/2023\/12\/2023-11-27-Nely-Baile-navidad.jpg","contentUrl":"https:\/\/santapola.es\/wp-content\/uploads\/2023\/12\/2023-11-27-Nely-Baile-navidad.jpg","width":1600,"height":1060},{"@type":"BreadcrumbList","@id":"https:\/\/santapola.es\/ca\/santa-pola-presenta-una-amplia-y-variada-programacion-de-navidad-para-todos-los-publicos\/#breadcrumb","itemListElement":[{"@type":"ListItem","position":1,"name":"Inici","item":"https:\/\/santapola.es\/ca\/"},{"@type":"ListItem","position":2,"name":"Santa Pola presenta una amplia y variada programaci\u00f3n de Navidad para todos los p\u00fablicos"}]},{"@type":"WebSite","@id":"https:\/\/santapola.es\/ca\/#website","url":"https:\/\/santapola.es\/ca\/","name":"Ayuntamiento de Santa Pola","description":"Web de l'Ajuntament de Santa Pola","potentialAction":[{"@type":"SearchAction","target":{"@type":"EntryPoint","urlTemplate":"https:\/\/santapola.es\/ca\/?s={search_term_string}"},"query-input":{"@type":"PropertyValueSpecification","valueRequired":true,"valueName":"search_term_string"}}],"inLanguage":"ca"},{"@type":"Person","@id":"https:\/\/santapola.es\/ca\/#\/schema\/person\/ad1d67403707b58350c7be5e8dbc442d","name":"Jos\u00e9 Juan L\u00f3pez Lafuente"}]}},"_links":{"self":[{"href":"https:\/\/santapola.es\/ca\/wp-json\/wp\/v2\/posts\/22813","targetHints":{"allow":["GET"]}}],"collection":[{"href":"https:\/\/santapola.es\/ca\/wp-json\/wp\/v2\/posts"}],"about":[{"href":"https:\/\/santapola.es\/ca\/wp-json\/wp\/v2\/types\/post"}],"author":[{"embeddable":true,"href":"https:\/\/santapola.es\/ca\/wp-json\/wp\/v2\/users\/96"}],"replies":[{"embeddable":true,"href":"https:\/\/santapola.es\/ca\/wp-json\/wp\/v2\/comments?post=22813"}],"version-history":[{"count":0,"href":"https:\/\/santapola.es\/ca\/wp-json\/wp\/v2\/posts\/22813\/revisions"}],"wp:featuredmedia":[{"embeddable":true,"href":"https:\/\/santapola.es\/ca\/wp-json\/wp\/v2\/media\/22814"}],"wp:attachment":[{"href":"https:\/\/santapola.es\/ca\/wp-json\/wp\/v2\/media?parent=22813"}],"wp:term":[{"taxonomy":"category","embeddable":true,"href":"https:\/\/santapola.es\/ca\/wp-json\/wp\/v2\/categories?post=22813"},{"taxonomy":"post_tag","embeddable":true,"href":"https:\/\/santapola.es\/ca\/wp-json\/wp\/v2\/tags?post=22813"}],"curies":[{"name":"wp","href":"https:\/\/api.w.org\/{rel}","templated":true}]}}