{"id":22804,"date":"2023-11-23T12:11:49","date_gmt":"2023-11-23T11:11:49","guid":{"rendered":"https:\/\/www.desarrollo.santapola.es\/?p=22804"},"modified":"2024-03-07T18:42:23","modified_gmt":"2024-03-07T17:42:23","slug":"la-deportista-afgana-latifa-sakhizadeh-refugiada-en-espana-protagonizara-en-santa-pola-el-25-n","status":"publish","type":"post","link":"https:\/\/santapola.es\/ca\/la-deportista-afgana-latifa-sakhizadeh-refugiada-en-espana-protagonizara-en-santa-pola-el-25-n\/","title":{"rendered":"La deportista afgana Latifa Sakhizadeh refugiada en Espa\u00f1a protagonizar\u00e1 en Santa Pola el 25-N"},"content":{"rendered":"<p><strong>La jugadora de baloncesto en silla de ruedas refugiada en Espa\u00f1a y el periodista Antonio Pampliega estar\u00e1n el s\u00e1bado en el acto institucional donde se presentar\u00e1 el documental \u201cAu revoir Kabul\u201d que cuenta la odisea de las mujeres afganas tras la llegada al poder de los talibanes.\u00a0<\/strong><\/p>\n<p>La conmemoraci\u00f3n del D\u00eda Internacional de la Eliminaci\u00f3n de la Violencia Contra la Mujer en Santa Pola tendr\u00e1 una protagonista especial: la deportista Latifa Sakhizadeh, ex jugadora de baloncesto en silla de ruedas de la selecci\u00f3n de Afganist\u00e1n que fue acogida en Espa\u00f1a despu\u00e9s de que el r\u00e9gimen talib\u00e1n eliminara de un plumazo todos los derechos de las mujeres en el pa\u00eds.<\/p>\n<p>Este s\u00e1bado 25 de noviembre tendr\u00e1 lugar en la Casa de Cultura el acto central de la programaci\u00f3n que la concejal\u00eda de Igualdad ha llevado a cabo. A partir de las 19:00 horas comenzar\u00e1 con la presentaci\u00f3n del spot de la campa\u00f1a y la lectura del manifiesto institucional.<\/p>\n<p>A continuaci\u00f3n los asistentes podr\u00e1n ver un adelanto del documental \u201cAu Revoir Kabul\u201d, dirigido por Alfredo Lobo con gui\u00f3n del periodista Antonio Pampliega, que retrata la odisea de muchas mujeres afganas, entre ellas Latifa, que estar\u00e1 presente en el evento para ofrecer sus testimonio de primera mano.<\/p>\n<p><strong>Au revoir Kabul<\/strong><\/p>\n<p>El 15 de agosto de 2021 quedar\u00e1 marcado en el coraz\u00f3n de millones de afganos como una de las fechas m\u00e1s fat\u00eddicas de su historia reciente. 20 a\u00f1os despu\u00e9s de la ca\u00edda del gobierno talib\u00e1n, los integristas isl\u00e1micos volvieron a hacerse con el poder en un pa\u00eds que respiraba esperanza, libertad y democracia. Sue\u00f1os que se difuminaron como castillos de arena aquel abrasador d\u00eda de verano cuando los radicales entraron en la ciudad de Kabul.<\/p>\n<p>Miles de afganos se agolparon en las puertas del aeropuerto internacional de Kabul con la esperanza de subirse en uno de los vuelos de evacuaci\u00f3n que hab\u00eda fletado la Comunidad Internacional para sacar del pa\u00eds a sus colaboradores. Entre esos miles se encontraban las integrantes de la selecci\u00f3n nacional de baloncesto en silla de ruedas quienes, despu\u00e9s de contactar con los periodistas espa\u00f1oles Paloma del R\u00edo y Antonio Pampliega, hab\u00edan conseguido los salvoconductos para huir a Espa\u00f1a.<\/p>\n<p>Sus sue\u00f1os terminaron tras el atentado suicida perpetrado por un terrorista de Estado Isl\u00e1mico, quien se inmol\u00f3 en una de las puertas del aeropuerto dejando m\u00e1s de 150 v\u00edctimas mortales. Ese d\u00eda, se puso fin a la evacuaci\u00f3n y se dio por finalizada la presencia internacional en Afganist\u00e1n despu\u00e9s de 20 a\u00f1os&#8230;<\/p>\n<p>Las chicas, como millones de mujeres afganas, vieron como sus derechos- conquistados en las dos \u00faltimas d\u00e9cadas- iban siendo eliminados progresivamente. Desde jugar al baloncesto hasta trabajar, pasando por estudiar, bailar, &#8230;<\/p>\n<p>A trav\u00e9s del grupo de Whatsapp que crearon con los dos periodistas espa\u00f1oles, con quienes hab\u00edan contactado en el mes de agosto, pidieron ayuda desesperada para poder escapar de un pa\u00eds donde se hab\u00edan convertido en un cero a la izquierda.<\/p>\n<p>Paloma del R\u00edo y Antonio Pampliega se comprometieron con las jugadores de baloncesto a sacarlas del pa\u00eds en el menor tiempo posible y traerlas a Espa\u00f1a. Mientras tanto, las chicas de la selecci\u00f3n comenzaron a documentar- mediante sus tel\u00e9fonos m\u00f3viles- su d\u00eda a d\u00eda en ese nuevo Afganist\u00e1n de los talibanes con el objetivo de denunciar la realidad de la mujer en un pa\u00eds donde un perro tiene m\u00e1s derechos que una mujer.<\/p>\n<p>Progresivamente- y con la ayuda de los dos periodistas espa\u00f1oles- las jugadoras comenzaron a abandonar Afganist\u00e1n hasta que en septiembre de 2022- un a\u00f1o despu\u00e9s de la toma de Kabul por parte de los talibanes- la \u00faltima de ellas consigui\u00f3 huir de su pa\u00eds y llegar a Espa\u00f1a.<\/p>\n<p>En esos meses de incertidumbre, miedo y desesperaci\u00f3n las chicas (8 en total) fueron capaces de documentar- jug\u00e1ndose la vida en muchos casos- la realidad de un pa\u00eds que dej\u00f3 de salir en los informativos y que se convirti\u00f3 r\u00e1pidamente en un agujero informativo m\u00e1s.<\/p>\n<p>Este documental no solo ahonda en el salvajismo que se encuentra detr\u00e1s de los integristas isl\u00e1micos, sino que es, adem\u00e1s, un canto a la vida. Las chicas, con una generosidad fuera de toda duda, invitan al espectador a introducirse en su m\u00e1s absoluta intimidad abriendo las puertas, de par en par, a momentos personales e \u00edntimos que hubiese sido imposible grabar de no haberlo hecho ellas mismas. Las chicas- en edades comprendidas entre los 30 y los 24 a\u00f1os- buscan empatizar con el espectador abri\u00e9ndoles su coraz\u00f3n.<\/p>\n<p>Este documental va m\u00e1s all\u00e1 del documento gr\u00e1fico, es un canto a la vida, a la esperanza y a la solidaridad; y hace presente la famosa frase: &#8220;Solo un ser humano puede salvar a un ser humano&#8221;.<\/p>\n","protected":false},"excerpt":{"rendered":"<p>La jugadora de baloncesto en silla de ruedas refugiada en Espa\u00f1a y el periodista Antonio Pampliega estar\u00e1n el s\u00e1bado en el acto institucional donde se presentar\u00e1 el documental \u201cAu revoir Kabul\u201d que cuenta la odisea de las mujeres afganas tras la llegada al poder de los talibanes.\u00a0 La conmemoraci\u00f3n del D\u00eda Internacional de la Eliminaci\u00f3n [&hellip;]<\/p>\n","protected":false},"author":96,"featured_media":22805,"comment_status":"closed","ping_status":"closed","sticky":false,"template":"","format":"standard","meta":{"_et_pb_use_builder":"","_et_pb_old_content":"","_et_gb_content_width":"","footnotes":""},"categories":[101,66],"tags":[336,337,287],"class_list":["post-22804","post","type-post","status-publish","format-standard","has-post-thumbnail","hentry","category-igualdad","category-inicio","tag-antonio-pampliega","tag-latifa-sakhizadeh","tag-violencia-contra-la-mujer"],"yoast_head":"<!-- This site is optimized with the Yoast SEO plugin v27.4 - https:\/\/yoast.com\/product\/yoast-seo-wordpress\/ -->\n<title>La deportista afgana Latifa Sakhizadeh refugiada en Espa\u00f1a protagonizar\u00e1 en Santa Pola el 25-N - Ajuntament de Santa Pola<\/title>\n<meta name=\"robots\" content=\"index, follow, max-snippet:-1, max-image-preview:large, max-video-preview:-1\" \/>\n<link rel=\"canonical\" href=\"https:\/\/santapola.es\/ca\/la-deportista-afgana-latifa-sakhizadeh-refugiada-en-espana-protagonizara-en-santa-pola-el-25-n\/\" \/>\n<meta property=\"og:locale\" content=\"ca_ES\" \/>\n<meta property=\"og:type\" content=\"article\" \/>\n<meta property=\"og:title\" content=\"La deportista afgana Latifa Sakhizadeh refugiada en Espa\u00f1a protagonizar\u00e1 en Santa Pola el 25-N - Ajuntament de Santa Pola\" \/>\n<meta property=\"og:description\" content=\"La jugadora de baloncesto en silla de ruedas refugiada en Espa\u00f1a y el periodista Antonio Pampliega estar\u00e1n el s\u00e1bado en el acto institucional donde se presentar\u00e1 el documental \u201cAu revoir Kabul\u201d que cuenta la odisea de las mujeres afganas tras la llegada al poder de los talibanes.\u00a0 La conmemoraci\u00f3n del D\u00eda Internacional de la Eliminaci\u00f3n [&hellip;]\" \/>\n<meta property=\"og:url\" content=\"https:\/\/santapola.es\/ca\/la-deportista-afgana-latifa-sakhizadeh-refugiada-en-espana-protagonizara-en-santa-pola-el-25-n\/\" \/>\n<meta property=\"og:site_name\" content=\"Ajuntament de Santa Pola\" \/>\n<meta property=\"article:publisher\" content=\"https:\/\/www.facebook.com\/AyuntamientoSantaPola\/\" \/>\n<meta property=\"article:published_time\" content=\"2023-11-23T11:11:49+00:00\" \/>\n<meta property=\"article:modified_time\" content=\"2024-03-07T17:42:23+00:00\" \/>\n<meta property=\"og:image\" content=\"https:\/\/santapola.es\/wp-content\/uploads\/2023\/12\/banner_actoinstitucional_25N_santapola_ok.jpg\" \/>\n\t<meta property=\"og:image:width\" content=\"1080\" \/>\n\t<meta property=\"og:image:height\" content=\"1350\" \/>\n\t<meta property=\"og:image:type\" content=\"image\/jpeg\" \/>\n<meta name=\"author\" content=\"Jos\u00e9 Juan L\u00f3pez Lafuente\" \/>\n<meta name=\"twitter:card\" content=\"summary_large_image\" \/>\n<meta name=\"twitter:creator\" content=\"@SantaPolaAyunt\" \/>\n<meta name=\"twitter:site\" content=\"@SantaPolaAyunt\" \/>\n<script type=\"application\/ld+json\" class=\"yoast-schema-graph\">{\"@context\":\"https:\\\/\\\/schema.org\",\"@graph\":[{\"@type\":\"Article\",\"@id\":\"https:\\\/\\\/santapola.es\\\/ca\\\/la-deportista-afgana-latifa-sakhizadeh-refugiada-en-espana-protagonizara-en-santa-pola-el-25-n\\\/#article\",\"isPartOf\":{\"@id\":\"https:\\\/\\\/santapola.es\\\/ca\\\/la-deportista-afgana-latifa-sakhizadeh-refugiada-en-espana-protagonizara-en-santa-pola-el-25-n\\\/\"},\"author\":{\"name\":\"Jos\u00e9 Juan L\u00f3pez Lafuente\",\"@id\":\"https:\\\/\\\/santapola.es\\\/ca\\\/#\\\/schema\\\/person\\\/ad1d67403707b58350c7be5e8dbc442d\"},\"headline\":\"La deportista afgana Latifa Sakhizadeh refugiada en Espa\u00f1a protagonizar\u00e1 en Santa Pola el 25-N\",\"datePublished\":\"2023-11-23T11:11:49+00:00\",\"dateModified\":\"2024-03-07T17:42:23+00:00\",\"mainEntityOfPage\":{\"@id\":\"https:\\\/\\\/santapola.es\\\/ca\\\/la-deportista-afgana-latifa-sakhizadeh-refugiada-en-espana-protagonizara-en-santa-pola-el-25-n\\\/\"},\"wordCount\":865,\"image\":{\"@id\":\"https:\\\/\\\/santapola.es\\\/ca\\\/la-deportista-afgana-latifa-sakhizadeh-refugiada-en-espana-protagonizara-en-santa-pola-el-25-n\\\/#primaryimage\"},\"thumbnailUrl\":\"https:\\\/\\\/santapola.es\\\/wp-content\\\/uploads\\\/2023\\\/12\\\/banner_actoinstitucional_25N_santapola_ok.jpg\",\"keywords\":[\"Antonio Pampliega\",\"Latifa Sakhizadeh\",\"Violencia contra la mujer\"],\"articleSection\":[\"Igualdad\",\"Inicio\"],\"inLanguage\":\"ca\"},{\"@type\":\"WebPage\",\"@id\":\"https:\\\/\\\/santapola.es\\\/ca\\\/la-deportista-afgana-latifa-sakhizadeh-refugiada-en-espana-protagonizara-en-santa-pola-el-25-n\\\/\",\"url\":\"https:\\\/\\\/santapola.es\\\/ca\\\/la-deportista-afgana-latifa-sakhizadeh-refugiada-en-espana-protagonizara-en-santa-pola-el-25-n\\\/\",\"name\":\"La deportista afgana Latifa Sakhizadeh refugiada en Espa\u00f1a protagonizar\u00e1 en Santa Pola el 25-N - Ajuntament de Santa Pola\",\"isPartOf\":{\"@id\":\"https:\\\/\\\/santapola.es\\\/ca\\\/#website\"},\"primaryImageOfPage\":{\"@id\":\"https:\\\/\\\/santapola.es\\\/ca\\\/la-deportista-afgana-latifa-sakhizadeh-refugiada-en-espana-protagonizara-en-santa-pola-el-25-n\\\/#primaryimage\"},\"image\":{\"@id\":\"https:\\\/\\\/santapola.es\\\/ca\\\/la-deportista-afgana-latifa-sakhizadeh-refugiada-en-espana-protagonizara-en-santa-pola-el-25-n\\\/#primaryimage\"},\"thumbnailUrl\":\"https:\\\/\\\/santapola.es\\\/wp-content\\\/uploads\\\/2023\\\/12\\\/banner_actoinstitucional_25N_santapola_ok.jpg\",\"datePublished\":\"2023-11-23T11:11:49+00:00\",\"dateModified\":\"2024-03-07T17:42:23+00:00\",\"author\":{\"@id\":\"https:\\\/\\\/santapola.es\\\/ca\\\/#\\\/schema\\\/person\\\/ad1d67403707b58350c7be5e8dbc442d\"},\"breadcrumb\":{\"@id\":\"https:\\\/\\\/santapola.es\\\/ca\\\/la-deportista-afgana-latifa-sakhizadeh-refugiada-en-espana-protagonizara-en-santa-pola-el-25-n\\\/#breadcrumb\"},\"inLanguage\":\"ca\",\"potentialAction\":[{\"@type\":\"ReadAction\",\"target\":[\"https:\\\/\\\/santapola.es\\\/ca\\\/la-deportista-afgana-latifa-sakhizadeh-refugiada-en-espana-protagonizara-en-santa-pola-el-25-n\\\/\"]}]},{\"@type\":\"ImageObject\",\"inLanguage\":\"ca\",\"@id\":\"https:\\\/\\\/santapola.es\\\/ca\\\/la-deportista-afgana-latifa-sakhizadeh-refugiada-en-espana-protagonizara-en-santa-pola-el-25-n\\\/#primaryimage\",\"url\":\"https:\\\/\\\/santapola.es\\\/wp-content\\\/uploads\\\/2023\\\/12\\\/banner_actoinstitucional_25N_santapola_ok.jpg\",\"contentUrl\":\"https:\\\/\\\/santapola.es\\\/wp-content\\\/uploads\\\/2023\\\/12\\\/banner_actoinstitucional_25N_santapola_ok.jpg\",\"width\":1080,\"height\":1350},{\"@type\":\"BreadcrumbList\",\"@id\":\"https:\\\/\\\/santapola.es\\\/ca\\\/la-deportista-afgana-latifa-sakhizadeh-refugiada-en-espana-protagonizara-en-santa-pola-el-25-n\\\/#breadcrumb\",\"itemListElement\":[{\"@type\":\"ListItem\",\"position\":1,\"name\":\"Inici\",\"item\":\"https:\\\/\\\/santapola.es\\\/ca\\\/\"},{\"@type\":\"ListItem\",\"position\":2,\"name\":\"La deportista afgana Latifa Sakhizadeh refugiada en Espa\u00f1a protagonizar\u00e1 en Santa Pola el 25-N\"}]},{\"@type\":\"WebSite\",\"@id\":\"https:\\\/\\\/santapola.es\\\/ca\\\/#website\",\"url\":\"https:\\\/\\\/santapola.es\\\/ca\\\/\",\"name\":\"Ayuntamiento de Santa Pola\",\"description\":\"Web de l'Ajuntament de Santa Pola\",\"potentialAction\":[{\"@type\":\"SearchAction\",\"target\":{\"@type\":\"EntryPoint\",\"urlTemplate\":\"https:\\\/\\\/santapola.es\\\/ca\\\/?s={search_term_string}\"},\"query-input\":{\"@type\":\"PropertyValueSpecification\",\"valueRequired\":true,\"valueName\":\"search_term_string\"}}],\"inLanguage\":\"ca\"},{\"@type\":\"Person\",\"@id\":\"https:\\\/\\\/santapola.es\\\/ca\\\/#\\\/schema\\\/person\\\/ad1d67403707b58350c7be5e8dbc442d\",\"name\":\"Jos\u00e9 Juan L\u00f3pez Lafuente\"}]}<\/script>\n<!-- \/ Yoast SEO plugin. -->","yoast_head_json":{"title":"La deportista afgana Latifa Sakhizadeh refugiada en Espa\u00f1a protagonizar\u00e1 en Santa Pola el 25-N - Ajuntament de Santa Pola","robots":{"index":"index","follow":"follow","max-snippet":"max-snippet:-1","max-image-preview":"max-image-preview:large","max-video-preview":"max-video-preview:-1"},"canonical":"https:\/\/santapola.es\/ca\/la-deportista-afgana-latifa-sakhizadeh-refugiada-en-espana-protagonizara-en-santa-pola-el-25-n\/","og_locale":"ca_ES","og_type":"article","og_title":"La deportista afgana Latifa Sakhizadeh refugiada en Espa\u00f1a protagonizar\u00e1 en Santa Pola el 25-N - Ajuntament de Santa Pola","og_description":"La jugadora de baloncesto en silla de ruedas refugiada en Espa\u00f1a y el periodista Antonio Pampliega estar\u00e1n el s\u00e1bado en el acto institucional donde se presentar\u00e1 el documental \u201cAu revoir Kabul\u201d que cuenta la odisea de las mujeres afganas tras la llegada al poder de los talibanes.\u00a0 La conmemoraci\u00f3n del D\u00eda Internacional de la Eliminaci\u00f3n [&hellip;]","og_url":"https:\/\/santapola.es\/ca\/la-deportista-afgana-latifa-sakhizadeh-refugiada-en-espana-protagonizara-en-santa-pola-el-25-n\/","og_site_name":"Ajuntament de Santa Pola","article_publisher":"https:\/\/www.facebook.com\/AyuntamientoSantaPola\/","article_published_time":"2023-11-23T11:11:49+00:00","article_modified_time":"2024-03-07T17:42:23+00:00","og_image":[{"width":1080,"height":1350,"url":"https:\/\/santapola.es\/wp-content\/uploads\/2023\/12\/banner_actoinstitucional_25N_santapola_ok.jpg","type":"image\/jpeg"}],"author":"Jos\u00e9 Juan L\u00f3pez Lafuente","twitter_card":"summary_large_image","twitter_creator":"@SantaPolaAyunt","twitter_site":"@SantaPolaAyunt","schema":{"@context":"https:\/\/schema.org","@graph":[{"@type":"Article","@id":"https:\/\/santapola.es\/ca\/la-deportista-afgana-latifa-sakhizadeh-refugiada-en-espana-protagonizara-en-santa-pola-el-25-n\/#article","isPartOf":{"@id":"https:\/\/santapola.es\/ca\/la-deportista-afgana-latifa-sakhizadeh-refugiada-en-espana-protagonizara-en-santa-pola-el-25-n\/"},"author":{"name":"Jos\u00e9 Juan L\u00f3pez Lafuente","@id":"https:\/\/santapola.es\/ca\/#\/schema\/person\/ad1d67403707b58350c7be5e8dbc442d"},"headline":"La deportista afgana Latifa Sakhizadeh refugiada en Espa\u00f1a protagonizar\u00e1 en Santa Pola el 25-N","datePublished":"2023-11-23T11:11:49+00:00","dateModified":"2024-03-07T17:42:23+00:00","mainEntityOfPage":{"@id":"https:\/\/santapola.es\/ca\/la-deportista-afgana-latifa-sakhizadeh-refugiada-en-espana-protagonizara-en-santa-pola-el-25-n\/"},"wordCount":865,"image":{"@id":"https:\/\/santapola.es\/ca\/la-deportista-afgana-latifa-sakhizadeh-refugiada-en-espana-protagonizara-en-santa-pola-el-25-n\/#primaryimage"},"thumbnailUrl":"https:\/\/santapola.es\/wp-content\/uploads\/2023\/12\/banner_actoinstitucional_25N_santapola_ok.jpg","keywords":["Antonio Pampliega","Latifa Sakhizadeh","Violencia contra la mujer"],"articleSection":["Igualdad","Inicio"],"inLanguage":"ca"},{"@type":"WebPage","@id":"https:\/\/santapola.es\/ca\/la-deportista-afgana-latifa-sakhizadeh-refugiada-en-espana-protagonizara-en-santa-pola-el-25-n\/","url":"https:\/\/santapola.es\/ca\/la-deportista-afgana-latifa-sakhizadeh-refugiada-en-espana-protagonizara-en-santa-pola-el-25-n\/","name":"La deportista afgana Latifa Sakhizadeh refugiada en Espa\u00f1a protagonizar\u00e1 en Santa Pola el 25-N - Ajuntament de Santa Pola","isPartOf":{"@id":"https:\/\/santapola.es\/ca\/#website"},"primaryImageOfPage":{"@id":"https:\/\/santapola.es\/ca\/la-deportista-afgana-latifa-sakhizadeh-refugiada-en-espana-protagonizara-en-santa-pola-el-25-n\/#primaryimage"},"image":{"@id":"https:\/\/santapola.es\/ca\/la-deportista-afgana-latifa-sakhizadeh-refugiada-en-espana-protagonizara-en-santa-pola-el-25-n\/#primaryimage"},"thumbnailUrl":"https:\/\/santapola.es\/wp-content\/uploads\/2023\/12\/banner_actoinstitucional_25N_santapola_ok.jpg","datePublished":"2023-11-23T11:11:49+00:00","dateModified":"2024-03-07T17:42:23+00:00","author":{"@id":"https:\/\/santapola.es\/ca\/#\/schema\/person\/ad1d67403707b58350c7be5e8dbc442d"},"breadcrumb":{"@id":"https:\/\/santapola.es\/ca\/la-deportista-afgana-latifa-sakhizadeh-refugiada-en-espana-protagonizara-en-santa-pola-el-25-n\/#breadcrumb"},"inLanguage":"ca","potentialAction":[{"@type":"ReadAction","target":["https:\/\/santapola.es\/ca\/la-deportista-afgana-latifa-sakhizadeh-refugiada-en-espana-protagonizara-en-santa-pola-el-25-n\/"]}]},{"@type":"ImageObject","inLanguage":"ca","@id":"https:\/\/santapola.es\/ca\/la-deportista-afgana-latifa-sakhizadeh-refugiada-en-espana-protagonizara-en-santa-pola-el-25-n\/#primaryimage","url":"https:\/\/santapola.es\/wp-content\/uploads\/2023\/12\/banner_actoinstitucional_25N_santapola_ok.jpg","contentUrl":"https:\/\/santapola.es\/wp-content\/uploads\/2023\/12\/banner_actoinstitucional_25N_santapola_ok.jpg","width":1080,"height":1350},{"@type":"BreadcrumbList","@id":"https:\/\/santapola.es\/ca\/la-deportista-afgana-latifa-sakhizadeh-refugiada-en-espana-protagonizara-en-santa-pola-el-25-n\/#breadcrumb","itemListElement":[{"@type":"ListItem","position":1,"name":"Inici","item":"https:\/\/santapola.es\/ca\/"},{"@type":"ListItem","position":2,"name":"La deportista afgana Latifa Sakhizadeh refugiada en Espa\u00f1a protagonizar\u00e1 en Santa Pola el 25-N"}]},{"@type":"WebSite","@id":"https:\/\/santapola.es\/ca\/#website","url":"https:\/\/santapola.es\/ca\/","name":"Ayuntamiento de Santa Pola","description":"Web de l'Ajuntament de Santa Pola","potentialAction":[{"@type":"SearchAction","target":{"@type":"EntryPoint","urlTemplate":"https:\/\/santapola.es\/ca\/?s={search_term_string}"},"query-input":{"@type":"PropertyValueSpecification","valueRequired":true,"valueName":"search_term_string"}}],"inLanguage":"ca"},{"@type":"Person","@id":"https:\/\/santapola.es\/ca\/#\/schema\/person\/ad1d67403707b58350c7be5e8dbc442d","name":"Jos\u00e9 Juan L\u00f3pez Lafuente"}]}},"_links":{"self":[{"href":"https:\/\/santapola.es\/ca\/wp-json\/wp\/v2\/posts\/22804","targetHints":{"allow":["GET"]}}],"collection":[{"href":"https:\/\/santapola.es\/ca\/wp-json\/wp\/v2\/posts"}],"about":[{"href":"https:\/\/santapola.es\/ca\/wp-json\/wp\/v2\/types\/post"}],"author":[{"embeddable":true,"href":"https:\/\/santapola.es\/ca\/wp-json\/wp\/v2\/users\/96"}],"replies":[{"embeddable":true,"href":"https:\/\/santapola.es\/ca\/wp-json\/wp\/v2\/comments?post=22804"}],"version-history":[{"count":0,"href":"https:\/\/santapola.es\/ca\/wp-json\/wp\/v2\/posts\/22804\/revisions"}],"wp:featuredmedia":[{"embeddable":true,"href":"https:\/\/santapola.es\/ca\/wp-json\/wp\/v2\/media\/22805"}],"wp:attachment":[{"href":"https:\/\/santapola.es\/ca\/wp-json\/wp\/v2\/media?parent=22804"}],"wp:term":[{"taxonomy":"category","embeddable":true,"href":"https:\/\/santapola.es\/ca\/wp-json\/wp\/v2\/categories?post=22804"},{"taxonomy":"post_tag","embeddable":true,"href":"https:\/\/santapola.es\/ca\/wp-json\/wp\/v2\/tags?post=22804"}],"curies":[{"name":"wp","href":"https:\/\/api.w.org\/{rel}","templated":true}]}}