{"id":22789,"date":"2023-11-21T17:29:21","date_gmt":"2023-11-21T16:29:21","guid":{"rendered":"https:\/\/www.desarrollo.santapola.es\/?p=22789"},"modified":"2024-03-07T18:42:21","modified_gmt":"2024-03-07T17:42:21","slug":"deportes-espera-recuperar-la-proxima-semana-el-agua-caliente-en-el-pabellon-lara-gonzalez","status":"publish","type":"post","link":"https:\/\/santapola.es\/ca\/deportes-espera-recuperar-la-proxima-semana-el-agua-caliente-en-el-pabellon-lara-gonzalez\/","title":{"rendered":"Deportes espera recuperar la pr\u00f3xima semana el agua caliente en el pabell\u00f3n Lara Gonz\u00e1lez"},"content":{"rendered":"<p><strong>La rotura de la caldera ha provocado que la instalaci\u00f3n municipal no cuente con agua caliente en las duchas y se espera tener el nuevo acumulador en el plazo de una semana.<\/strong><\/p>\n<p>La concejal\u00eda de Deportes informa que el pabell\u00f3n de deportes municipal Lara Gonz\u00e1lez no dispone de agua caliente debido a una aver\u00eda sufrida en la caldera.<\/p>\n<p>El edil del \u00e1rea, \u00c1ngel Piedecausa, ha explicado que \u201cha sido una aver\u00eda importante que ha dejado inutilizada la caldera de agua caliente y tuvimos que iniciar el proceso administrativo para contratar las obras de reparaci\u00f3n y sustituir el acumulador.<\/p>\n<p>A partir de que se adjudic\u00f3 el contrato el 26 de octubre por importe de casi 18.000 euros, la empresa encarg\u00f3 la fabricaci\u00f3n del acumulador y est\u00e1 a la espera de recibirlo en los pr\u00f3ximos d\u00edas, la previsi\u00f3n es que en el plazo aproximado de una semana se podr\u00e1 instalar y volver a la normalidad.<\/p>\n<p>Pedimos disculpas a los usuarios del pabell\u00f3n por las molestias, pero en esta situaci\u00f3n hemos procurado darle la m\u00e1xima prioridad para que el problema est\u00e9 solucionado en el menor plazo de tiempo posible\u201d.<\/p>\n","protected":false},"excerpt":{"rendered":"<p>La rotura de la caldera ha provocado que la instalaci\u00f3n municipal no cuente con agua caliente en las duchas y se espera tener el nuevo acumulador en el plazo de una semana. La concejal\u00eda de Deportes informa que el pabell\u00f3n de deportes municipal Lara Gonz\u00e1lez no dispone de agua caliente debido a una aver\u00eda sufrida [&hellip;]<\/p>\n","protected":false},"author":96,"featured_media":22790,"comment_status":"closed","ping_status":"closed","sticky":false,"template":"","format":"standard","meta":{"_et_pb_use_builder":"","_et_pb_old_content":"","_et_gb_content_width":"","footnotes":""},"categories":[59,66],"tags":[145,330],"class_list":["post-22789","post","type-post","status-publish","format-standard","has-post-thumbnail","hentry","category-deportes","category-inicio","tag-angel-piedecausa","tag-pabellon-lara-gonzalez"],"yoast_head":"<!-- This site is optimized with the Yoast SEO plugin v27.4 - https:\/\/yoast.com\/product\/yoast-seo-wordpress\/ -->\n<title>Deportes espera recuperar la pr\u00f3xima semana el agua caliente en el pabell\u00f3n Lara Gonz\u00e1lez - Ajuntament de Santa Pola<\/title>\n<meta name=\"robots\" content=\"index, follow, max-snippet:-1, max-image-preview:large, max-video-preview:-1\" \/>\n<link rel=\"canonical\" href=\"https:\/\/santapola.es\/ca\/deportes-espera-recuperar-la-proxima-semana-el-agua-caliente-en-el-pabellon-lara-gonzalez\/\" \/>\n<meta property=\"og:locale\" content=\"ca_ES\" \/>\n<meta property=\"og:type\" content=\"article\" \/>\n<meta property=\"og:title\" content=\"Deportes espera recuperar la pr\u00f3xima semana el agua caliente en el pabell\u00f3n Lara Gonz\u00e1lez - Ajuntament de Santa Pola\" \/>\n<meta property=\"og:description\" content=\"La rotura de la caldera ha provocado que la instalaci\u00f3n municipal no cuente con agua caliente en las duchas y se espera tener el nuevo acumulador en el plazo de una semana. La concejal\u00eda de Deportes informa que el pabell\u00f3n de deportes municipal Lara Gonz\u00e1lez no dispone de agua caliente debido a una aver\u00eda sufrida [&hellip;]\" \/>\n<meta property=\"og:url\" content=\"https:\/\/santapola.es\/ca\/deportes-espera-recuperar-la-proxima-semana-el-agua-caliente-en-el-pabellon-lara-gonzalez\/\" \/>\n<meta property=\"og:site_name\" content=\"Ajuntament de Santa Pola\" \/>\n<meta property=\"article:publisher\" content=\"https:\/\/www.facebook.com\/AyuntamientoSantaPola\/\" \/>\n<meta property=\"article:published_time\" content=\"2023-11-21T16:29:21+00:00\" \/>\n<meta property=\"article:modified_time\" content=\"2024-03-07T17:42:21+00:00\" \/>\n<meta property=\"og:image\" content=\"https:\/\/santapola.es\/wp-content\/uploads\/2023\/12\/pabellon-Lara-Gonzalez.jpeg\" \/>\n\t<meta property=\"og:image:width\" content=\"1600\" \/>\n\t<meta property=\"og:image:height\" content=\"1066\" \/>\n\t<meta property=\"og:image:type\" content=\"image\/jpeg\" \/>\n<meta name=\"author\" content=\"Jos\u00e9 Juan L\u00f3pez Lafuente\" \/>\n<meta name=\"twitter:card\" content=\"summary_large_image\" \/>\n<meta name=\"twitter:creator\" content=\"@SantaPolaAyunt\" \/>\n<meta name=\"twitter:site\" content=\"@SantaPolaAyunt\" \/>\n<script type=\"application\/ld+json\" class=\"yoast-schema-graph\">{\"@context\":\"https:\\\/\\\/schema.org\",\"@graph\":[{\"@type\":\"Article\",\"@id\":\"https:\\\/\\\/santapola.es\\\/ca\\\/deportes-espera-recuperar-la-proxima-semana-el-agua-caliente-en-el-pabellon-lara-gonzalez\\\/#article\",\"isPartOf\":{\"@id\":\"https:\\\/\\\/santapola.es\\\/ca\\\/deportes-espera-recuperar-la-proxima-semana-el-agua-caliente-en-el-pabellon-lara-gonzalez\\\/\"},\"author\":{\"name\":\"Jos\u00e9 Juan L\u00f3pez Lafuente\",\"@id\":\"https:\\\/\\\/santapola.es\\\/ca\\\/#\\\/schema\\\/person\\\/ad1d67403707b58350c7be5e8dbc442d\"},\"headline\":\"Deportes espera recuperar la pr\u00f3xima semana el agua caliente en el pabell\u00f3n Lara Gonz\u00e1lez\",\"datePublished\":\"2023-11-21T16:29:21+00:00\",\"dateModified\":\"2024-03-07T17:42:21+00:00\",\"mainEntityOfPage\":{\"@id\":\"https:\\\/\\\/santapola.es\\\/ca\\\/deportes-espera-recuperar-la-proxima-semana-el-agua-caliente-en-el-pabellon-lara-gonzalez\\\/\"},\"wordCount\":215,\"image\":{\"@id\":\"https:\\\/\\\/santapola.es\\\/ca\\\/deportes-espera-recuperar-la-proxima-semana-el-agua-caliente-en-el-pabellon-lara-gonzalez\\\/#primaryimage\"},\"thumbnailUrl\":\"https:\\\/\\\/santapola.es\\\/wp-content\\\/uploads\\\/2023\\\/12\\\/pabellon-Lara-Gonzalez.jpeg\",\"keywords\":[\"\u00c1ngel Piedecausa\",\"Pabell\u00f3n Lara Gonz\u00e1lez\"],\"articleSection\":[\"Deportes\",\"Inicio\"],\"inLanguage\":\"ca\"},{\"@type\":\"WebPage\",\"@id\":\"https:\\\/\\\/santapola.es\\\/ca\\\/deportes-espera-recuperar-la-proxima-semana-el-agua-caliente-en-el-pabellon-lara-gonzalez\\\/\",\"url\":\"https:\\\/\\\/santapola.es\\\/ca\\\/deportes-espera-recuperar-la-proxima-semana-el-agua-caliente-en-el-pabellon-lara-gonzalez\\\/\",\"name\":\"Deportes espera recuperar la pr\u00f3xima semana el agua caliente en el pabell\u00f3n Lara Gonz\u00e1lez - Ajuntament de Santa Pola\",\"isPartOf\":{\"@id\":\"https:\\\/\\\/santapola.es\\\/ca\\\/#website\"},\"primaryImageOfPage\":{\"@id\":\"https:\\\/\\\/santapola.es\\\/ca\\\/deportes-espera-recuperar-la-proxima-semana-el-agua-caliente-en-el-pabellon-lara-gonzalez\\\/#primaryimage\"},\"image\":{\"@id\":\"https:\\\/\\\/santapola.es\\\/ca\\\/deportes-espera-recuperar-la-proxima-semana-el-agua-caliente-en-el-pabellon-lara-gonzalez\\\/#primaryimage\"},\"thumbnailUrl\":\"https:\\\/\\\/santapola.es\\\/wp-content\\\/uploads\\\/2023\\\/12\\\/pabellon-Lara-Gonzalez.jpeg\",\"datePublished\":\"2023-11-21T16:29:21+00:00\",\"dateModified\":\"2024-03-07T17:42:21+00:00\",\"author\":{\"@id\":\"https:\\\/\\\/santapola.es\\\/ca\\\/#\\\/schema\\\/person\\\/ad1d67403707b58350c7be5e8dbc442d\"},\"breadcrumb\":{\"@id\":\"https:\\\/\\\/santapola.es\\\/ca\\\/deportes-espera-recuperar-la-proxima-semana-el-agua-caliente-en-el-pabellon-lara-gonzalez\\\/#breadcrumb\"},\"inLanguage\":\"ca\",\"potentialAction\":[{\"@type\":\"ReadAction\",\"target\":[\"https:\\\/\\\/santapola.es\\\/ca\\\/deportes-espera-recuperar-la-proxima-semana-el-agua-caliente-en-el-pabellon-lara-gonzalez\\\/\"]}]},{\"@type\":\"ImageObject\",\"inLanguage\":\"ca\",\"@id\":\"https:\\\/\\\/santapola.es\\\/ca\\\/deportes-espera-recuperar-la-proxima-semana-el-agua-caliente-en-el-pabellon-lara-gonzalez\\\/#primaryimage\",\"url\":\"https:\\\/\\\/santapola.es\\\/wp-content\\\/uploads\\\/2023\\\/12\\\/pabellon-Lara-Gonzalez.jpeg\",\"contentUrl\":\"https:\\\/\\\/santapola.es\\\/wp-content\\\/uploads\\\/2023\\\/12\\\/pabellon-Lara-Gonzalez.jpeg\",\"width\":1600,\"height\":1066},{\"@type\":\"BreadcrumbList\",\"@id\":\"https:\\\/\\\/santapola.es\\\/ca\\\/deportes-espera-recuperar-la-proxima-semana-el-agua-caliente-en-el-pabellon-lara-gonzalez\\\/#breadcrumb\",\"itemListElement\":[{\"@type\":\"ListItem\",\"position\":1,\"name\":\"Inici\",\"item\":\"https:\\\/\\\/santapola.es\\\/ca\\\/\"},{\"@type\":\"ListItem\",\"position\":2,\"name\":\"Deportes espera recuperar la pr\u00f3xima semana el agua caliente en el pabell\u00f3n Lara Gonz\u00e1lez\"}]},{\"@type\":\"WebSite\",\"@id\":\"https:\\\/\\\/santapola.es\\\/ca\\\/#website\",\"url\":\"https:\\\/\\\/santapola.es\\\/ca\\\/\",\"name\":\"Ayuntamiento de Santa Pola\",\"description\":\"Web de l'Ajuntament de Santa Pola\",\"potentialAction\":[{\"@type\":\"SearchAction\",\"target\":{\"@type\":\"EntryPoint\",\"urlTemplate\":\"https:\\\/\\\/santapola.es\\\/ca\\\/?s={search_term_string}\"},\"query-input\":{\"@type\":\"PropertyValueSpecification\",\"valueRequired\":true,\"valueName\":\"search_term_string\"}}],\"inLanguage\":\"ca\"},{\"@type\":\"Person\",\"@id\":\"https:\\\/\\\/santapola.es\\\/ca\\\/#\\\/schema\\\/person\\\/ad1d67403707b58350c7be5e8dbc442d\",\"name\":\"Jos\u00e9 Juan L\u00f3pez Lafuente\"}]}<\/script>\n<!-- \/ Yoast SEO plugin. -->","yoast_head_json":{"title":"Deportes espera recuperar la pr\u00f3xima semana el agua caliente en el pabell\u00f3n Lara Gonz\u00e1lez - Ajuntament de Santa Pola","robots":{"index":"index","follow":"follow","max-snippet":"max-snippet:-1","max-image-preview":"max-image-preview:large","max-video-preview":"max-video-preview:-1"},"canonical":"https:\/\/santapola.es\/ca\/deportes-espera-recuperar-la-proxima-semana-el-agua-caliente-en-el-pabellon-lara-gonzalez\/","og_locale":"ca_ES","og_type":"article","og_title":"Deportes espera recuperar la pr\u00f3xima semana el agua caliente en el pabell\u00f3n Lara Gonz\u00e1lez - Ajuntament de Santa Pola","og_description":"La rotura de la caldera ha provocado que la instalaci\u00f3n municipal no cuente con agua caliente en las duchas y se espera tener el nuevo acumulador en el plazo de una semana. La concejal\u00eda de Deportes informa que el pabell\u00f3n de deportes municipal Lara Gonz\u00e1lez no dispone de agua caliente debido a una aver\u00eda sufrida [&hellip;]","og_url":"https:\/\/santapola.es\/ca\/deportes-espera-recuperar-la-proxima-semana-el-agua-caliente-en-el-pabellon-lara-gonzalez\/","og_site_name":"Ajuntament de Santa Pola","article_publisher":"https:\/\/www.facebook.com\/AyuntamientoSantaPola\/","article_published_time":"2023-11-21T16:29:21+00:00","article_modified_time":"2024-03-07T17:42:21+00:00","og_image":[{"width":1600,"height":1066,"url":"https:\/\/santapola.es\/wp-content\/uploads\/2023\/12\/pabellon-Lara-Gonzalez.jpeg","type":"image\/jpeg"}],"author":"Jos\u00e9 Juan L\u00f3pez Lafuente","twitter_card":"summary_large_image","twitter_creator":"@SantaPolaAyunt","twitter_site":"@SantaPolaAyunt","schema":{"@context":"https:\/\/schema.org","@graph":[{"@type":"Article","@id":"https:\/\/santapola.es\/ca\/deportes-espera-recuperar-la-proxima-semana-el-agua-caliente-en-el-pabellon-lara-gonzalez\/#article","isPartOf":{"@id":"https:\/\/santapola.es\/ca\/deportes-espera-recuperar-la-proxima-semana-el-agua-caliente-en-el-pabellon-lara-gonzalez\/"},"author":{"name":"Jos\u00e9 Juan L\u00f3pez Lafuente","@id":"https:\/\/santapola.es\/ca\/#\/schema\/person\/ad1d67403707b58350c7be5e8dbc442d"},"headline":"Deportes espera recuperar la pr\u00f3xima semana el agua caliente en el pabell\u00f3n Lara Gonz\u00e1lez","datePublished":"2023-11-21T16:29:21+00:00","dateModified":"2024-03-07T17:42:21+00:00","mainEntityOfPage":{"@id":"https:\/\/santapola.es\/ca\/deportes-espera-recuperar-la-proxima-semana-el-agua-caliente-en-el-pabellon-lara-gonzalez\/"},"wordCount":215,"image":{"@id":"https:\/\/santapola.es\/ca\/deportes-espera-recuperar-la-proxima-semana-el-agua-caliente-en-el-pabellon-lara-gonzalez\/#primaryimage"},"thumbnailUrl":"https:\/\/santapola.es\/wp-content\/uploads\/2023\/12\/pabellon-Lara-Gonzalez.jpeg","keywords":["\u00c1ngel Piedecausa","Pabell\u00f3n Lara Gonz\u00e1lez"],"articleSection":["Deportes","Inicio"],"inLanguage":"ca"},{"@type":"WebPage","@id":"https:\/\/santapola.es\/ca\/deportes-espera-recuperar-la-proxima-semana-el-agua-caliente-en-el-pabellon-lara-gonzalez\/","url":"https:\/\/santapola.es\/ca\/deportes-espera-recuperar-la-proxima-semana-el-agua-caliente-en-el-pabellon-lara-gonzalez\/","name":"Deportes espera recuperar la pr\u00f3xima semana el agua caliente en el pabell\u00f3n Lara Gonz\u00e1lez - Ajuntament de Santa Pola","isPartOf":{"@id":"https:\/\/santapola.es\/ca\/#website"},"primaryImageOfPage":{"@id":"https:\/\/santapola.es\/ca\/deportes-espera-recuperar-la-proxima-semana-el-agua-caliente-en-el-pabellon-lara-gonzalez\/#primaryimage"},"image":{"@id":"https:\/\/santapola.es\/ca\/deportes-espera-recuperar-la-proxima-semana-el-agua-caliente-en-el-pabellon-lara-gonzalez\/#primaryimage"},"thumbnailUrl":"https:\/\/santapola.es\/wp-content\/uploads\/2023\/12\/pabellon-Lara-Gonzalez.jpeg","datePublished":"2023-11-21T16:29:21+00:00","dateModified":"2024-03-07T17:42:21+00:00","author":{"@id":"https:\/\/santapola.es\/ca\/#\/schema\/person\/ad1d67403707b58350c7be5e8dbc442d"},"breadcrumb":{"@id":"https:\/\/santapola.es\/ca\/deportes-espera-recuperar-la-proxima-semana-el-agua-caliente-en-el-pabellon-lara-gonzalez\/#breadcrumb"},"inLanguage":"ca","potentialAction":[{"@type":"ReadAction","target":["https:\/\/santapola.es\/ca\/deportes-espera-recuperar-la-proxima-semana-el-agua-caliente-en-el-pabellon-lara-gonzalez\/"]}]},{"@type":"ImageObject","inLanguage":"ca","@id":"https:\/\/santapola.es\/ca\/deportes-espera-recuperar-la-proxima-semana-el-agua-caliente-en-el-pabellon-lara-gonzalez\/#primaryimage","url":"https:\/\/santapola.es\/wp-content\/uploads\/2023\/12\/pabellon-Lara-Gonzalez.jpeg","contentUrl":"https:\/\/santapola.es\/wp-content\/uploads\/2023\/12\/pabellon-Lara-Gonzalez.jpeg","width":1600,"height":1066},{"@type":"BreadcrumbList","@id":"https:\/\/santapola.es\/ca\/deportes-espera-recuperar-la-proxima-semana-el-agua-caliente-en-el-pabellon-lara-gonzalez\/#breadcrumb","itemListElement":[{"@type":"ListItem","position":1,"name":"Inici","item":"https:\/\/santapola.es\/ca\/"},{"@type":"ListItem","position":2,"name":"Deportes espera recuperar la pr\u00f3xima semana el agua caliente en el pabell\u00f3n Lara Gonz\u00e1lez"}]},{"@type":"WebSite","@id":"https:\/\/santapola.es\/ca\/#website","url":"https:\/\/santapola.es\/ca\/","name":"Ayuntamiento de Santa Pola","description":"Web de l'Ajuntament de Santa Pola","potentialAction":[{"@type":"SearchAction","target":{"@type":"EntryPoint","urlTemplate":"https:\/\/santapola.es\/ca\/?s={search_term_string}"},"query-input":{"@type":"PropertyValueSpecification","valueRequired":true,"valueName":"search_term_string"}}],"inLanguage":"ca"},{"@type":"Person","@id":"https:\/\/santapola.es\/ca\/#\/schema\/person\/ad1d67403707b58350c7be5e8dbc442d","name":"Jos\u00e9 Juan L\u00f3pez Lafuente"}]}},"_links":{"self":[{"href":"https:\/\/santapola.es\/ca\/wp-json\/wp\/v2\/posts\/22789","targetHints":{"allow":["GET"]}}],"collection":[{"href":"https:\/\/santapola.es\/ca\/wp-json\/wp\/v2\/posts"}],"about":[{"href":"https:\/\/santapola.es\/ca\/wp-json\/wp\/v2\/types\/post"}],"author":[{"embeddable":true,"href":"https:\/\/santapola.es\/ca\/wp-json\/wp\/v2\/users\/96"}],"replies":[{"embeddable":true,"href":"https:\/\/santapola.es\/ca\/wp-json\/wp\/v2\/comments?post=22789"}],"version-history":[{"count":0,"href":"https:\/\/santapola.es\/ca\/wp-json\/wp\/v2\/posts\/22789\/revisions"}],"wp:featuredmedia":[{"embeddable":true,"href":"https:\/\/santapola.es\/ca\/wp-json\/wp\/v2\/media\/22790"}],"wp:attachment":[{"href":"https:\/\/santapola.es\/ca\/wp-json\/wp\/v2\/media?parent=22789"}],"wp:term":[{"taxonomy":"category","embeddable":true,"href":"https:\/\/santapola.es\/ca\/wp-json\/wp\/v2\/categories?post=22789"},{"taxonomy":"post_tag","embeddable":true,"href":"https:\/\/santapola.es\/ca\/wp-json\/wp\/v2\/tags?post=22789"}],"curies":[{"name":"wp","href":"https:\/\/api.w.org\/{rel}","templated":true}]}}