{"id":22740,"date":"2023-11-10T13:51:39","date_gmt":"2023-11-10T12:51:39","guid":{"rendered":"https:\/\/www.desarrollo.santapola.es\/?p=22740"},"modified":"2024-03-07T18:42:16","modified_gmt":"2024-03-07T17:42:16","slug":"el-diccionari-santapoler-de-toni-mas-recopila-en-un-gran-trabajo-los-localismos-de-nuestra-lengua","status":"publish","type":"post","link":"https:\/\/santapola.es\/ca\/el-diccionari-santapoler-de-toni-mas-recopila-en-un-gran-trabajo-los-localismos-de-nuestra-lengua\/","title":{"rendered":"El \u201cDiccionari santapoler\u201d de Toni Mas recopila en un gran trabajo los localismos de nuestra lengua"},"content":{"rendered":"<p><b>Anoche se present\u00f3 en la Biblioteca Central el libro \u201cDiccionari santapoler\u201d de Antoni Mas i Miralles, editado por el Ayuntamiento de Santa Pola con el patrocinio de la Diputaci\u00f3n de Alicante dentro de la colecci\u00f3n \u201cQuaderns de Santa Pola\u201d.<\/b><\/p>\n<p><span style=\"font-weight: 400\">3.500 entradas y 500 acepciones, en total cuatro mil definiciones de palabras que forman parte de nuestra particular lengua local. El trabajo recopilado durante a\u00f1os por el fil\u00f3logo Antoni Mas i Miralles vio la luz anoche en el acto de presentaci\u00f3n celebrado en la Biblioteca Central junto a la concejal de Cultura, Nely Baile, a la que acudi\u00f3 un nutrido grupo de personas que abarrotaron el aforo.<\/span><\/p>\n<p><span style=\"font-weight: 400\">Toni Mas, que fue presentado por el archivero municipal Rafael Pla, lo defini\u00f3 como un \u201cdiccionario de uso\u201d m\u00e1s que normativo, que recoge adem\u00e1s m\u00e1s de 250 fotograf\u00edas y diez l\u00e1minas explicativas, lo que le da un car\u00e1cter muy visual.\u00a0<\/span><\/p>\n<p><span style=\"font-weight: 400\">Seg\u00fan explica el autor, \u201cnuestro objetivo en esta obra es recoger el m\u00e1ximo n\u00famero posible de palabras que tienen, seg\u00fan nuestro criterio, un inter\u00e9s l\u00e9xico, aunque somos plenamente conscientes de que esta recopilaci\u00f3n es un inventario claramente incompleto, pero esperamos que, con la colaboraci\u00f3n de todos, podamos en un futuro pr\u00f3ximo ampliar este listado de localismos santapoleros\u201d.<\/span><\/p>\n<p><span style=\"font-weight: 400\">La obra es el n\u00famero 6 de la colecci\u00f3n \u201cQuaderns de Santa Pola\u201d que edita el Ayuntamiento y que ha contado con la subvenci\u00f3n de la Diputaci\u00f3n Provincial de Alicante. Los interesados en guardar en sus estanter\u00edas este libro lo pueden recoger gratuitamente en la Biblioteca Central.<\/span><\/p>\n<p><span style=\"font-weight: 400\">Sus 272 p\u00e1ginas se dividen en 3 cap\u00edtulos. El primero introductorio explica el l\u00e9xico valenciano en Santa Pola, su variedad dialectal y normas de uso. El segundo es el diccionario propiamente dicho y el tercero es un diccionario ideol\u00f3gico recopilados en diversos temas como la geograf\u00eda local, fauna, plantas, nombres referidos a las personas y un \u00faltimo apartado sobre el mundo marinero.<\/span><\/p>\n<p><span style=\"font-weight: 400\">La concejal de Cultura, Nely Baile, destac\u00f3 \u201cel esfuerzo que hay detr\u00e1s de estas casi trescientas p\u00e1ginas, un trabajo de a\u00f1os de recopilaci\u00f3n paciente que solo pod\u00eda abordarse por alguien con la brillante trayectoria acad\u00e9mica y de investigaci\u00f3n de Antoni Mas, pero tambi\u00e9n con la pasi\u00f3n y el entusiasmo por nuestro pueblo que siempre ha demostrado\u201d.<\/span><\/p>\n<p><span style=\"font-weight: 400\">Antoni Mas i Miralles es licenciado en Filolog\u00eda Hisp\u00e1nica y doctor en Filolog\u00eda Catalana. Fue profesor de secundaria hasta 1999 y posteriormente profesor titular de la Universidad de Alicante, donde ocup\u00f3 el cargo de director del Instituto Interuniversitario de Filolog\u00eda Valenciana entre 2015 y 2023. Es autor de casi un centenar de publicaciones cient\u00edficas entre libros, ediciones, cap\u00edtulos y art\u00edculos, destacando sus trabajos sobre Santa Pola como \u201cTopon\u00edmia de Santa Pola\u201d o \u201cLa segragaci\u00f3 de Santa Pola del terme municipal d\u2019Elx\u201d, entre otros.<\/span><\/p>\n","protected":false},"excerpt":{"rendered":"<p>Anoche se present\u00f3 en la Biblioteca Central el libro \u201cDiccionari santapoler\u201d de Antoni Mas i Miralles, editado por el Ayuntamiento de Santa Pola con el patrocinio de la Diputaci\u00f3n de Alicante dentro de la colecci\u00f3n \u201cQuaderns de Santa Pola\u201d. 3.500 entradas y 500 acepciones, en total cuatro mil definiciones de palabras que forman parte de [&hellip;]<\/p>\n","protected":false},"author":96,"featured_media":22741,"comment_status":"closed","ping_status":"closed","sticky":false,"template":"","format":"standard","meta":{"_et_pb_use_builder":"","_et_pb_old_content":"","_et_gb_content_width":"","footnotes":""},"categories":[96,66],"tags":[311,312,313,177],"class_list":["post-22740","post","type-post","status-publish","format-standard","has-post-thumbnail","hentry","category-cultura","category-inicio","tag-antoni-mas-i-miralles","tag-biblioteca-central","tag-diccionari-santapoler","tag-nely-baile"],"yoast_head":"<!-- This site is optimized with the Yoast SEO plugin v27.4 - https:\/\/yoast.com\/product\/yoast-seo-wordpress\/ -->\n<title>El \u201cDiccionari santapoler\u201d de Toni Mas recopila en un gran trabajo los localismos de nuestra lengua - Ajuntament de Santa Pola<\/title>\n<meta name=\"robots\" content=\"index, follow, max-snippet:-1, max-image-preview:large, max-video-preview:-1\" \/>\n<link rel=\"canonical\" href=\"https:\/\/santapola.es\/ca\/el-diccionari-santapoler-de-toni-mas-recopila-en-un-gran-trabajo-los-localismos-de-nuestra-lengua\/\" \/>\n<meta property=\"og:locale\" content=\"ca_ES\" \/>\n<meta property=\"og:type\" content=\"article\" \/>\n<meta property=\"og:title\" content=\"El \u201cDiccionari santapoler\u201d de Toni Mas recopila en un gran trabajo los localismos de nuestra lengua - Ajuntament de Santa Pola\" \/>\n<meta property=\"og:description\" content=\"Anoche se present\u00f3 en la Biblioteca Central el libro \u201cDiccionari santapoler\u201d de Antoni Mas i Miralles, editado por el Ayuntamiento de Santa Pola con el patrocinio de la Diputaci\u00f3n de Alicante dentro de la colecci\u00f3n \u201cQuaderns de Santa Pola\u201d. 3.500 entradas y 500 acepciones, en total cuatro mil definiciones de palabras que forman parte de [&hellip;]\" \/>\n<meta property=\"og:url\" content=\"https:\/\/santapola.es\/ca\/el-diccionari-santapoler-de-toni-mas-recopila-en-un-gran-trabajo-los-localismos-de-nuestra-lengua\/\" \/>\n<meta property=\"og:site_name\" content=\"Ajuntament de Santa Pola\" \/>\n<meta property=\"article:publisher\" content=\"https:\/\/www.facebook.com\/AyuntamientoSantaPola\/\" \/>\n<meta property=\"article:published_time\" content=\"2023-11-10T12:51:39+00:00\" \/>\n<meta property=\"article:modified_time\" content=\"2024-03-07T17:42:16+00:00\" \/>\n<meta property=\"og:image\" content=\"https:\/\/santapola.es\/wp-content\/uploads\/2023\/12\/2023-11-10-diccionari-santapoler.jpeg\" \/>\n\t<meta property=\"og:image:width\" content=\"1600\" \/>\n\t<meta property=\"og:image:height\" content=\"1026\" \/>\n\t<meta property=\"og:image:type\" content=\"image\/jpeg\" \/>\n<meta name=\"author\" content=\"Jos\u00e9 Juan L\u00f3pez Lafuente\" \/>\n<meta name=\"twitter:card\" content=\"summary_large_image\" \/>\n<meta name=\"twitter:creator\" content=\"@SantaPolaAyunt\" \/>\n<meta name=\"twitter:site\" content=\"@SantaPolaAyunt\" \/>\n<script type=\"application\/ld+json\" class=\"yoast-schema-graph\">{\"@context\":\"https:\\\/\\\/schema.org\",\"@graph\":[{\"@type\":\"Article\",\"@id\":\"https:\\\/\\\/santapola.es\\\/ca\\\/el-diccionari-santapoler-de-toni-mas-recopila-en-un-gran-trabajo-los-localismos-de-nuestra-lengua\\\/#article\",\"isPartOf\":{\"@id\":\"https:\\\/\\\/santapola.es\\\/ca\\\/el-diccionari-santapoler-de-toni-mas-recopila-en-un-gran-trabajo-los-localismos-de-nuestra-lengua\\\/\"},\"author\":{\"name\":\"Jos\u00e9 Juan L\u00f3pez Lafuente\",\"@id\":\"https:\\\/\\\/santapola.es\\\/ca\\\/#\\\/schema\\\/person\\\/ad1d67403707b58350c7be5e8dbc442d\"},\"headline\":\"El \u201cDiccionari santapoler\u201d de Toni Mas recopila en un gran trabajo los localismos de nuestra lengua\",\"datePublished\":\"2023-11-10T12:51:39+00:00\",\"dateModified\":\"2024-03-07T17:42:16+00:00\",\"mainEntityOfPage\":{\"@id\":\"https:\\\/\\\/santapola.es\\\/ca\\\/el-diccionari-santapoler-de-toni-mas-recopila-en-un-gran-trabajo-los-localismos-de-nuestra-lengua\\\/\"},\"wordCount\":506,\"image\":{\"@id\":\"https:\\\/\\\/santapola.es\\\/ca\\\/el-diccionari-santapoler-de-toni-mas-recopila-en-un-gran-trabajo-los-localismos-de-nuestra-lengua\\\/#primaryimage\"},\"thumbnailUrl\":\"https:\\\/\\\/santapola.es\\\/wp-content\\\/uploads\\\/2023\\\/12\\\/2023-11-10-diccionari-santapoler.jpeg\",\"keywords\":[\"Antoni Mas i Miralles\",\"Biblioteca Central\",\"Diccionari Santapoler\",\"Nely Baile\"],\"articleSection\":[\"Cultura\",\"Inicio\"],\"inLanguage\":\"ca\"},{\"@type\":\"WebPage\",\"@id\":\"https:\\\/\\\/santapola.es\\\/ca\\\/el-diccionari-santapoler-de-toni-mas-recopila-en-un-gran-trabajo-los-localismos-de-nuestra-lengua\\\/\",\"url\":\"https:\\\/\\\/santapola.es\\\/ca\\\/el-diccionari-santapoler-de-toni-mas-recopila-en-un-gran-trabajo-los-localismos-de-nuestra-lengua\\\/\",\"name\":\"El \u201cDiccionari santapoler\u201d de Toni Mas recopila en un gran trabajo los localismos de nuestra lengua - Ajuntament de Santa Pola\",\"isPartOf\":{\"@id\":\"https:\\\/\\\/santapola.es\\\/ca\\\/#website\"},\"primaryImageOfPage\":{\"@id\":\"https:\\\/\\\/santapola.es\\\/ca\\\/el-diccionari-santapoler-de-toni-mas-recopila-en-un-gran-trabajo-los-localismos-de-nuestra-lengua\\\/#primaryimage\"},\"image\":{\"@id\":\"https:\\\/\\\/santapola.es\\\/ca\\\/el-diccionari-santapoler-de-toni-mas-recopila-en-un-gran-trabajo-los-localismos-de-nuestra-lengua\\\/#primaryimage\"},\"thumbnailUrl\":\"https:\\\/\\\/santapola.es\\\/wp-content\\\/uploads\\\/2023\\\/12\\\/2023-11-10-diccionari-santapoler.jpeg\",\"datePublished\":\"2023-11-10T12:51:39+00:00\",\"dateModified\":\"2024-03-07T17:42:16+00:00\",\"author\":{\"@id\":\"https:\\\/\\\/santapola.es\\\/ca\\\/#\\\/schema\\\/person\\\/ad1d67403707b58350c7be5e8dbc442d\"},\"breadcrumb\":{\"@id\":\"https:\\\/\\\/santapola.es\\\/ca\\\/el-diccionari-santapoler-de-toni-mas-recopila-en-un-gran-trabajo-los-localismos-de-nuestra-lengua\\\/#breadcrumb\"},\"inLanguage\":\"ca\",\"potentialAction\":[{\"@type\":\"ReadAction\",\"target\":[\"https:\\\/\\\/santapola.es\\\/ca\\\/el-diccionari-santapoler-de-toni-mas-recopila-en-un-gran-trabajo-los-localismos-de-nuestra-lengua\\\/\"]}]},{\"@type\":\"ImageObject\",\"inLanguage\":\"ca\",\"@id\":\"https:\\\/\\\/santapola.es\\\/ca\\\/el-diccionari-santapoler-de-toni-mas-recopila-en-un-gran-trabajo-los-localismos-de-nuestra-lengua\\\/#primaryimage\",\"url\":\"https:\\\/\\\/santapola.es\\\/wp-content\\\/uploads\\\/2023\\\/12\\\/2023-11-10-diccionari-santapoler.jpeg\",\"contentUrl\":\"https:\\\/\\\/santapola.es\\\/wp-content\\\/uploads\\\/2023\\\/12\\\/2023-11-10-diccionari-santapoler.jpeg\",\"width\":1600,\"height\":1026},{\"@type\":\"BreadcrumbList\",\"@id\":\"https:\\\/\\\/santapola.es\\\/ca\\\/el-diccionari-santapoler-de-toni-mas-recopila-en-un-gran-trabajo-los-localismos-de-nuestra-lengua\\\/#breadcrumb\",\"itemListElement\":[{\"@type\":\"ListItem\",\"position\":1,\"name\":\"Inici\",\"item\":\"https:\\\/\\\/santapola.es\\\/ca\\\/\"},{\"@type\":\"ListItem\",\"position\":2,\"name\":\"El \u201cDiccionari santapoler\u201d de Toni Mas recopila en un gran trabajo los localismos de nuestra lengua\"}]},{\"@type\":\"WebSite\",\"@id\":\"https:\\\/\\\/santapola.es\\\/ca\\\/#website\",\"url\":\"https:\\\/\\\/santapola.es\\\/ca\\\/\",\"name\":\"Ayuntamiento de Santa Pola\",\"description\":\"Web de l'Ajuntament de Santa Pola\",\"potentialAction\":[{\"@type\":\"SearchAction\",\"target\":{\"@type\":\"EntryPoint\",\"urlTemplate\":\"https:\\\/\\\/santapola.es\\\/ca\\\/?s={search_term_string}\"},\"query-input\":{\"@type\":\"PropertyValueSpecification\",\"valueRequired\":true,\"valueName\":\"search_term_string\"}}],\"inLanguage\":\"ca\"},{\"@type\":\"Person\",\"@id\":\"https:\\\/\\\/santapola.es\\\/ca\\\/#\\\/schema\\\/person\\\/ad1d67403707b58350c7be5e8dbc442d\",\"name\":\"Jos\u00e9 Juan L\u00f3pez Lafuente\"}]}<\/script>\n<!-- \/ Yoast SEO plugin. -->","yoast_head_json":{"title":"El \u201cDiccionari santapoler\u201d de Toni Mas recopila en un gran trabajo los localismos de nuestra lengua - Ajuntament de Santa Pola","robots":{"index":"index","follow":"follow","max-snippet":"max-snippet:-1","max-image-preview":"max-image-preview:large","max-video-preview":"max-video-preview:-1"},"canonical":"https:\/\/santapola.es\/ca\/el-diccionari-santapoler-de-toni-mas-recopila-en-un-gran-trabajo-los-localismos-de-nuestra-lengua\/","og_locale":"ca_ES","og_type":"article","og_title":"El \u201cDiccionari santapoler\u201d de Toni Mas recopila en un gran trabajo los localismos de nuestra lengua - Ajuntament de Santa Pola","og_description":"Anoche se present\u00f3 en la Biblioteca Central el libro \u201cDiccionari santapoler\u201d de Antoni Mas i Miralles, editado por el Ayuntamiento de Santa Pola con el patrocinio de la Diputaci\u00f3n de Alicante dentro de la colecci\u00f3n \u201cQuaderns de Santa Pola\u201d. 3.500 entradas y 500 acepciones, en total cuatro mil definiciones de palabras que forman parte de [&hellip;]","og_url":"https:\/\/santapola.es\/ca\/el-diccionari-santapoler-de-toni-mas-recopila-en-un-gran-trabajo-los-localismos-de-nuestra-lengua\/","og_site_name":"Ajuntament de Santa Pola","article_publisher":"https:\/\/www.facebook.com\/AyuntamientoSantaPola\/","article_published_time":"2023-11-10T12:51:39+00:00","article_modified_time":"2024-03-07T17:42:16+00:00","og_image":[{"width":1600,"height":1026,"url":"https:\/\/santapola.es\/wp-content\/uploads\/2023\/12\/2023-11-10-diccionari-santapoler.jpeg","type":"image\/jpeg"}],"author":"Jos\u00e9 Juan L\u00f3pez Lafuente","twitter_card":"summary_large_image","twitter_creator":"@SantaPolaAyunt","twitter_site":"@SantaPolaAyunt","schema":{"@context":"https:\/\/schema.org","@graph":[{"@type":"Article","@id":"https:\/\/santapola.es\/ca\/el-diccionari-santapoler-de-toni-mas-recopila-en-un-gran-trabajo-los-localismos-de-nuestra-lengua\/#article","isPartOf":{"@id":"https:\/\/santapola.es\/ca\/el-diccionari-santapoler-de-toni-mas-recopila-en-un-gran-trabajo-los-localismos-de-nuestra-lengua\/"},"author":{"name":"Jos\u00e9 Juan L\u00f3pez Lafuente","@id":"https:\/\/santapola.es\/ca\/#\/schema\/person\/ad1d67403707b58350c7be5e8dbc442d"},"headline":"El \u201cDiccionari santapoler\u201d de Toni Mas recopila en un gran trabajo los localismos de nuestra lengua","datePublished":"2023-11-10T12:51:39+00:00","dateModified":"2024-03-07T17:42:16+00:00","mainEntityOfPage":{"@id":"https:\/\/santapola.es\/ca\/el-diccionari-santapoler-de-toni-mas-recopila-en-un-gran-trabajo-los-localismos-de-nuestra-lengua\/"},"wordCount":506,"image":{"@id":"https:\/\/santapola.es\/ca\/el-diccionari-santapoler-de-toni-mas-recopila-en-un-gran-trabajo-los-localismos-de-nuestra-lengua\/#primaryimage"},"thumbnailUrl":"https:\/\/santapola.es\/wp-content\/uploads\/2023\/12\/2023-11-10-diccionari-santapoler.jpeg","keywords":["Antoni Mas i Miralles","Biblioteca Central","Diccionari Santapoler","Nely Baile"],"articleSection":["Cultura","Inicio"],"inLanguage":"ca"},{"@type":"WebPage","@id":"https:\/\/santapola.es\/ca\/el-diccionari-santapoler-de-toni-mas-recopila-en-un-gran-trabajo-los-localismos-de-nuestra-lengua\/","url":"https:\/\/santapola.es\/ca\/el-diccionari-santapoler-de-toni-mas-recopila-en-un-gran-trabajo-los-localismos-de-nuestra-lengua\/","name":"El \u201cDiccionari santapoler\u201d de Toni Mas recopila en un gran trabajo los localismos de nuestra lengua - Ajuntament de Santa Pola","isPartOf":{"@id":"https:\/\/santapola.es\/ca\/#website"},"primaryImageOfPage":{"@id":"https:\/\/santapola.es\/ca\/el-diccionari-santapoler-de-toni-mas-recopila-en-un-gran-trabajo-los-localismos-de-nuestra-lengua\/#primaryimage"},"image":{"@id":"https:\/\/santapola.es\/ca\/el-diccionari-santapoler-de-toni-mas-recopila-en-un-gran-trabajo-los-localismos-de-nuestra-lengua\/#primaryimage"},"thumbnailUrl":"https:\/\/santapola.es\/wp-content\/uploads\/2023\/12\/2023-11-10-diccionari-santapoler.jpeg","datePublished":"2023-11-10T12:51:39+00:00","dateModified":"2024-03-07T17:42:16+00:00","author":{"@id":"https:\/\/santapola.es\/ca\/#\/schema\/person\/ad1d67403707b58350c7be5e8dbc442d"},"breadcrumb":{"@id":"https:\/\/santapola.es\/ca\/el-diccionari-santapoler-de-toni-mas-recopila-en-un-gran-trabajo-los-localismos-de-nuestra-lengua\/#breadcrumb"},"inLanguage":"ca","potentialAction":[{"@type":"ReadAction","target":["https:\/\/santapola.es\/ca\/el-diccionari-santapoler-de-toni-mas-recopila-en-un-gran-trabajo-los-localismos-de-nuestra-lengua\/"]}]},{"@type":"ImageObject","inLanguage":"ca","@id":"https:\/\/santapola.es\/ca\/el-diccionari-santapoler-de-toni-mas-recopila-en-un-gran-trabajo-los-localismos-de-nuestra-lengua\/#primaryimage","url":"https:\/\/santapola.es\/wp-content\/uploads\/2023\/12\/2023-11-10-diccionari-santapoler.jpeg","contentUrl":"https:\/\/santapola.es\/wp-content\/uploads\/2023\/12\/2023-11-10-diccionari-santapoler.jpeg","width":1600,"height":1026},{"@type":"BreadcrumbList","@id":"https:\/\/santapola.es\/ca\/el-diccionari-santapoler-de-toni-mas-recopila-en-un-gran-trabajo-los-localismos-de-nuestra-lengua\/#breadcrumb","itemListElement":[{"@type":"ListItem","position":1,"name":"Inici","item":"https:\/\/santapola.es\/ca\/"},{"@type":"ListItem","position":2,"name":"El \u201cDiccionari santapoler\u201d de Toni Mas recopila en un gran trabajo los localismos de nuestra lengua"}]},{"@type":"WebSite","@id":"https:\/\/santapola.es\/ca\/#website","url":"https:\/\/santapola.es\/ca\/","name":"Ayuntamiento de Santa Pola","description":"Web de l'Ajuntament de Santa Pola","potentialAction":[{"@type":"SearchAction","target":{"@type":"EntryPoint","urlTemplate":"https:\/\/santapola.es\/ca\/?s={search_term_string}"},"query-input":{"@type":"PropertyValueSpecification","valueRequired":true,"valueName":"search_term_string"}}],"inLanguage":"ca"},{"@type":"Person","@id":"https:\/\/santapola.es\/ca\/#\/schema\/person\/ad1d67403707b58350c7be5e8dbc442d","name":"Jos\u00e9 Juan L\u00f3pez Lafuente"}]}},"_links":{"self":[{"href":"https:\/\/santapola.es\/ca\/wp-json\/wp\/v2\/posts\/22740","targetHints":{"allow":["GET"]}}],"collection":[{"href":"https:\/\/santapola.es\/ca\/wp-json\/wp\/v2\/posts"}],"about":[{"href":"https:\/\/santapola.es\/ca\/wp-json\/wp\/v2\/types\/post"}],"author":[{"embeddable":true,"href":"https:\/\/santapola.es\/ca\/wp-json\/wp\/v2\/users\/96"}],"replies":[{"embeddable":true,"href":"https:\/\/santapola.es\/ca\/wp-json\/wp\/v2\/comments?post=22740"}],"version-history":[{"count":0,"href":"https:\/\/santapola.es\/ca\/wp-json\/wp\/v2\/posts\/22740\/revisions"}],"wp:featuredmedia":[{"embeddable":true,"href":"https:\/\/santapola.es\/ca\/wp-json\/wp\/v2\/media\/22741"}],"wp:attachment":[{"href":"https:\/\/santapola.es\/ca\/wp-json\/wp\/v2\/media?parent=22740"}],"wp:term":[{"taxonomy":"category","embeddable":true,"href":"https:\/\/santapola.es\/ca\/wp-json\/wp\/v2\/categories?post=22740"},{"taxonomy":"post_tag","embeddable":true,"href":"https:\/\/santapola.es\/ca\/wp-json\/wp\/v2\/tags?post=22740"}],"curies":[{"name":"wp","href":"https:\/\/api.w.org\/{rel}","templated":true}]}}