{"id":22737,"date":"2023-11-10T11:57:15","date_gmt":"2023-11-10T10:57:15","guid":{"rendered":"https:\/\/www.desarrollo.santapola.es\/?p=22737"},"modified":"2024-03-07T18:42:15","modified_gmt":"2024-03-07T17:42:15","slug":"el-mes-del-alzheimer-trae-a-santa-pola-paris-70-de-dani-feixas-de-la-mano-de-afa","status":"publish","type":"post","link":"https:\/\/santapola.es\/ca\/el-mes-del-alzheimer-trae-a-santa-pola-paris-70-de-dani-feixas-de-la-mano-de-afa\/","title":{"rendered":"El mes del Alzheimer trae a Santa Pola \u201cPar\u00eds 70\u201d de Dani Feixas de la mano de AFA"},"content":{"rendered":"<p><strong>El pr\u00f3ximo 16 de noviembre se proyectar\u00e1 \u201cPar\u00eds 70\u201d, el cortometraje de Dani Feixas candidato a los Premios Goya 2024 y a los Premios Forqu\u00e9 2023, est\u00e1 interpretado por Luisa Gavasa y Alain Hern\u00e1ndez y aborda una historia de amor familiar entre un hijo y una madre con Alzheimer.<\/strong><\/p>\n<p>Con motivo del mes del Alzheimer, el pr\u00f3ximo jueves 16 a las 11:30 horas la Asociaci\u00f3n de Familiares de Alzheimer (AFA) de Santa Pola organiza la proyecci\u00f3n del cortometraje y un posterior coloquio con los asistentes en la sala polivalente de La Senia.<\/p>\n<p>El multipremiado cortometraje, que en seis meses ha conseguido 57 premios y ha viajado a m\u00e1s de 60 festivales, es un homenaje conmovedor y realista a las personas con Alzheimer y un tributo a las cuidadoras y cuidadores.<\/p>\n<p>El film aborda una historia de amor familiar entre un hijo y una madre con Alzheimer, presentando un viaje emocional a trav\u00e9s de los recuerdos y las vivencias familiares. Una historia sobre el final de la vida emocionalmente cautivadora e inspiradora que no solo llega al coraz\u00f3n, sino que tambi\u00e9n rinde homenaje a los enfermos de Alzheimer y sobre todo, a las cuidadoras y cuidadores de pacientes con enfermedades degenerativas, quienes suelen ser los m\u00e1s olvidados.<\/p>\n<p>Debido al gran inter\u00e9s generado por parte de las fundaciones, asociaciones de Alzheimer, familiares de enfermos, cuidadoras y cuidadores, se ha creado un circuito de proyecciones paralelas a los festivales por asociaciones y fundaciones. Estas asociaciones han destacado el realismo de la obra, que empatiza profundamente con la mayor\u00eda de las familias que han vivido situaciones similares, y la funci\u00f3n terap\u00e9utica que puede tener su visionado y reflexi\u00f3n.<\/p>\n<p>\u201cPar\u00eds 70\u201d ha recibido el apoyo de fundaciones y asociaciones espa\u00f1olas relacionadas con el Alzheimer y los cuidados paliativos. Ahora llega a las diferentes asociaciones que forman parte de CEAFA continuando con los eventos que conmemoran el \u201cmes del Alzheimer\u201d, y para que no solo se hable de la enfermedad durante ese periodo, sino en otras \u00e9pocas del a\u00f1o.<\/p>\n","protected":false},"excerpt":{"rendered":"<p>El pr\u00f3ximo 16 de noviembre se proyectar\u00e1 \u201cPar\u00eds 70\u201d, el cortometraje de Dani Feixas candidato a los Premios Goya 2024 y a los Premios Forqu\u00e9 2023, est\u00e1 interpretado por Luisa Gavasa y Alain Hern\u00e1ndez y aborda una historia de amor familiar entre un hijo y una madre con Alzheimer. Con motivo del mes del Alzheimer, [&hellip;]<\/p>\n","protected":false},"author":96,"featured_media":22738,"comment_status":"closed","ping_status":"closed","sticky":false,"template":"","format":"standard","meta":{"_et_pb_use_builder":"","_et_pb_old_content":"","_et_gb_content_width":"","footnotes":""},"categories":[66,158],"tags":[309,310],"class_list":["post-22737","post","type-post","status-publish","format-standard","has-post-thumbnail","hentry","category-inicio","category-servicios-sociales","tag-afa-santa-pola","tag-alzheimer"],"yoast_head":"<!-- This site is optimized with the Yoast SEO plugin v27.4 - https:\/\/yoast.com\/product\/yoast-seo-wordpress\/ -->\n<title>El mes del Alzheimer trae a Santa Pola \u201cPar\u00eds 70\u201d de Dani Feixas de la mano de AFA - Ajuntament de Santa Pola<\/title>\n<meta name=\"robots\" content=\"index, follow, max-snippet:-1, max-image-preview:large, max-video-preview:-1\" \/>\n<link rel=\"canonical\" href=\"https:\/\/santapola.es\/ca\/el-mes-del-alzheimer-trae-a-santa-pola-paris-70-de-dani-feixas-de-la-mano-de-afa\/\" \/>\n<meta property=\"og:locale\" content=\"ca_ES\" \/>\n<meta property=\"og:type\" content=\"article\" \/>\n<meta property=\"og:title\" content=\"El mes del Alzheimer trae a Santa Pola \u201cPar\u00eds 70\u201d de Dani Feixas de la mano de AFA - Ajuntament de Santa Pola\" \/>\n<meta property=\"og:description\" content=\"El pr\u00f3ximo 16 de noviembre se proyectar\u00e1 \u201cPar\u00eds 70\u201d, el cortometraje de Dani Feixas candidato a los Premios Goya 2024 y a los Premios Forqu\u00e9 2023, est\u00e1 interpretado por Luisa Gavasa y Alain Hern\u00e1ndez y aborda una historia de amor familiar entre un hijo y una madre con Alzheimer. Con motivo del mes del Alzheimer, [&hellip;]\" \/>\n<meta property=\"og:url\" content=\"https:\/\/santapola.es\/ca\/el-mes-del-alzheimer-trae-a-santa-pola-paris-70-de-dani-feixas-de-la-mano-de-afa\/\" \/>\n<meta property=\"og:site_name\" content=\"Ajuntament de Santa Pola\" \/>\n<meta property=\"article:publisher\" content=\"https:\/\/www.facebook.com\/AyuntamientoSantaPola\/\" \/>\n<meta property=\"article:published_time\" content=\"2023-11-10T10:57:15+00:00\" \/>\n<meta property=\"article:modified_time\" content=\"2024-03-07T17:42:15+00:00\" \/>\n<meta property=\"og:image\" content=\"https:\/\/santapola.es\/wp-content\/uploads\/2023\/12\/PARIS-70.jpeg\" \/>\n\t<meta property=\"og:image:width\" content=\"1120\" \/>\n\t<meta property=\"og:image:height\" content=\"1600\" \/>\n\t<meta property=\"og:image:type\" content=\"image\/jpeg\" \/>\n<meta name=\"author\" content=\"Jos\u00e9 Juan L\u00f3pez Lafuente\" \/>\n<meta name=\"twitter:card\" content=\"summary_large_image\" \/>\n<meta name=\"twitter:creator\" content=\"@SantaPolaAyunt\" \/>\n<meta name=\"twitter:site\" content=\"@SantaPolaAyunt\" \/>\n<script type=\"application\/ld+json\" class=\"yoast-schema-graph\">{\"@context\":\"https:\\\/\\\/schema.org\",\"@graph\":[{\"@type\":\"Article\",\"@id\":\"https:\\\/\\\/santapola.es\\\/ca\\\/el-mes-del-alzheimer-trae-a-santa-pola-paris-70-de-dani-feixas-de-la-mano-de-afa\\\/#article\",\"isPartOf\":{\"@id\":\"https:\\\/\\\/santapola.es\\\/ca\\\/el-mes-del-alzheimer-trae-a-santa-pola-paris-70-de-dani-feixas-de-la-mano-de-afa\\\/\"},\"author\":{\"name\":\"Jos\u00e9 Juan L\u00f3pez Lafuente\",\"@id\":\"https:\\\/\\\/santapola.es\\\/ca\\\/#\\\/schema\\\/person\\\/ad1d67403707b58350c7be5e8dbc442d\"},\"headline\":\"El mes del Alzheimer trae a Santa Pola \u201cPar\u00eds 70\u201d de Dani Feixas de la mano de AFA\",\"datePublished\":\"2023-11-10T10:57:15+00:00\",\"dateModified\":\"2024-03-07T17:42:15+00:00\",\"mainEntityOfPage\":{\"@id\":\"https:\\\/\\\/santapola.es\\\/ca\\\/el-mes-del-alzheimer-trae-a-santa-pola-paris-70-de-dani-feixas-de-la-mano-de-afa\\\/\"},\"wordCount\":361,\"image\":{\"@id\":\"https:\\\/\\\/santapola.es\\\/ca\\\/el-mes-del-alzheimer-trae-a-santa-pola-paris-70-de-dani-feixas-de-la-mano-de-afa\\\/#primaryimage\"},\"thumbnailUrl\":\"https:\\\/\\\/santapola.es\\\/wp-content\\\/uploads\\\/2023\\\/12\\\/PARIS-70.jpeg\",\"keywords\":[\"AFA Santa Pola\",\"Alzheimer\"],\"articleSection\":[\"Inicio\",\"Servicios Sociales\"],\"inLanguage\":\"ca\"},{\"@type\":\"WebPage\",\"@id\":\"https:\\\/\\\/santapola.es\\\/ca\\\/el-mes-del-alzheimer-trae-a-santa-pola-paris-70-de-dani-feixas-de-la-mano-de-afa\\\/\",\"url\":\"https:\\\/\\\/santapola.es\\\/ca\\\/el-mes-del-alzheimer-trae-a-santa-pola-paris-70-de-dani-feixas-de-la-mano-de-afa\\\/\",\"name\":\"El mes del Alzheimer trae a Santa Pola \u201cPar\u00eds 70\u201d de Dani Feixas de la mano de AFA - Ajuntament de Santa Pola\",\"isPartOf\":{\"@id\":\"https:\\\/\\\/santapola.es\\\/ca\\\/#website\"},\"primaryImageOfPage\":{\"@id\":\"https:\\\/\\\/santapola.es\\\/ca\\\/el-mes-del-alzheimer-trae-a-santa-pola-paris-70-de-dani-feixas-de-la-mano-de-afa\\\/#primaryimage\"},\"image\":{\"@id\":\"https:\\\/\\\/santapola.es\\\/ca\\\/el-mes-del-alzheimer-trae-a-santa-pola-paris-70-de-dani-feixas-de-la-mano-de-afa\\\/#primaryimage\"},\"thumbnailUrl\":\"https:\\\/\\\/santapola.es\\\/wp-content\\\/uploads\\\/2023\\\/12\\\/PARIS-70.jpeg\",\"datePublished\":\"2023-11-10T10:57:15+00:00\",\"dateModified\":\"2024-03-07T17:42:15+00:00\",\"author\":{\"@id\":\"https:\\\/\\\/santapola.es\\\/ca\\\/#\\\/schema\\\/person\\\/ad1d67403707b58350c7be5e8dbc442d\"},\"breadcrumb\":{\"@id\":\"https:\\\/\\\/santapola.es\\\/ca\\\/el-mes-del-alzheimer-trae-a-santa-pola-paris-70-de-dani-feixas-de-la-mano-de-afa\\\/#breadcrumb\"},\"inLanguage\":\"ca\",\"potentialAction\":[{\"@type\":\"ReadAction\",\"target\":[\"https:\\\/\\\/santapola.es\\\/ca\\\/el-mes-del-alzheimer-trae-a-santa-pola-paris-70-de-dani-feixas-de-la-mano-de-afa\\\/\"]}]},{\"@type\":\"ImageObject\",\"inLanguage\":\"ca\",\"@id\":\"https:\\\/\\\/santapola.es\\\/ca\\\/el-mes-del-alzheimer-trae-a-santa-pola-paris-70-de-dani-feixas-de-la-mano-de-afa\\\/#primaryimage\",\"url\":\"https:\\\/\\\/santapola.es\\\/wp-content\\\/uploads\\\/2023\\\/12\\\/PARIS-70.jpeg\",\"contentUrl\":\"https:\\\/\\\/santapola.es\\\/wp-content\\\/uploads\\\/2023\\\/12\\\/PARIS-70.jpeg\",\"width\":1120,\"height\":1600},{\"@type\":\"BreadcrumbList\",\"@id\":\"https:\\\/\\\/santapola.es\\\/ca\\\/el-mes-del-alzheimer-trae-a-santa-pola-paris-70-de-dani-feixas-de-la-mano-de-afa\\\/#breadcrumb\",\"itemListElement\":[{\"@type\":\"ListItem\",\"position\":1,\"name\":\"Inici\",\"item\":\"https:\\\/\\\/santapola.es\\\/ca\\\/\"},{\"@type\":\"ListItem\",\"position\":2,\"name\":\"El mes del Alzheimer trae a Santa Pola \u201cPar\u00eds 70\u201d de Dani Feixas de la mano de AFA\"}]},{\"@type\":\"WebSite\",\"@id\":\"https:\\\/\\\/santapola.es\\\/ca\\\/#website\",\"url\":\"https:\\\/\\\/santapola.es\\\/ca\\\/\",\"name\":\"Ayuntamiento de Santa Pola\",\"description\":\"Web de l'Ajuntament de Santa Pola\",\"potentialAction\":[{\"@type\":\"SearchAction\",\"target\":{\"@type\":\"EntryPoint\",\"urlTemplate\":\"https:\\\/\\\/santapola.es\\\/ca\\\/?s={search_term_string}\"},\"query-input\":{\"@type\":\"PropertyValueSpecification\",\"valueRequired\":true,\"valueName\":\"search_term_string\"}}],\"inLanguage\":\"ca\"},{\"@type\":\"Person\",\"@id\":\"https:\\\/\\\/santapola.es\\\/ca\\\/#\\\/schema\\\/person\\\/ad1d67403707b58350c7be5e8dbc442d\",\"name\":\"Jos\u00e9 Juan L\u00f3pez Lafuente\"}]}<\/script>\n<!-- \/ Yoast SEO plugin. -->","yoast_head_json":{"title":"El mes del Alzheimer trae a Santa Pola \u201cPar\u00eds 70\u201d de Dani Feixas de la mano de AFA - Ajuntament de Santa Pola","robots":{"index":"index","follow":"follow","max-snippet":"max-snippet:-1","max-image-preview":"max-image-preview:large","max-video-preview":"max-video-preview:-1"},"canonical":"https:\/\/santapola.es\/ca\/el-mes-del-alzheimer-trae-a-santa-pola-paris-70-de-dani-feixas-de-la-mano-de-afa\/","og_locale":"ca_ES","og_type":"article","og_title":"El mes del Alzheimer trae a Santa Pola \u201cPar\u00eds 70\u201d de Dani Feixas de la mano de AFA - Ajuntament de Santa Pola","og_description":"El pr\u00f3ximo 16 de noviembre se proyectar\u00e1 \u201cPar\u00eds 70\u201d, el cortometraje de Dani Feixas candidato a los Premios Goya 2024 y a los Premios Forqu\u00e9 2023, est\u00e1 interpretado por Luisa Gavasa y Alain Hern\u00e1ndez y aborda una historia de amor familiar entre un hijo y una madre con Alzheimer. Con motivo del mes del Alzheimer, [&hellip;]","og_url":"https:\/\/santapola.es\/ca\/el-mes-del-alzheimer-trae-a-santa-pola-paris-70-de-dani-feixas-de-la-mano-de-afa\/","og_site_name":"Ajuntament de Santa Pola","article_publisher":"https:\/\/www.facebook.com\/AyuntamientoSantaPola\/","article_published_time":"2023-11-10T10:57:15+00:00","article_modified_time":"2024-03-07T17:42:15+00:00","og_image":[{"width":1120,"height":1600,"url":"https:\/\/santapola.es\/wp-content\/uploads\/2023\/12\/PARIS-70.jpeg","type":"image\/jpeg"}],"author":"Jos\u00e9 Juan L\u00f3pez Lafuente","twitter_card":"summary_large_image","twitter_creator":"@SantaPolaAyunt","twitter_site":"@SantaPolaAyunt","schema":{"@context":"https:\/\/schema.org","@graph":[{"@type":"Article","@id":"https:\/\/santapola.es\/ca\/el-mes-del-alzheimer-trae-a-santa-pola-paris-70-de-dani-feixas-de-la-mano-de-afa\/#article","isPartOf":{"@id":"https:\/\/santapola.es\/ca\/el-mes-del-alzheimer-trae-a-santa-pola-paris-70-de-dani-feixas-de-la-mano-de-afa\/"},"author":{"name":"Jos\u00e9 Juan L\u00f3pez Lafuente","@id":"https:\/\/santapola.es\/ca\/#\/schema\/person\/ad1d67403707b58350c7be5e8dbc442d"},"headline":"El mes del Alzheimer trae a Santa Pola \u201cPar\u00eds 70\u201d de Dani Feixas de la mano de AFA","datePublished":"2023-11-10T10:57:15+00:00","dateModified":"2024-03-07T17:42:15+00:00","mainEntityOfPage":{"@id":"https:\/\/santapola.es\/ca\/el-mes-del-alzheimer-trae-a-santa-pola-paris-70-de-dani-feixas-de-la-mano-de-afa\/"},"wordCount":361,"image":{"@id":"https:\/\/santapola.es\/ca\/el-mes-del-alzheimer-trae-a-santa-pola-paris-70-de-dani-feixas-de-la-mano-de-afa\/#primaryimage"},"thumbnailUrl":"https:\/\/santapola.es\/wp-content\/uploads\/2023\/12\/PARIS-70.jpeg","keywords":["AFA Santa Pola","Alzheimer"],"articleSection":["Inicio","Servicios Sociales"],"inLanguage":"ca"},{"@type":"WebPage","@id":"https:\/\/santapola.es\/ca\/el-mes-del-alzheimer-trae-a-santa-pola-paris-70-de-dani-feixas-de-la-mano-de-afa\/","url":"https:\/\/santapola.es\/ca\/el-mes-del-alzheimer-trae-a-santa-pola-paris-70-de-dani-feixas-de-la-mano-de-afa\/","name":"El mes del Alzheimer trae a Santa Pola \u201cPar\u00eds 70\u201d de Dani Feixas de la mano de AFA - Ajuntament de Santa Pola","isPartOf":{"@id":"https:\/\/santapola.es\/ca\/#website"},"primaryImageOfPage":{"@id":"https:\/\/santapola.es\/ca\/el-mes-del-alzheimer-trae-a-santa-pola-paris-70-de-dani-feixas-de-la-mano-de-afa\/#primaryimage"},"image":{"@id":"https:\/\/santapola.es\/ca\/el-mes-del-alzheimer-trae-a-santa-pola-paris-70-de-dani-feixas-de-la-mano-de-afa\/#primaryimage"},"thumbnailUrl":"https:\/\/santapola.es\/wp-content\/uploads\/2023\/12\/PARIS-70.jpeg","datePublished":"2023-11-10T10:57:15+00:00","dateModified":"2024-03-07T17:42:15+00:00","author":{"@id":"https:\/\/santapola.es\/ca\/#\/schema\/person\/ad1d67403707b58350c7be5e8dbc442d"},"breadcrumb":{"@id":"https:\/\/santapola.es\/ca\/el-mes-del-alzheimer-trae-a-santa-pola-paris-70-de-dani-feixas-de-la-mano-de-afa\/#breadcrumb"},"inLanguage":"ca","potentialAction":[{"@type":"ReadAction","target":["https:\/\/santapola.es\/ca\/el-mes-del-alzheimer-trae-a-santa-pola-paris-70-de-dani-feixas-de-la-mano-de-afa\/"]}]},{"@type":"ImageObject","inLanguage":"ca","@id":"https:\/\/santapola.es\/ca\/el-mes-del-alzheimer-trae-a-santa-pola-paris-70-de-dani-feixas-de-la-mano-de-afa\/#primaryimage","url":"https:\/\/santapola.es\/wp-content\/uploads\/2023\/12\/PARIS-70.jpeg","contentUrl":"https:\/\/santapola.es\/wp-content\/uploads\/2023\/12\/PARIS-70.jpeg","width":1120,"height":1600},{"@type":"BreadcrumbList","@id":"https:\/\/santapola.es\/ca\/el-mes-del-alzheimer-trae-a-santa-pola-paris-70-de-dani-feixas-de-la-mano-de-afa\/#breadcrumb","itemListElement":[{"@type":"ListItem","position":1,"name":"Inici","item":"https:\/\/santapola.es\/ca\/"},{"@type":"ListItem","position":2,"name":"El mes del Alzheimer trae a Santa Pola \u201cPar\u00eds 70\u201d de Dani Feixas de la mano de AFA"}]},{"@type":"WebSite","@id":"https:\/\/santapola.es\/ca\/#website","url":"https:\/\/santapola.es\/ca\/","name":"Ayuntamiento de Santa Pola","description":"Web de l'Ajuntament de Santa Pola","potentialAction":[{"@type":"SearchAction","target":{"@type":"EntryPoint","urlTemplate":"https:\/\/santapola.es\/ca\/?s={search_term_string}"},"query-input":{"@type":"PropertyValueSpecification","valueRequired":true,"valueName":"search_term_string"}}],"inLanguage":"ca"},{"@type":"Person","@id":"https:\/\/santapola.es\/ca\/#\/schema\/person\/ad1d67403707b58350c7be5e8dbc442d","name":"Jos\u00e9 Juan L\u00f3pez Lafuente"}]}},"_links":{"self":[{"href":"https:\/\/santapola.es\/ca\/wp-json\/wp\/v2\/posts\/22737","targetHints":{"allow":["GET"]}}],"collection":[{"href":"https:\/\/santapola.es\/ca\/wp-json\/wp\/v2\/posts"}],"about":[{"href":"https:\/\/santapola.es\/ca\/wp-json\/wp\/v2\/types\/post"}],"author":[{"embeddable":true,"href":"https:\/\/santapola.es\/ca\/wp-json\/wp\/v2\/users\/96"}],"replies":[{"embeddable":true,"href":"https:\/\/santapola.es\/ca\/wp-json\/wp\/v2\/comments?post=22737"}],"version-history":[{"count":0,"href":"https:\/\/santapola.es\/ca\/wp-json\/wp\/v2\/posts\/22737\/revisions"}],"wp:featuredmedia":[{"embeddable":true,"href":"https:\/\/santapola.es\/ca\/wp-json\/wp\/v2\/media\/22738"}],"wp:attachment":[{"href":"https:\/\/santapola.es\/ca\/wp-json\/wp\/v2\/media?parent=22737"}],"wp:term":[{"taxonomy":"category","embeddable":true,"href":"https:\/\/santapola.es\/ca\/wp-json\/wp\/v2\/categories?post=22737"},{"taxonomy":"post_tag","embeddable":true,"href":"https:\/\/santapola.es\/ca\/wp-json\/wp\/v2\/tags?post=22737"}],"curies":[{"name":"wp","href":"https:\/\/api.w.org\/{rel}","templated":true}]}}