{"id":22708,"date":"2023-11-03T13:22:06","date_gmt":"2023-11-03T12:22:06","guid":{"rendered":"https:\/\/www.desarrollo.santapola.es\/?p=22708"},"modified":"2026-04-27T13:34:42","modified_gmt":"2026-04-27T11:34:42","slug":"el-ayuntamiento-de-santa-pola-dotara-de-wifi-a-once-nuevas-instalaciones-municipales","status":"publish","type":"post","link":"https:\/\/santapola.es\/ca\/el-ayuntamiento-de-santa-pola-dotara-de-wifi-a-once-nuevas-instalaciones-municipales\/","title":{"rendered":"El Ayuntamiento de Santa Pola dotar\u00e1 de wifi a once nuevas instalaciones municipales"},"content":{"rendered":"<p><strong>La junta de gobierno local ha aprobado la instalaci\u00f3n de infraestructura wifi en 11 dependencias municipales, dentro del Plan de Digitalizaci\u00f3n y Modernizaci\u00f3n que lleva a cabo el Ayuntamiento de Santa Pola.<\/strong><\/p>\n<p>En las pr\u00f3ximas semanas se instalar\u00e1 este servicio de conexi\u00f3n a internet en la sede de la Polic\u00eda Local, la Agencia de Desarrollo Local, el Centro C\u00edvico y Social, la Casa de Cultura, Villa Adelaida, Aquarium, Parque Infantil de Tr\u00e1fico, instalaciones deportivas El Monsa, Museo del Mar, Casa Romana y en la estaci\u00f3n de autobuses.<\/p>\n<p>En todos los casos la red wifi tendr\u00e1 dos opciones, una de uso p\u00fablico y otra restringida de uso autorizado para la gesti\u00f3n municipal.<\/p>\n<p>El concejal de Modernizaci\u00f3n, Jos\u00e9 Pedro Mart\u00ednez, ha explicado que \u201cesta iniciativa est\u00e1 incluida en el Plan de Digitalizaci\u00f3n y Modernizaci\u00f3n que el Ayuntamiento de Santa Pola est\u00e1 desarrollando, y el objetivo es que todas las instalaciones municipales est\u00e9n dotadas de red wifi tanto p\u00fablica como interna\u201d.<\/p>\n<p><em><strong>Hasta este momento las redes wifi municipales est\u00e1n activas en el edificio del Ayuntamiento, Bibliotecas Central, Infantil y Gran Alacant, Rac\u00f3 Jove-Centro C\u00edvico y en las oficinas de turismo.<\/strong><\/em><\/p>\n<p><em><strong>\u201cPlan de Recuperaci\u00f3n, Transformaci\u00f3n y Resiliencia-Financiado por la Uni\u00f3n Europea-NextGenerationEU\u201d, Mecanismo de Recuperaci\u00f3n y Resiliencia, establecido por el Reglamento (UE) 2021\/241 del Parlamento Europeo y del Consejo, de 12 de febrero de 2021. Componente 11, Inversion 3, del PRTR, gestionado por el Ministerio de Pol\u00edtica Territorial.<\/strong><\/em><\/p>\n<p><em><strong>Proyecto de Implantaci\u00f3n y actualizaci\u00f3n de Infraestructuras Tecnol\u00f3gicas y Recursos Digitales. L\u00ednea 4: Infraestructuras Digitales. Ayuntamiento de Santa Pola.<\/strong><\/em><\/p>\n<p><img loading=\"lazy\" decoding=\"async\" class=\"aligncenter size-large wp-image-22712\" src=\"https:\/\/santapola.es\/wp-content\/uploads\/2023\/11\/banner-PRTR-1024x115.png\" alt=\"\" width=\"1024\" height=\"115\" srcset=\"https:\/\/santapola.es\/wp-content\/uploads\/2023\/11\/banner-PRTR-1024x115.png 1024w, https:\/\/santapola.es\/wp-content\/uploads\/2023\/11\/banner-PRTR-980x110.png 980w, https:\/\/santapola.es\/wp-content\/uploads\/2023\/11\/banner-PRTR-480x54.png 480w\" sizes=\"(min-width: 0px) and (max-width: 480px) 480px, (min-width: 481px) and (max-width: 980px) 980px, (min-width: 981px) 1024px, 100vw\" \/><\/p>\n","protected":false},"excerpt":{"rendered":"<p>La junta de gobierno local ha aprobado la instalaci\u00f3n de infraestructura wifi en 11 dependencias municipales, dentro del Plan de Digitalizaci\u00f3n y Modernizaci\u00f3n que lleva a cabo el Ayuntamiento de Santa Pola. En las pr\u00f3ximas semanas se instalar\u00e1 este servicio de conexi\u00f3n a internet en la sede de la Polic\u00eda Local, la Agencia de Desarrollo [&hellip;]<\/p>\n","protected":false},"author":96,"featured_media":22709,"comment_status":"closed","ping_status":"closed","sticky":false,"template":"","format":"standard","meta":{"_et_pb_use_builder":"","_et_pb_old_content":"","_et_gb_content_width":"","footnotes":""},"categories":[1854,66,295,297,296],"tags":[298,301,300,299],"class_list":["post-22708","post","type-post","status-publish","format-standard","has-post-thumbnail","hentry","category-c11-i3-prtr","category-inicio","category-modernizacion","category-next-generation-eu","category-plan-de-recuperacion","tag-modernizacion","tag-nextgenerationeu","tag-planderecuperacion","tag-prtr"],"yoast_head":"<!-- This site is optimized with the Yoast SEO plugin v27.4 - https:\/\/yoast.com\/product\/yoast-seo-wordpress\/ -->\n<title>El Ayuntamiento de Santa Pola dotar\u00e1 de wifi a once nuevas instalaciones municipales - Ajuntament de Santa Pola<\/title>\n<meta name=\"robots\" content=\"index, follow, max-snippet:-1, max-image-preview:large, max-video-preview:-1\" \/>\n<link rel=\"canonical\" href=\"https:\/\/santapola.es\/ca\/el-ayuntamiento-de-santa-pola-dotara-de-wifi-a-once-nuevas-instalaciones-municipales\/\" \/>\n<meta property=\"og:locale\" content=\"ca_ES\" \/>\n<meta property=\"og:type\" content=\"article\" \/>\n<meta property=\"og:title\" content=\"El Ayuntamiento de Santa Pola dotar\u00e1 de wifi a once nuevas instalaciones municipales - Ajuntament de Santa Pola\" \/>\n<meta property=\"og:description\" content=\"La junta de gobierno local ha aprobado la instalaci\u00f3n de infraestructura wifi en 11 dependencias municipales, dentro del Plan de Digitalizaci\u00f3n y Modernizaci\u00f3n que lleva a cabo el Ayuntamiento de Santa Pola. En las pr\u00f3ximas semanas se instalar\u00e1 este servicio de conexi\u00f3n a internet en la sede de la Polic\u00eda Local, la Agencia de Desarrollo [&hellip;]\" \/>\n<meta property=\"og:url\" content=\"https:\/\/santapola.es\/ca\/el-ayuntamiento-de-santa-pola-dotara-de-wifi-a-once-nuevas-instalaciones-municipales\/\" \/>\n<meta property=\"og:site_name\" content=\"Ajuntament de Santa Pola\" \/>\n<meta property=\"article:publisher\" content=\"https:\/\/www.facebook.com\/AyuntamientoSantaPola\/\" \/>\n<meta property=\"article:published_time\" content=\"2023-11-03T12:22:06+00:00\" \/>\n<meta property=\"article:modified_time\" content=\"2026-04-27T11:34:42+00:00\" \/>\n<meta property=\"og:image\" content=\"https:\/\/santapola.es\/wp-content\/uploads\/2023\/12\/ayto-wifi.jpg\" \/>\n\t<meta property=\"og:image:width\" content=\"768\" \/>\n\t<meta property=\"og:image:height\" content=\"461\" \/>\n\t<meta property=\"og:image:type\" content=\"image\/jpeg\" \/>\n<meta name=\"author\" content=\"Jos\u00e9 Juan L\u00f3pez Lafuente\" \/>\n<meta name=\"twitter:card\" content=\"summary_large_image\" \/>\n<meta name=\"twitter:creator\" content=\"@SantaPolaAyunt\" \/>\n<meta name=\"twitter:site\" content=\"@SantaPolaAyunt\" \/>\n<script type=\"application\/ld+json\" class=\"yoast-schema-graph\">{\"@context\":\"https:\\\/\\\/schema.org\",\"@graph\":[{\"@type\":\"Article\",\"@id\":\"https:\\\/\\\/santapola.es\\\/ca\\\/el-ayuntamiento-de-santa-pola-dotara-de-wifi-a-once-nuevas-instalaciones-municipales\\\/#article\",\"isPartOf\":{\"@id\":\"https:\\\/\\\/santapola.es\\\/ca\\\/el-ayuntamiento-de-santa-pola-dotara-de-wifi-a-once-nuevas-instalaciones-municipales\\\/\"},\"author\":{\"name\":\"Jos\u00e9 Juan L\u00f3pez Lafuente\",\"@id\":\"https:\\\/\\\/santapola.es\\\/ca\\\/#\\\/schema\\\/person\\\/ad1d67403707b58350c7be5e8dbc442d\"},\"headline\":\"El Ayuntamiento de Santa Pola dotar\u00e1 de wifi a once nuevas instalaciones municipales\",\"datePublished\":\"2023-11-03T12:22:06+00:00\",\"dateModified\":\"2026-04-27T11:34:42+00:00\",\"mainEntityOfPage\":{\"@id\":\"https:\\\/\\\/santapola.es\\\/ca\\\/el-ayuntamiento-de-santa-pola-dotara-de-wifi-a-once-nuevas-instalaciones-municipales\\\/\"},\"wordCount\":286,\"image\":{\"@id\":\"https:\\\/\\\/santapola.es\\\/ca\\\/el-ayuntamiento-de-santa-pola-dotara-de-wifi-a-once-nuevas-instalaciones-municipales\\\/#primaryimage\"},\"thumbnailUrl\":\"https:\\\/\\\/santapola.es\\\/wp-content\\\/uploads\\\/2023\\\/12\\\/ayto-wifi.jpg\",\"keywords\":[\"Modernizaci\u00f3n\",\"NextGenerationEU\",\"PlandeRecuperaci\u00f3n\",\"PRTR\"],\"articleSection\":[\"C11.I3-PRTR\",\"Inicio\",\"Modernizaci\u00f3n\",\"Next Generation EU\",\"Plan de Recuperaci\u00f3n\"],\"inLanguage\":\"ca\"},{\"@type\":\"WebPage\",\"@id\":\"https:\\\/\\\/santapola.es\\\/ca\\\/el-ayuntamiento-de-santa-pola-dotara-de-wifi-a-once-nuevas-instalaciones-municipales\\\/\",\"url\":\"https:\\\/\\\/santapola.es\\\/ca\\\/el-ayuntamiento-de-santa-pola-dotara-de-wifi-a-once-nuevas-instalaciones-municipales\\\/\",\"name\":\"El Ayuntamiento de Santa Pola dotar\u00e1 de wifi a once nuevas instalaciones municipales - Ajuntament de Santa Pola\",\"isPartOf\":{\"@id\":\"https:\\\/\\\/santapola.es\\\/ca\\\/#website\"},\"primaryImageOfPage\":{\"@id\":\"https:\\\/\\\/santapola.es\\\/ca\\\/el-ayuntamiento-de-santa-pola-dotara-de-wifi-a-once-nuevas-instalaciones-municipales\\\/#primaryimage\"},\"image\":{\"@id\":\"https:\\\/\\\/santapola.es\\\/ca\\\/el-ayuntamiento-de-santa-pola-dotara-de-wifi-a-once-nuevas-instalaciones-municipales\\\/#primaryimage\"},\"thumbnailUrl\":\"https:\\\/\\\/santapola.es\\\/wp-content\\\/uploads\\\/2023\\\/12\\\/ayto-wifi.jpg\",\"datePublished\":\"2023-11-03T12:22:06+00:00\",\"dateModified\":\"2026-04-27T11:34:42+00:00\",\"author\":{\"@id\":\"https:\\\/\\\/santapola.es\\\/ca\\\/#\\\/schema\\\/person\\\/ad1d67403707b58350c7be5e8dbc442d\"},\"breadcrumb\":{\"@id\":\"https:\\\/\\\/santapola.es\\\/ca\\\/el-ayuntamiento-de-santa-pola-dotara-de-wifi-a-once-nuevas-instalaciones-municipales\\\/#breadcrumb\"},\"inLanguage\":\"ca\",\"potentialAction\":[{\"@type\":\"ReadAction\",\"target\":[\"https:\\\/\\\/santapola.es\\\/ca\\\/el-ayuntamiento-de-santa-pola-dotara-de-wifi-a-once-nuevas-instalaciones-municipales\\\/\"]}]},{\"@type\":\"ImageObject\",\"inLanguage\":\"ca\",\"@id\":\"https:\\\/\\\/santapola.es\\\/ca\\\/el-ayuntamiento-de-santa-pola-dotara-de-wifi-a-once-nuevas-instalaciones-municipales\\\/#primaryimage\",\"url\":\"https:\\\/\\\/santapola.es\\\/wp-content\\\/uploads\\\/2023\\\/12\\\/ayto-wifi.jpg\",\"contentUrl\":\"https:\\\/\\\/santapola.es\\\/wp-content\\\/uploads\\\/2023\\\/12\\\/ayto-wifi.jpg\",\"width\":768,\"height\":461},{\"@type\":\"BreadcrumbList\",\"@id\":\"https:\\\/\\\/santapola.es\\\/ca\\\/el-ayuntamiento-de-santa-pola-dotara-de-wifi-a-once-nuevas-instalaciones-municipales\\\/#breadcrumb\",\"itemListElement\":[{\"@type\":\"ListItem\",\"position\":1,\"name\":\"Inici\",\"item\":\"https:\\\/\\\/santapola.es\\\/ca\\\/\"},{\"@type\":\"ListItem\",\"position\":2,\"name\":\"El Ayuntamiento de Santa Pola dotar\u00e1 de wifi a once nuevas instalaciones municipales\"}]},{\"@type\":\"WebSite\",\"@id\":\"https:\\\/\\\/santapola.es\\\/ca\\\/#website\",\"url\":\"https:\\\/\\\/santapola.es\\\/ca\\\/\",\"name\":\"Ayuntamiento de Santa Pola\",\"description\":\"Web de l'Ajuntament de Santa Pola\",\"potentialAction\":[{\"@type\":\"SearchAction\",\"target\":{\"@type\":\"EntryPoint\",\"urlTemplate\":\"https:\\\/\\\/santapola.es\\\/ca\\\/?s={search_term_string}\"},\"query-input\":{\"@type\":\"PropertyValueSpecification\",\"valueRequired\":true,\"valueName\":\"search_term_string\"}}],\"inLanguage\":\"ca\"},{\"@type\":\"Person\",\"@id\":\"https:\\\/\\\/santapola.es\\\/ca\\\/#\\\/schema\\\/person\\\/ad1d67403707b58350c7be5e8dbc442d\",\"name\":\"Jos\u00e9 Juan L\u00f3pez Lafuente\"}]}<\/script>\n<!-- \/ Yoast SEO plugin. -->","yoast_head_json":{"title":"El Ayuntamiento de Santa Pola dotar\u00e1 de wifi a once nuevas instalaciones municipales - Ajuntament de Santa Pola","robots":{"index":"index","follow":"follow","max-snippet":"max-snippet:-1","max-image-preview":"max-image-preview:large","max-video-preview":"max-video-preview:-1"},"canonical":"https:\/\/santapola.es\/ca\/el-ayuntamiento-de-santa-pola-dotara-de-wifi-a-once-nuevas-instalaciones-municipales\/","og_locale":"ca_ES","og_type":"article","og_title":"El Ayuntamiento de Santa Pola dotar\u00e1 de wifi a once nuevas instalaciones municipales - Ajuntament de Santa Pola","og_description":"La junta de gobierno local ha aprobado la instalaci\u00f3n de infraestructura wifi en 11 dependencias municipales, dentro del Plan de Digitalizaci\u00f3n y Modernizaci\u00f3n que lleva a cabo el Ayuntamiento de Santa Pola. En las pr\u00f3ximas semanas se instalar\u00e1 este servicio de conexi\u00f3n a internet en la sede de la Polic\u00eda Local, la Agencia de Desarrollo [&hellip;]","og_url":"https:\/\/santapola.es\/ca\/el-ayuntamiento-de-santa-pola-dotara-de-wifi-a-once-nuevas-instalaciones-municipales\/","og_site_name":"Ajuntament de Santa Pola","article_publisher":"https:\/\/www.facebook.com\/AyuntamientoSantaPola\/","article_published_time":"2023-11-03T12:22:06+00:00","article_modified_time":"2026-04-27T11:34:42+00:00","og_image":[{"width":768,"height":461,"url":"https:\/\/santapola.es\/wp-content\/uploads\/2023\/12\/ayto-wifi.jpg","type":"image\/jpeg"}],"author":"Jos\u00e9 Juan L\u00f3pez Lafuente","twitter_card":"summary_large_image","twitter_creator":"@SantaPolaAyunt","twitter_site":"@SantaPolaAyunt","schema":{"@context":"https:\/\/schema.org","@graph":[{"@type":"Article","@id":"https:\/\/santapola.es\/ca\/el-ayuntamiento-de-santa-pola-dotara-de-wifi-a-once-nuevas-instalaciones-municipales\/#article","isPartOf":{"@id":"https:\/\/santapola.es\/ca\/el-ayuntamiento-de-santa-pola-dotara-de-wifi-a-once-nuevas-instalaciones-municipales\/"},"author":{"name":"Jos\u00e9 Juan L\u00f3pez Lafuente","@id":"https:\/\/santapola.es\/ca\/#\/schema\/person\/ad1d67403707b58350c7be5e8dbc442d"},"headline":"El Ayuntamiento de Santa Pola dotar\u00e1 de wifi a once nuevas instalaciones municipales","datePublished":"2023-11-03T12:22:06+00:00","dateModified":"2026-04-27T11:34:42+00:00","mainEntityOfPage":{"@id":"https:\/\/santapola.es\/ca\/el-ayuntamiento-de-santa-pola-dotara-de-wifi-a-once-nuevas-instalaciones-municipales\/"},"wordCount":286,"image":{"@id":"https:\/\/santapola.es\/ca\/el-ayuntamiento-de-santa-pola-dotara-de-wifi-a-once-nuevas-instalaciones-municipales\/#primaryimage"},"thumbnailUrl":"https:\/\/santapola.es\/wp-content\/uploads\/2023\/12\/ayto-wifi.jpg","keywords":["Modernizaci\u00f3n","NextGenerationEU","PlandeRecuperaci\u00f3n","PRTR"],"articleSection":["C11.I3-PRTR","Inicio","Modernizaci\u00f3n","Next Generation EU","Plan de Recuperaci\u00f3n"],"inLanguage":"ca"},{"@type":"WebPage","@id":"https:\/\/santapola.es\/ca\/el-ayuntamiento-de-santa-pola-dotara-de-wifi-a-once-nuevas-instalaciones-municipales\/","url":"https:\/\/santapola.es\/ca\/el-ayuntamiento-de-santa-pola-dotara-de-wifi-a-once-nuevas-instalaciones-municipales\/","name":"El Ayuntamiento de Santa Pola dotar\u00e1 de wifi a once nuevas instalaciones municipales - Ajuntament de Santa Pola","isPartOf":{"@id":"https:\/\/santapola.es\/ca\/#website"},"primaryImageOfPage":{"@id":"https:\/\/santapola.es\/ca\/el-ayuntamiento-de-santa-pola-dotara-de-wifi-a-once-nuevas-instalaciones-municipales\/#primaryimage"},"image":{"@id":"https:\/\/santapola.es\/ca\/el-ayuntamiento-de-santa-pola-dotara-de-wifi-a-once-nuevas-instalaciones-municipales\/#primaryimage"},"thumbnailUrl":"https:\/\/santapola.es\/wp-content\/uploads\/2023\/12\/ayto-wifi.jpg","datePublished":"2023-11-03T12:22:06+00:00","dateModified":"2026-04-27T11:34:42+00:00","author":{"@id":"https:\/\/santapola.es\/ca\/#\/schema\/person\/ad1d67403707b58350c7be5e8dbc442d"},"breadcrumb":{"@id":"https:\/\/santapola.es\/ca\/el-ayuntamiento-de-santa-pola-dotara-de-wifi-a-once-nuevas-instalaciones-municipales\/#breadcrumb"},"inLanguage":"ca","potentialAction":[{"@type":"ReadAction","target":["https:\/\/santapola.es\/ca\/el-ayuntamiento-de-santa-pola-dotara-de-wifi-a-once-nuevas-instalaciones-municipales\/"]}]},{"@type":"ImageObject","inLanguage":"ca","@id":"https:\/\/santapola.es\/ca\/el-ayuntamiento-de-santa-pola-dotara-de-wifi-a-once-nuevas-instalaciones-municipales\/#primaryimage","url":"https:\/\/santapola.es\/wp-content\/uploads\/2023\/12\/ayto-wifi.jpg","contentUrl":"https:\/\/santapola.es\/wp-content\/uploads\/2023\/12\/ayto-wifi.jpg","width":768,"height":461},{"@type":"BreadcrumbList","@id":"https:\/\/santapola.es\/ca\/el-ayuntamiento-de-santa-pola-dotara-de-wifi-a-once-nuevas-instalaciones-municipales\/#breadcrumb","itemListElement":[{"@type":"ListItem","position":1,"name":"Inici","item":"https:\/\/santapola.es\/ca\/"},{"@type":"ListItem","position":2,"name":"El Ayuntamiento de Santa Pola dotar\u00e1 de wifi a once nuevas instalaciones municipales"}]},{"@type":"WebSite","@id":"https:\/\/santapola.es\/ca\/#website","url":"https:\/\/santapola.es\/ca\/","name":"Ayuntamiento de Santa Pola","description":"Web de l'Ajuntament de Santa Pola","potentialAction":[{"@type":"SearchAction","target":{"@type":"EntryPoint","urlTemplate":"https:\/\/santapola.es\/ca\/?s={search_term_string}"},"query-input":{"@type":"PropertyValueSpecification","valueRequired":true,"valueName":"search_term_string"}}],"inLanguage":"ca"},{"@type":"Person","@id":"https:\/\/santapola.es\/ca\/#\/schema\/person\/ad1d67403707b58350c7be5e8dbc442d","name":"Jos\u00e9 Juan L\u00f3pez Lafuente"}]}},"_links":{"self":[{"href":"https:\/\/santapola.es\/ca\/wp-json\/wp\/v2\/posts\/22708","targetHints":{"allow":["GET"]}}],"collection":[{"href":"https:\/\/santapola.es\/ca\/wp-json\/wp\/v2\/posts"}],"about":[{"href":"https:\/\/santapola.es\/ca\/wp-json\/wp\/v2\/types\/post"}],"author":[{"embeddable":true,"href":"https:\/\/santapola.es\/ca\/wp-json\/wp\/v2\/users\/96"}],"replies":[{"embeddable":true,"href":"https:\/\/santapola.es\/ca\/wp-json\/wp\/v2\/comments?post=22708"}],"version-history":[{"count":1,"href":"https:\/\/santapola.es\/ca\/wp-json\/wp\/v2\/posts\/22708\/revisions"}],"predecessor-version":[{"id":48588,"href":"https:\/\/santapola.es\/ca\/wp-json\/wp\/v2\/posts\/22708\/revisions\/48588"}],"wp:featuredmedia":[{"embeddable":true,"href":"https:\/\/santapola.es\/ca\/wp-json\/wp\/v2\/media\/22709"}],"wp:attachment":[{"href":"https:\/\/santapola.es\/ca\/wp-json\/wp\/v2\/media?parent=22708"}],"wp:term":[{"taxonomy":"category","embeddable":true,"href":"https:\/\/santapola.es\/ca\/wp-json\/wp\/v2\/categories?post=22708"},{"taxonomy":"post_tag","embeddable":true,"href":"https:\/\/santapola.es\/ca\/wp-json\/wp\/v2\/tags?post=22708"}],"curies":[{"name":"wp","href":"https:\/\/api.w.org\/{rel}","templated":true}]}}