{"id":22696,"date":"2023-10-31T09:41:29","date_gmt":"2023-10-31T08:41:29","guid":{"rendered":"https:\/\/www.desarrollo.santapola.es\/?p=22696"},"modified":"2024-03-07T18:42:11","modified_gmt":"2024-03-07T17:42:11","slug":"resumen-del-pleno-ordinario-de-octubre","status":"publish","type":"post","link":"https:\/\/santapola.es\/ca\/resumen-del-pleno-ordinario-de-octubre\/","title":{"rendered":"Resumen del pleno ordinario de octubre"},"content":{"rendered":"<p><strong>Se aprobaron entre otros puntos la adjudicaci\u00f3n del contrato de limpieza, la adhesi\u00f3n al Compromiso PACES y el plan director del BIC Picola. Las mociones presentadas por los grupos municipales ocuparon la mayor parte del tiempo y del debate en el pleno.<\/strong><\/p>\n<p>El pleno comenz\u00f3 con la lectura de la declaraci\u00f3n institucional con motivo del D\u00eda Internacional de la eliminaci\u00f3n de la violencia contra la mujer que suscribieron todos los grupos municipales. A continuaci\u00f3n se aprobaron por unanimidad varios puntos de tr\u00e1mite a nivel laboral y de correcci\u00f3n de errores.<\/p>\n<p>El punto m\u00e1s importante del orden del d\u00eda fue la adjudicaci\u00f3n del contrato del servicio municipal de recogida de residuos s\u00f3lidos urbanos, limpieza viaria, limpieza de playas y servicios complementarios a la empresa Urbaser para los pr\u00f3ximos 10 a\u00f1os, del que ya dimos cuenta en noticia aparte.<\/p>\n<p>Se aprob\u00f3 por mayor\u00eda el reconocimiento de la obligaci\u00f3n de pago de facturas del servicio de ayuda a domicilio entre mayo y agosto por importe de 213.000 euros. Tambi\u00e9n se aprob\u00f3 por unanimidad el plan de actuaci\u00f3n 2023 de la Agencia de Desarrollo Local y se dio cuenta del plan de actuaci\u00f3n de Calidad<\/p>\n<p><strong>Compromiso para reducir emisiones de CO2<\/strong><\/p>\n<p>Tambi\u00e9n por mayor\u00eda se aprob\u00f3 unirse al Compromiso PACES. Con la adhesi\u00f3n al pacto de las Alcald\u00edas por el Clima y la Energ\u00eda (PACES) las autoridades locales asumen el compromiso voluntario de reducir las emisiones de CO2 en un 40% antes de 2030, mejorar la eficiencia energ\u00e9tica, utilizar fuentes de energ\u00eda renovable en sus territorios y desarrollar medidas para adaptarse a las consecuencias del cambio clim\u00e1tico.<\/p>\n<p>Seg\u00fan la concejal Trini Ortiz \u201ctraemos al pleno el aumento del compromiso que ya ten\u00edamos con el PACES, para el equipo de gobierno el desarrollo sostenible es una prioridad para hacer frente al cambio clim\u00e1tico que ya sufrimos, nos indica medidas a seguir que vamos a ir adoptando y conseguir subvenciones porque el municipio no podr\u00eda asumir esas inversiones\u201d.<\/p>\n<p>Tambi\u00e9n a\u00f1adi\u00f3 la alcaldesa que \u201cya hemos empezado a implantar nuevos sistemas para combatir el cambio clim\u00e1tico, como los cauces de barrancos, alumbrado led, recogida de pluviales, techos solares y comunidades energ\u00e9ticas\u201d.<\/p>\n<p>PP, PSOE y M\u00e9s Santa Pola votaron a favor, los dos concejales de Vox en contra por no creer en los objetivos de desarrollo sostenible de la Agenda 2030.<\/p>\n<p>Fuera del orden del d\u00eda se someti\u00f3 a votaci\u00f3n y se aprob\u00f3 por unanimidad el plan director del BIC Picola, paso importante para poner en valor el yacimiento arqueol\u00f3gico y poder solicitar subvenciones a administraciones superiores.<\/p>\n<p><strong>Mociones<\/strong><\/p>\n<p>Pasando al cap\u00edtulo de mociones, el grupo socialista present\u00f3 una para fomentar la inclusi\u00f3n de ni\u00f1os y ni\u00f1as con S\u00edndrome de Asperger y Autismo que propone que en las ferias que se celebran en Santa Pola, como las de Navidad y Pascua, haya una hora sin ruidos estridentes ni m\u00fasica alta para \u201cla inclusi\u00f3n de las personas que sufren hipersensibilidad por trastorno del espectro auditivo (TEA), ser\u00edamos uno de los pocos municipios con esta iniciativa\u201d, explic\u00f3 el concejal Lorenzo Andreu. La alcaldesa propuso ampliar esta medida al resto de ferias y eventos en los que sea posible articularla y se aprob\u00f3 por unanimidad.<\/p>\n<p>M\u00e9s Santa Pola present\u00f3 una moci\u00f3n para garantizar el acceso a la vivienda en Santa Pola, que su portavoz Esteve Ruiz justific\u00f3 como \u201cuno de los problemas m\u00e1s graves, los alquileres son escasos y caros y la compra complicada\u201d, y expuso como el mayor problema \u201clos m\u00e1s de 1.500 apartamentos tur\u00edsticos que retiran oferta del mercado\u201d.<\/p>\n<p>La propuesta de M\u00e9s ped\u00eda, entre otros puntos, regular y poner l\u00edmite a los apartamentos tur\u00edsticos a trav\u00e9s del Plan General o establecer un recargo en el IBI a viviendas deshabitadas sin justificaci\u00f3n m\u00e1s de dos a\u00f1os.<\/p>\n<p>El grupo socialista estuvo \u201cbastante de acuerdo con la moci\u00f3n, aunque proponemos no impedir pero s\u00ed estudiar qu\u00e9 zonas est\u00e1n saturadas de apartamentos tur\u00edsticos\u201d. Vox, por su parte, mostr\u00f3 su rechazo por \u201cintervencionismo\u201d.<\/p>\n<p>Trini Ortiz, concejal de Urbanismo, declar\u00f3 que \u201cno vamos a apoyar la moci\u00f3n, no porque estemos en contra del derecho a la vivienda, al contrario, sino porque no estamos de acuerdo con el texto expositivo. Estar\u00edamos de acuerdo con una ley nacional que regule los apartamentos tur\u00edsticos, tambi\u00e9n con revisar el PGOU para limitar y regularlos. Debe haber una ley de vivienda nacional que proteja a los propietarios, no que los desproteja como pasa ahora, y el fomento de alquiler social m\u00e1s que la limitaci\u00f3n de los tur\u00edsticos\u201d.<\/p>\n<p>La alcaldesa Loreto Serrano defendi\u00f3 que \u201csiempre nos hemos quejado de que no hubiera plazas hoteleras en Santa Pola por los alquileres tur\u00edsticos, con la diferencia de que antes estaban sin legalizar y ahora s\u00ed lo est\u00e1n, aunque estamos de acuerdo en que se regulen. Hay puntos en lo que estamos a favor, pero no en la exposici\u00f3n de motivos, si se vota por separado podr\u00edamos apoyar algunos\u201d.<\/p>\n<p>M\u00e9s Santa Pola no acept\u00f3 esta opci\u00f3n acusando al equipo de gobierno de llevar a\u00f1os sin hacer nada, y la alcaldesa insisti\u00f3 en que \u201cComprom\u00eds ha tenido las competencias de vivienda en la Generalitat los \u00faltimos 8 a\u00f1os y no hab\u00e9is hecho nada, me he reunido muchas veces con ellos ofreci\u00e9ndoles suelo y no han hecho ning\u00fan caso\u201d.<\/p>\n<p>Finalmente se rechaz\u00f3 la moci\u00f3n con los votos a favor de PSOE y M\u00e9s Santa Pola, y en contra del grupo popular y Vox.<\/p>\n<p><strong>Condena de discursos de odio<\/strong><\/p>\n<p>El grupo socialista present\u00f3 moci\u00f3n \u201cpara condenar los discursos de odio contra la Uni\u00f3n Europea, la poblaci\u00f3n extranjera y determinadas sensibilidades pol\u00edticas\u201d, que el concejal David Fern\u00e1ndez personaliz\u00f3 en las declaraciones de Santiago Armesilla en su ponencia durante el Congreso de la Hispanidad celebrado en octubre en Santa Pola. Se solicit\u00f3 que \u201cno se le pague lo que corresponda de alojamiento, comida, etc., pedimos la condena de los actos a la alcaldesa y a la concejal de Cultura o si no que dimitan\u201d.<\/p>\n<p>Loreto Serrano acept\u00f3 que \u201cla responsable soy yo, me dirig\u00ed a \u00e9l y expres\u00e9 que no me pareci\u00f3 bien lo que dijo y le ped\u00ed que se disculpara p\u00fablicamente, tras lo cual me pidi\u00f3 disculpas a m\u00ed, a la corporaci\u00f3n y a toda persona a la que pudo da\u00f1ar su comentario. No estoy de acuerdo en absoluto en que hable de esta manera en unas jornadas y en ning\u00fan momento le aplaud\u00ed\u201d. Por contra, la alcaldesa valor\u00f3 \u201cla repercusi\u00f3n tan positiva que ha tenido el congreso para Santa Pola\u201d.<\/p>\n<p>Esteve Ruiz, portavoz de M\u00e9s Santa Pola, calific\u00f3 el evento como un \u201caquelarre facha\u201d y acus\u00f3 al equipo de gobierno de ser \u201ctremendamente ultras, casposos y rancios\u201d, recibiendo la respuesta de la alcaldesa recriminando sus palabras y pidiendo respeto.<\/p>\n<p>La portavoz de Vox, Mireia Moya, conden\u00f3 \u201cen\u00e9rgicamente las palabras \u201chijos de puta\u201d, respecto a todo lo dem\u00e1s la forma de expresi\u00f3n no es la m\u00e1s correcta pero no dice nada que no se haya dicho en otros foros que conocen el problema, optamos por el respeto y la libertad de expresi\u00f3n\u201d. Finalmente se rechaz\u00f3 la moci\u00f3n con los votos a favor de los grupos de izquierda y en contra de los de derecha.<\/p>\n<p>Tambi\u00e9n Vox present\u00f3 una moci\u00f3n para fomentar la incorporaci\u00f3n a la plantilla municipal de reservistas de especial disponibilidad del Ej\u00e9rcito, as\u00ed como a los militares profesionales que se encuentren en los \u00faltimos a\u00f1os de servicio. El PP present\u00f3 una enmienda que se aprob\u00f3 por unanimidad para hacer un estudio jur\u00eddico y econ\u00f3mico y, una vez analizado, volver a traerla a pleno.<\/p>\n<p>Fuera del orden del d\u00eda el grupo socialista present\u00f3 una moci\u00f3n conjunta con Vox y el grupo popular sobre el conflicto de Israel y Gaza en el que, entre otros aspectos, se condenaba los grav\u00edsimos ataques terroristas de Ham\u00e1s y se ped\u00eda un alto el fuego y que Israel respetara a la poblaci\u00f3n de Gaza. M\u00e9s Santa Pola se abstuvo porque \u201ccondenamos el ataque terrorista de Ham\u00e1s, pero en la moci\u00f3n no se condena de la misma forma los ataques de Israel\u201d, algo que los dem\u00e1s grupos no ve\u00edan de la misma forma.<\/p>\n<p>ENLACE A LA EMISI\u00d3N EN DIRECTO DEL PLENO<\/p>\n<p><iframe loading=\"lazy\" title=\"PLENO ORDINARIO AYTO SANTA POLA | 26 OCTUBRE 2023\" width=\"1080\" height=\"608\" src=\"https:\/\/www.youtube.com\/embed\/lRV2-Fd95SY?feature=oembed\"  allow=\"accelerometer; autoplay; clipboard-write; encrypted-media; gyroscope; picture-in-picture; web-share\" allowfullscreen><\/iframe><\/p>\n<p>&nbsp;<\/p>\n","protected":false},"excerpt":{"rendered":"<p>Se aprobaron entre otros puntos la adjudicaci\u00f3n del contrato de limpieza, la adhesi\u00f3n al Compromiso PACES y el plan director del BIC Picola. Las mociones presentadas por los grupos municipales ocuparon la mayor parte del tiempo y del debate en el pleno. El pleno comenz\u00f3 con la lectura de la declaraci\u00f3n institucional con motivo del [&hellip;]<\/p>\n","protected":false},"author":96,"featured_media":22697,"comment_status":"closed","ping_status":"closed","sticky":false,"template":"","format":"standard","meta":{"_et_pb_use_builder":"","_et_pb_old_content":"","_et_gb_content_width":"","footnotes":""},"categories":[66,100],"tags":[],"class_list":["post-22696","post","type-post","status-publish","format-standard","has-post-thumbnail","hentry","category-inicio","category-plenos"],"yoast_head":"<!-- This site is optimized with the Yoast SEO plugin v27.4 - https:\/\/yoast.com\/product\/yoast-seo-wordpress\/ -->\n<title>Resumen del pleno ordinario de octubre - Ajuntament de Santa Pola<\/title>\n<meta name=\"robots\" content=\"index, follow, max-snippet:-1, max-image-preview:large, max-video-preview:-1\" \/>\n<link rel=\"canonical\" href=\"https:\/\/santapola.es\/ca\/resumen-del-pleno-ordinario-de-octubre\/\" \/>\n<meta property=\"og:locale\" content=\"ca_ES\" \/>\n<meta property=\"og:type\" content=\"article\" \/>\n<meta property=\"og:title\" content=\"Resumen del pleno ordinario de octubre - Ajuntament de Santa Pola\" \/>\n<meta property=\"og:description\" content=\"Se aprobaron entre otros puntos la adjudicaci\u00f3n del contrato de limpieza, la adhesi\u00f3n al Compromiso PACES y el plan director del BIC Picola. Las mociones presentadas por los grupos municipales ocuparon la mayor parte del tiempo y del debate en el pleno. El pleno comenz\u00f3 con la lectura de la declaraci\u00f3n institucional con motivo del [&hellip;]\" \/>\n<meta property=\"og:url\" content=\"https:\/\/santapola.es\/ca\/resumen-del-pleno-ordinario-de-octubre\/\" \/>\n<meta property=\"og:site_name\" content=\"Ajuntament de Santa Pola\" \/>\n<meta property=\"article:publisher\" content=\"https:\/\/www.facebook.com\/AyuntamientoSantaPola\/\" \/>\n<meta property=\"article:published_time\" content=\"2023-10-31T08:41:29+00:00\" \/>\n<meta property=\"article:modified_time\" content=\"2024-03-07T17:42:11+00:00\" \/>\n<meta property=\"og:image\" content=\"https:\/\/santapola.es\/wp-content\/uploads\/2023\/12\/2023-10-30-18.37.49.jpg\" \/>\n\t<meta property=\"og:image:width\" content=\"1280\" \/>\n\t<meta property=\"og:image:height\" content=\"720\" \/>\n\t<meta property=\"og:image:type\" content=\"image\/jpeg\" \/>\n<meta name=\"author\" content=\"Jos\u00e9 Juan L\u00f3pez Lafuente\" \/>\n<meta name=\"twitter:card\" content=\"summary_large_image\" \/>\n<meta name=\"twitter:creator\" content=\"@SantaPolaAyunt\" \/>\n<meta name=\"twitter:site\" content=\"@SantaPolaAyunt\" \/>\n<script type=\"application\/ld+json\" class=\"yoast-schema-graph\">{\"@context\":\"https:\\\/\\\/schema.org\",\"@graph\":[{\"@type\":\"Article\",\"@id\":\"https:\\\/\\\/santapola.es\\\/ca\\\/resumen-del-pleno-ordinario-de-octubre\\\/#article\",\"isPartOf\":{\"@id\":\"https:\\\/\\\/santapola.es\\\/ca\\\/resumen-del-pleno-ordinario-de-octubre\\\/\"},\"author\":{\"name\":\"Jos\u00e9 Juan L\u00f3pez Lafuente\",\"@id\":\"https:\\\/\\\/santapola.es\\\/ca\\\/#\\\/schema\\\/person\\\/ad1d67403707b58350c7be5e8dbc442d\"},\"headline\":\"Resumen del pleno ordinario de octubre\",\"datePublished\":\"2023-10-31T08:41:29+00:00\",\"dateModified\":\"2024-03-07T17:42:11+00:00\",\"mainEntityOfPage\":{\"@id\":\"https:\\\/\\\/santapola.es\\\/ca\\\/resumen-del-pleno-ordinario-de-octubre\\\/\"},\"wordCount\":1470,\"image\":{\"@id\":\"https:\\\/\\\/santapola.es\\\/ca\\\/resumen-del-pleno-ordinario-de-octubre\\\/#primaryimage\"},\"thumbnailUrl\":\"https:\\\/\\\/santapola.es\\\/wp-content\\\/uploads\\\/2023\\\/12\\\/2023-10-30-18.37.49.jpg\",\"articleSection\":[\"Inicio\",\"Plenos\"],\"inLanguage\":\"ca\"},{\"@type\":\"WebPage\",\"@id\":\"https:\\\/\\\/santapola.es\\\/ca\\\/resumen-del-pleno-ordinario-de-octubre\\\/\",\"url\":\"https:\\\/\\\/santapola.es\\\/ca\\\/resumen-del-pleno-ordinario-de-octubre\\\/\",\"name\":\"Resumen del pleno ordinario de octubre - Ajuntament de Santa Pola\",\"isPartOf\":{\"@id\":\"https:\\\/\\\/santapola.es\\\/ca\\\/#website\"},\"primaryImageOfPage\":{\"@id\":\"https:\\\/\\\/santapola.es\\\/ca\\\/resumen-del-pleno-ordinario-de-octubre\\\/#primaryimage\"},\"image\":{\"@id\":\"https:\\\/\\\/santapola.es\\\/ca\\\/resumen-del-pleno-ordinario-de-octubre\\\/#primaryimage\"},\"thumbnailUrl\":\"https:\\\/\\\/santapola.es\\\/wp-content\\\/uploads\\\/2023\\\/12\\\/2023-10-30-18.37.49.jpg\",\"datePublished\":\"2023-10-31T08:41:29+00:00\",\"dateModified\":\"2024-03-07T17:42:11+00:00\",\"author\":{\"@id\":\"https:\\\/\\\/santapola.es\\\/ca\\\/#\\\/schema\\\/person\\\/ad1d67403707b58350c7be5e8dbc442d\"},\"breadcrumb\":{\"@id\":\"https:\\\/\\\/santapola.es\\\/ca\\\/resumen-del-pleno-ordinario-de-octubre\\\/#breadcrumb\"},\"inLanguage\":\"ca\",\"potentialAction\":[{\"@type\":\"ReadAction\",\"target\":[\"https:\\\/\\\/santapola.es\\\/ca\\\/resumen-del-pleno-ordinario-de-octubre\\\/\"]}]},{\"@type\":\"ImageObject\",\"inLanguage\":\"ca\",\"@id\":\"https:\\\/\\\/santapola.es\\\/ca\\\/resumen-del-pleno-ordinario-de-octubre\\\/#primaryimage\",\"url\":\"https:\\\/\\\/santapola.es\\\/wp-content\\\/uploads\\\/2023\\\/12\\\/2023-10-30-18.37.49.jpg\",\"contentUrl\":\"https:\\\/\\\/santapola.es\\\/wp-content\\\/uploads\\\/2023\\\/12\\\/2023-10-30-18.37.49.jpg\",\"width\":1280,\"height\":720},{\"@type\":\"BreadcrumbList\",\"@id\":\"https:\\\/\\\/santapola.es\\\/ca\\\/resumen-del-pleno-ordinario-de-octubre\\\/#breadcrumb\",\"itemListElement\":[{\"@type\":\"ListItem\",\"position\":1,\"name\":\"Inici\",\"item\":\"https:\\\/\\\/santapola.es\\\/ca\\\/\"},{\"@type\":\"ListItem\",\"position\":2,\"name\":\"Resumen del pleno ordinario de octubre\"}]},{\"@type\":\"WebSite\",\"@id\":\"https:\\\/\\\/santapola.es\\\/ca\\\/#website\",\"url\":\"https:\\\/\\\/santapola.es\\\/ca\\\/\",\"name\":\"Ayuntamiento de Santa Pola\",\"description\":\"Web de l'Ajuntament de Santa Pola\",\"potentialAction\":[{\"@type\":\"SearchAction\",\"target\":{\"@type\":\"EntryPoint\",\"urlTemplate\":\"https:\\\/\\\/santapola.es\\\/ca\\\/?s={search_term_string}\"},\"query-input\":{\"@type\":\"PropertyValueSpecification\",\"valueRequired\":true,\"valueName\":\"search_term_string\"}}],\"inLanguage\":\"ca\"},{\"@type\":\"Person\",\"@id\":\"https:\\\/\\\/santapola.es\\\/ca\\\/#\\\/schema\\\/person\\\/ad1d67403707b58350c7be5e8dbc442d\",\"name\":\"Jos\u00e9 Juan L\u00f3pez Lafuente\"}]}<\/script>\n<!-- \/ Yoast SEO plugin. -->","yoast_head_json":{"title":"Resumen del pleno ordinario de octubre - Ajuntament de Santa Pola","robots":{"index":"index","follow":"follow","max-snippet":"max-snippet:-1","max-image-preview":"max-image-preview:large","max-video-preview":"max-video-preview:-1"},"canonical":"https:\/\/santapola.es\/ca\/resumen-del-pleno-ordinario-de-octubre\/","og_locale":"ca_ES","og_type":"article","og_title":"Resumen del pleno ordinario de octubre - Ajuntament de Santa Pola","og_description":"Se aprobaron entre otros puntos la adjudicaci\u00f3n del contrato de limpieza, la adhesi\u00f3n al Compromiso PACES y el plan director del BIC Picola. Las mociones presentadas por los grupos municipales ocuparon la mayor parte del tiempo y del debate en el pleno. El pleno comenz\u00f3 con la lectura de la declaraci\u00f3n institucional con motivo del [&hellip;]","og_url":"https:\/\/santapola.es\/ca\/resumen-del-pleno-ordinario-de-octubre\/","og_site_name":"Ajuntament de Santa Pola","article_publisher":"https:\/\/www.facebook.com\/AyuntamientoSantaPola\/","article_published_time":"2023-10-31T08:41:29+00:00","article_modified_time":"2024-03-07T17:42:11+00:00","og_image":[{"width":1280,"height":720,"url":"https:\/\/santapola.es\/wp-content\/uploads\/2023\/12\/2023-10-30-18.37.49.jpg","type":"image\/jpeg"}],"author":"Jos\u00e9 Juan L\u00f3pez Lafuente","twitter_card":"summary_large_image","twitter_creator":"@SantaPolaAyunt","twitter_site":"@SantaPolaAyunt","schema":{"@context":"https:\/\/schema.org","@graph":[{"@type":"Article","@id":"https:\/\/santapola.es\/ca\/resumen-del-pleno-ordinario-de-octubre\/#article","isPartOf":{"@id":"https:\/\/santapola.es\/ca\/resumen-del-pleno-ordinario-de-octubre\/"},"author":{"name":"Jos\u00e9 Juan L\u00f3pez Lafuente","@id":"https:\/\/santapola.es\/ca\/#\/schema\/person\/ad1d67403707b58350c7be5e8dbc442d"},"headline":"Resumen del pleno ordinario de octubre","datePublished":"2023-10-31T08:41:29+00:00","dateModified":"2024-03-07T17:42:11+00:00","mainEntityOfPage":{"@id":"https:\/\/santapola.es\/ca\/resumen-del-pleno-ordinario-de-octubre\/"},"wordCount":1470,"image":{"@id":"https:\/\/santapola.es\/ca\/resumen-del-pleno-ordinario-de-octubre\/#primaryimage"},"thumbnailUrl":"https:\/\/santapola.es\/wp-content\/uploads\/2023\/12\/2023-10-30-18.37.49.jpg","articleSection":["Inicio","Plenos"],"inLanguage":"ca"},{"@type":"WebPage","@id":"https:\/\/santapola.es\/ca\/resumen-del-pleno-ordinario-de-octubre\/","url":"https:\/\/santapola.es\/ca\/resumen-del-pleno-ordinario-de-octubre\/","name":"Resumen del pleno ordinario de octubre - Ajuntament de Santa Pola","isPartOf":{"@id":"https:\/\/santapola.es\/ca\/#website"},"primaryImageOfPage":{"@id":"https:\/\/santapola.es\/ca\/resumen-del-pleno-ordinario-de-octubre\/#primaryimage"},"image":{"@id":"https:\/\/santapola.es\/ca\/resumen-del-pleno-ordinario-de-octubre\/#primaryimage"},"thumbnailUrl":"https:\/\/santapola.es\/wp-content\/uploads\/2023\/12\/2023-10-30-18.37.49.jpg","datePublished":"2023-10-31T08:41:29+00:00","dateModified":"2024-03-07T17:42:11+00:00","author":{"@id":"https:\/\/santapola.es\/ca\/#\/schema\/person\/ad1d67403707b58350c7be5e8dbc442d"},"breadcrumb":{"@id":"https:\/\/santapola.es\/ca\/resumen-del-pleno-ordinario-de-octubre\/#breadcrumb"},"inLanguage":"ca","potentialAction":[{"@type":"ReadAction","target":["https:\/\/santapola.es\/ca\/resumen-del-pleno-ordinario-de-octubre\/"]}]},{"@type":"ImageObject","inLanguage":"ca","@id":"https:\/\/santapola.es\/ca\/resumen-del-pleno-ordinario-de-octubre\/#primaryimage","url":"https:\/\/santapola.es\/wp-content\/uploads\/2023\/12\/2023-10-30-18.37.49.jpg","contentUrl":"https:\/\/santapola.es\/wp-content\/uploads\/2023\/12\/2023-10-30-18.37.49.jpg","width":1280,"height":720},{"@type":"BreadcrumbList","@id":"https:\/\/santapola.es\/ca\/resumen-del-pleno-ordinario-de-octubre\/#breadcrumb","itemListElement":[{"@type":"ListItem","position":1,"name":"Inici","item":"https:\/\/santapola.es\/ca\/"},{"@type":"ListItem","position":2,"name":"Resumen del pleno ordinario de octubre"}]},{"@type":"WebSite","@id":"https:\/\/santapola.es\/ca\/#website","url":"https:\/\/santapola.es\/ca\/","name":"Ayuntamiento de Santa Pola","description":"Web de l'Ajuntament de Santa Pola","potentialAction":[{"@type":"SearchAction","target":{"@type":"EntryPoint","urlTemplate":"https:\/\/santapola.es\/ca\/?s={search_term_string}"},"query-input":{"@type":"PropertyValueSpecification","valueRequired":true,"valueName":"search_term_string"}}],"inLanguage":"ca"},{"@type":"Person","@id":"https:\/\/santapola.es\/ca\/#\/schema\/person\/ad1d67403707b58350c7be5e8dbc442d","name":"Jos\u00e9 Juan L\u00f3pez Lafuente"}]}},"_links":{"self":[{"href":"https:\/\/santapola.es\/ca\/wp-json\/wp\/v2\/posts\/22696","targetHints":{"allow":["GET"]}}],"collection":[{"href":"https:\/\/santapola.es\/ca\/wp-json\/wp\/v2\/posts"}],"about":[{"href":"https:\/\/santapola.es\/ca\/wp-json\/wp\/v2\/types\/post"}],"author":[{"embeddable":true,"href":"https:\/\/santapola.es\/ca\/wp-json\/wp\/v2\/users\/96"}],"replies":[{"embeddable":true,"href":"https:\/\/santapola.es\/ca\/wp-json\/wp\/v2\/comments?post=22696"}],"version-history":[{"count":0,"href":"https:\/\/santapola.es\/ca\/wp-json\/wp\/v2\/posts\/22696\/revisions"}],"wp:featuredmedia":[{"embeddable":true,"href":"https:\/\/santapola.es\/ca\/wp-json\/wp\/v2\/media\/22697"}],"wp:attachment":[{"href":"https:\/\/santapola.es\/ca\/wp-json\/wp\/v2\/media?parent=22696"}],"wp:term":[{"taxonomy":"category","embeddable":true,"href":"https:\/\/santapola.es\/ca\/wp-json\/wp\/v2\/categories?post=22696"},{"taxonomy":"post_tag","embeddable":true,"href":"https:\/\/santapola.es\/ca\/wp-json\/wp\/v2\/tags?post=22696"}],"curies":[{"name":"wp","href":"https:\/\/api.w.org\/{rel}","templated":true}]}}