{"id":22666,"date":"2023-10-27T11:22:51","date_gmt":"2023-10-27T09:22:51","guid":{"rendered":"https:\/\/www.desarrollo.santapola.es\/?p=22666"},"modified":"2024-03-07T18:42:07","modified_gmt":"2024-03-07T17:42:07","slug":"el-lunes-comienzan-las-obras-del-nuevo-parque-infantil-inclusivo-del-palmeral","status":"publish","type":"post","link":"https:\/\/santapola.es\/ca\/el-lunes-comienzan-las-obras-del-nuevo-parque-infantil-inclusivo-del-palmeral\/","title":{"rendered":"El lunes comienzan las obras del nuevo parque infantil inclusivo del Palmeral"},"content":{"rendered":"<p><strong>El Ayuntamiento de Santa Pola iniciar\u00e1 el pr\u00f3ximo lunes 30 de octubre las obras del nuevo parque de juegos infantiles inclusivo en el Parque El Palmeral, cuyo acceso por la calle Ram\u00f3n y Cajal quedar\u00e1 cerrado hasta que finalicen los trabajos.<\/strong><\/p>\n<p>El parque de juegos infantiles inclusivo comenzar\u00e1 a ejecutarse este pr\u00f3ximo lunes en una superficie de 183 m2 y con un presupuesto de 44.288 euros. Las obras tienen un plazo de 5 semanas y durante este tiempo permanecer\u00e1 esta zona del Palmeral cerrada al p\u00fablico, del mismo modo que se clausurar\u00e1 el acceso peatonal al parque desde la calle Ram\u00f3n y Cajal.<\/p>\n","protected":false},"excerpt":{"rendered":"<p>El Ayuntamiento de Santa Pola iniciar\u00e1 el pr\u00f3ximo lunes 30 de octubre las obras del nuevo parque de juegos infantiles inclusivo en el Parque El Palmeral, cuyo acceso por la calle Ram\u00f3n y Cajal quedar\u00e1 cerrado hasta que finalicen los trabajos. El parque de juegos infantiles inclusivo comenzar\u00e1 a ejecutarse este pr\u00f3ximo lunes en una [&hellip;]<\/p>\n","protected":false},"author":96,"featured_media":22667,"comment_status":"closed","ping_status":"closed","sticky":false,"template":"","format":"standard","meta":{"_et_pb_use_builder":"","_et_pb_old_content":"","_et_gb_content_width":"","footnotes":""},"categories":[121,66,261],"tags":[280],"class_list":["post-22666","post","type-post","status-publish","format-standard","has-post-thumbnail","hentry","category-infraestructuras","category-inicio","category-parques-y-jardines","tag-parque-el-palmeral"],"yoast_head":"<!-- This site is optimized with the Yoast SEO plugin v27.4 - https:\/\/yoast.com\/product\/yoast-seo-wordpress\/ -->\n<title>El lunes comienzan las obras del nuevo parque infantil inclusivo del Palmeral - Ajuntament de Santa Pola<\/title>\n<meta name=\"robots\" content=\"index, follow, max-snippet:-1, max-image-preview:large, max-video-preview:-1\" \/>\n<link rel=\"canonical\" href=\"https:\/\/santapola.es\/ca\/el-lunes-comienzan-las-obras-del-nuevo-parque-infantil-inclusivo-del-palmeral\/\" \/>\n<meta property=\"og:locale\" content=\"ca_ES\" \/>\n<meta property=\"og:type\" content=\"article\" \/>\n<meta property=\"og:title\" content=\"El lunes comienzan las obras del nuevo parque infantil inclusivo del Palmeral - Ajuntament de Santa Pola\" \/>\n<meta property=\"og:description\" content=\"El Ayuntamiento de Santa Pola iniciar\u00e1 el pr\u00f3ximo lunes 30 de octubre las obras del nuevo parque de juegos infantiles inclusivo en el Parque El Palmeral, cuyo acceso por la calle Ram\u00f3n y Cajal quedar\u00e1 cerrado hasta que finalicen los trabajos. El parque de juegos infantiles inclusivo comenzar\u00e1 a ejecutarse este pr\u00f3ximo lunes en una [&hellip;]\" \/>\n<meta property=\"og:url\" content=\"https:\/\/santapola.es\/ca\/el-lunes-comienzan-las-obras-del-nuevo-parque-infantil-inclusivo-del-palmeral\/\" \/>\n<meta property=\"og:site_name\" content=\"Ajuntament de Santa Pola\" \/>\n<meta property=\"article:publisher\" content=\"https:\/\/www.facebook.com\/AyuntamientoSantaPola\/\" \/>\n<meta property=\"article:published_time\" content=\"2023-10-27T09:22:51+00:00\" \/>\n<meta property=\"article:modified_time\" content=\"2024-03-07T17:42:07+00:00\" \/>\n<meta property=\"og:image\" content=\"https:\/\/santapola.es\/wp-content\/uploads\/2023\/12\/2023-10-27-parque-infantil-Palmeral.jpg\" \/>\n\t<meta property=\"og:image:width\" content=\"1106\" \/>\n\t<meta property=\"og:image:height\" content=\"729\" \/>\n\t<meta property=\"og:image:type\" content=\"image\/jpeg\" \/>\n<meta name=\"author\" content=\"Jos\u00e9 Juan L\u00f3pez Lafuente\" \/>\n<meta name=\"twitter:card\" content=\"summary_large_image\" \/>\n<meta name=\"twitter:creator\" content=\"@SantaPolaAyunt\" \/>\n<meta name=\"twitter:site\" content=\"@SantaPolaAyunt\" \/>\n<script type=\"application\/ld+json\" class=\"yoast-schema-graph\">{\"@context\":\"https:\\\/\\\/schema.org\",\"@graph\":[{\"@type\":\"Article\",\"@id\":\"https:\\\/\\\/santapola.es\\\/ca\\\/el-lunes-comienzan-las-obras-del-nuevo-parque-infantil-inclusivo-del-palmeral\\\/#article\",\"isPartOf\":{\"@id\":\"https:\\\/\\\/santapola.es\\\/ca\\\/el-lunes-comienzan-las-obras-del-nuevo-parque-infantil-inclusivo-del-palmeral\\\/\"},\"author\":{\"name\":\"Jos\u00e9 Juan L\u00f3pez Lafuente\",\"@id\":\"https:\\\/\\\/santapola.es\\\/ca\\\/#\\\/schema\\\/person\\\/ad1d67403707b58350c7be5e8dbc442d\"},\"headline\":\"El lunes comienzan las obras del nuevo parque infantil inclusivo del Palmeral\",\"datePublished\":\"2023-10-27T09:22:51+00:00\",\"dateModified\":\"2024-03-07T17:42:07+00:00\",\"mainEntityOfPage\":{\"@id\":\"https:\\\/\\\/santapola.es\\\/ca\\\/el-lunes-comienzan-las-obras-del-nuevo-parque-infantil-inclusivo-del-palmeral\\\/\"},\"wordCount\":116,\"image\":{\"@id\":\"https:\\\/\\\/santapola.es\\\/ca\\\/el-lunes-comienzan-las-obras-del-nuevo-parque-infantil-inclusivo-del-palmeral\\\/#primaryimage\"},\"thumbnailUrl\":\"https:\\\/\\\/santapola.es\\\/wp-content\\\/uploads\\\/2023\\\/12\\\/2023-10-27-parque-infantil-Palmeral.jpg\",\"keywords\":[\"Parque El Palmeral\"],\"articleSection\":[\"Infraestructuras\",\"Inicio\",\"Parques y Jardines\"],\"inLanguage\":\"ca\"},{\"@type\":\"WebPage\",\"@id\":\"https:\\\/\\\/santapola.es\\\/ca\\\/el-lunes-comienzan-las-obras-del-nuevo-parque-infantil-inclusivo-del-palmeral\\\/\",\"url\":\"https:\\\/\\\/santapola.es\\\/ca\\\/el-lunes-comienzan-las-obras-del-nuevo-parque-infantil-inclusivo-del-palmeral\\\/\",\"name\":\"El lunes comienzan las obras del nuevo parque infantil inclusivo del Palmeral - Ajuntament de Santa Pola\",\"isPartOf\":{\"@id\":\"https:\\\/\\\/santapola.es\\\/ca\\\/#website\"},\"primaryImageOfPage\":{\"@id\":\"https:\\\/\\\/santapola.es\\\/ca\\\/el-lunes-comienzan-las-obras-del-nuevo-parque-infantil-inclusivo-del-palmeral\\\/#primaryimage\"},\"image\":{\"@id\":\"https:\\\/\\\/santapola.es\\\/ca\\\/el-lunes-comienzan-las-obras-del-nuevo-parque-infantil-inclusivo-del-palmeral\\\/#primaryimage\"},\"thumbnailUrl\":\"https:\\\/\\\/santapola.es\\\/wp-content\\\/uploads\\\/2023\\\/12\\\/2023-10-27-parque-infantil-Palmeral.jpg\",\"datePublished\":\"2023-10-27T09:22:51+00:00\",\"dateModified\":\"2024-03-07T17:42:07+00:00\",\"author\":{\"@id\":\"https:\\\/\\\/santapola.es\\\/ca\\\/#\\\/schema\\\/person\\\/ad1d67403707b58350c7be5e8dbc442d\"},\"breadcrumb\":{\"@id\":\"https:\\\/\\\/santapola.es\\\/ca\\\/el-lunes-comienzan-las-obras-del-nuevo-parque-infantil-inclusivo-del-palmeral\\\/#breadcrumb\"},\"inLanguage\":\"ca\",\"potentialAction\":[{\"@type\":\"ReadAction\",\"target\":[\"https:\\\/\\\/santapola.es\\\/ca\\\/el-lunes-comienzan-las-obras-del-nuevo-parque-infantil-inclusivo-del-palmeral\\\/\"]}]},{\"@type\":\"ImageObject\",\"inLanguage\":\"ca\",\"@id\":\"https:\\\/\\\/santapola.es\\\/ca\\\/el-lunes-comienzan-las-obras-del-nuevo-parque-infantil-inclusivo-del-palmeral\\\/#primaryimage\",\"url\":\"https:\\\/\\\/santapola.es\\\/wp-content\\\/uploads\\\/2023\\\/12\\\/2023-10-27-parque-infantil-Palmeral.jpg\",\"contentUrl\":\"https:\\\/\\\/santapola.es\\\/wp-content\\\/uploads\\\/2023\\\/12\\\/2023-10-27-parque-infantil-Palmeral.jpg\",\"width\":1106,\"height\":729},{\"@type\":\"BreadcrumbList\",\"@id\":\"https:\\\/\\\/santapola.es\\\/ca\\\/el-lunes-comienzan-las-obras-del-nuevo-parque-infantil-inclusivo-del-palmeral\\\/#breadcrumb\",\"itemListElement\":[{\"@type\":\"ListItem\",\"position\":1,\"name\":\"Inici\",\"item\":\"https:\\\/\\\/santapola.es\\\/ca\\\/\"},{\"@type\":\"ListItem\",\"position\":2,\"name\":\"El lunes comienzan las obras del nuevo parque infantil inclusivo del Palmeral\"}]},{\"@type\":\"WebSite\",\"@id\":\"https:\\\/\\\/santapola.es\\\/ca\\\/#website\",\"url\":\"https:\\\/\\\/santapola.es\\\/ca\\\/\",\"name\":\"Ayuntamiento de Santa Pola\",\"description\":\"Web de l'Ajuntament de Santa Pola\",\"potentialAction\":[{\"@type\":\"SearchAction\",\"target\":{\"@type\":\"EntryPoint\",\"urlTemplate\":\"https:\\\/\\\/santapola.es\\\/ca\\\/?s={search_term_string}\"},\"query-input\":{\"@type\":\"PropertyValueSpecification\",\"valueRequired\":true,\"valueName\":\"search_term_string\"}}],\"inLanguage\":\"ca\"},{\"@type\":\"Person\",\"@id\":\"https:\\\/\\\/santapola.es\\\/ca\\\/#\\\/schema\\\/person\\\/ad1d67403707b58350c7be5e8dbc442d\",\"name\":\"Jos\u00e9 Juan L\u00f3pez Lafuente\"}]}<\/script>\n<!-- \/ Yoast SEO plugin. -->","yoast_head_json":{"title":"El lunes comienzan las obras del nuevo parque infantil inclusivo del Palmeral - Ajuntament de Santa Pola","robots":{"index":"index","follow":"follow","max-snippet":"max-snippet:-1","max-image-preview":"max-image-preview:large","max-video-preview":"max-video-preview:-1"},"canonical":"https:\/\/santapola.es\/ca\/el-lunes-comienzan-las-obras-del-nuevo-parque-infantil-inclusivo-del-palmeral\/","og_locale":"ca_ES","og_type":"article","og_title":"El lunes comienzan las obras del nuevo parque infantil inclusivo del Palmeral - Ajuntament de Santa Pola","og_description":"El Ayuntamiento de Santa Pola iniciar\u00e1 el pr\u00f3ximo lunes 30 de octubre las obras del nuevo parque de juegos infantiles inclusivo en el Parque El Palmeral, cuyo acceso por la calle Ram\u00f3n y Cajal quedar\u00e1 cerrado hasta que finalicen los trabajos. El parque de juegos infantiles inclusivo comenzar\u00e1 a ejecutarse este pr\u00f3ximo lunes en una [&hellip;]","og_url":"https:\/\/santapola.es\/ca\/el-lunes-comienzan-las-obras-del-nuevo-parque-infantil-inclusivo-del-palmeral\/","og_site_name":"Ajuntament de Santa Pola","article_publisher":"https:\/\/www.facebook.com\/AyuntamientoSantaPola\/","article_published_time":"2023-10-27T09:22:51+00:00","article_modified_time":"2024-03-07T17:42:07+00:00","og_image":[{"width":1106,"height":729,"url":"https:\/\/santapola.es\/wp-content\/uploads\/2023\/12\/2023-10-27-parque-infantil-Palmeral.jpg","type":"image\/jpeg"}],"author":"Jos\u00e9 Juan L\u00f3pez Lafuente","twitter_card":"summary_large_image","twitter_creator":"@SantaPolaAyunt","twitter_site":"@SantaPolaAyunt","schema":{"@context":"https:\/\/schema.org","@graph":[{"@type":"Article","@id":"https:\/\/santapola.es\/ca\/el-lunes-comienzan-las-obras-del-nuevo-parque-infantil-inclusivo-del-palmeral\/#article","isPartOf":{"@id":"https:\/\/santapola.es\/ca\/el-lunes-comienzan-las-obras-del-nuevo-parque-infantil-inclusivo-del-palmeral\/"},"author":{"name":"Jos\u00e9 Juan L\u00f3pez Lafuente","@id":"https:\/\/santapola.es\/ca\/#\/schema\/person\/ad1d67403707b58350c7be5e8dbc442d"},"headline":"El lunes comienzan las obras del nuevo parque infantil inclusivo del Palmeral","datePublished":"2023-10-27T09:22:51+00:00","dateModified":"2024-03-07T17:42:07+00:00","mainEntityOfPage":{"@id":"https:\/\/santapola.es\/ca\/el-lunes-comienzan-las-obras-del-nuevo-parque-infantil-inclusivo-del-palmeral\/"},"wordCount":116,"image":{"@id":"https:\/\/santapola.es\/ca\/el-lunes-comienzan-las-obras-del-nuevo-parque-infantil-inclusivo-del-palmeral\/#primaryimage"},"thumbnailUrl":"https:\/\/santapola.es\/wp-content\/uploads\/2023\/12\/2023-10-27-parque-infantil-Palmeral.jpg","keywords":["Parque El Palmeral"],"articleSection":["Infraestructuras","Inicio","Parques y Jardines"],"inLanguage":"ca"},{"@type":"WebPage","@id":"https:\/\/santapola.es\/ca\/el-lunes-comienzan-las-obras-del-nuevo-parque-infantil-inclusivo-del-palmeral\/","url":"https:\/\/santapola.es\/ca\/el-lunes-comienzan-las-obras-del-nuevo-parque-infantil-inclusivo-del-palmeral\/","name":"El lunes comienzan las obras del nuevo parque infantil inclusivo del Palmeral - Ajuntament de Santa Pola","isPartOf":{"@id":"https:\/\/santapola.es\/ca\/#website"},"primaryImageOfPage":{"@id":"https:\/\/santapola.es\/ca\/el-lunes-comienzan-las-obras-del-nuevo-parque-infantil-inclusivo-del-palmeral\/#primaryimage"},"image":{"@id":"https:\/\/santapola.es\/ca\/el-lunes-comienzan-las-obras-del-nuevo-parque-infantil-inclusivo-del-palmeral\/#primaryimage"},"thumbnailUrl":"https:\/\/santapola.es\/wp-content\/uploads\/2023\/12\/2023-10-27-parque-infantil-Palmeral.jpg","datePublished":"2023-10-27T09:22:51+00:00","dateModified":"2024-03-07T17:42:07+00:00","author":{"@id":"https:\/\/santapola.es\/ca\/#\/schema\/person\/ad1d67403707b58350c7be5e8dbc442d"},"breadcrumb":{"@id":"https:\/\/santapola.es\/ca\/el-lunes-comienzan-las-obras-del-nuevo-parque-infantil-inclusivo-del-palmeral\/#breadcrumb"},"inLanguage":"ca","potentialAction":[{"@type":"ReadAction","target":["https:\/\/santapola.es\/ca\/el-lunes-comienzan-las-obras-del-nuevo-parque-infantil-inclusivo-del-palmeral\/"]}]},{"@type":"ImageObject","inLanguage":"ca","@id":"https:\/\/santapola.es\/ca\/el-lunes-comienzan-las-obras-del-nuevo-parque-infantil-inclusivo-del-palmeral\/#primaryimage","url":"https:\/\/santapola.es\/wp-content\/uploads\/2023\/12\/2023-10-27-parque-infantil-Palmeral.jpg","contentUrl":"https:\/\/santapola.es\/wp-content\/uploads\/2023\/12\/2023-10-27-parque-infantil-Palmeral.jpg","width":1106,"height":729},{"@type":"BreadcrumbList","@id":"https:\/\/santapola.es\/ca\/el-lunes-comienzan-las-obras-del-nuevo-parque-infantil-inclusivo-del-palmeral\/#breadcrumb","itemListElement":[{"@type":"ListItem","position":1,"name":"Inici","item":"https:\/\/santapola.es\/ca\/"},{"@type":"ListItem","position":2,"name":"El lunes comienzan las obras del nuevo parque infantil inclusivo del Palmeral"}]},{"@type":"WebSite","@id":"https:\/\/santapola.es\/ca\/#website","url":"https:\/\/santapola.es\/ca\/","name":"Ayuntamiento de Santa Pola","description":"Web de l'Ajuntament de Santa Pola","potentialAction":[{"@type":"SearchAction","target":{"@type":"EntryPoint","urlTemplate":"https:\/\/santapola.es\/ca\/?s={search_term_string}"},"query-input":{"@type":"PropertyValueSpecification","valueRequired":true,"valueName":"search_term_string"}}],"inLanguage":"ca"},{"@type":"Person","@id":"https:\/\/santapola.es\/ca\/#\/schema\/person\/ad1d67403707b58350c7be5e8dbc442d","name":"Jos\u00e9 Juan L\u00f3pez Lafuente"}]}},"_links":{"self":[{"href":"https:\/\/santapola.es\/ca\/wp-json\/wp\/v2\/posts\/22666","targetHints":{"allow":["GET"]}}],"collection":[{"href":"https:\/\/santapola.es\/ca\/wp-json\/wp\/v2\/posts"}],"about":[{"href":"https:\/\/santapola.es\/ca\/wp-json\/wp\/v2\/types\/post"}],"author":[{"embeddable":true,"href":"https:\/\/santapola.es\/ca\/wp-json\/wp\/v2\/users\/96"}],"replies":[{"embeddable":true,"href":"https:\/\/santapola.es\/ca\/wp-json\/wp\/v2\/comments?post=22666"}],"version-history":[{"count":0,"href":"https:\/\/santapola.es\/ca\/wp-json\/wp\/v2\/posts\/22666\/revisions"}],"wp:featuredmedia":[{"embeddable":true,"href":"https:\/\/santapola.es\/ca\/wp-json\/wp\/v2\/media\/22667"}],"wp:attachment":[{"href":"https:\/\/santapola.es\/ca\/wp-json\/wp\/v2\/media?parent=22666"}],"wp:term":[{"taxonomy":"category","embeddable":true,"href":"https:\/\/santapola.es\/ca\/wp-json\/wp\/v2\/categories?post=22666"},{"taxonomy":"post_tag","embeddable":true,"href":"https:\/\/santapola.es\/ca\/wp-json\/wp\/v2\/tags?post=22666"}],"curies":[{"name":"wp","href":"https:\/\/api.w.org\/{rel}","templated":true}]}}