{"id":22639,"date":"2023-10-18T14:27:37","date_gmt":"2023-10-18T12:27:37","guid":{"rendered":"https:\/\/www.desarrollo.santapola.es\/?p=22639"},"modified":"2024-03-07T18:42:04","modified_gmt":"2024-03-07T17:42:04","slug":"leonor-hochschild-presenta-en-santa-pola-la-exposicion-gestos-en-la-materia","status":"publish","type":"post","link":"https:\/\/santapola.es\/ca\/leonor-hochschild-presenta-en-santa-pola-la-exposicion-gestos-en-la-materia\/","title":{"rendered":"Leonor Hochschild presenta en Santa Pola la exposici\u00f3n \u201cGestos en la Materia\u201d"},"content":{"rendered":"<p><strong>La obra de la artista mexicana Leonor Hochschild permanecer\u00e1 expuesta en el ala sur del Museo del Mar desde el 20 de octubre hasta el 30 de noviembre.\u00a0<\/strong><\/p>\n<p>&#8220;Gestos en la Materia&#8221; es la expresiva creaci\u00f3n de Leonor Hochschild que ahora se presenta en el ala sur del Museo del Mar y que se inaugurar\u00e1 este viernes 20 de octubre a las 19:00 horas. La exposici\u00f3n nos transporta por el universo de la pintura mat\u00e9rica vista a trav\u00e9s de una lente contempor\u00e1nea que respeta y celebra a los pioneros de este movimiento. Esta corriente art\u00edstica, profundamente arraigada en el Informalismo de finales de los a\u00f1os 40 y principios de los 50 en Europa, surgi\u00f3 en un momento de fervor y transformaci\u00f3n, redefiniendo la conceptualizaci\u00f3n del arte.<\/p>\n<p>El sello distintivo de esta corriente es su abstracci\u00f3n, llevada a cabo con materiales que desaf\u00edan las tradiciones. Este enfoque da a cada obra una identidad inconfundible, creando un juego visual entre \u00e1reas densamente texturizadas y espacios m\u00e1s austeros. La pintura mat\u00e9rica, en su apasionado \u00e9nfasis en la materia y textura, se revela como una extensi\u00f3n y reinterpretaci\u00f3n del arte abstracto, trascendiendo la mera representaci\u00f3n y explorando dimensiones t\u00e1ctiles y tridimensionales.<\/p>\n<p>La obra de Leonor se sit\u00faa firmemente dentro de este estilo, asumiendo sus c\u00f3digos crom\u00e1ticos, la deliberada omisi\u00f3n de perspectiva y el equilibrio entre la materia y el vac\u00edo. En su estudio, Hochschild dialoga con una variedad de elementos y medios, ofreci\u00e9ndonos una ventana a la tensi\u00f3n y alquimia entre pinturas acr\u00edlicas y oleosas. A esta paleta, a\u00f1ade materiales que enriquecen y consolidan la cohesi\u00f3n y el impacto de cada pieza expuesta.<\/p>\n<p>M\u00e1s all\u00e1 de la pintura, su curiosidad como artista la lleva hacia el dominio de la cer\u00e1mica. Estas piezas, con sus vibrantes tonalidades y formas, parecen extenderse desde el lienzo, materializ\u00e1ndose en esculturas tridimensionales donde la textura craquelada cobra vida y el car\u00e1cter mat\u00e9rico es palpable en una sinfon\u00eda crom\u00e1tica.<\/p>\n<p>Pero la visi\u00f3n de Hochschild trasciende la mera creaci\u00f3n. Se posiciona como una artista del reciclaje, no s\u00f3lo en t\u00e9rminos materiales, sino tambi\u00e9n conceptuales. En una sociedad consumista que amenaza con agotar sus recursos.\u00a0 Ella colecta, reinventa y ensambla fragmentos de nuestra realidad para ofrecernos un respiro de esperanza en medio del caos. Nos sumerge en un viaje hacia la regeneraci\u00f3n y el renacimiento, mostr\u00e1ndonos la posibilidad de armon\u00eda en el desorden, habitando el espacio, haci\u00e9ndolo suyo para trascenderlo.<\/p>\n<p>Leonor es un crisol de influencias: color, vigor creativo, integraci\u00f3n y esperanza. Su obra, en el coraz\u00f3n del Museo del Mar, es un testimonio viviente de esperanza en un mundo sin fe. La muestra permanecer\u00e1 abierta desde el 20 de octubre hasta el 30 de noviembre.<\/p>\n","protected":false},"excerpt":{"rendered":"<p>La obra de la artista mexicana Leonor Hochschild permanecer\u00e1 expuesta en el ala sur del Museo del Mar desde el 20 de octubre hasta el 30 de noviembre.\u00a0 &#8220;Gestos en la Materia&#8221; es la expresiva creaci\u00f3n de Leonor Hochschild que ahora se presenta en el ala sur del Museo del Mar y que se inaugurar\u00e1 [&hellip;]<\/p>\n","protected":false},"author":96,"featured_media":22640,"comment_status":"closed","ping_status":"closed","sticky":false,"template":"","format":"standard","meta":{"_et_pb_use_builder":"","_et_pb_old_content":"","_et_gb_content_width":"","footnotes":""},"categories":[96,66],"tags":[224,270,271,115],"class_list":["post-22639","post","type-post","status-publish","format-standard","has-post-thumbnail","hentry","category-cultura","category-inicio","tag-exposicion","tag-gestos-en-la-materia","tag-leonor-hochschild","tag-museo-del-mar"],"yoast_head":"<!-- This site is optimized with the Yoast SEO plugin v27.4 - https:\/\/yoast.com\/product\/yoast-seo-wordpress\/ -->\n<title>Leonor Hochschild presenta en Santa Pola la exposici\u00f3n \u201cGestos en la Materia\u201d - Ajuntament de Santa Pola<\/title>\n<meta name=\"robots\" content=\"index, follow, max-snippet:-1, max-image-preview:large, max-video-preview:-1\" \/>\n<link rel=\"canonical\" href=\"https:\/\/santapola.es\/ca\/leonor-hochschild-presenta-en-santa-pola-la-exposicion-gestos-en-la-materia\/\" \/>\n<meta property=\"og:locale\" content=\"ca_ES\" \/>\n<meta property=\"og:type\" content=\"article\" \/>\n<meta property=\"og:title\" content=\"Leonor Hochschild presenta en Santa Pola la exposici\u00f3n \u201cGestos en la Materia\u201d - Ajuntament de Santa Pola\" \/>\n<meta property=\"og:description\" content=\"La obra de la artista mexicana Leonor Hochschild permanecer\u00e1 expuesta en el ala sur del Museo del Mar desde el 20 de octubre hasta el 30 de noviembre.\u00a0 &#8220;Gestos en la Materia&#8221; es la expresiva creaci\u00f3n de Leonor Hochschild que ahora se presenta en el ala sur del Museo del Mar y que se inaugurar\u00e1 [&hellip;]\" \/>\n<meta property=\"og:url\" content=\"https:\/\/santapola.es\/ca\/leonor-hochschild-presenta-en-santa-pola-la-exposicion-gestos-en-la-materia\/\" \/>\n<meta property=\"og:site_name\" content=\"Ajuntament de Santa Pola\" \/>\n<meta property=\"article:publisher\" content=\"https:\/\/www.facebook.com\/AyuntamientoSantaPola\/\" \/>\n<meta property=\"article:published_time\" content=\"2023-10-18T12:27:37+00:00\" \/>\n<meta property=\"article:modified_time\" content=\"2024-03-07T17:42:04+00:00\" \/>\n<meta property=\"og:image\" content=\"https:\/\/santapola.es\/wp-content\/uploads\/2023\/12\/2023-10-18-Gestos-en-la-materia.jpg\" \/>\n\t<meta property=\"og:image:width\" content=\"1080\" \/>\n\t<meta property=\"og:image:height\" content=\"1080\" \/>\n\t<meta property=\"og:image:type\" content=\"image\/jpeg\" \/>\n<meta name=\"author\" content=\"Jos\u00e9 Juan L\u00f3pez Lafuente\" \/>\n<meta name=\"twitter:card\" content=\"summary_large_image\" \/>\n<meta name=\"twitter:creator\" content=\"@SantaPolaAyunt\" \/>\n<meta name=\"twitter:site\" content=\"@SantaPolaAyunt\" \/>\n<script type=\"application\/ld+json\" class=\"yoast-schema-graph\">{\"@context\":\"https:\\\/\\\/schema.org\",\"@graph\":[{\"@type\":\"Article\",\"@id\":\"https:\\\/\\\/santapola.es\\\/ca\\\/leonor-hochschild-presenta-en-santa-pola-la-exposicion-gestos-en-la-materia\\\/#article\",\"isPartOf\":{\"@id\":\"https:\\\/\\\/santapola.es\\\/ca\\\/leonor-hochschild-presenta-en-santa-pola-la-exposicion-gestos-en-la-materia\\\/\"},\"author\":{\"name\":\"Jos\u00e9 Juan L\u00f3pez Lafuente\",\"@id\":\"https:\\\/\\\/santapola.es\\\/ca\\\/#\\\/schema\\\/person\\\/ad1d67403707b58350c7be5e8dbc442d\"},\"headline\":\"Leonor Hochschild presenta en Santa Pola la exposici\u00f3n \u201cGestos en la Materia\u201d\",\"datePublished\":\"2023-10-18T12:27:37+00:00\",\"dateModified\":\"2024-03-07T17:42:04+00:00\",\"mainEntityOfPage\":{\"@id\":\"https:\\\/\\\/santapola.es\\\/ca\\\/leonor-hochschild-presenta-en-santa-pola-la-exposicion-gestos-en-la-materia\\\/\"},\"wordCount\":494,\"image\":{\"@id\":\"https:\\\/\\\/santapola.es\\\/ca\\\/leonor-hochschild-presenta-en-santa-pola-la-exposicion-gestos-en-la-materia\\\/#primaryimage\"},\"thumbnailUrl\":\"https:\\\/\\\/santapola.es\\\/wp-content\\\/uploads\\\/2023\\\/12\\\/2023-10-18-Gestos-en-la-materia.jpg\",\"keywords\":[\"Exposici\u00f3n\",\"Gestos en la materia\",\"Leonor Hochschild\",\"Museo del Mar\"],\"articleSection\":[\"Cultura\",\"Inicio\"],\"inLanguage\":\"ca\"},{\"@type\":\"WebPage\",\"@id\":\"https:\\\/\\\/santapola.es\\\/ca\\\/leonor-hochschild-presenta-en-santa-pola-la-exposicion-gestos-en-la-materia\\\/\",\"url\":\"https:\\\/\\\/santapola.es\\\/ca\\\/leonor-hochschild-presenta-en-santa-pola-la-exposicion-gestos-en-la-materia\\\/\",\"name\":\"Leonor Hochschild presenta en Santa Pola la exposici\u00f3n \u201cGestos en la Materia\u201d - Ajuntament de Santa Pola\",\"isPartOf\":{\"@id\":\"https:\\\/\\\/santapola.es\\\/ca\\\/#website\"},\"primaryImageOfPage\":{\"@id\":\"https:\\\/\\\/santapola.es\\\/ca\\\/leonor-hochschild-presenta-en-santa-pola-la-exposicion-gestos-en-la-materia\\\/#primaryimage\"},\"image\":{\"@id\":\"https:\\\/\\\/santapola.es\\\/ca\\\/leonor-hochschild-presenta-en-santa-pola-la-exposicion-gestos-en-la-materia\\\/#primaryimage\"},\"thumbnailUrl\":\"https:\\\/\\\/santapola.es\\\/wp-content\\\/uploads\\\/2023\\\/12\\\/2023-10-18-Gestos-en-la-materia.jpg\",\"datePublished\":\"2023-10-18T12:27:37+00:00\",\"dateModified\":\"2024-03-07T17:42:04+00:00\",\"author\":{\"@id\":\"https:\\\/\\\/santapola.es\\\/ca\\\/#\\\/schema\\\/person\\\/ad1d67403707b58350c7be5e8dbc442d\"},\"breadcrumb\":{\"@id\":\"https:\\\/\\\/santapola.es\\\/ca\\\/leonor-hochschild-presenta-en-santa-pola-la-exposicion-gestos-en-la-materia\\\/#breadcrumb\"},\"inLanguage\":\"ca\",\"potentialAction\":[{\"@type\":\"ReadAction\",\"target\":[\"https:\\\/\\\/santapola.es\\\/ca\\\/leonor-hochschild-presenta-en-santa-pola-la-exposicion-gestos-en-la-materia\\\/\"]}]},{\"@type\":\"ImageObject\",\"inLanguage\":\"ca\",\"@id\":\"https:\\\/\\\/santapola.es\\\/ca\\\/leonor-hochschild-presenta-en-santa-pola-la-exposicion-gestos-en-la-materia\\\/#primaryimage\",\"url\":\"https:\\\/\\\/santapola.es\\\/wp-content\\\/uploads\\\/2023\\\/12\\\/2023-10-18-Gestos-en-la-materia.jpg\",\"contentUrl\":\"https:\\\/\\\/santapola.es\\\/wp-content\\\/uploads\\\/2023\\\/12\\\/2023-10-18-Gestos-en-la-materia.jpg\",\"width\":1080,\"height\":1080},{\"@type\":\"BreadcrumbList\",\"@id\":\"https:\\\/\\\/santapola.es\\\/ca\\\/leonor-hochschild-presenta-en-santa-pola-la-exposicion-gestos-en-la-materia\\\/#breadcrumb\",\"itemListElement\":[{\"@type\":\"ListItem\",\"position\":1,\"name\":\"Inici\",\"item\":\"https:\\\/\\\/santapola.es\\\/ca\\\/\"},{\"@type\":\"ListItem\",\"position\":2,\"name\":\"Leonor Hochschild presenta en Santa Pola la exposici\u00f3n \u201cGestos en la Materia\u201d\"}]},{\"@type\":\"WebSite\",\"@id\":\"https:\\\/\\\/santapola.es\\\/ca\\\/#website\",\"url\":\"https:\\\/\\\/santapola.es\\\/ca\\\/\",\"name\":\"Ayuntamiento de Santa Pola\",\"description\":\"Web de l'Ajuntament de Santa Pola\",\"potentialAction\":[{\"@type\":\"SearchAction\",\"target\":{\"@type\":\"EntryPoint\",\"urlTemplate\":\"https:\\\/\\\/santapola.es\\\/ca\\\/?s={search_term_string}\"},\"query-input\":{\"@type\":\"PropertyValueSpecification\",\"valueRequired\":true,\"valueName\":\"search_term_string\"}}],\"inLanguage\":\"ca\"},{\"@type\":\"Person\",\"@id\":\"https:\\\/\\\/santapola.es\\\/ca\\\/#\\\/schema\\\/person\\\/ad1d67403707b58350c7be5e8dbc442d\",\"name\":\"Jos\u00e9 Juan L\u00f3pez Lafuente\"}]}<\/script>\n<!-- \/ Yoast SEO plugin. -->","yoast_head_json":{"title":"Leonor Hochschild presenta en Santa Pola la exposici\u00f3n \u201cGestos en la Materia\u201d - Ajuntament de Santa Pola","robots":{"index":"index","follow":"follow","max-snippet":"max-snippet:-1","max-image-preview":"max-image-preview:large","max-video-preview":"max-video-preview:-1"},"canonical":"https:\/\/santapola.es\/ca\/leonor-hochschild-presenta-en-santa-pola-la-exposicion-gestos-en-la-materia\/","og_locale":"ca_ES","og_type":"article","og_title":"Leonor Hochschild presenta en Santa Pola la exposici\u00f3n \u201cGestos en la Materia\u201d - Ajuntament de Santa Pola","og_description":"La obra de la artista mexicana Leonor Hochschild permanecer\u00e1 expuesta en el ala sur del Museo del Mar desde el 20 de octubre hasta el 30 de noviembre.\u00a0 &#8220;Gestos en la Materia&#8221; es la expresiva creaci\u00f3n de Leonor Hochschild que ahora se presenta en el ala sur del Museo del Mar y que se inaugurar\u00e1 [&hellip;]","og_url":"https:\/\/santapola.es\/ca\/leonor-hochschild-presenta-en-santa-pola-la-exposicion-gestos-en-la-materia\/","og_site_name":"Ajuntament de Santa Pola","article_publisher":"https:\/\/www.facebook.com\/AyuntamientoSantaPola\/","article_published_time":"2023-10-18T12:27:37+00:00","article_modified_time":"2024-03-07T17:42:04+00:00","og_image":[{"width":1080,"height":1080,"url":"https:\/\/santapola.es\/wp-content\/uploads\/2023\/12\/2023-10-18-Gestos-en-la-materia.jpg","type":"image\/jpeg"}],"author":"Jos\u00e9 Juan L\u00f3pez Lafuente","twitter_card":"summary_large_image","twitter_creator":"@SantaPolaAyunt","twitter_site":"@SantaPolaAyunt","schema":{"@context":"https:\/\/schema.org","@graph":[{"@type":"Article","@id":"https:\/\/santapola.es\/ca\/leonor-hochschild-presenta-en-santa-pola-la-exposicion-gestos-en-la-materia\/#article","isPartOf":{"@id":"https:\/\/santapola.es\/ca\/leonor-hochschild-presenta-en-santa-pola-la-exposicion-gestos-en-la-materia\/"},"author":{"name":"Jos\u00e9 Juan L\u00f3pez Lafuente","@id":"https:\/\/santapola.es\/ca\/#\/schema\/person\/ad1d67403707b58350c7be5e8dbc442d"},"headline":"Leonor Hochschild presenta en Santa Pola la exposici\u00f3n \u201cGestos en la Materia\u201d","datePublished":"2023-10-18T12:27:37+00:00","dateModified":"2024-03-07T17:42:04+00:00","mainEntityOfPage":{"@id":"https:\/\/santapola.es\/ca\/leonor-hochschild-presenta-en-santa-pola-la-exposicion-gestos-en-la-materia\/"},"wordCount":494,"image":{"@id":"https:\/\/santapola.es\/ca\/leonor-hochschild-presenta-en-santa-pola-la-exposicion-gestos-en-la-materia\/#primaryimage"},"thumbnailUrl":"https:\/\/santapola.es\/wp-content\/uploads\/2023\/12\/2023-10-18-Gestos-en-la-materia.jpg","keywords":["Exposici\u00f3n","Gestos en la materia","Leonor Hochschild","Museo del Mar"],"articleSection":["Cultura","Inicio"],"inLanguage":"ca"},{"@type":"WebPage","@id":"https:\/\/santapola.es\/ca\/leonor-hochschild-presenta-en-santa-pola-la-exposicion-gestos-en-la-materia\/","url":"https:\/\/santapola.es\/ca\/leonor-hochschild-presenta-en-santa-pola-la-exposicion-gestos-en-la-materia\/","name":"Leonor Hochschild presenta en Santa Pola la exposici\u00f3n \u201cGestos en la Materia\u201d - Ajuntament de Santa Pola","isPartOf":{"@id":"https:\/\/santapola.es\/ca\/#website"},"primaryImageOfPage":{"@id":"https:\/\/santapola.es\/ca\/leonor-hochschild-presenta-en-santa-pola-la-exposicion-gestos-en-la-materia\/#primaryimage"},"image":{"@id":"https:\/\/santapola.es\/ca\/leonor-hochschild-presenta-en-santa-pola-la-exposicion-gestos-en-la-materia\/#primaryimage"},"thumbnailUrl":"https:\/\/santapola.es\/wp-content\/uploads\/2023\/12\/2023-10-18-Gestos-en-la-materia.jpg","datePublished":"2023-10-18T12:27:37+00:00","dateModified":"2024-03-07T17:42:04+00:00","author":{"@id":"https:\/\/santapola.es\/ca\/#\/schema\/person\/ad1d67403707b58350c7be5e8dbc442d"},"breadcrumb":{"@id":"https:\/\/santapola.es\/ca\/leonor-hochschild-presenta-en-santa-pola-la-exposicion-gestos-en-la-materia\/#breadcrumb"},"inLanguage":"ca","potentialAction":[{"@type":"ReadAction","target":["https:\/\/santapola.es\/ca\/leonor-hochschild-presenta-en-santa-pola-la-exposicion-gestos-en-la-materia\/"]}]},{"@type":"ImageObject","inLanguage":"ca","@id":"https:\/\/santapola.es\/ca\/leonor-hochschild-presenta-en-santa-pola-la-exposicion-gestos-en-la-materia\/#primaryimage","url":"https:\/\/santapola.es\/wp-content\/uploads\/2023\/12\/2023-10-18-Gestos-en-la-materia.jpg","contentUrl":"https:\/\/santapola.es\/wp-content\/uploads\/2023\/12\/2023-10-18-Gestos-en-la-materia.jpg","width":1080,"height":1080},{"@type":"BreadcrumbList","@id":"https:\/\/santapola.es\/ca\/leonor-hochschild-presenta-en-santa-pola-la-exposicion-gestos-en-la-materia\/#breadcrumb","itemListElement":[{"@type":"ListItem","position":1,"name":"Inici","item":"https:\/\/santapola.es\/ca\/"},{"@type":"ListItem","position":2,"name":"Leonor Hochschild presenta en Santa Pola la exposici\u00f3n \u201cGestos en la Materia\u201d"}]},{"@type":"WebSite","@id":"https:\/\/santapola.es\/ca\/#website","url":"https:\/\/santapola.es\/ca\/","name":"Ayuntamiento de Santa Pola","description":"Web de l'Ajuntament de Santa Pola","potentialAction":[{"@type":"SearchAction","target":{"@type":"EntryPoint","urlTemplate":"https:\/\/santapola.es\/ca\/?s={search_term_string}"},"query-input":{"@type":"PropertyValueSpecification","valueRequired":true,"valueName":"search_term_string"}}],"inLanguage":"ca"},{"@type":"Person","@id":"https:\/\/santapola.es\/ca\/#\/schema\/person\/ad1d67403707b58350c7be5e8dbc442d","name":"Jos\u00e9 Juan L\u00f3pez Lafuente"}]}},"_links":{"self":[{"href":"https:\/\/santapola.es\/ca\/wp-json\/wp\/v2\/posts\/22639","targetHints":{"allow":["GET"]}}],"collection":[{"href":"https:\/\/santapola.es\/ca\/wp-json\/wp\/v2\/posts"}],"about":[{"href":"https:\/\/santapola.es\/ca\/wp-json\/wp\/v2\/types\/post"}],"author":[{"embeddable":true,"href":"https:\/\/santapola.es\/ca\/wp-json\/wp\/v2\/users\/96"}],"replies":[{"embeddable":true,"href":"https:\/\/santapola.es\/ca\/wp-json\/wp\/v2\/comments?post=22639"}],"version-history":[{"count":0,"href":"https:\/\/santapola.es\/ca\/wp-json\/wp\/v2\/posts\/22639\/revisions"}],"wp:featuredmedia":[{"embeddable":true,"href":"https:\/\/santapola.es\/ca\/wp-json\/wp\/v2\/media\/22640"}],"wp:attachment":[{"href":"https:\/\/santapola.es\/ca\/wp-json\/wp\/v2\/media?parent=22639"}],"wp:term":[{"taxonomy":"category","embeddable":true,"href":"https:\/\/santapola.es\/ca\/wp-json\/wp\/v2\/categories?post=22639"},{"taxonomy":"post_tag","embeddable":true,"href":"https:\/\/santapola.es\/ca\/wp-json\/wp\/v2\/tags?post=22639"}],"curies":[{"name":"wp","href":"https:\/\/api.w.org\/{rel}","templated":true}]}}