{"id":21810,"date":"2023-10-14T10:11:34","date_gmt":"2023-10-14T08:11:34","guid":{"rendered":"https:\/\/www.desarrollo.santapola.es\/?p=21810"},"modified":"2024-03-07T18:42:03","modified_gmt":"2024-03-07T17:42:03","slug":"aenor-certifica-el-sistema-de-calidad-y-gestion-ambiental-de-las-playas-de-santa-pola","status":"publish","type":"post","link":"https:\/\/santapola.es\/ca\/aenor-certifica-el-sistema-de-calidad-y-gestion-ambiental-de-las-playas-de-santa-pola\/","title":{"rendered":"AENOR certifica el sistema de calidad y gesti\u00f3n ambiental de las playas de Santa Pola"},"content":{"rendered":"<p><strong>Por vig\u00e9simo a\u00f1o consecutivo, la entidad oficial de certificaci\u00f3n ha comunicado a la concejal\u00eda de Playas la conformidad en su segunda auditor\u00eda de seguimiento a los certificados 9001:2015 y 14001:2015 que garantizan el sistema de calidad y gesti\u00f3n ambiental de las playas de Santa Pola.<\/strong><\/p>\n<p>La segunda auditor\u00eda de seguimiento realizada por t\u00e9cnicos de AENOR el pasado 20 de julio y cuyo resultado se ha recibido esta semana, ha permitido al Ayuntamiento de Santa Pola renovar por vig\u00e9simo a\u00f1o consecutivo los certificados 9001:2015 y 14001:2015 que garantizan el sistema de calidad y gesti\u00f3n ambiental de nuestras playas desde que se obtuvo por primera vez la certificaci\u00f3n en 2003.<\/p>\n<p>En la auditor\u00eda se valora como puntos fuertes en los 15 kil\u00f3metros de costa de nuestro municipio la ampliaci\u00f3n de la oferta de servicios y su extensi\u00f3n en el tiempo para que los usuarios puedan disfrutarlos a lo largo del a\u00f1o.<\/p>\n<p>Destaca en especial la oferta de escuelas n\u00e1uticas, federadas en su totalidad, con la pr\u00e1ctica de una gran variedad de disciplinas. Tambi\u00e9n reciben buena valoraci\u00f3n el parque acu\u00e1tico, el servicio de hamacas, los chiringuitos y las nuevas porter\u00edas de f\u00fatbol en la playa de Levante, entre otros.<\/p>\n<p>Cabe mencionar tambi\u00e9n el esfuerzo que desde el servicio de Playas se ha realizado con el balizamiento de nuestro litoral, no solo con la instalaci\u00f3n sino con el seguimiento continuo durante todo el a\u00f1o, ya que permanece activo los 365 d\u00edas del a\u00f1o. Para evitar da\u00f1os a la pradera de posidonia, se ha conseguido la dif\u00edcil labor de instalar todas las balizas sobre claros de arena.<\/p>\n<p>Se ha comenzado ya con la instalaci\u00f3n de nuevas fuentes de agua potable, empezando por la de la playa del Tamarit, dotadas de tres niveles de altura: la habitual para los usuarios en general, otro a menor altura para personas con movilidad reducida y un tercero a bajo nivel para las mascotas.<\/p>\n<p>El concejal de Playas \u00c1ngel Piedecausa ha declarado que \u201cnos sentimos muy satisfechos por la renovaci\u00f3n de los certificados de calidad y gesti\u00f3n ambiental de nuestras playas, que las coloca al nivel de las mejores de la Costa Blanca gracias al gran trabajo de nuestros t\u00e9cnicos municipales. Los santapoleros y las personas que nos visitan pueden disfrutar de una gran variedad de servicios que vamos extendiendo cada vez m\u00e1s a lo largo del a\u00f1o\u201d.<\/p>\n","protected":false},"excerpt":{"rendered":"<p>Por vig\u00e9simo a\u00f1o consecutivo, la entidad oficial de certificaci\u00f3n ha comunicado a la concejal\u00eda de Playas la conformidad en su segunda auditor\u00eda de seguimiento a los certificados 9001:2015 y 14001:2015 que garantizan el sistema de calidad y gesti\u00f3n ambiental de las playas de Santa Pola. La segunda auditor\u00eda de seguimiento realizada por t\u00e9cnicos de AENOR [&hellip;]<\/p>\n","protected":false},"author":96,"featured_media":21811,"comment_status":"closed","ping_status":"closed","sticky":false,"template":"","format":"standard","meta":{"_et_pb_use_builder":"","_et_pb_old_content":"","_et_gb_content_width":"","footnotes":""},"categories":[66,126],"tags":[145],"class_list":["post-21810","post","type-post","status-publish","format-standard","has-post-thumbnail","hentry","category-inicio","category-playas","tag-angel-piedecausa"],"yoast_head":"<!-- This site is optimized with the Yoast SEO plugin v27.4 - https:\/\/yoast.com\/product\/yoast-seo-wordpress\/ -->\n<title>AENOR certifica el sistema de calidad y gesti\u00f3n ambiental de las playas de Santa Pola - Ajuntament de Santa Pola<\/title>\n<meta name=\"robots\" content=\"index, follow, max-snippet:-1, max-image-preview:large, max-video-preview:-1\" \/>\n<link rel=\"canonical\" href=\"https:\/\/santapola.es\/ca\/aenor-certifica-el-sistema-de-calidad-y-gestion-ambiental-de-las-playas-de-santa-pola\/\" \/>\n<meta property=\"og:locale\" content=\"ca_ES\" \/>\n<meta property=\"og:type\" content=\"article\" \/>\n<meta property=\"og:title\" content=\"AENOR certifica el sistema de calidad y gesti\u00f3n ambiental de las playas de Santa Pola - Ajuntament de Santa Pola\" \/>\n<meta property=\"og:description\" content=\"Por vig\u00e9simo a\u00f1o consecutivo, la entidad oficial de certificaci\u00f3n ha comunicado a la concejal\u00eda de Playas la conformidad en su segunda auditor\u00eda de seguimiento a los certificados 9001:2015 y 14001:2015 que garantizan el sistema de calidad y gesti\u00f3n ambiental de las playas de Santa Pola. La segunda auditor\u00eda de seguimiento realizada por t\u00e9cnicos de AENOR [&hellip;]\" \/>\n<meta property=\"og:url\" content=\"https:\/\/santapola.es\/ca\/aenor-certifica-el-sistema-de-calidad-y-gestion-ambiental-de-las-playas-de-santa-pola\/\" \/>\n<meta property=\"og:site_name\" content=\"Ajuntament de Santa Pola\" \/>\n<meta property=\"article:publisher\" content=\"https:\/\/www.facebook.com\/AyuntamientoSantaPola\/\" \/>\n<meta property=\"article:published_time\" content=\"2023-10-14T08:11:34+00:00\" \/>\n<meta property=\"article:modified_time\" content=\"2024-03-07T17:42:03+00:00\" \/>\n<meta property=\"og:image\" content=\"https:\/\/santapola.es\/wp-content\/uploads\/2023\/10\/2023-10-14-playas.jpg\" \/>\n\t<meta property=\"og:image:width\" content=\"1600\" \/>\n\t<meta property=\"og:image:height\" content=\"800\" \/>\n\t<meta property=\"og:image:type\" content=\"image\/jpeg\" \/>\n<meta name=\"author\" content=\"Jos\u00e9 Juan L\u00f3pez Lafuente\" \/>\n<meta name=\"twitter:card\" content=\"summary_large_image\" \/>\n<meta name=\"twitter:creator\" content=\"@SantaPolaAyunt\" \/>\n<meta name=\"twitter:site\" content=\"@SantaPolaAyunt\" \/>\n<script type=\"application\/ld+json\" class=\"yoast-schema-graph\">{\"@context\":\"https:\\\/\\\/schema.org\",\"@graph\":[{\"@type\":\"Article\",\"@id\":\"https:\\\/\\\/santapola.es\\\/ca\\\/aenor-certifica-el-sistema-de-calidad-y-gestion-ambiental-de-las-playas-de-santa-pola\\\/#article\",\"isPartOf\":{\"@id\":\"https:\\\/\\\/santapola.es\\\/ca\\\/aenor-certifica-el-sistema-de-calidad-y-gestion-ambiental-de-las-playas-de-santa-pola\\\/\"},\"author\":{\"name\":\"Jos\u00e9 Juan L\u00f3pez Lafuente\",\"@id\":\"https:\\\/\\\/santapola.es\\\/ca\\\/#\\\/schema\\\/person\\\/ad1d67403707b58350c7be5e8dbc442d\"},\"headline\":\"AENOR certifica el sistema de calidad y gesti\u00f3n ambiental de las playas de Santa Pola\",\"datePublished\":\"2023-10-14T08:11:34+00:00\",\"dateModified\":\"2024-03-07T17:42:03+00:00\",\"mainEntityOfPage\":{\"@id\":\"https:\\\/\\\/santapola.es\\\/ca\\\/aenor-certifica-el-sistema-de-calidad-y-gestion-ambiental-de-las-playas-de-santa-pola\\\/\"},\"wordCount\":433,\"image\":{\"@id\":\"https:\\\/\\\/santapola.es\\\/ca\\\/aenor-certifica-el-sistema-de-calidad-y-gestion-ambiental-de-las-playas-de-santa-pola\\\/#primaryimage\"},\"thumbnailUrl\":\"https:\\\/\\\/santapola.es\\\/wp-content\\\/uploads\\\/2023\\\/10\\\/2023-10-14-playas.jpg\",\"keywords\":[\"\u00c1ngel Piedecausa\"],\"articleSection\":[\"Inicio\",\"Playas\"],\"inLanguage\":\"ca\"},{\"@type\":\"WebPage\",\"@id\":\"https:\\\/\\\/santapola.es\\\/ca\\\/aenor-certifica-el-sistema-de-calidad-y-gestion-ambiental-de-las-playas-de-santa-pola\\\/\",\"url\":\"https:\\\/\\\/santapola.es\\\/ca\\\/aenor-certifica-el-sistema-de-calidad-y-gestion-ambiental-de-las-playas-de-santa-pola\\\/\",\"name\":\"AENOR certifica el sistema de calidad y gesti\u00f3n ambiental de las playas de Santa Pola - Ajuntament de Santa Pola\",\"isPartOf\":{\"@id\":\"https:\\\/\\\/santapola.es\\\/ca\\\/#website\"},\"primaryImageOfPage\":{\"@id\":\"https:\\\/\\\/santapola.es\\\/ca\\\/aenor-certifica-el-sistema-de-calidad-y-gestion-ambiental-de-las-playas-de-santa-pola\\\/#primaryimage\"},\"image\":{\"@id\":\"https:\\\/\\\/santapola.es\\\/ca\\\/aenor-certifica-el-sistema-de-calidad-y-gestion-ambiental-de-las-playas-de-santa-pola\\\/#primaryimage\"},\"thumbnailUrl\":\"https:\\\/\\\/santapola.es\\\/wp-content\\\/uploads\\\/2023\\\/10\\\/2023-10-14-playas.jpg\",\"datePublished\":\"2023-10-14T08:11:34+00:00\",\"dateModified\":\"2024-03-07T17:42:03+00:00\",\"author\":{\"@id\":\"https:\\\/\\\/santapola.es\\\/ca\\\/#\\\/schema\\\/person\\\/ad1d67403707b58350c7be5e8dbc442d\"},\"breadcrumb\":{\"@id\":\"https:\\\/\\\/santapola.es\\\/ca\\\/aenor-certifica-el-sistema-de-calidad-y-gestion-ambiental-de-las-playas-de-santa-pola\\\/#breadcrumb\"},\"inLanguage\":\"ca\",\"potentialAction\":[{\"@type\":\"ReadAction\",\"target\":[\"https:\\\/\\\/santapola.es\\\/ca\\\/aenor-certifica-el-sistema-de-calidad-y-gestion-ambiental-de-las-playas-de-santa-pola\\\/\"]}]},{\"@type\":\"ImageObject\",\"inLanguage\":\"ca\",\"@id\":\"https:\\\/\\\/santapola.es\\\/ca\\\/aenor-certifica-el-sistema-de-calidad-y-gestion-ambiental-de-las-playas-de-santa-pola\\\/#primaryimage\",\"url\":\"https:\\\/\\\/santapola.es\\\/wp-content\\\/uploads\\\/2023\\\/10\\\/2023-10-14-playas.jpg\",\"contentUrl\":\"https:\\\/\\\/santapola.es\\\/wp-content\\\/uploads\\\/2023\\\/10\\\/2023-10-14-playas.jpg\",\"width\":1600,\"height\":800},{\"@type\":\"BreadcrumbList\",\"@id\":\"https:\\\/\\\/santapola.es\\\/ca\\\/aenor-certifica-el-sistema-de-calidad-y-gestion-ambiental-de-las-playas-de-santa-pola\\\/#breadcrumb\",\"itemListElement\":[{\"@type\":\"ListItem\",\"position\":1,\"name\":\"Inici\",\"item\":\"https:\\\/\\\/santapola.es\\\/ca\\\/\"},{\"@type\":\"ListItem\",\"position\":2,\"name\":\"AENOR certifica el sistema de calidad y gesti\u00f3n ambiental de las playas de Santa Pola\"}]},{\"@type\":\"WebSite\",\"@id\":\"https:\\\/\\\/santapola.es\\\/ca\\\/#website\",\"url\":\"https:\\\/\\\/santapola.es\\\/ca\\\/\",\"name\":\"Ayuntamiento de Santa Pola\",\"description\":\"Web de l'Ajuntament de Santa Pola\",\"potentialAction\":[{\"@type\":\"SearchAction\",\"target\":{\"@type\":\"EntryPoint\",\"urlTemplate\":\"https:\\\/\\\/santapola.es\\\/ca\\\/?s={search_term_string}\"},\"query-input\":{\"@type\":\"PropertyValueSpecification\",\"valueRequired\":true,\"valueName\":\"search_term_string\"}}],\"inLanguage\":\"ca\"},{\"@type\":\"Person\",\"@id\":\"https:\\\/\\\/santapola.es\\\/ca\\\/#\\\/schema\\\/person\\\/ad1d67403707b58350c7be5e8dbc442d\",\"name\":\"Jos\u00e9 Juan L\u00f3pez Lafuente\"}]}<\/script>\n<!-- \/ Yoast SEO plugin. -->","yoast_head_json":{"title":"AENOR certifica el sistema de calidad y gesti\u00f3n ambiental de las playas de Santa Pola - Ajuntament de Santa Pola","robots":{"index":"index","follow":"follow","max-snippet":"max-snippet:-1","max-image-preview":"max-image-preview:large","max-video-preview":"max-video-preview:-1"},"canonical":"https:\/\/santapola.es\/ca\/aenor-certifica-el-sistema-de-calidad-y-gestion-ambiental-de-las-playas-de-santa-pola\/","og_locale":"ca_ES","og_type":"article","og_title":"AENOR certifica el sistema de calidad y gesti\u00f3n ambiental de las playas de Santa Pola - Ajuntament de Santa Pola","og_description":"Por vig\u00e9simo a\u00f1o consecutivo, la entidad oficial de certificaci\u00f3n ha comunicado a la concejal\u00eda de Playas la conformidad en su segunda auditor\u00eda de seguimiento a los certificados 9001:2015 y 14001:2015 que garantizan el sistema de calidad y gesti\u00f3n ambiental de las playas de Santa Pola. La segunda auditor\u00eda de seguimiento realizada por t\u00e9cnicos de AENOR [&hellip;]","og_url":"https:\/\/santapola.es\/ca\/aenor-certifica-el-sistema-de-calidad-y-gestion-ambiental-de-las-playas-de-santa-pola\/","og_site_name":"Ajuntament de Santa Pola","article_publisher":"https:\/\/www.facebook.com\/AyuntamientoSantaPola\/","article_published_time":"2023-10-14T08:11:34+00:00","article_modified_time":"2024-03-07T17:42:03+00:00","og_image":[{"width":1600,"height":800,"url":"https:\/\/santapola.es\/wp-content\/uploads\/2023\/10\/2023-10-14-playas.jpg","type":"image\/jpeg"}],"author":"Jos\u00e9 Juan L\u00f3pez Lafuente","twitter_card":"summary_large_image","twitter_creator":"@SantaPolaAyunt","twitter_site":"@SantaPolaAyunt","schema":{"@context":"https:\/\/schema.org","@graph":[{"@type":"Article","@id":"https:\/\/santapola.es\/ca\/aenor-certifica-el-sistema-de-calidad-y-gestion-ambiental-de-las-playas-de-santa-pola\/#article","isPartOf":{"@id":"https:\/\/santapola.es\/ca\/aenor-certifica-el-sistema-de-calidad-y-gestion-ambiental-de-las-playas-de-santa-pola\/"},"author":{"name":"Jos\u00e9 Juan L\u00f3pez Lafuente","@id":"https:\/\/santapola.es\/ca\/#\/schema\/person\/ad1d67403707b58350c7be5e8dbc442d"},"headline":"AENOR certifica el sistema de calidad y gesti\u00f3n ambiental de las playas de Santa Pola","datePublished":"2023-10-14T08:11:34+00:00","dateModified":"2024-03-07T17:42:03+00:00","mainEntityOfPage":{"@id":"https:\/\/santapola.es\/ca\/aenor-certifica-el-sistema-de-calidad-y-gestion-ambiental-de-las-playas-de-santa-pola\/"},"wordCount":433,"image":{"@id":"https:\/\/santapola.es\/ca\/aenor-certifica-el-sistema-de-calidad-y-gestion-ambiental-de-las-playas-de-santa-pola\/#primaryimage"},"thumbnailUrl":"https:\/\/santapola.es\/wp-content\/uploads\/2023\/10\/2023-10-14-playas.jpg","keywords":["\u00c1ngel Piedecausa"],"articleSection":["Inicio","Playas"],"inLanguage":"ca"},{"@type":"WebPage","@id":"https:\/\/santapola.es\/ca\/aenor-certifica-el-sistema-de-calidad-y-gestion-ambiental-de-las-playas-de-santa-pola\/","url":"https:\/\/santapola.es\/ca\/aenor-certifica-el-sistema-de-calidad-y-gestion-ambiental-de-las-playas-de-santa-pola\/","name":"AENOR certifica el sistema de calidad y gesti\u00f3n ambiental de las playas de Santa Pola - Ajuntament de Santa Pola","isPartOf":{"@id":"https:\/\/santapola.es\/ca\/#website"},"primaryImageOfPage":{"@id":"https:\/\/santapola.es\/ca\/aenor-certifica-el-sistema-de-calidad-y-gestion-ambiental-de-las-playas-de-santa-pola\/#primaryimage"},"image":{"@id":"https:\/\/santapola.es\/ca\/aenor-certifica-el-sistema-de-calidad-y-gestion-ambiental-de-las-playas-de-santa-pola\/#primaryimage"},"thumbnailUrl":"https:\/\/santapola.es\/wp-content\/uploads\/2023\/10\/2023-10-14-playas.jpg","datePublished":"2023-10-14T08:11:34+00:00","dateModified":"2024-03-07T17:42:03+00:00","author":{"@id":"https:\/\/santapola.es\/ca\/#\/schema\/person\/ad1d67403707b58350c7be5e8dbc442d"},"breadcrumb":{"@id":"https:\/\/santapola.es\/ca\/aenor-certifica-el-sistema-de-calidad-y-gestion-ambiental-de-las-playas-de-santa-pola\/#breadcrumb"},"inLanguage":"ca","potentialAction":[{"@type":"ReadAction","target":["https:\/\/santapola.es\/ca\/aenor-certifica-el-sistema-de-calidad-y-gestion-ambiental-de-las-playas-de-santa-pola\/"]}]},{"@type":"ImageObject","inLanguage":"ca","@id":"https:\/\/santapola.es\/ca\/aenor-certifica-el-sistema-de-calidad-y-gestion-ambiental-de-las-playas-de-santa-pola\/#primaryimage","url":"https:\/\/santapola.es\/wp-content\/uploads\/2023\/10\/2023-10-14-playas.jpg","contentUrl":"https:\/\/santapola.es\/wp-content\/uploads\/2023\/10\/2023-10-14-playas.jpg","width":1600,"height":800},{"@type":"BreadcrumbList","@id":"https:\/\/santapola.es\/ca\/aenor-certifica-el-sistema-de-calidad-y-gestion-ambiental-de-las-playas-de-santa-pola\/#breadcrumb","itemListElement":[{"@type":"ListItem","position":1,"name":"Inici","item":"https:\/\/santapola.es\/ca\/"},{"@type":"ListItem","position":2,"name":"AENOR certifica el sistema de calidad y gesti\u00f3n ambiental de las playas de Santa Pola"}]},{"@type":"WebSite","@id":"https:\/\/santapola.es\/ca\/#website","url":"https:\/\/santapola.es\/ca\/","name":"Ayuntamiento de Santa Pola","description":"Web de l'Ajuntament de Santa Pola","potentialAction":[{"@type":"SearchAction","target":{"@type":"EntryPoint","urlTemplate":"https:\/\/santapola.es\/ca\/?s={search_term_string}"},"query-input":{"@type":"PropertyValueSpecification","valueRequired":true,"valueName":"search_term_string"}}],"inLanguage":"ca"},{"@type":"Person","@id":"https:\/\/santapola.es\/ca\/#\/schema\/person\/ad1d67403707b58350c7be5e8dbc442d","name":"Jos\u00e9 Juan L\u00f3pez Lafuente"}]}},"_links":{"self":[{"href":"https:\/\/santapola.es\/ca\/wp-json\/wp\/v2\/posts\/21810","targetHints":{"allow":["GET"]}}],"collection":[{"href":"https:\/\/santapola.es\/ca\/wp-json\/wp\/v2\/posts"}],"about":[{"href":"https:\/\/santapola.es\/ca\/wp-json\/wp\/v2\/types\/post"}],"author":[{"embeddable":true,"href":"https:\/\/santapola.es\/ca\/wp-json\/wp\/v2\/users\/96"}],"replies":[{"embeddable":true,"href":"https:\/\/santapola.es\/ca\/wp-json\/wp\/v2\/comments?post=21810"}],"version-history":[{"count":0,"href":"https:\/\/santapola.es\/ca\/wp-json\/wp\/v2\/posts\/21810\/revisions"}],"wp:featuredmedia":[{"embeddable":true,"href":"https:\/\/santapola.es\/ca\/wp-json\/wp\/v2\/media\/21811"}],"wp:attachment":[{"href":"https:\/\/santapola.es\/ca\/wp-json\/wp\/v2\/media?parent=21810"}],"wp:term":[{"taxonomy":"category","embeddable":true,"href":"https:\/\/santapola.es\/ca\/wp-json\/wp\/v2\/categories?post=21810"},{"taxonomy":"post_tag","embeddable":true,"href":"https:\/\/santapola.es\/ca\/wp-json\/wp\/v2\/tags?post=21810"}],"curies":[{"name":"wp","href":"https:\/\/api.w.org\/{rel}","templated":true}]}}