{"id":21807,"date":"2023-10-13T18:24:40","date_gmt":"2023-10-13T16:24:40","guid":{"rendered":"https:\/\/www.desarrollo.santapola.es\/?p=21807"},"modified":"2024-03-07T18:42:03","modified_gmt":"2024-03-07T17:42:03","slug":"el-centro-de-salud-lleva-la-reanimacion-cardiopulmonar-al-alcance-de-todos","status":"publish","type":"post","link":"https:\/\/santapola.es\/ca\/el-centro-de-salud-lleva-la-reanimacion-cardiopulmonar-al-alcance-de-todos\/","title":{"rendered":"El Centro de Salud lleva la reanimaci\u00f3n cardiopulmonar al alcance de todos"},"content":{"rendered":"<p><strong>Con motivo de la celebraci\u00f3n el pr\u00f3ximo 16 de octubre del D\u00eda Europeo de la Parada Cardiaca, esta ma\u00f1ana ha tenido lugar en la Glorieta una jornada informativa en la cual m\u00e9dicos y enfermeras del Centro de Salud de Santa Pola han demostrado c\u00f3mo actuar ante una parada cardio-respiratoria.<\/strong><\/p>\n<p>Dirigida tanto al p\u00fablico infantil como a adultos, los profesionales han estado informando de los pasos que se debe seguir cuando nos encontremos con una persona que est\u00e9 sufriendo una parada cardiaca, con ejemplos pr\u00e1cticos realizados entre ellos mismos y con maniqu\u00eds, adem\u00e1s de aleccionar sobre el uso de un desfibrilador. Los mismos ciudadanos han podido practicar la reanimaci\u00f3n con maniqu\u00eds para comprobar c\u00f3mo actuar.<\/p>\n<p>El concejal de Sanidad y m\u00e9dico Borja Merino ha visitado a los profesionales en la Glorieta: \u201ceste tipo de jornadas son muy importantes para que cualquier persona sepa c\u00f3mo actuar ante un caso de parada cardiaca, una respuesta r\u00e1pida y con unos m\u00ednimos conocimientos es vital hasta la llegada de los servicios de emergencia y puede salvar una vida.<\/p>\n<p>Quiero agradecer la colaboraci\u00f3n de las enfermeras y doctoras del Centro de Salud porque han conseguido llegar a los vecinos de una forma muy did\u00e1ctica y clara, explicando perfectamente c\u00f3mo pueden mantener la calma y seguir los pasos necesarios para tratar al paciente a trav\u00e9s de una reanimaci\u00f3n cardio-pulmonar\u201d.<\/p>\n<p>Ma\u00f1ana s\u00e1bado ser\u00e1 la Asamblea Local de Cruz Roja quien realice una nueva jornada informativa con talleres de RCP y exposici\u00f3n de ambulancias, a partir de las 11 y tambi\u00e9n en la Glorieta.<\/p>\n","protected":false},"excerpt":{"rendered":"<p>Con motivo de la celebraci\u00f3n el pr\u00f3ximo 16 de octubre del D\u00eda Europeo de la Parada Cardiaca, esta ma\u00f1ana ha tenido lugar en la Glorieta una jornada informativa en la cual m\u00e9dicos y enfermeras del Centro de Salud de Santa Pola han demostrado c\u00f3mo actuar ante una parada cardio-respiratoria. Dirigida tanto al p\u00fablico infantil como [&hellip;]<\/p>\n","protected":false},"author":96,"featured_media":21808,"comment_status":"closed","ping_status":"closed","sticky":false,"template":"","format":"standard","meta":{"_et_pb_use_builder":"","_et_pb_old_content":"","_et_gb_content_width":"","footnotes":""},"categories":[66,266],"tags":[147,267],"class_list":["post-21807","post","type-post","status-publish","format-standard","has-post-thumbnail","hentry","category-inicio","category-sanidad","tag-borja-merino","tag-centro-de-salud"],"yoast_head":"<!-- This site is optimized with the Yoast SEO plugin v27.4 - https:\/\/yoast.com\/product\/yoast-seo-wordpress\/ -->\n<title>El Centro de Salud lleva la reanimaci\u00f3n cardiopulmonar al alcance de todos - Ajuntament de Santa Pola<\/title>\n<meta name=\"robots\" content=\"index, follow, max-snippet:-1, max-image-preview:large, max-video-preview:-1\" \/>\n<link rel=\"canonical\" href=\"https:\/\/santapola.es\/ca\/el-centro-de-salud-lleva-la-reanimacion-cardiopulmonar-al-alcance-de-todos\/\" \/>\n<meta property=\"og:locale\" content=\"ca_ES\" \/>\n<meta property=\"og:type\" content=\"article\" \/>\n<meta property=\"og:title\" content=\"El Centro de Salud lleva la reanimaci\u00f3n cardiopulmonar al alcance de todos - Ajuntament de Santa Pola\" \/>\n<meta property=\"og:description\" content=\"Con motivo de la celebraci\u00f3n el pr\u00f3ximo 16 de octubre del D\u00eda Europeo de la Parada Cardiaca, esta ma\u00f1ana ha tenido lugar en la Glorieta una jornada informativa en la cual m\u00e9dicos y enfermeras del Centro de Salud de Santa Pola han demostrado c\u00f3mo actuar ante una parada cardio-respiratoria. Dirigida tanto al p\u00fablico infantil como [&hellip;]\" \/>\n<meta property=\"og:url\" content=\"https:\/\/santapola.es\/ca\/el-centro-de-salud-lleva-la-reanimacion-cardiopulmonar-al-alcance-de-todos\/\" \/>\n<meta property=\"og:site_name\" content=\"Ajuntament de Santa Pola\" \/>\n<meta property=\"article:publisher\" content=\"https:\/\/www.facebook.com\/AyuntamientoSantaPola\/\" \/>\n<meta property=\"article:published_time\" content=\"2023-10-13T16:24:40+00:00\" \/>\n<meta property=\"article:modified_time\" content=\"2024-03-07T17:42:03+00:00\" \/>\n<meta property=\"og:image\" content=\"https:\/\/santapola.es\/wp-content\/uploads\/2023\/10\/2023-10-13-RCP-1.jpeg\" \/>\n\t<meta property=\"og:image:width\" content=\"1600\" \/>\n\t<meta property=\"og:image:height\" content=\"901\" \/>\n\t<meta property=\"og:image:type\" content=\"image\/jpeg\" \/>\n<meta name=\"author\" content=\"Jos\u00e9 Juan L\u00f3pez Lafuente\" \/>\n<meta name=\"twitter:card\" content=\"summary_large_image\" \/>\n<meta name=\"twitter:creator\" content=\"@SantaPolaAyunt\" \/>\n<meta name=\"twitter:site\" content=\"@SantaPolaAyunt\" \/>\n<script type=\"application\/ld+json\" class=\"yoast-schema-graph\">{\"@context\":\"https:\\\/\\\/schema.org\",\"@graph\":[{\"@type\":\"Article\",\"@id\":\"https:\\\/\\\/santapola.es\\\/ca\\\/el-centro-de-salud-lleva-la-reanimacion-cardiopulmonar-al-alcance-de-todos\\\/#article\",\"isPartOf\":{\"@id\":\"https:\\\/\\\/santapola.es\\\/ca\\\/el-centro-de-salud-lleva-la-reanimacion-cardiopulmonar-al-alcance-de-todos\\\/\"},\"author\":{\"name\":\"Jos\u00e9 Juan L\u00f3pez Lafuente\",\"@id\":\"https:\\\/\\\/santapola.es\\\/ca\\\/#\\\/schema\\\/person\\\/ad1d67403707b58350c7be5e8dbc442d\"},\"headline\":\"El Centro de Salud lleva la reanimaci\u00f3n cardiopulmonar al alcance de todos\",\"datePublished\":\"2023-10-13T16:24:40+00:00\",\"dateModified\":\"2024-03-07T17:42:03+00:00\",\"mainEntityOfPage\":{\"@id\":\"https:\\\/\\\/santapola.es\\\/ca\\\/el-centro-de-salud-lleva-la-reanimacion-cardiopulmonar-al-alcance-de-todos\\\/\"},\"wordCount\":292,\"image\":{\"@id\":\"https:\\\/\\\/santapola.es\\\/ca\\\/el-centro-de-salud-lleva-la-reanimacion-cardiopulmonar-al-alcance-de-todos\\\/#primaryimage\"},\"thumbnailUrl\":\"https:\\\/\\\/santapola.es\\\/wp-content\\\/uploads\\\/2023\\\/10\\\/2023-10-13-RCP-1.jpeg\",\"keywords\":[\"Borja Merino\",\"Centro de Salud\"],\"articleSection\":[\"Inicio\",\"Sanidad\"],\"inLanguage\":\"ca\"},{\"@type\":\"WebPage\",\"@id\":\"https:\\\/\\\/santapola.es\\\/ca\\\/el-centro-de-salud-lleva-la-reanimacion-cardiopulmonar-al-alcance-de-todos\\\/\",\"url\":\"https:\\\/\\\/santapola.es\\\/ca\\\/el-centro-de-salud-lleva-la-reanimacion-cardiopulmonar-al-alcance-de-todos\\\/\",\"name\":\"El Centro de Salud lleva la reanimaci\u00f3n cardiopulmonar al alcance de todos - Ajuntament de Santa Pola\",\"isPartOf\":{\"@id\":\"https:\\\/\\\/santapola.es\\\/ca\\\/#website\"},\"primaryImageOfPage\":{\"@id\":\"https:\\\/\\\/santapola.es\\\/ca\\\/el-centro-de-salud-lleva-la-reanimacion-cardiopulmonar-al-alcance-de-todos\\\/#primaryimage\"},\"image\":{\"@id\":\"https:\\\/\\\/santapola.es\\\/ca\\\/el-centro-de-salud-lleva-la-reanimacion-cardiopulmonar-al-alcance-de-todos\\\/#primaryimage\"},\"thumbnailUrl\":\"https:\\\/\\\/santapola.es\\\/wp-content\\\/uploads\\\/2023\\\/10\\\/2023-10-13-RCP-1.jpeg\",\"datePublished\":\"2023-10-13T16:24:40+00:00\",\"dateModified\":\"2024-03-07T17:42:03+00:00\",\"author\":{\"@id\":\"https:\\\/\\\/santapola.es\\\/ca\\\/#\\\/schema\\\/person\\\/ad1d67403707b58350c7be5e8dbc442d\"},\"breadcrumb\":{\"@id\":\"https:\\\/\\\/santapola.es\\\/ca\\\/el-centro-de-salud-lleva-la-reanimacion-cardiopulmonar-al-alcance-de-todos\\\/#breadcrumb\"},\"inLanguage\":\"ca\",\"potentialAction\":[{\"@type\":\"ReadAction\",\"target\":[\"https:\\\/\\\/santapola.es\\\/ca\\\/el-centro-de-salud-lleva-la-reanimacion-cardiopulmonar-al-alcance-de-todos\\\/\"]}]},{\"@type\":\"ImageObject\",\"inLanguage\":\"ca\",\"@id\":\"https:\\\/\\\/santapola.es\\\/ca\\\/el-centro-de-salud-lleva-la-reanimacion-cardiopulmonar-al-alcance-de-todos\\\/#primaryimage\",\"url\":\"https:\\\/\\\/santapola.es\\\/wp-content\\\/uploads\\\/2023\\\/10\\\/2023-10-13-RCP-1.jpeg\",\"contentUrl\":\"https:\\\/\\\/santapola.es\\\/wp-content\\\/uploads\\\/2023\\\/10\\\/2023-10-13-RCP-1.jpeg\",\"width\":1600,\"height\":901},{\"@type\":\"BreadcrumbList\",\"@id\":\"https:\\\/\\\/santapola.es\\\/ca\\\/el-centro-de-salud-lleva-la-reanimacion-cardiopulmonar-al-alcance-de-todos\\\/#breadcrumb\",\"itemListElement\":[{\"@type\":\"ListItem\",\"position\":1,\"name\":\"Inici\",\"item\":\"https:\\\/\\\/santapola.es\\\/ca\\\/\"},{\"@type\":\"ListItem\",\"position\":2,\"name\":\"El Centro de Salud lleva la reanimaci\u00f3n cardiopulmonar al alcance de todos\"}]},{\"@type\":\"WebSite\",\"@id\":\"https:\\\/\\\/santapola.es\\\/ca\\\/#website\",\"url\":\"https:\\\/\\\/santapola.es\\\/ca\\\/\",\"name\":\"Ayuntamiento de Santa Pola\",\"description\":\"Web de l'Ajuntament de Santa Pola\",\"potentialAction\":[{\"@type\":\"SearchAction\",\"target\":{\"@type\":\"EntryPoint\",\"urlTemplate\":\"https:\\\/\\\/santapola.es\\\/ca\\\/?s={search_term_string}\"},\"query-input\":{\"@type\":\"PropertyValueSpecification\",\"valueRequired\":true,\"valueName\":\"search_term_string\"}}],\"inLanguage\":\"ca\"},{\"@type\":\"Person\",\"@id\":\"https:\\\/\\\/santapola.es\\\/ca\\\/#\\\/schema\\\/person\\\/ad1d67403707b58350c7be5e8dbc442d\",\"name\":\"Jos\u00e9 Juan L\u00f3pez Lafuente\"}]}<\/script>\n<!-- \/ Yoast SEO plugin. -->","yoast_head_json":{"title":"El Centro de Salud lleva la reanimaci\u00f3n cardiopulmonar al alcance de todos - Ajuntament de Santa Pola","robots":{"index":"index","follow":"follow","max-snippet":"max-snippet:-1","max-image-preview":"max-image-preview:large","max-video-preview":"max-video-preview:-1"},"canonical":"https:\/\/santapola.es\/ca\/el-centro-de-salud-lleva-la-reanimacion-cardiopulmonar-al-alcance-de-todos\/","og_locale":"ca_ES","og_type":"article","og_title":"El Centro de Salud lleva la reanimaci\u00f3n cardiopulmonar al alcance de todos - Ajuntament de Santa Pola","og_description":"Con motivo de la celebraci\u00f3n el pr\u00f3ximo 16 de octubre del D\u00eda Europeo de la Parada Cardiaca, esta ma\u00f1ana ha tenido lugar en la Glorieta una jornada informativa en la cual m\u00e9dicos y enfermeras del Centro de Salud de Santa Pola han demostrado c\u00f3mo actuar ante una parada cardio-respiratoria. Dirigida tanto al p\u00fablico infantil como [&hellip;]","og_url":"https:\/\/santapola.es\/ca\/el-centro-de-salud-lleva-la-reanimacion-cardiopulmonar-al-alcance-de-todos\/","og_site_name":"Ajuntament de Santa Pola","article_publisher":"https:\/\/www.facebook.com\/AyuntamientoSantaPola\/","article_published_time":"2023-10-13T16:24:40+00:00","article_modified_time":"2024-03-07T17:42:03+00:00","og_image":[{"width":1600,"height":901,"url":"https:\/\/santapola.es\/wp-content\/uploads\/2023\/10\/2023-10-13-RCP-1.jpeg","type":"image\/jpeg"}],"author":"Jos\u00e9 Juan L\u00f3pez Lafuente","twitter_card":"summary_large_image","twitter_creator":"@SantaPolaAyunt","twitter_site":"@SantaPolaAyunt","schema":{"@context":"https:\/\/schema.org","@graph":[{"@type":"Article","@id":"https:\/\/santapola.es\/ca\/el-centro-de-salud-lleva-la-reanimacion-cardiopulmonar-al-alcance-de-todos\/#article","isPartOf":{"@id":"https:\/\/santapola.es\/ca\/el-centro-de-salud-lleva-la-reanimacion-cardiopulmonar-al-alcance-de-todos\/"},"author":{"name":"Jos\u00e9 Juan L\u00f3pez Lafuente","@id":"https:\/\/santapola.es\/ca\/#\/schema\/person\/ad1d67403707b58350c7be5e8dbc442d"},"headline":"El Centro de Salud lleva la reanimaci\u00f3n cardiopulmonar al alcance de todos","datePublished":"2023-10-13T16:24:40+00:00","dateModified":"2024-03-07T17:42:03+00:00","mainEntityOfPage":{"@id":"https:\/\/santapola.es\/ca\/el-centro-de-salud-lleva-la-reanimacion-cardiopulmonar-al-alcance-de-todos\/"},"wordCount":292,"image":{"@id":"https:\/\/santapola.es\/ca\/el-centro-de-salud-lleva-la-reanimacion-cardiopulmonar-al-alcance-de-todos\/#primaryimage"},"thumbnailUrl":"https:\/\/santapola.es\/wp-content\/uploads\/2023\/10\/2023-10-13-RCP-1.jpeg","keywords":["Borja Merino","Centro de Salud"],"articleSection":["Inicio","Sanidad"],"inLanguage":"ca"},{"@type":"WebPage","@id":"https:\/\/santapola.es\/ca\/el-centro-de-salud-lleva-la-reanimacion-cardiopulmonar-al-alcance-de-todos\/","url":"https:\/\/santapola.es\/ca\/el-centro-de-salud-lleva-la-reanimacion-cardiopulmonar-al-alcance-de-todos\/","name":"El Centro de Salud lleva la reanimaci\u00f3n cardiopulmonar al alcance de todos - Ajuntament de Santa Pola","isPartOf":{"@id":"https:\/\/santapola.es\/ca\/#website"},"primaryImageOfPage":{"@id":"https:\/\/santapola.es\/ca\/el-centro-de-salud-lleva-la-reanimacion-cardiopulmonar-al-alcance-de-todos\/#primaryimage"},"image":{"@id":"https:\/\/santapola.es\/ca\/el-centro-de-salud-lleva-la-reanimacion-cardiopulmonar-al-alcance-de-todos\/#primaryimage"},"thumbnailUrl":"https:\/\/santapola.es\/wp-content\/uploads\/2023\/10\/2023-10-13-RCP-1.jpeg","datePublished":"2023-10-13T16:24:40+00:00","dateModified":"2024-03-07T17:42:03+00:00","author":{"@id":"https:\/\/santapola.es\/ca\/#\/schema\/person\/ad1d67403707b58350c7be5e8dbc442d"},"breadcrumb":{"@id":"https:\/\/santapola.es\/ca\/el-centro-de-salud-lleva-la-reanimacion-cardiopulmonar-al-alcance-de-todos\/#breadcrumb"},"inLanguage":"ca","potentialAction":[{"@type":"ReadAction","target":["https:\/\/santapola.es\/ca\/el-centro-de-salud-lleva-la-reanimacion-cardiopulmonar-al-alcance-de-todos\/"]}]},{"@type":"ImageObject","inLanguage":"ca","@id":"https:\/\/santapola.es\/ca\/el-centro-de-salud-lleva-la-reanimacion-cardiopulmonar-al-alcance-de-todos\/#primaryimage","url":"https:\/\/santapola.es\/wp-content\/uploads\/2023\/10\/2023-10-13-RCP-1.jpeg","contentUrl":"https:\/\/santapola.es\/wp-content\/uploads\/2023\/10\/2023-10-13-RCP-1.jpeg","width":1600,"height":901},{"@type":"BreadcrumbList","@id":"https:\/\/santapola.es\/ca\/el-centro-de-salud-lleva-la-reanimacion-cardiopulmonar-al-alcance-de-todos\/#breadcrumb","itemListElement":[{"@type":"ListItem","position":1,"name":"Inici","item":"https:\/\/santapola.es\/ca\/"},{"@type":"ListItem","position":2,"name":"El Centro de Salud lleva la reanimaci\u00f3n cardiopulmonar al alcance de todos"}]},{"@type":"WebSite","@id":"https:\/\/santapola.es\/ca\/#website","url":"https:\/\/santapola.es\/ca\/","name":"Ayuntamiento de Santa Pola","description":"Web de l'Ajuntament de Santa Pola","potentialAction":[{"@type":"SearchAction","target":{"@type":"EntryPoint","urlTemplate":"https:\/\/santapola.es\/ca\/?s={search_term_string}"},"query-input":{"@type":"PropertyValueSpecification","valueRequired":true,"valueName":"search_term_string"}}],"inLanguage":"ca"},{"@type":"Person","@id":"https:\/\/santapola.es\/ca\/#\/schema\/person\/ad1d67403707b58350c7be5e8dbc442d","name":"Jos\u00e9 Juan L\u00f3pez Lafuente"}]}},"_links":{"self":[{"href":"https:\/\/santapola.es\/ca\/wp-json\/wp\/v2\/posts\/21807","targetHints":{"allow":["GET"]}}],"collection":[{"href":"https:\/\/santapola.es\/ca\/wp-json\/wp\/v2\/posts"}],"about":[{"href":"https:\/\/santapola.es\/ca\/wp-json\/wp\/v2\/types\/post"}],"author":[{"embeddable":true,"href":"https:\/\/santapola.es\/ca\/wp-json\/wp\/v2\/users\/96"}],"replies":[{"embeddable":true,"href":"https:\/\/santapola.es\/ca\/wp-json\/wp\/v2\/comments?post=21807"}],"version-history":[{"count":0,"href":"https:\/\/santapola.es\/ca\/wp-json\/wp\/v2\/posts\/21807\/revisions"}],"wp:featuredmedia":[{"embeddable":true,"href":"https:\/\/santapola.es\/ca\/wp-json\/wp\/v2\/media\/21808"}],"wp:attachment":[{"href":"https:\/\/santapola.es\/ca\/wp-json\/wp\/v2\/media?parent=21807"}],"wp:term":[{"taxonomy":"category","embeddable":true,"href":"https:\/\/santapola.es\/ca\/wp-json\/wp\/v2\/categories?post=21807"},{"taxonomy":"post_tag","embeddable":true,"href":"https:\/\/santapola.es\/ca\/wp-json\/wp\/v2\/tags?post=21807"}],"curies":[{"name":"wp","href":"https:\/\/api.w.org\/{rel}","templated":true}]}}