{"id":21801,"date":"2023-10-12T14:23:24","date_gmt":"2023-10-12T12:23:24","guid":{"rendered":"https:\/\/www.desarrollo.santapola.es\/?p=21801"},"modified":"2024-03-07T18:42:02","modified_gmt":"2024-03-07T17:42:02","slug":"manifiesto-del-dia-12-de-octubre-dia-de-la-hispanidad","status":"publish","type":"post","link":"https:\/\/santapola.es\/ca\/manifiesto-del-dia-12-de-octubre-dia-de-la-hispanidad\/","title":{"rendered":"Manifiesto del d\u00eda 12 de octubre, D\u00eda de la Hispanidad"},"content":{"rendered":"<p><span style=\"font-weight: 400\">Hoy 12 de octubre,\u00a0 es un d\u00eda para festejar la fraternidad y colaboraci\u00f3n entre los pueblos, la integraci\u00f3n de gentes y culturas. Un d\u00eda que demuestra el valor y la importancia de ese proyecto com\u00fan que nos une y que llamamos Espa\u00f1a. Una naci\u00f3n que tiene en su propia historia, la historia de un mestizaje.\u00a0 Esta variedad constituye nuestra m\u00e1s grande riqueza.\u00a0<\/span><\/p>\n<p><span style=\"font-weight: 400\">Juntos, hemos logrado surgir como la segunda lengua m\u00e1s hablada, escuchada, escrita y cantada del planeta. Juntos, hemos sabido inventar nuevas formas art\u00edsticas y culturales. Y que est\u00e1 formada por diversos pueblos, con sus particularidades y personalidad, pero unidos.\u00a0 Solo unidos fuimos importantes y solo unidos iremos a m\u00e1s. Unidos no quiere decir uniformes, sino solidarios entre todos los pueblos de Espa\u00f1a, acogidos bajo la Constituci\u00f3n de la concordia, de la tolerancia, de la autonom\u00eda y del progreso, amparados bajo la bandera de la legalidad que a todos nos protege, que a todos nos une y que a nadie excluye o separa.\u00a0<\/span><\/p>\n<p><span style=\"font-weight: 400\">Este D\u00eda de la Hispanidad es, el d\u00eda de la cooperaci\u00f3n y de la solidaridad entre los espa\u00f1oles, que nos otorga el inmenso potencial, cultural y econ\u00f3mico de hablar un mismo idioma, tener iguales\u00a0 costumbres, respetar similares tradiciones y pensar y sentir de un modo semejante.\u00a0<\/span><\/p>\n<p><span style=\"font-weight: 400\">El 12 de octubre es un d\u00eda de reflexi\u00f3n hist\u00f3rica y de di\u00e1logo intercultural para dejar atr\u00e1s formas de pensamiento discriminatorias y renovar el compromiso por el respeto a los derechos humanos de todos los pueblos.<\/span><\/p>\n<p><span style=\"font-weight: 400\">Tambi\u00e9n hay que destacar la labor de los responsables de nuestra seguridad; esto es, de todos los\u00a0hombres y mujeres que velan por proteger nuestros derechos y libertades. En concreto, quiero destacar a la Guardia Civil, cuya fiesta celebramos hoy, pero tambi\u00e9n a nuestra Polic\u00eda Local, que han\u00a0colaborado codo con codo para garantizar nuestra seguridad. Estos cuerpos son una\u00a0garant\u00eda de unidad, de respeto a nuestro orden constitucional y a los s\u00edmbolos\u00a0de nuestra naci\u00f3n. Es momento de mirar al futuro desde la unidad, desde el respeto y con lealtad\u00a0a todas las instituciones del Estado.<\/span><\/p>\n<p><span style=\"font-weight: 400\">Debemos estar orgullosos de pertenecer a esta gran naci\u00f3n que\u00a0es Espa\u00f1a. Un pa\u00eds fuerte, que ha resistido momentos especialmente\u00a0complicados a lo largo de su historia. Una naci\u00f3n s\u00f3lida gracias al\u00a0compromiso y sentimiento de pertenencia a un proyecto com\u00fan que sentimos\u00a0millones de espa\u00f1oles.<\/span><\/p>\n<p><span style=\"font-weight: 400\">La bandera\u00a0 espa\u00f1ola representa esa apuesta por la concordia y el respeto; es la bandera de\u00a0todos, la que representa el proyecto com\u00fan de una Espa\u00f1a que cree en la\u00a0democracia, que durante m\u00e1s de\u00a0cuatro d\u00e9cadas ha aportado a nuestro pa\u00eds, las herramientas\u00a0necesarias para avanzar con firmeza en desarrollo y bienestar social.\u00a0\u00a0<\/span><\/p>\n","protected":false},"excerpt":{"rendered":"<p>Hoy 12 de octubre,\u00a0 es un d\u00eda para festejar la fraternidad y colaboraci\u00f3n entre los pueblos, la integraci\u00f3n de gentes y culturas. Un d\u00eda que demuestra el valor y la importancia de ese proyecto com\u00fan que nos une y que llamamos Espa\u00f1a. Una naci\u00f3n que tiene en su propia historia, la historia de un mestizaje.\u00a0 [&hellip;]<\/p>\n","protected":false},"author":96,"featured_media":21802,"comment_status":"closed","ping_status":"closed","sticky":false,"template":"","format":"standard","meta":{"_et_pb_use_builder":"","_et_pb_old_content":"","_et_gb_content_width":"","footnotes":""},"categories":[96,66],"tags":[264],"class_list":["post-21801","post","type-post","status-publish","format-standard","has-post-thumbnail","hentry","category-cultura","category-inicio","tag-dia-de-la-hispanidad"],"yoast_head":"<!-- This site is optimized with the Yoast SEO plugin v27.4 - https:\/\/yoast.com\/product\/yoast-seo-wordpress\/ -->\n<title>Manifiesto del d\u00eda 12 de octubre, D\u00eda de la Hispanidad - Ajuntament de Santa Pola<\/title>\n<meta name=\"robots\" content=\"index, follow, max-snippet:-1, max-image-preview:large, max-video-preview:-1\" \/>\n<link rel=\"canonical\" href=\"https:\/\/santapola.es\/ca\/manifiesto-del-dia-12-de-octubre-dia-de-la-hispanidad\/\" \/>\n<meta property=\"og:locale\" content=\"ca_ES\" \/>\n<meta property=\"og:type\" content=\"article\" \/>\n<meta property=\"og:title\" content=\"Manifiesto del d\u00eda 12 de octubre, D\u00eda de la Hispanidad - Ajuntament de Santa Pola\" \/>\n<meta property=\"og:description\" content=\"Hoy 12 de octubre,\u00a0 es un d\u00eda para festejar la fraternidad y colaboraci\u00f3n entre los pueblos, la integraci\u00f3n de gentes y culturas. Un d\u00eda que demuestra el valor y la importancia de ese proyecto com\u00fan que nos une y que llamamos Espa\u00f1a. Una naci\u00f3n que tiene en su propia historia, la historia de un mestizaje.\u00a0 [&hellip;]\" \/>\n<meta property=\"og:url\" content=\"https:\/\/santapola.es\/ca\/manifiesto-del-dia-12-de-octubre-dia-de-la-hispanidad\/\" \/>\n<meta property=\"og:site_name\" content=\"Ajuntament de Santa Pola\" \/>\n<meta property=\"article:publisher\" content=\"https:\/\/www.facebook.com\/AyuntamientoSantaPola\/\" \/>\n<meta property=\"article:published_time\" content=\"2023-10-12T12:23:24+00:00\" \/>\n<meta property=\"article:modified_time\" content=\"2024-03-07T17:42:02+00:00\" \/>\n<meta property=\"og:image\" content=\"https:\/\/santapola.es\/wp-content\/uploads\/2023\/10\/2023-10-12.jpeg\" \/>\n\t<meta property=\"og:image:width\" content=\"2048\" \/>\n\t<meta property=\"og:image:height\" content=\"1153\" \/>\n\t<meta property=\"og:image:type\" content=\"image\/jpeg\" \/>\n<meta name=\"author\" content=\"Jos\u00e9 Juan L\u00f3pez Lafuente\" \/>\n<meta name=\"twitter:card\" content=\"summary_large_image\" \/>\n<meta name=\"twitter:creator\" content=\"@SantaPolaAyunt\" \/>\n<meta name=\"twitter:site\" content=\"@SantaPolaAyunt\" \/>\n<script type=\"application\/ld+json\" class=\"yoast-schema-graph\">{\"@context\":\"https:\\\/\\\/schema.org\",\"@graph\":[{\"@type\":\"Article\",\"@id\":\"https:\\\/\\\/santapola.es\\\/ca\\\/manifiesto-del-dia-12-de-octubre-dia-de-la-hispanidad\\\/#article\",\"isPartOf\":{\"@id\":\"https:\\\/\\\/santapola.es\\\/ca\\\/manifiesto-del-dia-12-de-octubre-dia-de-la-hispanidad\\\/\"},\"author\":{\"name\":\"Jos\u00e9 Juan L\u00f3pez Lafuente\",\"@id\":\"https:\\\/\\\/santapola.es\\\/ca\\\/#\\\/schema\\\/person\\\/ad1d67403707b58350c7be5e8dbc442d\"},\"headline\":\"Manifiesto del d\u00eda 12 de octubre, D\u00eda de la Hispanidad\",\"datePublished\":\"2023-10-12T12:23:24+00:00\",\"dateModified\":\"2024-03-07T17:42:02+00:00\",\"mainEntityOfPage\":{\"@id\":\"https:\\\/\\\/santapola.es\\\/ca\\\/manifiesto-del-dia-12-de-octubre-dia-de-la-hispanidad\\\/\"},\"wordCount\":495,\"image\":{\"@id\":\"https:\\\/\\\/santapola.es\\\/ca\\\/manifiesto-del-dia-12-de-octubre-dia-de-la-hispanidad\\\/#primaryimage\"},\"thumbnailUrl\":\"https:\\\/\\\/santapola.es\\\/wp-content\\\/uploads\\\/2023\\\/10\\\/2023-10-12.jpeg\",\"keywords\":[\"D\u00eda de la Hispanidad\"],\"articleSection\":[\"Cultura\",\"Inicio\"],\"inLanguage\":\"ca\"},{\"@type\":\"WebPage\",\"@id\":\"https:\\\/\\\/santapola.es\\\/ca\\\/manifiesto-del-dia-12-de-octubre-dia-de-la-hispanidad\\\/\",\"url\":\"https:\\\/\\\/santapola.es\\\/ca\\\/manifiesto-del-dia-12-de-octubre-dia-de-la-hispanidad\\\/\",\"name\":\"Manifiesto del d\u00eda 12 de octubre, D\u00eda de la Hispanidad - Ajuntament de Santa Pola\",\"isPartOf\":{\"@id\":\"https:\\\/\\\/santapola.es\\\/ca\\\/#website\"},\"primaryImageOfPage\":{\"@id\":\"https:\\\/\\\/santapola.es\\\/ca\\\/manifiesto-del-dia-12-de-octubre-dia-de-la-hispanidad\\\/#primaryimage\"},\"image\":{\"@id\":\"https:\\\/\\\/santapola.es\\\/ca\\\/manifiesto-del-dia-12-de-octubre-dia-de-la-hispanidad\\\/#primaryimage\"},\"thumbnailUrl\":\"https:\\\/\\\/santapola.es\\\/wp-content\\\/uploads\\\/2023\\\/10\\\/2023-10-12.jpeg\",\"datePublished\":\"2023-10-12T12:23:24+00:00\",\"dateModified\":\"2024-03-07T17:42:02+00:00\",\"author\":{\"@id\":\"https:\\\/\\\/santapola.es\\\/ca\\\/#\\\/schema\\\/person\\\/ad1d67403707b58350c7be5e8dbc442d\"},\"breadcrumb\":{\"@id\":\"https:\\\/\\\/santapola.es\\\/ca\\\/manifiesto-del-dia-12-de-octubre-dia-de-la-hispanidad\\\/#breadcrumb\"},\"inLanguage\":\"ca\",\"potentialAction\":[{\"@type\":\"ReadAction\",\"target\":[\"https:\\\/\\\/santapola.es\\\/ca\\\/manifiesto-del-dia-12-de-octubre-dia-de-la-hispanidad\\\/\"]}]},{\"@type\":\"ImageObject\",\"inLanguage\":\"ca\",\"@id\":\"https:\\\/\\\/santapola.es\\\/ca\\\/manifiesto-del-dia-12-de-octubre-dia-de-la-hispanidad\\\/#primaryimage\",\"url\":\"https:\\\/\\\/santapola.es\\\/wp-content\\\/uploads\\\/2023\\\/10\\\/2023-10-12.jpeg\",\"contentUrl\":\"https:\\\/\\\/santapola.es\\\/wp-content\\\/uploads\\\/2023\\\/10\\\/2023-10-12.jpeg\",\"width\":2048,\"height\":1153},{\"@type\":\"BreadcrumbList\",\"@id\":\"https:\\\/\\\/santapola.es\\\/ca\\\/manifiesto-del-dia-12-de-octubre-dia-de-la-hispanidad\\\/#breadcrumb\",\"itemListElement\":[{\"@type\":\"ListItem\",\"position\":1,\"name\":\"Inici\",\"item\":\"https:\\\/\\\/santapola.es\\\/ca\\\/\"},{\"@type\":\"ListItem\",\"position\":2,\"name\":\"Manifiesto del d\u00eda 12 de octubre, D\u00eda de la Hispanidad\"}]},{\"@type\":\"WebSite\",\"@id\":\"https:\\\/\\\/santapola.es\\\/ca\\\/#website\",\"url\":\"https:\\\/\\\/santapola.es\\\/ca\\\/\",\"name\":\"Ayuntamiento de Santa Pola\",\"description\":\"Web de l'Ajuntament de Santa Pola\",\"potentialAction\":[{\"@type\":\"SearchAction\",\"target\":{\"@type\":\"EntryPoint\",\"urlTemplate\":\"https:\\\/\\\/santapola.es\\\/ca\\\/?s={search_term_string}\"},\"query-input\":{\"@type\":\"PropertyValueSpecification\",\"valueRequired\":true,\"valueName\":\"search_term_string\"}}],\"inLanguage\":\"ca\"},{\"@type\":\"Person\",\"@id\":\"https:\\\/\\\/santapola.es\\\/ca\\\/#\\\/schema\\\/person\\\/ad1d67403707b58350c7be5e8dbc442d\",\"name\":\"Jos\u00e9 Juan L\u00f3pez Lafuente\"}]}<\/script>\n<!-- \/ Yoast SEO plugin. -->","yoast_head_json":{"title":"Manifiesto del d\u00eda 12 de octubre, D\u00eda de la Hispanidad - Ajuntament de Santa Pola","robots":{"index":"index","follow":"follow","max-snippet":"max-snippet:-1","max-image-preview":"max-image-preview:large","max-video-preview":"max-video-preview:-1"},"canonical":"https:\/\/santapola.es\/ca\/manifiesto-del-dia-12-de-octubre-dia-de-la-hispanidad\/","og_locale":"ca_ES","og_type":"article","og_title":"Manifiesto del d\u00eda 12 de octubre, D\u00eda de la Hispanidad - Ajuntament de Santa Pola","og_description":"Hoy 12 de octubre,\u00a0 es un d\u00eda para festejar la fraternidad y colaboraci\u00f3n entre los pueblos, la integraci\u00f3n de gentes y culturas. Un d\u00eda que demuestra el valor y la importancia de ese proyecto com\u00fan que nos une y que llamamos Espa\u00f1a. Una naci\u00f3n que tiene en su propia historia, la historia de un mestizaje.\u00a0 [&hellip;]","og_url":"https:\/\/santapola.es\/ca\/manifiesto-del-dia-12-de-octubre-dia-de-la-hispanidad\/","og_site_name":"Ajuntament de Santa Pola","article_publisher":"https:\/\/www.facebook.com\/AyuntamientoSantaPola\/","article_published_time":"2023-10-12T12:23:24+00:00","article_modified_time":"2024-03-07T17:42:02+00:00","og_image":[{"width":2048,"height":1153,"url":"https:\/\/santapola.es\/wp-content\/uploads\/2023\/10\/2023-10-12.jpeg","type":"image\/jpeg"}],"author":"Jos\u00e9 Juan L\u00f3pez Lafuente","twitter_card":"summary_large_image","twitter_creator":"@SantaPolaAyunt","twitter_site":"@SantaPolaAyunt","schema":{"@context":"https:\/\/schema.org","@graph":[{"@type":"Article","@id":"https:\/\/santapola.es\/ca\/manifiesto-del-dia-12-de-octubre-dia-de-la-hispanidad\/#article","isPartOf":{"@id":"https:\/\/santapola.es\/ca\/manifiesto-del-dia-12-de-octubre-dia-de-la-hispanidad\/"},"author":{"name":"Jos\u00e9 Juan L\u00f3pez Lafuente","@id":"https:\/\/santapola.es\/ca\/#\/schema\/person\/ad1d67403707b58350c7be5e8dbc442d"},"headline":"Manifiesto del d\u00eda 12 de octubre, D\u00eda de la Hispanidad","datePublished":"2023-10-12T12:23:24+00:00","dateModified":"2024-03-07T17:42:02+00:00","mainEntityOfPage":{"@id":"https:\/\/santapola.es\/ca\/manifiesto-del-dia-12-de-octubre-dia-de-la-hispanidad\/"},"wordCount":495,"image":{"@id":"https:\/\/santapola.es\/ca\/manifiesto-del-dia-12-de-octubre-dia-de-la-hispanidad\/#primaryimage"},"thumbnailUrl":"https:\/\/santapola.es\/wp-content\/uploads\/2023\/10\/2023-10-12.jpeg","keywords":["D\u00eda de la Hispanidad"],"articleSection":["Cultura","Inicio"],"inLanguage":"ca"},{"@type":"WebPage","@id":"https:\/\/santapola.es\/ca\/manifiesto-del-dia-12-de-octubre-dia-de-la-hispanidad\/","url":"https:\/\/santapola.es\/ca\/manifiesto-del-dia-12-de-octubre-dia-de-la-hispanidad\/","name":"Manifiesto del d\u00eda 12 de octubre, D\u00eda de la Hispanidad - Ajuntament de Santa Pola","isPartOf":{"@id":"https:\/\/santapola.es\/ca\/#website"},"primaryImageOfPage":{"@id":"https:\/\/santapola.es\/ca\/manifiesto-del-dia-12-de-octubre-dia-de-la-hispanidad\/#primaryimage"},"image":{"@id":"https:\/\/santapola.es\/ca\/manifiesto-del-dia-12-de-octubre-dia-de-la-hispanidad\/#primaryimage"},"thumbnailUrl":"https:\/\/santapola.es\/wp-content\/uploads\/2023\/10\/2023-10-12.jpeg","datePublished":"2023-10-12T12:23:24+00:00","dateModified":"2024-03-07T17:42:02+00:00","author":{"@id":"https:\/\/santapola.es\/ca\/#\/schema\/person\/ad1d67403707b58350c7be5e8dbc442d"},"breadcrumb":{"@id":"https:\/\/santapola.es\/ca\/manifiesto-del-dia-12-de-octubre-dia-de-la-hispanidad\/#breadcrumb"},"inLanguage":"ca","potentialAction":[{"@type":"ReadAction","target":["https:\/\/santapola.es\/ca\/manifiesto-del-dia-12-de-octubre-dia-de-la-hispanidad\/"]}]},{"@type":"ImageObject","inLanguage":"ca","@id":"https:\/\/santapola.es\/ca\/manifiesto-del-dia-12-de-octubre-dia-de-la-hispanidad\/#primaryimage","url":"https:\/\/santapola.es\/wp-content\/uploads\/2023\/10\/2023-10-12.jpeg","contentUrl":"https:\/\/santapola.es\/wp-content\/uploads\/2023\/10\/2023-10-12.jpeg","width":2048,"height":1153},{"@type":"BreadcrumbList","@id":"https:\/\/santapola.es\/ca\/manifiesto-del-dia-12-de-octubre-dia-de-la-hispanidad\/#breadcrumb","itemListElement":[{"@type":"ListItem","position":1,"name":"Inici","item":"https:\/\/santapola.es\/ca\/"},{"@type":"ListItem","position":2,"name":"Manifiesto del d\u00eda 12 de octubre, D\u00eda de la Hispanidad"}]},{"@type":"WebSite","@id":"https:\/\/santapola.es\/ca\/#website","url":"https:\/\/santapola.es\/ca\/","name":"Ayuntamiento de Santa Pola","description":"Web de l'Ajuntament de Santa Pola","potentialAction":[{"@type":"SearchAction","target":{"@type":"EntryPoint","urlTemplate":"https:\/\/santapola.es\/ca\/?s={search_term_string}"},"query-input":{"@type":"PropertyValueSpecification","valueRequired":true,"valueName":"search_term_string"}}],"inLanguage":"ca"},{"@type":"Person","@id":"https:\/\/santapola.es\/ca\/#\/schema\/person\/ad1d67403707b58350c7be5e8dbc442d","name":"Jos\u00e9 Juan L\u00f3pez Lafuente"}]}},"_links":{"self":[{"href":"https:\/\/santapola.es\/ca\/wp-json\/wp\/v2\/posts\/21801","targetHints":{"allow":["GET"]}}],"collection":[{"href":"https:\/\/santapola.es\/ca\/wp-json\/wp\/v2\/posts"}],"about":[{"href":"https:\/\/santapola.es\/ca\/wp-json\/wp\/v2\/types\/post"}],"author":[{"embeddable":true,"href":"https:\/\/santapola.es\/ca\/wp-json\/wp\/v2\/users\/96"}],"replies":[{"embeddable":true,"href":"https:\/\/santapola.es\/ca\/wp-json\/wp\/v2\/comments?post=21801"}],"version-history":[{"count":0,"href":"https:\/\/santapola.es\/ca\/wp-json\/wp\/v2\/posts\/21801\/revisions"}],"wp:featuredmedia":[{"embeddable":true,"href":"https:\/\/santapola.es\/ca\/wp-json\/wp\/v2\/media\/21802"}],"wp:attachment":[{"href":"https:\/\/santapola.es\/ca\/wp-json\/wp\/v2\/media?parent=21801"}],"wp:term":[{"taxonomy":"category","embeddable":true,"href":"https:\/\/santapola.es\/ca\/wp-json\/wp\/v2\/categories?post=21801"},{"taxonomy":"post_tag","embeddable":true,"href":"https:\/\/santapola.es\/ca\/wp-json\/wp\/v2\/tags?post=21801"}],"curies":[{"name":"wp","href":"https:\/\/api.w.org\/{rel}","templated":true}]}}