{"id":21796,"date":"2023-10-11T14:41:41","date_gmt":"2023-10-11T12:41:41","guid":{"rendered":"https:\/\/www.desarrollo.santapola.es\/?p=21796"},"modified":"2024-03-07T18:42:01","modified_gmt":"2024-03-07T17:42:01","slug":"los-ninos-de-pueblo-levantino-ya-pueden-disfrutar-de-su-parque-infantil","status":"publish","type":"post","link":"https:\/\/santapola.es\/ca\/los-ninos-de-pueblo-levantino-ya-pueden-disfrutar-de-su-parque-infantil\/","title":{"rendered":"Los ni\u00f1os de Pueblo Levantino ya pueden disfrutar de su parque infantil"},"content":{"rendered":"<p><strong>La Concejal\u00eda de Parques y Jardines ha llevado a cabo la renovaci\u00f3n del parque infantil de esta zona residencial de Santa Pola con una inversi\u00f3n de 20.720 euros.<\/strong><\/p>\n<p>La concejal de Parques y Jardines, Encarni Ram\u00edrez, ha visitado en el Pueblo Levantino las obras ya finalizadas de renovaci\u00f3n total del parque infantil del barrio, en la calle Andr\u00e9s Segovia.<\/p>\n<p>Con una inversi\u00f3n que asciende a 20.720 euros, se ha instalado un nuevo suelo amortiguador de seguridad en una superficie de 135 m2, dotando adem\u00e1s al parque de varios elementos de recreo infantil, entre ellos tres muelles (uno de ellos inclusivo), un balanc\u00edn y un columpio mixto doble con asiento plano y asiento cuna.<\/p>\n<p><img loading=\"lazy\" decoding=\"async\" class=\"aligncenter size-large wp-image-21799\" src=\"https:\/\/santapola.es\/wp-content\/uploads\/2023\/10\/2023-10-11-parque-infantil-Pueblo-Levantino-3-1024x576.jpeg\" alt=\"\" width=\"1024\" height=\"576\" srcset=\"https:\/\/santapola.es\/wp-content\/uploads\/2023\/10\/2023-10-11-parque-infantil-Pueblo-Levantino-3-980x551.jpeg 980w, https:\/\/santapola.es\/wp-content\/uploads\/2023\/10\/2023-10-11-parque-infantil-Pueblo-Levantino-3-480x270.jpeg 480w\" sizes=\"(min-width: 0px) and (max-width: 480px) 480px, (min-width: 481px) and (max-width: 980px) 980px, (min-width: 981px) 1024px, 100vw\" \/><\/p>\n<p><img loading=\"lazy\" decoding=\"async\" class=\"aligncenter size-large wp-image-21797\" src=\"https:\/\/santapola.es\/wp-content\/uploads\/2023\/10\/2023-10-11-parque-infantil-Pueblo-Levantino-1-1024x576.jpeg\" alt=\"\" width=\"1024\" height=\"576\" srcset=\"https:\/\/santapola.es\/wp-content\/uploads\/2023\/10\/2023-10-11-parque-infantil-Pueblo-Levantino-1-980x551.jpeg 980w, https:\/\/santapola.es\/wp-content\/uploads\/2023\/10\/2023-10-11-parque-infantil-Pueblo-Levantino-1-480x270.jpeg 480w\" sizes=\"(min-width: 0px) and (max-width: 480px) 480px, (min-width: 481px) and (max-width: 980px) 980px, (min-width: 981px) 1024px, 100vw\" \/><\/p>\n","protected":false},"excerpt":{"rendered":"<p>La Concejal\u00eda de Parques y Jardines ha llevado a cabo la renovaci\u00f3n del parque infantil de esta zona residencial de Santa Pola con una inversi\u00f3n de 20.720 euros. La concejal de Parques y Jardines, Encarni Ram\u00edrez, ha visitado en el Pueblo Levantino las obras ya finalizadas de renovaci\u00f3n total del parque infantil del barrio, en [&hellip;]<\/p>\n","protected":false},"author":96,"featured_media":21798,"comment_status":"closed","ping_status":"closed","sticky":false,"template":"","format":"standard","meta":{"_et_pb_use_builder":"","_et_pb_old_content":"","_et_gb_content_width":"","footnotes":""},"categories":[66,261],"tags":[262,263],"class_list":["post-21796","post","type-post","status-publish","format-standard","has-post-thumbnail","hentry","category-inicio","category-parques-y-jardines","tag-encarni-ramirez","tag-pueblo-levantino"],"yoast_head":"<!-- This site is optimized with the Yoast SEO plugin v27.4 - https:\/\/yoast.com\/product\/yoast-seo-wordpress\/ -->\n<title>Los ni\u00f1os de Pueblo Levantino ya pueden disfrutar de su parque infantil - Ajuntament de Santa Pola<\/title>\n<meta name=\"robots\" content=\"index, follow, max-snippet:-1, max-image-preview:large, max-video-preview:-1\" \/>\n<link rel=\"canonical\" href=\"https:\/\/santapola.es\/ca\/los-ninos-de-pueblo-levantino-ya-pueden-disfrutar-de-su-parque-infantil\/\" \/>\n<meta property=\"og:locale\" content=\"ca_ES\" \/>\n<meta property=\"og:type\" content=\"article\" \/>\n<meta property=\"og:title\" content=\"Los ni\u00f1os de Pueblo Levantino ya pueden disfrutar de su parque infantil - Ajuntament de Santa Pola\" \/>\n<meta property=\"og:description\" content=\"La Concejal\u00eda de Parques y Jardines ha llevado a cabo la renovaci\u00f3n del parque infantil de esta zona residencial de Santa Pola con una inversi\u00f3n de 20.720 euros. La concejal de Parques y Jardines, Encarni Ram\u00edrez, ha visitado en el Pueblo Levantino las obras ya finalizadas de renovaci\u00f3n total del parque infantil del barrio, en [&hellip;]\" \/>\n<meta property=\"og:url\" content=\"https:\/\/santapola.es\/ca\/los-ninos-de-pueblo-levantino-ya-pueden-disfrutar-de-su-parque-infantil\/\" \/>\n<meta property=\"og:site_name\" content=\"Ajuntament de Santa Pola\" \/>\n<meta property=\"article:publisher\" content=\"https:\/\/www.facebook.com\/AyuntamientoSantaPola\/\" \/>\n<meta property=\"article:published_time\" content=\"2023-10-11T12:41:41+00:00\" \/>\n<meta property=\"article:modified_time\" content=\"2024-03-07T17:42:01+00:00\" \/>\n<meta property=\"og:image\" content=\"https:\/\/santapola.es\/wp-content\/uploads\/2023\/10\/2023-10-11-parque-infantil-Pueblo-Levantino-2.jpeg\" \/>\n\t<meta property=\"og:image:width\" content=\"1600\" \/>\n\t<meta property=\"og:image:height\" content=\"900\" \/>\n\t<meta property=\"og:image:type\" content=\"image\/jpeg\" \/>\n<meta name=\"author\" content=\"Jos\u00e9 Juan L\u00f3pez Lafuente\" \/>\n<meta name=\"twitter:card\" content=\"summary_large_image\" \/>\n<meta name=\"twitter:creator\" content=\"@SantaPolaAyunt\" \/>\n<meta name=\"twitter:site\" content=\"@SantaPolaAyunt\" \/>\n<script type=\"application\/ld+json\" class=\"yoast-schema-graph\">{\"@context\":\"https:\\\/\\\/schema.org\",\"@graph\":[{\"@type\":\"Article\",\"@id\":\"https:\\\/\\\/santapola.es\\\/ca\\\/los-ninos-de-pueblo-levantino-ya-pueden-disfrutar-de-su-parque-infantil\\\/#article\",\"isPartOf\":{\"@id\":\"https:\\\/\\\/santapola.es\\\/ca\\\/los-ninos-de-pueblo-levantino-ya-pueden-disfrutar-de-su-parque-infantil\\\/\"},\"author\":{\"name\":\"Jos\u00e9 Juan L\u00f3pez Lafuente\",\"@id\":\"https:\\\/\\\/santapola.es\\\/ca\\\/#\\\/schema\\\/person\\\/ad1d67403707b58350c7be5e8dbc442d\"},\"headline\":\"Los ni\u00f1os de Pueblo Levantino ya pueden disfrutar de su parque infantil\",\"datePublished\":\"2023-10-11T12:41:41+00:00\",\"dateModified\":\"2024-03-07T17:42:01+00:00\",\"mainEntityOfPage\":{\"@id\":\"https:\\\/\\\/santapola.es\\\/ca\\\/los-ninos-de-pueblo-levantino-ya-pueden-disfrutar-de-su-parque-infantil\\\/\"},\"wordCount\":132,\"image\":{\"@id\":\"https:\\\/\\\/santapola.es\\\/ca\\\/los-ninos-de-pueblo-levantino-ya-pueden-disfrutar-de-su-parque-infantil\\\/#primaryimage\"},\"thumbnailUrl\":\"https:\\\/\\\/santapola.es\\\/wp-content\\\/uploads\\\/2023\\\/10\\\/2023-10-11-parque-infantil-Pueblo-Levantino-2.jpeg\",\"keywords\":[\"Encarni Ram\u00edrez\",\"Pueblo Levantino\"],\"articleSection\":[\"Inicio\",\"Parques y Jardines\"],\"inLanguage\":\"ca\"},{\"@type\":\"WebPage\",\"@id\":\"https:\\\/\\\/santapola.es\\\/ca\\\/los-ninos-de-pueblo-levantino-ya-pueden-disfrutar-de-su-parque-infantil\\\/\",\"url\":\"https:\\\/\\\/santapola.es\\\/ca\\\/los-ninos-de-pueblo-levantino-ya-pueden-disfrutar-de-su-parque-infantil\\\/\",\"name\":\"Los ni\u00f1os de Pueblo Levantino ya pueden disfrutar de su parque infantil - Ajuntament de Santa Pola\",\"isPartOf\":{\"@id\":\"https:\\\/\\\/santapola.es\\\/ca\\\/#website\"},\"primaryImageOfPage\":{\"@id\":\"https:\\\/\\\/santapola.es\\\/ca\\\/los-ninos-de-pueblo-levantino-ya-pueden-disfrutar-de-su-parque-infantil\\\/#primaryimage\"},\"image\":{\"@id\":\"https:\\\/\\\/santapola.es\\\/ca\\\/los-ninos-de-pueblo-levantino-ya-pueden-disfrutar-de-su-parque-infantil\\\/#primaryimage\"},\"thumbnailUrl\":\"https:\\\/\\\/santapola.es\\\/wp-content\\\/uploads\\\/2023\\\/10\\\/2023-10-11-parque-infantil-Pueblo-Levantino-2.jpeg\",\"datePublished\":\"2023-10-11T12:41:41+00:00\",\"dateModified\":\"2024-03-07T17:42:01+00:00\",\"author\":{\"@id\":\"https:\\\/\\\/santapola.es\\\/ca\\\/#\\\/schema\\\/person\\\/ad1d67403707b58350c7be5e8dbc442d\"},\"breadcrumb\":{\"@id\":\"https:\\\/\\\/santapola.es\\\/ca\\\/los-ninos-de-pueblo-levantino-ya-pueden-disfrutar-de-su-parque-infantil\\\/#breadcrumb\"},\"inLanguage\":\"ca\",\"potentialAction\":[{\"@type\":\"ReadAction\",\"target\":[\"https:\\\/\\\/santapola.es\\\/ca\\\/los-ninos-de-pueblo-levantino-ya-pueden-disfrutar-de-su-parque-infantil\\\/\"]}]},{\"@type\":\"ImageObject\",\"inLanguage\":\"ca\",\"@id\":\"https:\\\/\\\/santapola.es\\\/ca\\\/los-ninos-de-pueblo-levantino-ya-pueden-disfrutar-de-su-parque-infantil\\\/#primaryimage\",\"url\":\"https:\\\/\\\/santapola.es\\\/wp-content\\\/uploads\\\/2023\\\/10\\\/2023-10-11-parque-infantil-Pueblo-Levantino-2.jpeg\",\"contentUrl\":\"https:\\\/\\\/santapola.es\\\/wp-content\\\/uploads\\\/2023\\\/10\\\/2023-10-11-parque-infantil-Pueblo-Levantino-2.jpeg\",\"width\":1600,\"height\":900},{\"@type\":\"BreadcrumbList\",\"@id\":\"https:\\\/\\\/santapola.es\\\/ca\\\/los-ninos-de-pueblo-levantino-ya-pueden-disfrutar-de-su-parque-infantil\\\/#breadcrumb\",\"itemListElement\":[{\"@type\":\"ListItem\",\"position\":1,\"name\":\"Inici\",\"item\":\"https:\\\/\\\/santapola.es\\\/ca\\\/\"},{\"@type\":\"ListItem\",\"position\":2,\"name\":\"Los ni\u00f1os de Pueblo Levantino ya pueden disfrutar de su parque infantil\"}]},{\"@type\":\"WebSite\",\"@id\":\"https:\\\/\\\/santapola.es\\\/ca\\\/#website\",\"url\":\"https:\\\/\\\/santapola.es\\\/ca\\\/\",\"name\":\"Ayuntamiento de Santa Pola\",\"description\":\"Web de l'Ajuntament de Santa Pola\",\"potentialAction\":[{\"@type\":\"SearchAction\",\"target\":{\"@type\":\"EntryPoint\",\"urlTemplate\":\"https:\\\/\\\/santapola.es\\\/ca\\\/?s={search_term_string}\"},\"query-input\":{\"@type\":\"PropertyValueSpecification\",\"valueRequired\":true,\"valueName\":\"search_term_string\"}}],\"inLanguage\":\"ca\"},{\"@type\":\"Person\",\"@id\":\"https:\\\/\\\/santapola.es\\\/ca\\\/#\\\/schema\\\/person\\\/ad1d67403707b58350c7be5e8dbc442d\",\"name\":\"Jos\u00e9 Juan L\u00f3pez Lafuente\"}]}<\/script>\n<!-- \/ Yoast SEO plugin. -->","yoast_head_json":{"title":"Los ni\u00f1os de Pueblo Levantino ya pueden disfrutar de su parque infantil - Ajuntament de Santa Pola","robots":{"index":"index","follow":"follow","max-snippet":"max-snippet:-1","max-image-preview":"max-image-preview:large","max-video-preview":"max-video-preview:-1"},"canonical":"https:\/\/santapola.es\/ca\/los-ninos-de-pueblo-levantino-ya-pueden-disfrutar-de-su-parque-infantil\/","og_locale":"ca_ES","og_type":"article","og_title":"Los ni\u00f1os de Pueblo Levantino ya pueden disfrutar de su parque infantil - Ajuntament de Santa Pola","og_description":"La Concejal\u00eda de Parques y Jardines ha llevado a cabo la renovaci\u00f3n del parque infantil de esta zona residencial de Santa Pola con una inversi\u00f3n de 20.720 euros. La concejal de Parques y Jardines, Encarni Ram\u00edrez, ha visitado en el Pueblo Levantino las obras ya finalizadas de renovaci\u00f3n total del parque infantil del barrio, en [&hellip;]","og_url":"https:\/\/santapola.es\/ca\/los-ninos-de-pueblo-levantino-ya-pueden-disfrutar-de-su-parque-infantil\/","og_site_name":"Ajuntament de Santa Pola","article_publisher":"https:\/\/www.facebook.com\/AyuntamientoSantaPola\/","article_published_time":"2023-10-11T12:41:41+00:00","article_modified_time":"2024-03-07T17:42:01+00:00","og_image":[{"width":1600,"height":900,"url":"https:\/\/santapola.es\/wp-content\/uploads\/2023\/10\/2023-10-11-parque-infantil-Pueblo-Levantino-2.jpeg","type":"image\/jpeg"}],"author":"Jos\u00e9 Juan L\u00f3pez Lafuente","twitter_card":"summary_large_image","twitter_creator":"@SantaPolaAyunt","twitter_site":"@SantaPolaAyunt","schema":{"@context":"https:\/\/schema.org","@graph":[{"@type":"Article","@id":"https:\/\/santapola.es\/ca\/los-ninos-de-pueblo-levantino-ya-pueden-disfrutar-de-su-parque-infantil\/#article","isPartOf":{"@id":"https:\/\/santapola.es\/ca\/los-ninos-de-pueblo-levantino-ya-pueden-disfrutar-de-su-parque-infantil\/"},"author":{"name":"Jos\u00e9 Juan L\u00f3pez Lafuente","@id":"https:\/\/santapola.es\/ca\/#\/schema\/person\/ad1d67403707b58350c7be5e8dbc442d"},"headline":"Los ni\u00f1os de Pueblo Levantino ya pueden disfrutar de su parque infantil","datePublished":"2023-10-11T12:41:41+00:00","dateModified":"2024-03-07T17:42:01+00:00","mainEntityOfPage":{"@id":"https:\/\/santapola.es\/ca\/los-ninos-de-pueblo-levantino-ya-pueden-disfrutar-de-su-parque-infantil\/"},"wordCount":132,"image":{"@id":"https:\/\/santapola.es\/ca\/los-ninos-de-pueblo-levantino-ya-pueden-disfrutar-de-su-parque-infantil\/#primaryimage"},"thumbnailUrl":"https:\/\/santapola.es\/wp-content\/uploads\/2023\/10\/2023-10-11-parque-infantil-Pueblo-Levantino-2.jpeg","keywords":["Encarni Ram\u00edrez","Pueblo Levantino"],"articleSection":["Inicio","Parques y Jardines"],"inLanguage":"ca"},{"@type":"WebPage","@id":"https:\/\/santapola.es\/ca\/los-ninos-de-pueblo-levantino-ya-pueden-disfrutar-de-su-parque-infantil\/","url":"https:\/\/santapola.es\/ca\/los-ninos-de-pueblo-levantino-ya-pueden-disfrutar-de-su-parque-infantil\/","name":"Los ni\u00f1os de Pueblo Levantino ya pueden disfrutar de su parque infantil - Ajuntament de Santa Pola","isPartOf":{"@id":"https:\/\/santapola.es\/ca\/#website"},"primaryImageOfPage":{"@id":"https:\/\/santapola.es\/ca\/los-ninos-de-pueblo-levantino-ya-pueden-disfrutar-de-su-parque-infantil\/#primaryimage"},"image":{"@id":"https:\/\/santapola.es\/ca\/los-ninos-de-pueblo-levantino-ya-pueden-disfrutar-de-su-parque-infantil\/#primaryimage"},"thumbnailUrl":"https:\/\/santapola.es\/wp-content\/uploads\/2023\/10\/2023-10-11-parque-infantil-Pueblo-Levantino-2.jpeg","datePublished":"2023-10-11T12:41:41+00:00","dateModified":"2024-03-07T17:42:01+00:00","author":{"@id":"https:\/\/santapola.es\/ca\/#\/schema\/person\/ad1d67403707b58350c7be5e8dbc442d"},"breadcrumb":{"@id":"https:\/\/santapola.es\/ca\/los-ninos-de-pueblo-levantino-ya-pueden-disfrutar-de-su-parque-infantil\/#breadcrumb"},"inLanguage":"ca","potentialAction":[{"@type":"ReadAction","target":["https:\/\/santapola.es\/ca\/los-ninos-de-pueblo-levantino-ya-pueden-disfrutar-de-su-parque-infantil\/"]}]},{"@type":"ImageObject","inLanguage":"ca","@id":"https:\/\/santapola.es\/ca\/los-ninos-de-pueblo-levantino-ya-pueden-disfrutar-de-su-parque-infantil\/#primaryimage","url":"https:\/\/santapola.es\/wp-content\/uploads\/2023\/10\/2023-10-11-parque-infantil-Pueblo-Levantino-2.jpeg","contentUrl":"https:\/\/santapola.es\/wp-content\/uploads\/2023\/10\/2023-10-11-parque-infantil-Pueblo-Levantino-2.jpeg","width":1600,"height":900},{"@type":"BreadcrumbList","@id":"https:\/\/santapola.es\/ca\/los-ninos-de-pueblo-levantino-ya-pueden-disfrutar-de-su-parque-infantil\/#breadcrumb","itemListElement":[{"@type":"ListItem","position":1,"name":"Inici","item":"https:\/\/santapola.es\/ca\/"},{"@type":"ListItem","position":2,"name":"Los ni\u00f1os de Pueblo Levantino ya pueden disfrutar de su parque infantil"}]},{"@type":"WebSite","@id":"https:\/\/santapola.es\/ca\/#website","url":"https:\/\/santapola.es\/ca\/","name":"Ayuntamiento de Santa Pola","description":"Web de l'Ajuntament de Santa Pola","potentialAction":[{"@type":"SearchAction","target":{"@type":"EntryPoint","urlTemplate":"https:\/\/santapola.es\/ca\/?s={search_term_string}"},"query-input":{"@type":"PropertyValueSpecification","valueRequired":true,"valueName":"search_term_string"}}],"inLanguage":"ca"},{"@type":"Person","@id":"https:\/\/santapola.es\/ca\/#\/schema\/person\/ad1d67403707b58350c7be5e8dbc442d","name":"Jos\u00e9 Juan L\u00f3pez Lafuente"}]}},"_links":{"self":[{"href":"https:\/\/santapola.es\/ca\/wp-json\/wp\/v2\/posts\/21796","targetHints":{"allow":["GET"]}}],"collection":[{"href":"https:\/\/santapola.es\/ca\/wp-json\/wp\/v2\/posts"}],"about":[{"href":"https:\/\/santapola.es\/ca\/wp-json\/wp\/v2\/types\/post"}],"author":[{"embeddable":true,"href":"https:\/\/santapola.es\/ca\/wp-json\/wp\/v2\/users\/96"}],"replies":[{"embeddable":true,"href":"https:\/\/santapola.es\/ca\/wp-json\/wp\/v2\/comments?post=21796"}],"version-history":[{"count":0,"href":"https:\/\/santapola.es\/ca\/wp-json\/wp\/v2\/posts\/21796\/revisions"}],"wp:featuredmedia":[{"embeddable":true,"href":"https:\/\/santapola.es\/ca\/wp-json\/wp\/v2\/media\/21798"}],"wp:attachment":[{"href":"https:\/\/santapola.es\/ca\/wp-json\/wp\/v2\/media?parent=21796"}],"wp:term":[{"taxonomy":"category","embeddable":true,"href":"https:\/\/santapola.es\/ca\/wp-json\/wp\/v2\/categories?post=21796"},{"taxonomy":"post_tag","embeddable":true,"href":"https:\/\/santapola.es\/ca\/wp-json\/wp\/v2\/tags?post=21796"}],"curies":[{"name":"wp","href":"https:\/\/api.w.org\/{rel}","templated":true}]}}