{"id":21782,"date":"2023-10-10T14:10:51","date_gmt":"2023-10-10T12:10:51","guid":{"rendered":"https:\/\/www.desarrollo.santapola.es\/?p=21782"},"modified":"2024-03-07T18:42:00","modified_gmt":"2024-03-07T17:42:00","slug":"exito-de-participacion-en-las-actividades-del-dia-internacional-de-las-personas-mayores","status":"publish","type":"post","link":"https:\/\/santapola.es\/ca\/exito-de-participacion-en-las-actividades-del-dia-internacional-de-las-personas-mayores\/","title":{"rendered":""},"content":{"rendered":"<p><strong>Desde la Concejal\u00eda de Personas Mayores y Participaci\u00f3n Ciudadana, la edil Gela Roche ha querido \u201cagradecer enormemente la grata participaci\u00f3n de todas las personas que han acudido a las actividades programadas para conmemorar el D\u00eda Internacional de la Personas Mayores. Todas las actividades propuestas han sido un \u00e9xito y por ello sentimos una enorme satisfacci\u00f3n por la gran acogida.<\/strong><\/p>\n<p>Por otro lado e igual de importante, queremos hacer menci\u00f3n especial a la entidades asociativas y organismos p\u00fablicos que han colaborado con la diversa propuesta de actividades\u201d.<\/p>\n<p>Desde hace ya 9 a\u00f1os, La Senia es un espacio de encuentro y de convivencia para asociaciones y personas mayores, donde se ofrecen actividades de diferentes tipolog\u00edas. Seg\u00fan la t\u00e9cnico del \u00e1rea Bego\u00f1a Igual \u201cla participaci\u00f3n a lo largo de los a\u00f1os ha ido aumentando notablemente y es un orgullo ver la actividad y el buen funcionamiento diario de un espacio p\u00fablico tan vivo y tan vibrante, desde el cual solo pueden salir cosas bonitas\u201d.<\/p>\n<p>La concejal\u00eda quiere agradecer al Club de Convivencia, al Club de Modelismo Naval Villa de Santa Pola, al Club de Ajedrez Tablero Santapolero, a la Asociaci\u00f3n de Familiares y Enfermos de Alzheimer, personas mayores de santa pola y Gran Alacant, Nuevo Resurgir, Bolillos y Otras Artesan\u00edas de Elche y Comarca, Teatro Rayuela, Millor Art, Universidad Cardenal Herrera (CEU) y Centro de Salud de Santa Pola su participaci\u00f3n activa y su compromiso con la poblaci\u00f3n mayor de nuestro municipio.<\/p>\n<p>Para m\u00e1s informaci\u00f3n de las actividades del Centro de La Senia, los interesados se pueden dirigir al mismo centro en la calle Elche 55 (Tel. 966692835) o en el Centro Social Comunitario en calle Espoz y Mina 55 (Tel. 966696208).<\/p>\n","protected":false},"excerpt":{"rendered":"<p>Desde la Concejal\u00eda de Personas Mayores y Participaci\u00f3n Ciudadana, la edil Gela Roche ha querido \u201cagradecer enormemente la grata participaci\u00f3n de todas las personas que han acudido a las actividades programadas para conmemorar el D\u00eda Internacional de la Personas Mayores. Todas las actividades propuestas han sido un \u00e9xito y por ello sentimos una enorme satisfacci\u00f3n [&hellip;]<\/p>\n","protected":false},"author":96,"featured_media":21783,"comment_status":"closed","ping_status":"closed","sticky":false,"template":"","format":"standard","meta":{"_et_pb_use_builder":"","_et_pb_old_content":"","_et_gb_content_width":"","footnotes":""},"categories":[66,87],"tags":[222,162],"class_list":["post-21782","post","type-post","status-publish","format-standard","has-post-thumbnail","hentry","category-inicio","category-tercera-edad","tag-dia-internacional-de-las-personas-mayores","tag-gela-roche"],"yoast_head":"<!-- This site is optimized with the Yoast SEO plugin v27.4 - https:\/\/yoast.com\/product\/yoast-seo-wordpress\/ -->\n<title>- Ajuntament de Santa Pola<\/title>\n<meta name=\"robots\" content=\"index, follow, max-snippet:-1, max-image-preview:large, max-video-preview:-1\" \/>\n<link rel=\"canonical\" href=\"https:\/\/santapola.es\/ca\/exito-de-participacion-en-las-actividades-del-dia-internacional-de-las-personas-mayores\/\" \/>\n<meta property=\"og:locale\" content=\"ca_ES\" \/>\n<meta property=\"og:type\" content=\"article\" \/>\n<meta property=\"og:title\" content=\"- Ajuntament de Santa Pola\" \/>\n<meta property=\"og:description\" content=\"Desde la Concejal\u00eda de Personas Mayores y Participaci\u00f3n Ciudadana, la edil Gela Roche ha querido \u201cagradecer enormemente la grata participaci\u00f3n de todas las personas que han acudido a las actividades programadas para conmemorar el D\u00eda Internacional de la Personas Mayores. Todas las actividades propuestas han sido un \u00e9xito y por ello sentimos una enorme satisfacci\u00f3n [&hellip;]\" \/>\n<meta property=\"og:url\" content=\"https:\/\/santapola.es\/ca\/exito-de-participacion-en-las-actividades-del-dia-internacional-de-las-personas-mayores\/\" \/>\n<meta property=\"og:site_name\" content=\"Ajuntament de Santa Pola\" \/>\n<meta property=\"article:publisher\" content=\"https:\/\/www.facebook.com\/AyuntamientoSantaPola\/\" \/>\n<meta property=\"article:published_time\" content=\"2023-10-10T12:10:51+00:00\" \/>\n<meta property=\"article:modified_time\" content=\"2024-03-07T17:42:00+00:00\" \/>\n<meta property=\"og:image\" content=\"https:\/\/santapola.es\/wp-content\/uploads\/2023\/10\/Tercera-Edad.jpeg\" \/>\n\t<meta property=\"og:image:width\" content=\"1600\" \/>\n\t<meta property=\"og:image:height\" content=\"984\" \/>\n\t<meta property=\"og:image:type\" content=\"image\/jpeg\" \/>\n<meta name=\"author\" content=\"Jos\u00e9 Juan L\u00f3pez Lafuente\" \/>\n<meta name=\"twitter:card\" content=\"summary_large_image\" \/>\n<meta name=\"twitter:creator\" content=\"@SantaPolaAyunt\" \/>\n<meta name=\"twitter:site\" content=\"@SantaPolaAyunt\" \/>\n<script type=\"application\/ld+json\" class=\"yoast-schema-graph\">{\"@context\":\"https:\\\/\\\/schema.org\",\"@graph\":[{\"@type\":\"Article\",\"@id\":\"https:\\\/\\\/santapola.es\\\/ca\\\/exito-de-participacion-en-las-actividades-del-dia-internacional-de-las-personas-mayores\\\/#article\",\"isPartOf\":{\"@id\":\"https:\\\/\\\/santapola.es\\\/ca\\\/exito-de-participacion-en-las-actividades-del-dia-internacional-de-las-personas-mayores\\\/\"},\"author\":{\"name\":\"Jos\u00e9 Juan L\u00f3pez Lafuente\",\"@id\":\"https:\\\/\\\/santapola.es\\\/ca\\\/#\\\/schema\\\/person\\\/ad1d67403707b58350c7be5e8dbc442d\"},\"headline\":\"Sense t\u00edtol\",\"datePublished\":\"2023-10-10T12:10:51+00:00\",\"dateModified\":\"2024-03-07T17:42:00+00:00\",\"mainEntityOfPage\":{\"@id\":\"https:\\\/\\\/santapola.es\\\/ca\\\/exito-de-participacion-en-las-actividades-del-dia-internacional-de-las-personas-mayores\\\/\"},\"wordCount\":296,\"image\":{\"@id\":\"https:\\\/\\\/santapola.es\\\/ca\\\/exito-de-participacion-en-las-actividades-del-dia-internacional-de-las-personas-mayores\\\/#primaryimage\"},\"thumbnailUrl\":\"https:\\\/\\\/santapola.es\\\/wp-content\\\/uploads\\\/2023\\\/10\\\/Tercera-Edad.jpeg\",\"keywords\":[\"D\u00eda internacional de las Personas Mayores\",\"Gela Roche\"],\"articleSection\":[\"Inicio\",\"Tercera Edad\"],\"inLanguage\":\"ca\"},{\"@type\":\"WebPage\",\"@id\":\"https:\\\/\\\/santapola.es\\\/ca\\\/exito-de-participacion-en-las-actividades-del-dia-internacional-de-las-personas-mayores\\\/\",\"url\":\"https:\\\/\\\/santapola.es\\\/ca\\\/exito-de-participacion-en-las-actividades-del-dia-internacional-de-las-personas-mayores\\\/\",\"name\":\"- Ajuntament de Santa Pola\",\"isPartOf\":{\"@id\":\"https:\\\/\\\/santapola.es\\\/ca\\\/#website\"},\"primaryImageOfPage\":{\"@id\":\"https:\\\/\\\/santapola.es\\\/ca\\\/exito-de-participacion-en-las-actividades-del-dia-internacional-de-las-personas-mayores\\\/#primaryimage\"},\"image\":{\"@id\":\"https:\\\/\\\/santapola.es\\\/ca\\\/exito-de-participacion-en-las-actividades-del-dia-internacional-de-las-personas-mayores\\\/#primaryimage\"},\"thumbnailUrl\":\"https:\\\/\\\/santapola.es\\\/wp-content\\\/uploads\\\/2023\\\/10\\\/Tercera-Edad.jpeg\",\"datePublished\":\"2023-10-10T12:10:51+00:00\",\"dateModified\":\"2024-03-07T17:42:00+00:00\",\"author\":{\"@id\":\"https:\\\/\\\/santapola.es\\\/ca\\\/#\\\/schema\\\/person\\\/ad1d67403707b58350c7be5e8dbc442d\"},\"inLanguage\":\"ca\",\"potentialAction\":[{\"@type\":\"ReadAction\",\"target\":[\"https:\\\/\\\/santapola.es\\\/ca\\\/exito-de-participacion-en-las-actividades-del-dia-internacional-de-las-personas-mayores\\\/\"]}]},{\"@type\":\"ImageObject\",\"inLanguage\":\"ca\",\"@id\":\"https:\\\/\\\/santapola.es\\\/ca\\\/exito-de-participacion-en-las-actividades-del-dia-internacional-de-las-personas-mayores\\\/#primaryimage\",\"url\":\"https:\\\/\\\/santapola.es\\\/wp-content\\\/uploads\\\/2023\\\/10\\\/Tercera-Edad.jpeg\",\"contentUrl\":\"https:\\\/\\\/santapola.es\\\/wp-content\\\/uploads\\\/2023\\\/10\\\/Tercera-Edad.jpeg\",\"width\":1600,\"height\":984},{\"@type\":\"WebSite\",\"@id\":\"https:\\\/\\\/santapola.es\\\/ca\\\/#website\",\"url\":\"https:\\\/\\\/santapola.es\\\/ca\\\/\",\"name\":\"Ayuntamiento de Santa Pola\",\"description\":\"Web de l'Ajuntament de Santa Pola\",\"potentialAction\":[{\"@type\":\"SearchAction\",\"target\":{\"@type\":\"EntryPoint\",\"urlTemplate\":\"https:\\\/\\\/santapola.es\\\/ca\\\/?s={search_term_string}\"},\"query-input\":{\"@type\":\"PropertyValueSpecification\",\"valueRequired\":true,\"valueName\":\"search_term_string\"}}],\"inLanguage\":\"ca\"},{\"@type\":\"Person\",\"@id\":\"https:\\\/\\\/santapola.es\\\/ca\\\/#\\\/schema\\\/person\\\/ad1d67403707b58350c7be5e8dbc442d\",\"name\":\"Jos\u00e9 Juan L\u00f3pez Lafuente\"}]}<\/script>\n<!-- \/ Yoast SEO plugin. -->","yoast_head_json":{"title":"- Ajuntament de Santa Pola","robots":{"index":"index","follow":"follow","max-snippet":"max-snippet:-1","max-image-preview":"max-image-preview:large","max-video-preview":"max-video-preview:-1"},"canonical":"https:\/\/santapola.es\/ca\/exito-de-participacion-en-las-actividades-del-dia-internacional-de-las-personas-mayores\/","og_locale":"ca_ES","og_type":"article","og_title":"- Ajuntament de Santa Pola","og_description":"Desde la Concejal\u00eda de Personas Mayores y Participaci\u00f3n Ciudadana, la edil Gela Roche ha querido \u201cagradecer enormemente la grata participaci\u00f3n de todas las personas que han acudido a las actividades programadas para conmemorar el D\u00eda Internacional de la Personas Mayores. Todas las actividades propuestas han sido un \u00e9xito y por ello sentimos una enorme satisfacci\u00f3n [&hellip;]","og_url":"https:\/\/santapola.es\/ca\/exito-de-participacion-en-las-actividades-del-dia-internacional-de-las-personas-mayores\/","og_site_name":"Ajuntament de Santa Pola","article_publisher":"https:\/\/www.facebook.com\/AyuntamientoSantaPola\/","article_published_time":"2023-10-10T12:10:51+00:00","article_modified_time":"2024-03-07T17:42:00+00:00","og_image":[{"width":1600,"height":984,"url":"https:\/\/santapola.es\/wp-content\/uploads\/2023\/10\/Tercera-Edad.jpeg","type":"image\/jpeg"}],"author":"Jos\u00e9 Juan L\u00f3pez Lafuente","twitter_card":"summary_large_image","twitter_creator":"@SantaPolaAyunt","twitter_site":"@SantaPolaAyunt","schema":{"@context":"https:\/\/schema.org","@graph":[{"@type":"Article","@id":"https:\/\/santapola.es\/ca\/exito-de-participacion-en-las-actividades-del-dia-internacional-de-las-personas-mayores\/#article","isPartOf":{"@id":"https:\/\/santapola.es\/ca\/exito-de-participacion-en-las-actividades-del-dia-internacional-de-las-personas-mayores\/"},"author":{"name":"Jos\u00e9 Juan L\u00f3pez Lafuente","@id":"https:\/\/santapola.es\/ca\/#\/schema\/person\/ad1d67403707b58350c7be5e8dbc442d"},"headline":"Sense t\u00edtol","datePublished":"2023-10-10T12:10:51+00:00","dateModified":"2024-03-07T17:42:00+00:00","mainEntityOfPage":{"@id":"https:\/\/santapola.es\/ca\/exito-de-participacion-en-las-actividades-del-dia-internacional-de-las-personas-mayores\/"},"wordCount":296,"image":{"@id":"https:\/\/santapola.es\/ca\/exito-de-participacion-en-las-actividades-del-dia-internacional-de-las-personas-mayores\/#primaryimage"},"thumbnailUrl":"https:\/\/santapola.es\/wp-content\/uploads\/2023\/10\/Tercera-Edad.jpeg","keywords":["D\u00eda internacional de las Personas Mayores","Gela Roche"],"articleSection":["Inicio","Tercera Edad"],"inLanguage":"ca"},{"@type":"WebPage","@id":"https:\/\/santapola.es\/ca\/exito-de-participacion-en-las-actividades-del-dia-internacional-de-las-personas-mayores\/","url":"https:\/\/santapola.es\/ca\/exito-de-participacion-en-las-actividades-del-dia-internacional-de-las-personas-mayores\/","name":"- Ajuntament de Santa Pola","isPartOf":{"@id":"https:\/\/santapola.es\/ca\/#website"},"primaryImageOfPage":{"@id":"https:\/\/santapola.es\/ca\/exito-de-participacion-en-las-actividades-del-dia-internacional-de-las-personas-mayores\/#primaryimage"},"image":{"@id":"https:\/\/santapola.es\/ca\/exito-de-participacion-en-las-actividades-del-dia-internacional-de-las-personas-mayores\/#primaryimage"},"thumbnailUrl":"https:\/\/santapola.es\/wp-content\/uploads\/2023\/10\/Tercera-Edad.jpeg","datePublished":"2023-10-10T12:10:51+00:00","dateModified":"2024-03-07T17:42:00+00:00","author":{"@id":"https:\/\/santapola.es\/ca\/#\/schema\/person\/ad1d67403707b58350c7be5e8dbc442d"},"inLanguage":"ca","potentialAction":[{"@type":"ReadAction","target":["https:\/\/santapola.es\/ca\/exito-de-participacion-en-las-actividades-del-dia-internacional-de-las-personas-mayores\/"]}]},{"@type":"ImageObject","inLanguage":"ca","@id":"https:\/\/santapola.es\/ca\/exito-de-participacion-en-las-actividades-del-dia-internacional-de-las-personas-mayores\/#primaryimage","url":"https:\/\/santapola.es\/wp-content\/uploads\/2023\/10\/Tercera-Edad.jpeg","contentUrl":"https:\/\/santapola.es\/wp-content\/uploads\/2023\/10\/Tercera-Edad.jpeg","width":1600,"height":984},{"@type":"WebSite","@id":"https:\/\/santapola.es\/ca\/#website","url":"https:\/\/santapola.es\/ca\/","name":"Ayuntamiento de Santa Pola","description":"Web de l'Ajuntament de Santa Pola","potentialAction":[{"@type":"SearchAction","target":{"@type":"EntryPoint","urlTemplate":"https:\/\/santapola.es\/ca\/?s={search_term_string}"},"query-input":{"@type":"PropertyValueSpecification","valueRequired":true,"valueName":"search_term_string"}}],"inLanguage":"ca"},{"@type":"Person","@id":"https:\/\/santapola.es\/ca\/#\/schema\/person\/ad1d67403707b58350c7be5e8dbc442d","name":"Jos\u00e9 Juan L\u00f3pez Lafuente"}]}},"_links":{"self":[{"href":"https:\/\/santapola.es\/ca\/wp-json\/wp\/v2\/posts\/21782","targetHints":{"allow":["GET"]}}],"collection":[{"href":"https:\/\/santapola.es\/ca\/wp-json\/wp\/v2\/posts"}],"about":[{"href":"https:\/\/santapola.es\/ca\/wp-json\/wp\/v2\/types\/post"}],"author":[{"embeddable":true,"href":"https:\/\/santapola.es\/ca\/wp-json\/wp\/v2\/users\/96"}],"replies":[{"embeddable":true,"href":"https:\/\/santapola.es\/ca\/wp-json\/wp\/v2\/comments?post=21782"}],"version-history":[{"count":0,"href":"https:\/\/santapola.es\/ca\/wp-json\/wp\/v2\/posts\/21782\/revisions"}],"wp:featuredmedia":[{"embeddable":true,"href":"https:\/\/santapola.es\/ca\/wp-json\/wp\/v2\/media\/21783"}],"wp:attachment":[{"href":"https:\/\/santapola.es\/ca\/wp-json\/wp\/v2\/media?parent=21782"}],"wp:term":[{"taxonomy":"category","embeddable":true,"href":"https:\/\/santapola.es\/ca\/wp-json\/wp\/v2\/categories?post=21782"},{"taxonomy":"post_tag","embeddable":true,"href":"https:\/\/santapola.es\/ca\/wp-json\/wp\/v2\/tags?post=21782"}],"curies":[{"name":"wp","href":"https:\/\/api.w.org\/{rel}","templated":true}]}}