{"id":21768,"date":"2023-10-10T12:41:53","date_gmt":"2023-10-10T10:41:53","guid":{"rendered":"https:\/\/www.desarrollo.santapola.es\/?p=21768"},"modified":"2024-03-07T18:42:00","modified_gmt":"2024-03-07T17:42:00","slug":"reconocimientos-felicitaciones-y-medallas-a-policias-locales-en-la-celebracion-de-los-santos-angeles-custodios","status":"publish","type":"post","link":"https:\/\/santapola.es\/ca\/reconocimientos-felicitaciones-y-medallas-a-policias-locales-en-la-celebracion-de-los-santos-angeles-custodios\/","title":{"rendered":"Reconocimientos, felicitaciones y medallas a polic\u00edas locales en la celebraci\u00f3n de los Santos \u00c1ngeles Custodios"},"content":{"rendered":"<p><strong>La Polic\u00eda Local de Santa Pola celebr\u00f3 el pasado viernes el d\u00eda de su patr\u00f3n con una serie de actos que culminaron con los homenajes a ciudadanos y polic\u00edas locales que han protagonizado brillantes actuaciones para salvaguardar la seguridad de todos los santapoleros.<\/strong><\/p>\n<p>El pasado viernes la Polic\u00eda Local de Santa Pola celebr\u00f3 la festividad de su patr\u00f3n, los Santos \u00c1ngeles Custodios, en una ma\u00f1ana repleta de actos que reunieron a la corporaci\u00f3n municipal, fuerzas vivas de la ciudad y miembros e invitados del Cuerpo.<\/p>\n<p>Abri\u00f3 el d\u00eda una misa en la capilla de la Virgen de Loreto celebrada por el p\u00e1rroco don Lucas Galva\u00f1, tras la cual la plantilla de la Polic\u00eda Local realiz\u00f3 la tradicional formaci\u00f3n castrense en recuerdo de los compa\u00f1eros fallecidos.<\/p>\n<p>Posteriormente se desplazaron al Baluarte del Duque, donde se realiz\u00f3 el acto de entrega de reconocimientos, felicitaciones y medallas.<\/p>\n<p>En primer lugar se destac\u00f3 la creaci\u00f3n de dos nuevos servicios de gran importancia para la seguridad ciudadana. El de drones ha mejorado la vigilancia policial en materias como medio ambiente, protecci\u00f3n del patrimonio cultural, seguridad de grandes eventos, prevenci\u00f3n del delito, seguridad a las propias patrullas policiales y vigilancia de grandes \u00e1reas urbanas y rurales.<\/p>\n<p>Adem\u00e1s de la adquisici\u00f3n de los medios materiales y tecnol\u00f3gicos, se ha formado a cinco agentes: Francisco L\u00f3pez Ubassy, Mar\u00eda Dulcinea Bonmat\u00ed Pastor, V\u00edctor Ferm\u00edn P\u00e9rez Raja, Fernando Guirao Harillo y Rub\u00e9n Domingo Garc\u00eda Ru\u00edz.<\/p>\n<p>Por otro lado se ha conseguido recuperar y consolidar el servicio de gu\u00edas caninos, cuya funci\u00f3n en la lucha y prevenci\u00f3n contra el consumo de estupefacientes ha dado unos resultados espectaculares durante este a\u00f1o con el trabajo y formaci\u00f3n continua de los agentes Roberto Mart\u00ednez Garc\u00eda y Manuel Ib\u00e1\u00f1ez Prado.<\/p>\n<p><strong>Reconocimientos a polic\u00edas y ciudadanos<\/strong><\/p>\n<p>El primer reconocimiento fue al ciudadano Manuel Lled\u00f3 Mart\u00ednez, quien el 14 de junio de 2021 se enfrent\u00f3 f\u00edsicamente con un individuo que gritaba e intentaba agredir a un menor de edad para obligarle a entrar con \u00e9l en su domicilio. Tras la actuaci\u00f3n e investigaci\u00f3n policial se determin\u00f3 que presuntamente el menor de edad estaba siendo objeto de abusos sexuales desde hac\u00eda 2 a\u00f1os por parte de ese individuo, el cual fue detenido por los citados hechos.<\/p>\n<p>En reconocimiento a la destacada labor y dedicaci\u00f3n del agente Israel Gonz\u00e1lez Mart\u00ednez, quien ha prestado servicio con honor y compromiso en el cuerpo de la Polic\u00eda Local de Santa Pola durante 18 a\u00f1os, se le expres\u00f3 el m\u00e1s sincero agradecimiento por su incansable compromiso y por los a\u00f1os de servicio excepcional que ha brindado a la seguridad p\u00fablica y por su compromiso inquebrantable con el deber, haci\u00e9ndole por ello entrega de una menci\u00f3n especial de manos de sus Superiores.<\/p>\n<p><strong>El agente de las redes sociales<\/strong><\/p>\n<p>Con el fin de destacar la dedicaci\u00f3n y esfuerzo de la labor del agente Jord\u00e1n Dorado G\u00f3mez por su compromiso en la difusi\u00f3n de la labor policial a trav\u00e9s de las redes sociales, mejorando la transparencia y la comunicaci\u00f3n y fortaleciendo la relaci\u00f3n entre la Polic\u00eda Local y la comunidad a trav\u00e9s de la informaci\u00f3n y la participaci\u00f3n en las citadas redes, se le entreg\u00f3 una menci\u00f3n especial.<\/p>\n<p><strong>Agentes que pasan a segunda actividad<\/strong><\/p>\n<p>Se entreg\u00f3 un pergamino conmemorativo de su intachable trayectoria profesional a cinco agentes que tras una dilatada trayectoria profesional pasan a la segunda actividad: Jacinto L\u00f3pez Mart\u00ednez, Andr\u00e9s Bonmat\u00ed Alc\u00e1ntara, Antonio S\u00e1nchez Iniesta, Manuel \u00d1\u00edguez S\u00e1nchez y Francisco Baile Carbonell.<\/p>\n<p>El reconocimiento tras la jubilaci\u00f3n fue dedicado a Jos\u00e9 Luis Chazarra Rodr\u00edguez (ausente) y a Antonio Mart\u00ednez Piedecausa, quien recibi\u00f3 un caluroso y largo aplauso de todos los presentes y el cuadro que se colgar\u00e1 en el Muro de Honor de la Polic\u00eda Local.<\/p>\n<p><strong>Felicitaciones por actuaciones o servicios<\/strong><\/p>\n<p>Los agentes Roberto Mart\u00ednez Garc\u00eda, Manuel Iba\u00f1ez Prado y Javier Pomares Oliver, en fecha 15 de agosto del 2023 y encontr\u00e1ndose fuera de servicio, observaron la presencia de una embarcaci\u00f3n con 4 personas en su interior que accedieron a la zona de ba\u00f1o, poniendo en concreto peligro la integridad f\u00edsica de los ba\u00f1istas. No dudando en actuar para impedir que \u00e9sta continuase su circulaci\u00f3n, produci\u00e9ndose la huida de 4 personas de origen marroqu\u00ed, resultando finalmente 2 personas detenidas.<\/p>\n<p>Los agentes Alberto P\u00e9rez Esteban y Jordi Amor\u00f3s Torr\u00f3, en fecha 21 de Julio del 2023 y tras recibir aviso de un particular que alertaba de que un operario de correos hab\u00eda arrojado a un contenedor de basura una bolsa al parecer con correspondencia postal, los agentes, m\u00e1s all\u00e1 de limitar su actuaci\u00f3n a la recogida o comprobaci\u00f3n de los hechos, realizaron las indagaciones e investigaci\u00f3n pertinente para la identificaci\u00f3n del operario y el an\u00e1lisis de la correspondencia recuperada, para finalmente instruir diligencias judiciales por un presunto delito de infidelidad en la custodia de documentos e infracci\u00f3n del servicio postal.<\/p>\n<p>Seguidamente se relata una actuaci\u00f3n realizada en el a\u00f1o 2021, toda vez que las diligencias estaban declaradas secretas no fue posible hacerlas p\u00fablicas en su d\u00eda, a cargo del oficial Israel Gonz\u00e1lez Mart\u00ednez y de los agentes Jos\u00e9 Manuel Ja\u00e9n Palomar, Fernando Guirao Harillo, Roberto Mart\u00ednez Garc\u00eda, Vicente Miguel Coves Ant\u00f3n, Javier Pomares Oliver y Jordi Amor\u00f3s Torr\u00f3.<\/p>\n<p>En fecha 14 de junio del 2021, los agentes se personaron en la calle Marqu\u00e9s de Molins, ya que al parecer se estaba produciendo una ri\u00f1a entre varias personas. Inicialmente se averigu\u00f3 que uno de los implicados intent\u00f3 defender a un menor al cual un individuo le estaba gritando y amenazando ya que el menor se negaba a acceder con \u00e9ste a su domicilio. Las sospechas que los hechos infundieron a los agentes los llev\u00f3 a realizar todo tipo de indagaciones, que llevaron finalmente a la resoluci\u00f3n, tras examen m\u00e9dico del menor, \u00e9ste estaba siendo v\u00edctima de abusos sexuales. La resolutiva actuaci\u00f3n policial culmin\u00f3 finalmente con la detenci\u00f3n de un individuo de 40 a\u00f1os presunto autor de abusos sexuales al menor.\u201d<\/p>\n<p>Por \u00faltimo, el oficial Israel Gonz\u00e1lez Mart\u00ednez y los agentes Jos\u00e9 Manuel Ja\u00e9n Palomar, Manuel \u00d1\u00edguez S\u00e1nchez, Rafael Fenollar Belda, Alberto P\u00e9rez Esteban, Jordi Amor\u00f3s Torro y Sonia Mingot G\u00f3mez, en fecha 5 de noviembre del 2022, reciben aviso de un posible robo en el interior de la estaci\u00f3n de autobuses person\u00e1ndose de forma inmediata. Tras revisar todas las dependencias es localizado el presunto autor que se escond\u00eda en el techo de escayola, accediendo uno de los agentes y forzando la salida del individuo que finalmente fue detenido. Se le atribuyeron numerosos robos a otros establecimientos de la localidad. Una detenci\u00f3n que tuvo una importante repercusi\u00f3n social y que termin\u00f3 con una oleada de robos continuados en la poblaci\u00f3n.<\/p>\n<p><strong>Medallas por a\u00f1os de servicio<\/strong><\/p>\n<p>Tambi\u00e9n se reconoci\u00f3 a los agentes que han prestado servicio a la ciudadan\u00eda como miembros integrantes de la Polic\u00eda Local durante 20, 30 y 35 a\u00f1os por su probada dedicaci\u00f3n e inter\u00e9s en el desempe\u00f1o de sus funciones.<\/p>\n<p>Por sus 20 a\u00f1os al agente Fernando Guirao Harillo, por 30 a\u00f1os a Rodrigo Mart\u00ednez Villagrasa y Guzm\u00e1n P\u00e9rez Sempere, y por sus 35 a\u00f1os de servicio a Roque Miguel Alema\u00f1 Bonet, Gines Rubio Garc\u00eda y Jes\u00fas Lahoz Gonz\u00e1lbez.<\/p>\n<p>Como broche al acto, intervinieron ante los asistentes la concejala de la Polic\u00eda Local Ana Mar\u00eda Blasco, el Comisario Jefe Jos\u00e9 Miguel Zaragoza y la alcaldesa Loreto Serrano, quienes destacaron con orgullo el trabajo de la Polic\u00eda Local de Santa Pola y recordaron la mejora de los medios materiales que se est\u00e1 llevando a cabo y se incrementar\u00e1 en los pr\u00f3ximos meses, as\u00ed como la pr\u00f3xima incorporaci\u00f3n de nuevos agentes que reforzar\u00e1n el servicio a los ciudadanos.<\/p>\n<p><img loading=\"lazy\" decoding=\"async\" class=\"aligncenter size-large wp-image-21769\" src=\"https:\/\/santapola.es\/wp-content\/uploads\/2023\/10\/Reconocimiento-Ang-Custodios-1024x577.jpg\" alt=\"\" width=\"1024\" height=\"577\" srcset=\"https:\/\/santapola.es\/wp-content\/uploads\/2023\/10\/Reconocimiento-Ang-Custodios-980x552.jpg 980w, https:\/\/santapola.es\/wp-content\/uploads\/2023\/10\/Reconocimiento-Ang-Custodios-480x270.jpg 480w\" sizes=\"(min-width: 0px) and (max-width: 480px) 480px, (min-width: 481px) and (max-width: 980px) 980px, (min-width: 981px) 1024px, 100vw\" \/><\/p>\n<p><img loading=\"lazy\" decoding=\"async\" class=\"aligncenter size-large wp-image-21770\" src=\"https:\/\/santapola.es\/wp-content\/uploads\/2023\/10\/Reconocimiento-Ang-Custodios1-1024x576.jpg\" alt=\"\" width=\"1024\" height=\"576\" srcset=\"https:\/\/santapola.es\/wp-content\/uploads\/2023\/10\/Reconocimiento-Ang-Custodios1-980x551.jpg 980w, https:\/\/santapola.es\/wp-content\/uploads\/2023\/10\/Reconocimiento-Ang-Custodios1-480x270.jpg 480w\" sizes=\"(min-width: 0px) and (max-width: 480px) 480px, (min-width: 481px) and (max-width: 980px) 980px, (min-width: 981px) 1024px, 100vw\" \/><\/p>\n<p><img loading=\"lazy\" decoding=\"async\" class=\"aligncenter size-large wp-image-21771\" src=\"https:\/\/santapola.es\/wp-content\/uploads\/2023\/10\/Reconocimiento-Ang-Custodios2-1024x577.jpg\" alt=\"\" width=\"1024\" height=\"577\" srcset=\"https:\/\/santapola.es\/wp-content\/uploads\/2023\/10\/Reconocimiento-Ang-Custodios2-980x552.jpg 980w, https:\/\/santapola.es\/wp-content\/uploads\/2023\/10\/Reconocimiento-Ang-Custodios2-480x270.jpg 480w\" sizes=\"(min-width: 0px) and (max-width: 480px) 480px, (min-width: 481px) and (max-width: 980px) 980px, (min-width: 981px) 1024px, 100vw\" \/><\/p>\n<p><img loading=\"lazy\" decoding=\"async\" class=\"aligncenter size-large wp-image-21772\" src=\"https:\/\/santapola.es\/wp-content\/uploads\/2023\/10\/Reconocimiento-Ang-Custodios3-1024x576.jpg\" alt=\"\" width=\"1024\" height=\"576\" srcset=\"https:\/\/santapola.es\/wp-content\/uploads\/2023\/10\/Reconocimiento-Ang-Custodios3-980x551.jpg 980w, https:\/\/santapola.es\/wp-content\/uploads\/2023\/10\/Reconocimiento-Ang-Custodios3-480x270.jpg 480w\" sizes=\"(min-width: 0px) and (max-width: 480px) 480px, (min-width: 481px) and (max-width: 980px) 980px, (min-width: 981px) 1024px, 100vw\" \/><\/p>\n<p><img loading=\"lazy\" decoding=\"async\" class=\"aligncenter size-large wp-image-21773\" src=\"https:\/\/santapola.es\/wp-content\/uploads\/2023\/10\/Reconocimiento-Ang-Custodios4-1024x576.jpg\" alt=\"\" width=\"1024\" height=\"576\" srcset=\"https:\/\/santapola.es\/wp-content\/uploads\/2023\/10\/Reconocimiento-Ang-Custodios4-980x551.jpg 980w, https:\/\/santapola.es\/wp-content\/uploads\/2023\/10\/Reconocimiento-Ang-Custodios4-480x270.jpg 480w\" sizes=\"(min-width: 0px) and (max-width: 480px) 480px, (min-width: 481px) and (max-width: 980px) 980px, (min-width: 981px) 1024px, 100vw\" \/><\/p>\n<p><img loading=\"lazy\" decoding=\"async\" class=\"aligncenter size-large wp-image-21774\" src=\"https:\/\/santapola.es\/wp-content\/uploads\/2023\/10\/Reconocimiento-Ang-Custodios5-1024x577.jpg\" alt=\"\" width=\"1024\" height=\"577\" srcset=\"https:\/\/santapola.es\/wp-content\/uploads\/2023\/10\/Reconocimiento-Ang-Custodios5-980x552.jpg 980w, https:\/\/santapola.es\/wp-content\/uploads\/2023\/10\/Reconocimiento-Ang-Custodios5-480x270.jpg 480w\" sizes=\"(min-width: 0px) and (max-width: 480px) 480px, (min-width: 481px) and (max-width: 980px) 980px, (min-width: 981px) 1024px, 100vw\" \/><\/p>\n<p><img loading=\"lazy\" decoding=\"async\" class=\"aligncenter size-large wp-image-21776\" src=\"https:\/\/santapola.es\/wp-content\/uploads\/2023\/10\/Reconocimiento-Ang-Custodios7-1024x577.jpg\" alt=\"\" width=\"1024\" height=\"577\" srcset=\"https:\/\/santapola.es\/wp-content\/uploads\/2023\/10\/Reconocimiento-Ang-Custodios7-980x552.jpg 980w, https:\/\/santapola.es\/wp-content\/uploads\/2023\/10\/Reconocimiento-Ang-Custodios7-480x270.jpg 480w\" sizes=\"(min-width: 0px) and (max-width: 480px) 480px, (min-width: 481px) and (max-width: 980px) 980px, (min-width: 981px) 1024px, 100vw\" \/><\/p>\n<p><img loading=\"lazy\" decoding=\"async\" class=\"aligncenter size-large wp-image-21777\" src=\"https:\/\/santapola.es\/wp-content\/uploads\/2023\/10\/Reconocimiento-Ang-Custodios8-1024x577.jpg\" alt=\"\" width=\"1024\" height=\"577\" srcset=\"https:\/\/santapola.es\/wp-content\/uploads\/2023\/10\/Reconocimiento-Ang-Custodios8-980x552.jpg 980w, https:\/\/santapola.es\/wp-content\/uploads\/2023\/10\/Reconocimiento-Ang-Custodios8-480x270.jpg 480w\" sizes=\"(min-width: 0px) and (max-width: 480px) 480px, (min-width: 481px) and (max-width: 980px) 980px, (min-width: 981px) 1024px, 100vw\" \/><\/p>\n<p><img loading=\"lazy\" decoding=\"async\" class=\"aligncenter size-large wp-image-21778\" src=\"https:\/\/santapola.es\/wp-content\/uploads\/2023\/10\/Reconocimiento-Ang-Custodios9-1024x576.jpg\" alt=\"\" width=\"1024\" height=\"576\" srcset=\"https:\/\/santapola.es\/wp-content\/uploads\/2023\/10\/Reconocimiento-Ang-Custodios9-980x551.jpg 980w, https:\/\/santapola.es\/wp-content\/uploads\/2023\/10\/Reconocimiento-Ang-Custodios9-480x270.jpg 480w\" sizes=\"(min-width: 0px) and (max-width: 480px) 480px, (min-width: 481px) and (max-width: 980px) 980px, (min-width: 981px) 1024px, 100vw\" \/><\/p>\n<p><img loading=\"lazy\" decoding=\"async\" class=\"aligncenter size-large wp-image-21779\" src=\"https:\/\/santapola.es\/wp-content\/uploads\/2023\/10\/Reconocimiento-Ang-Custodios10-1024x576.jpg\" alt=\"\" width=\"1024\" height=\"576\" srcset=\"https:\/\/santapola.es\/wp-content\/uploads\/2023\/10\/Reconocimiento-Ang-Custodios10-980x551.jpg 980w, https:\/\/santapola.es\/wp-content\/uploads\/2023\/10\/Reconocimiento-Ang-Custodios10-480x270.jpg 480w\" sizes=\"(min-width: 0px) and (max-width: 480px) 480px, (min-width: 481px) and (max-width: 980px) 980px, (min-width: 981px) 1024px, 100vw\" \/><\/p>\n<p><img loading=\"lazy\" decoding=\"async\" class=\"aligncenter size-large wp-image-21780\" src=\"https:\/\/santapola.es\/wp-content\/uploads\/2023\/10\/Reconocimiento-Ang-Custodios11-1024x577.jpg\" alt=\"\" width=\"1024\" height=\"577\" srcset=\"https:\/\/santapola.es\/wp-content\/uploads\/2023\/10\/Reconocimiento-Ang-Custodios11-980x552.jpg 980w, https:\/\/santapola.es\/wp-content\/uploads\/2023\/10\/Reconocimiento-Ang-Custodios11-480x270.jpg 480w\" sizes=\"(min-width: 0px) and (max-width: 480px) 480px, (min-width: 481px) and (max-width: 980px) 980px, (min-width: 981px) 1024px, 100vw\" \/><\/p>\n","protected":false},"excerpt":{"rendered":"<p>La Polic\u00eda Local de Santa Pola celebr\u00f3 el pasado viernes el d\u00eda de su patr\u00f3n con una serie de actos que culminaron con los homenajes a ciudadanos y polic\u00edas locales que han protagonizado brillantes actuaciones para salvaguardar la seguridad de todos los santapoleros. El pasado viernes la Polic\u00eda Local de Santa Pola celebr\u00f3 la festividad [&hellip;]<\/p>\n","protected":false},"author":96,"featured_media":21775,"comment_status":"closed","ping_status":"closed","sticky":false,"template":"","format":"standard","meta":{"_et_pb_use_builder":"","_et_pb_old_content":"","_et_gb_content_width":"","footnotes":""},"categories":[66,206],"tags":[249],"class_list":["post-21768","post","type-post","status-publish","format-standard","has-post-thumbnail","hentry","category-inicio","category-policia","tag-santos-angeles-custodios"],"yoast_head":"<!-- This site is optimized with the Yoast SEO plugin v27.4 - https:\/\/yoast.com\/product\/yoast-seo-wordpress\/ -->\n<title>Reconocimientos, felicitaciones y medallas a polic\u00edas locales en la celebraci\u00f3n de los Santos \u00c1ngeles Custodios - Ajuntament de Santa Pola<\/title>\n<meta name=\"robots\" content=\"index, follow, max-snippet:-1, max-image-preview:large, max-video-preview:-1\" \/>\n<link rel=\"canonical\" href=\"https:\/\/santapola.es\/ca\/reconocimientos-felicitaciones-y-medallas-a-policias-locales-en-la-celebracion-de-los-santos-angeles-custodios\/\" \/>\n<meta property=\"og:locale\" content=\"ca_ES\" \/>\n<meta property=\"og:type\" content=\"article\" \/>\n<meta property=\"og:title\" content=\"Reconocimientos, felicitaciones y medallas a polic\u00edas locales en la celebraci\u00f3n de los Santos \u00c1ngeles Custodios - Ajuntament de Santa Pola\" \/>\n<meta property=\"og:description\" content=\"La Polic\u00eda Local de Santa Pola celebr\u00f3 el pasado viernes el d\u00eda de su patr\u00f3n con una serie de actos que culminaron con los homenajes a ciudadanos y polic\u00edas locales que han protagonizado brillantes actuaciones para salvaguardar la seguridad de todos los santapoleros. El pasado viernes la Polic\u00eda Local de Santa Pola celebr\u00f3 la festividad [&hellip;]\" \/>\n<meta property=\"og:url\" content=\"https:\/\/santapola.es\/ca\/reconocimientos-felicitaciones-y-medallas-a-policias-locales-en-la-celebracion-de-los-santos-angeles-custodios\/\" \/>\n<meta property=\"og:site_name\" content=\"Ajuntament de Santa Pola\" \/>\n<meta property=\"article:publisher\" content=\"https:\/\/www.facebook.com\/AyuntamientoSantaPola\/\" \/>\n<meta property=\"article:published_time\" content=\"2023-10-10T10:41:53+00:00\" \/>\n<meta property=\"article:modified_time\" content=\"2024-03-07T17:42:00+00:00\" \/>\n<meta property=\"og:image\" content=\"https:\/\/santapola.es\/wp-content\/uploads\/2023\/10\/Reconocimiento-Ang-Custodios6.jpg\" \/>\n\t<meta property=\"og:image:width\" content=\"1600\" \/>\n\t<meta property=\"og:image:height\" content=\"900\" \/>\n\t<meta property=\"og:image:type\" content=\"image\/jpeg\" \/>\n<meta name=\"author\" content=\"Jos\u00e9 Juan L\u00f3pez Lafuente\" \/>\n<meta name=\"twitter:card\" content=\"summary_large_image\" \/>\n<meta name=\"twitter:creator\" content=\"@SantaPolaAyunt\" \/>\n<meta name=\"twitter:site\" content=\"@SantaPolaAyunt\" \/>\n<script type=\"application\/ld+json\" class=\"yoast-schema-graph\">{\"@context\":\"https:\\\/\\\/schema.org\",\"@graph\":[{\"@type\":\"Article\",\"@id\":\"https:\\\/\\\/santapola.es\\\/ca\\\/reconocimientos-felicitaciones-y-medallas-a-policias-locales-en-la-celebracion-de-los-santos-angeles-custodios\\\/#article\",\"isPartOf\":{\"@id\":\"https:\\\/\\\/santapola.es\\\/ca\\\/reconocimientos-felicitaciones-y-medallas-a-policias-locales-en-la-celebracion-de-los-santos-angeles-custodios\\\/\"},\"author\":{\"name\":\"Jos\u00e9 Juan L\u00f3pez Lafuente\",\"@id\":\"https:\\\/\\\/santapola.es\\\/ca\\\/#\\\/schema\\\/person\\\/ad1d67403707b58350c7be5e8dbc442d\"},\"headline\":\"Reconocimientos, felicitaciones y medallas a polic\u00edas locales en la celebraci\u00f3n de los Santos \u00c1ngeles Custodios\",\"datePublished\":\"2023-10-10T10:41:53+00:00\",\"dateModified\":\"2024-03-07T17:42:00+00:00\",\"mainEntityOfPage\":{\"@id\":\"https:\\\/\\\/santapola.es\\\/ca\\\/reconocimientos-felicitaciones-y-medallas-a-policias-locales-en-la-celebracion-de-los-santos-angeles-custodios\\\/\"},\"wordCount\":1396,\"image\":{\"@id\":\"https:\\\/\\\/santapola.es\\\/ca\\\/reconocimientos-felicitaciones-y-medallas-a-policias-locales-en-la-celebracion-de-los-santos-angeles-custodios\\\/#primaryimage\"},\"thumbnailUrl\":\"https:\\\/\\\/santapola.es\\\/wp-content\\\/uploads\\\/2023\\\/10\\\/Reconocimiento-Ang-Custodios6.jpg\",\"keywords\":[\"Santos \u00c1ngeles Custodios\"],\"articleSection\":[\"Inicio\",\"Polic\u00eda\"],\"inLanguage\":\"ca\"},{\"@type\":\"WebPage\",\"@id\":\"https:\\\/\\\/santapola.es\\\/ca\\\/reconocimientos-felicitaciones-y-medallas-a-policias-locales-en-la-celebracion-de-los-santos-angeles-custodios\\\/\",\"url\":\"https:\\\/\\\/santapola.es\\\/ca\\\/reconocimientos-felicitaciones-y-medallas-a-policias-locales-en-la-celebracion-de-los-santos-angeles-custodios\\\/\",\"name\":\"Reconocimientos, felicitaciones y medallas a polic\u00edas locales en la celebraci\u00f3n de los Santos \u00c1ngeles Custodios - Ajuntament de Santa Pola\",\"isPartOf\":{\"@id\":\"https:\\\/\\\/santapola.es\\\/ca\\\/#website\"},\"primaryImageOfPage\":{\"@id\":\"https:\\\/\\\/santapola.es\\\/ca\\\/reconocimientos-felicitaciones-y-medallas-a-policias-locales-en-la-celebracion-de-los-santos-angeles-custodios\\\/#primaryimage\"},\"image\":{\"@id\":\"https:\\\/\\\/santapola.es\\\/ca\\\/reconocimientos-felicitaciones-y-medallas-a-policias-locales-en-la-celebracion-de-los-santos-angeles-custodios\\\/#primaryimage\"},\"thumbnailUrl\":\"https:\\\/\\\/santapola.es\\\/wp-content\\\/uploads\\\/2023\\\/10\\\/Reconocimiento-Ang-Custodios6.jpg\",\"datePublished\":\"2023-10-10T10:41:53+00:00\",\"dateModified\":\"2024-03-07T17:42:00+00:00\",\"author\":{\"@id\":\"https:\\\/\\\/santapola.es\\\/ca\\\/#\\\/schema\\\/person\\\/ad1d67403707b58350c7be5e8dbc442d\"},\"breadcrumb\":{\"@id\":\"https:\\\/\\\/santapola.es\\\/ca\\\/reconocimientos-felicitaciones-y-medallas-a-policias-locales-en-la-celebracion-de-los-santos-angeles-custodios\\\/#breadcrumb\"},\"inLanguage\":\"ca\",\"potentialAction\":[{\"@type\":\"ReadAction\",\"target\":[\"https:\\\/\\\/santapola.es\\\/ca\\\/reconocimientos-felicitaciones-y-medallas-a-policias-locales-en-la-celebracion-de-los-santos-angeles-custodios\\\/\"]}]},{\"@type\":\"ImageObject\",\"inLanguage\":\"ca\",\"@id\":\"https:\\\/\\\/santapola.es\\\/ca\\\/reconocimientos-felicitaciones-y-medallas-a-policias-locales-en-la-celebracion-de-los-santos-angeles-custodios\\\/#primaryimage\",\"url\":\"https:\\\/\\\/santapola.es\\\/wp-content\\\/uploads\\\/2023\\\/10\\\/Reconocimiento-Ang-Custodios6.jpg\",\"contentUrl\":\"https:\\\/\\\/santapola.es\\\/wp-content\\\/uploads\\\/2023\\\/10\\\/Reconocimiento-Ang-Custodios6.jpg\",\"width\":1600,\"height\":900},{\"@type\":\"BreadcrumbList\",\"@id\":\"https:\\\/\\\/santapola.es\\\/ca\\\/reconocimientos-felicitaciones-y-medallas-a-policias-locales-en-la-celebracion-de-los-santos-angeles-custodios\\\/#breadcrumb\",\"itemListElement\":[{\"@type\":\"ListItem\",\"position\":1,\"name\":\"Inici\",\"item\":\"https:\\\/\\\/santapola.es\\\/ca\\\/\"},{\"@type\":\"ListItem\",\"position\":2,\"name\":\"Reconocimientos, felicitaciones y medallas a polic\u00edas locales en la celebraci\u00f3n de los Santos \u00c1ngeles Custodios\"}]},{\"@type\":\"WebSite\",\"@id\":\"https:\\\/\\\/santapola.es\\\/ca\\\/#website\",\"url\":\"https:\\\/\\\/santapola.es\\\/ca\\\/\",\"name\":\"Ayuntamiento de Santa Pola\",\"description\":\"Web de l'Ajuntament de Santa Pola\",\"potentialAction\":[{\"@type\":\"SearchAction\",\"target\":{\"@type\":\"EntryPoint\",\"urlTemplate\":\"https:\\\/\\\/santapola.es\\\/ca\\\/?s={search_term_string}\"},\"query-input\":{\"@type\":\"PropertyValueSpecification\",\"valueRequired\":true,\"valueName\":\"search_term_string\"}}],\"inLanguage\":\"ca\"},{\"@type\":\"Person\",\"@id\":\"https:\\\/\\\/santapola.es\\\/ca\\\/#\\\/schema\\\/person\\\/ad1d67403707b58350c7be5e8dbc442d\",\"name\":\"Jos\u00e9 Juan L\u00f3pez Lafuente\"}]}<\/script>\n<!-- \/ Yoast SEO plugin. -->","yoast_head_json":{"title":"Reconocimientos, felicitaciones y medallas a polic\u00edas locales en la celebraci\u00f3n de los Santos \u00c1ngeles Custodios - Ajuntament de Santa Pola","robots":{"index":"index","follow":"follow","max-snippet":"max-snippet:-1","max-image-preview":"max-image-preview:large","max-video-preview":"max-video-preview:-1"},"canonical":"https:\/\/santapola.es\/ca\/reconocimientos-felicitaciones-y-medallas-a-policias-locales-en-la-celebracion-de-los-santos-angeles-custodios\/","og_locale":"ca_ES","og_type":"article","og_title":"Reconocimientos, felicitaciones y medallas a polic\u00edas locales en la celebraci\u00f3n de los Santos \u00c1ngeles Custodios - Ajuntament de Santa Pola","og_description":"La Polic\u00eda Local de Santa Pola celebr\u00f3 el pasado viernes el d\u00eda de su patr\u00f3n con una serie de actos que culminaron con los homenajes a ciudadanos y polic\u00edas locales que han protagonizado brillantes actuaciones para salvaguardar la seguridad de todos los santapoleros. El pasado viernes la Polic\u00eda Local de Santa Pola celebr\u00f3 la festividad [&hellip;]","og_url":"https:\/\/santapola.es\/ca\/reconocimientos-felicitaciones-y-medallas-a-policias-locales-en-la-celebracion-de-los-santos-angeles-custodios\/","og_site_name":"Ajuntament de Santa Pola","article_publisher":"https:\/\/www.facebook.com\/AyuntamientoSantaPola\/","article_published_time":"2023-10-10T10:41:53+00:00","article_modified_time":"2024-03-07T17:42:00+00:00","og_image":[{"width":1600,"height":900,"url":"https:\/\/santapola.es\/wp-content\/uploads\/2023\/10\/Reconocimiento-Ang-Custodios6.jpg","type":"image\/jpeg"}],"author":"Jos\u00e9 Juan L\u00f3pez Lafuente","twitter_card":"summary_large_image","twitter_creator":"@SantaPolaAyunt","twitter_site":"@SantaPolaAyunt","schema":{"@context":"https:\/\/schema.org","@graph":[{"@type":"Article","@id":"https:\/\/santapola.es\/ca\/reconocimientos-felicitaciones-y-medallas-a-policias-locales-en-la-celebracion-de-los-santos-angeles-custodios\/#article","isPartOf":{"@id":"https:\/\/santapola.es\/ca\/reconocimientos-felicitaciones-y-medallas-a-policias-locales-en-la-celebracion-de-los-santos-angeles-custodios\/"},"author":{"name":"Jos\u00e9 Juan L\u00f3pez Lafuente","@id":"https:\/\/santapola.es\/ca\/#\/schema\/person\/ad1d67403707b58350c7be5e8dbc442d"},"headline":"Reconocimientos, felicitaciones y medallas a polic\u00edas locales en la celebraci\u00f3n de los Santos \u00c1ngeles Custodios","datePublished":"2023-10-10T10:41:53+00:00","dateModified":"2024-03-07T17:42:00+00:00","mainEntityOfPage":{"@id":"https:\/\/santapola.es\/ca\/reconocimientos-felicitaciones-y-medallas-a-policias-locales-en-la-celebracion-de-los-santos-angeles-custodios\/"},"wordCount":1396,"image":{"@id":"https:\/\/santapola.es\/ca\/reconocimientos-felicitaciones-y-medallas-a-policias-locales-en-la-celebracion-de-los-santos-angeles-custodios\/#primaryimage"},"thumbnailUrl":"https:\/\/santapola.es\/wp-content\/uploads\/2023\/10\/Reconocimiento-Ang-Custodios6.jpg","keywords":["Santos \u00c1ngeles Custodios"],"articleSection":["Inicio","Polic\u00eda"],"inLanguage":"ca"},{"@type":"WebPage","@id":"https:\/\/santapola.es\/ca\/reconocimientos-felicitaciones-y-medallas-a-policias-locales-en-la-celebracion-de-los-santos-angeles-custodios\/","url":"https:\/\/santapola.es\/ca\/reconocimientos-felicitaciones-y-medallas-a-policias-locales-en-la-celebracion-de-los-santos-angeles-custodios\/","name":"Reconocimientos, felicitaciones y medallas a polic\u00edas locales en la celebraci\u00f3n de los Santos \u00c1ngeles Custodios - Ajuntament de Santa Pola","isPartOf":{"@id":"https:\/\/santapola.es\/ca\/#website"},"primaryImageOfPage":{"@id":"https:\/\/santapola.es\/ca\/reconocimientos-felicitaciones-y-medallas-a-policias-locales-en-la-celebracion-de-los-santos-angeles-custodios\/#primaryimage"},"image":{"@id":"https:\/\/santapola.es\/ca\/reconocimientos-felicitaciones-y-medallas-a-policias-locales-en-la-celebracion-de-los-santos-angeles-custodios\/#primaryimage"},"thumbnailUrl":"https:\/\/santapola.es\/wp-content\/uploads\/2023\/10\/Reconocimiento-Ang-Custodios6.jpg","datePublished":"2023-10-10T10:41:53+00:00","dateModified":"2024-03-07T17:42:00+00:00","author":{"@id":"https:\/\/santapola.es\/ca\/#\/schema\/person\/ad1d67403707b58350c7be5e8dbc442d"},"breadcrumb":{"@id":"https:\/\/santapola.es\/ca\/reconocimientos-felicitaciones-y-medallas-a-policias-locales-en-la-celebracion-de-los-santos-angeles-custodios\/#breadcrumb"},"inLanguage":"ca","potentialAction":[{"@type":"ReadAction","target":["https:\/\/santapola.es\/ca\/reconocimientos-felicitaciones-y-medallas-a-policias-locales-en-la-celebracion-de-los-santos-angeles-custodios\/"]}]},{"@type":"ImageObject","inLanguage":"ca","@id":"https:\/\/santapola.es\/ca\/reconocimientos-felicitaciones-y-medallas-a-policias-locales-en-la-celebracion-de-los-santos-angeles-custodios\/#primaryimage","url":"https:\/\/santapola.es\/wp-content\/uploads\/2023\/10\/Reconocimiento-Ang-Custodios6.jpg","contentUrl":"https:\/\/santapola.es\/wp-content\/uploads\/2023\/10\/Reconocimiento-Ang-Custodios6.jpg","width":1600,"height":900},{"@type":"BreadcrumbList","@id":"https:\/\/santapola.es\/ca\/reconocimientos-felicitaciones-y-medallas-a-policias-locales-en-la-celebracion-de-los-santos-angeles-custodios\/#breadcrumb","itemListElement":[{"@type":"ListItem","position":1,"name":"Inici","item":"https:\/\/santapola.es\/ca\/"},{"@type":"ListItem","position":2,"name":"Reconocimientos, felicitaciones y medallas a polic\u00edas locales en la celebraci\u00f3n de los Santos \u00c1ngeles Custodios"}]},{"@type":"WebSite","@id":"https:\/\/santapola.es\/ca\/#website","url":"https:\/\/santapola.es\/ca\/","name":"Ayuntamiento de Santa Pola","description":"Web de l'Ajuntament de Santa Pola","potentialAction":[{"@type":"SearchAction","target":{"@type":"EntryPoint","urlTemplate":"https:\/\/santapola.es\/ca\/?s={search_term_string}"},"query-input":{"@type":"PropertyValueSpecification","valueRequired":true,"valueName":"search_term_string"}}],"inLanguage":"ca"},{"@type":"Person","@id":"https:\/\/santapola.es\/ca\/#\/schema\/person\/ad1d67403707b58350c7be5e8dbc442d","name":"Jos\u00e9 Juan L\u00f3pez Lafuente"}]}},"_links":{"self":[{"href":"https:\/\/santapola.es\/ca\/wp-json\/wp\/v2\/posts\/21768","targetHints":{"allow":["GET"]}}],"collection":[{"href":"https:\/\/santapola.es\/ca\/wp-json\/wp\/v2\/posts"}],"about":[{"href":"https:\/\/santapola.es\/ca\/wp-json\/wp\/v2\/types\/post"}],"author":[{"embeddable":true,"href":"https:\/\/santapola.es\/ca\/wp-json\/wp\/v2\/users\/96"}],"replies":[{"embeddable":true,"href":"https:\/\/santapola.es\/ca\/wp-json\/wp\/v2\/comments?post=21768"}],"version-history":[{"count":0,"href":"https:\/\/santapola.es\/ca\/wp-json\/wp\/v2\/posts\/21768\/revisions"}],"wp:featuredmedia":[{"embeddable":true,"href":"https:\/\/santapola.es\/ca\/wp-json\/wp\/v2\/media\/21775"}],"wp:attachment":[{"href":"https:\/\/santapola.es\/ca\/wp-json\/wp\/v2\/media?parent=21768"}],"wp:term":[{"taxonomy":"category","embeddable":true,"href":"https:\/\/santapola.es\/ca\/wp-json\/wp\/v2\/categories?post=21768"},{"taxonomy":"post_tag","embeddable":true,"href":"https:\/\/santapola.es\/ca\/wp-json\/wp\/v2\/tags?post=21768"}],"curies":[{"name":"wp","href":"https:\/\/api.w.org\/{rel}","templated":true}]}}