{"id":21751,"date":"2023-10-04T10:07:24","date_gmt":"2023-10-04T08:07:24","guid":{"rendered":"https:\/\/www.desarrollo.santapola.es\/?p=21751"},"modified":"2024-03-07T18:41:57","modified_gmt":"2024-03-07T17:41:57","slug":"la-policia-local-celebra-este-viernes-la-fiesta-de-su-patron-los-santos-angeles-custodios","status":"publish","type":"post","link":"https:\/\/santapola.es\/ca\/la-policia-local-celebra-este-viernes-la-fiesta-de-su-patron-los-santos-angeles-custodios\/","title":{"rendered":"La Polic\u00eda Local celebra este viernes la fiesta de su Patr\u00f3n los Santos \u00c1ngeles Custodios"},"content":{"rendered":"<p><strong>La Polic\u00eda Local de Santa Pola ha elegido el pr\u00f3ximo viernes 6 de octubre para celebrar la festividad de su Patr\u00f3n, los Santos \u00c1ngeles Custodios, y ha organizado una serie de actos en su conmemoraci\u00f3n.<\/strong><\/p>\n<p>A las 10:30 tendr\u00e1 lugar una misa en la Capilla de la Virgen de Loreto. Una hora m\u00e1s tarde los agentes formar\u00e1n en el Patio de Armas del Castillo para saludar a las autoridades y recordar a los compa\u00f1eros fallecidos.<\/p>\n<p>El acto central ser\u00e1 la entrega de felicitaciones y medallas a varios agentes, a las 12:00 en el Baluarte del Duque, y contar\u00e1 con los discursos de la concejal de Polic\u00eda Ana Blasco, el Comisario-Jefe Jos\u00e9 Miguel Zaragoza y la alcaldesa Loreto Serrano.<\/p>\n<p>Finalmente, los asistentes a la celebraci\u00f3n de la Polic\u00eda Local podr\u00e1n compartir un vino de honor en un ambiente m\u00e1s distendido.<\/p>\n","protected":false},"excerpt":{"rendered":"<p>La Polic\u00eda Local de Santa Pola ha elegido el pr\u00f3ximo viernes 6 de octubre para celebrar la festividad de su Patr\u00f3n, los Santos \u00c1ngeles Custodios, y ha organizado una serie de actos en su conmemoraci\u00f3n. A las 10:30 tendr\u00e1 lugar una misa en la Capilla de la Virgen de Loreto. Una hora m\u00e1s tarde los [&hellip;]<\/p>\n","protected":false},"author":96,"featured_media":21752,"comment_status":"closed","ping_status":"closed","sticky":false,"template":"","format":"standard","meta":{"_et_pb_use_builder":"","_et_pb_old_content":"","_et_gb_content_width":"","footnotes":""},"categories":[66,206],"tags":[248,249],"class_list":["post-21751","post","type-post","status-publish","format-standard","has-post-thumbnail","hentry","category-inicio","category-policia","tag-policia-local","tag-santos-angeles-custodios"],"yoast_head":"<!-- This site is optimized with the Yoast SEO plugin v27.4 - https:\/\/yoast.com\/product\/yoast-seo-wordpress\/ -->\n<title>La Polic\u00eda Local celebra este viernes la fiesta de su Patr\u00f3n los Santos \u00c1ngeles Custodios - Ajuntament de Santa Pola<\/title>\n<meta name=\"robots\" content=\"index, follow, max-snippet:-1, max-image-preview:large, max-video-preview:-1\" \/>\n<link rel=\"canonical\" href=\"https:\/\/santapola.es\/ca\/la-policia-local-celebra-este-viernes-la-fiesta-de-su-patron-los-santos-angeles-custodios\/\" \/>\n<meta property=\"og:locale\" content=\"ca_ES\" \/>\n<meta property=\"og:type\" content=\"article\" \/>\n<meta property=\"og:title\" content=\"La Polic\u00eda Local celebra este viernes la fiesta de su Patr\u00f3n los Santos \u00c1ngeles Custodios - Ajuntament de Santa Pola\" \/>\n<meta property=\"og:description\" content=\"La Polic\u00eda Local de Santa Pola ha elegido el pr\u00f3ximo viernes 6 de octubre para celebrar la festividad de su Patr\u00f3n, los Santos \u00c1ngeles Custodios, y ha organizado una serie de actos en su conmemoraci\u00f3n. A las 10:30 tendr\u00e1 lugar una misa en la Capilla de la Virgen de Loreto. Una hora m\u00e1s tarde los [&hellip;]\" \/>\n<meta property=\"og:url\" content=\"https:\/\/santapola.es\/ca\/la-policia-local-celebra-este-viernes-la-fiesta-de-su-patron-los-santos-angeles-custodios\/\" \/>\n<meta property=\"og:site_name\" content=\"Ajuntament de Santa Pola\" \/>\n<meta property=\"article:publisher\" content=\"https:\/\/www.facebook.com\/AyuntamientoSantaPola\/\" \/>\n<meta property=\"article:published_time\" content=\"2023-10-04T08:07:24+00:00\" \/>\n<meta property=\"article:modified_time\" content=\"2024-03-07T17:41:57+00:00\" \/>\n<meta property=\"og:image\" content=\"https:\/\/santapola.es\/wp-content\/uploads\/2023\/10\/2023-10-04-policia-local.jpg\" \/>\n\t<meta property=\"og:image:width\" content=\"1412\" \/>\n\t<meta property=\"og:image:height\" content=\"815\" \/>\n\t<meta property=\"og:image:type\" content=\"image\/jpeg\" \/>\n<meta name=\"author\" content=\"Jos\u00e9 Juan L\u00f3pez Lafuente\" \/>\n<meta name=\"twitter:card\" content=\"summary_large_image\" \/>\n<meta name=\"twitter:creator\" content=\"@SantaPolaAyunt\" \/>\n<meta name=\"twitter:site\" content=\"@SantaPolaAyunt\" \/>\n<script type=\"application\/ld+json\" class=\"yoast-schema-graph\">{\"@context\":\"https:\\\/\\\/schema.org\",\"@graph\":[{\"@type\":\"Article\",\"@id\":\"https:\\\/\\\/santapola.es\\\/ca\\\/la-policia-local-celebra-este-viernes-la-fiesta-de-su-patron-los-santos-angeles-custodios\\\/#article\",\"isPartOf\":{\"@id\":\"https:\\\/\\\/santapola.es\\\/ca\\\/la-policia-local-celebra-este-viernes-la-fiesta-de-su-patron-los-santos-angeles-custodios\\\/\"},\"author\":{\"name\":\"Jos\u00e9 Juan L\u00f3pez Lafuente\",\"@id\":\"https:\\\/\\\/santapola.es\\\/ca\\\/#\\\/schema\\\/person\\\/ad1d67403707b58350c7be5e8dbc442d\"},\"headline\":\"La Polic\u00eda Local celebra este viernes la fiesta de su Patr\u00f3n los Santos \u00c1ngeles Custodios\",\"datePublished\":\"2023-10-04T08:07:24+00:00\",\"dateModified\":\"2024-03-07T17:41:57+00:00\",\"mainEntityOfPage\":{\"@id\":\"https:\\\/\\\/santapola.es\\\/ca\\\/la-policia-local-celebra-este-viernes-la-fiesta-de-su-patron-los-santos-angeles-custodios\\\/\"},\"wordCount\":165,\"image\":{\"@id\":\"https:\\\/\\\/santapola.es\\\/ca\\\/la-policia-local-celebra-este-viernes-la-fiesta-de-su-patron-los-santos-angeles-custodios\\\/#primaryimage\"},\"thumbnailUrl\":\"https:\\\/\\\/santapola.es\\\/wp-content\\\/uploads\\\/2023\\\/10\\\/2023-10-04-policia-local.jpg\",\"keywords\":[\"Polic\u00eda Local\",\"Santos \u00c1ngeles Custodios\"],\"articleSection\":[\"Inicio\",\"Polic\u00eda\"],\"inLanguage\":\"ca\"},{\"@type\":\"WebPage\",\"@id\":\"https:\\\/\\\/santapola.es\\\/ca\\\/la-policia-local-celebra-este-viernes-la-fiesta-de-su-patron-los-santos-angeles-custodios\\\/\",\"url\":\"https:\\\/\\\/santapola.es\\\/ca\\\/la-policia-local-celebra-este-viernes-la-fiesta-de-su-patron-los-santos-angeles-custodios\\\/\",\"name\":\"La Polic\u00eda Local celebra este viernes la fiesta de su Patr\u00f3n los Santos \u00c1ngeles Custodios - Ajuntament de Santa Pola\",\"isPartOf\":{\"@id\":\"https:\\\/\\\/santapola.es\\\/ca\\\/#website\"},\"primaryImageOfPage\":{\"@id\":\"https:\\\/\\\/santapola.es\\\/ca\\\/la-policia-local-celebra-este-viernes-la-fiesta-de-su-patron-los-santos-angeles-custodios\\\/#primaryimage\"},\"image\":{\"@id\":\"https:\\\/\\\/santapola.es\\\/ca\\\/la-policia-local-celebra-este-viernes-la-fiesta-de-su-patron-los-santos-angeles-custodios\\\/#primaryimage\"},\"thumbnailUrl\":\"https:\\\/\\\/santapola.es\\\/wp-content\\\/uploads\\\/2023\\\/10\\\/2023-10-04-policia-local.jpg\",\"datePublished\":\"2023-10-04T08:07:24+00:00\",\"dateModified\":\"2024-03-07T17:41:57+00:00\",\"author\":{\"@id\":\"https:\\\/\\\/santapola.es\\\/ca\\\/#\\\/schema\\\/person\\\/ad1d67403707b58350c7be5e8dbc442d\"},\"breadcrumb\":{\"@id\":\"https:\\\/\\\/santapola.es\\\/ca\\\/la-policia-local-celebra-este-viernes-la-fiesta-de-su-patron-los-santos-angeles-custodios\\\/#breadcrumb\"},\"inLanguage\":\"ca\",\"potentialAction\":[{\"@type\":\"ReadAction\",\"target\":[\"https:\\\/\\\/santapola.es\\\/ca\\\/la-policia-local-celebra-este-viernes-la-fiesta-de-su-patron-los-santos-angeles-custodios\\\/\"]}]},{\"@type\":\"ImageObject\",\"inLanguage\":\"ca\",\"@id\":\"https:\\\/\\\/santapola.es\\\/ca\\\/la-policia-local-celebra-este-viernes-la-fiesta-de-su-patron-los-santos-angeles-custodios\\\/#primaryimage\",\"url\":\"https:\\\/\\\/santapola.es\\\/wp-content\\\/uploads\\\/2023\\\/10\\\/2023-10-04-policia-local.jpg\",\"contentUrl\":\"https:\\\/\\\/santapola.es\\\/wp-content\\\/uploads\\\/2023\\\/10\\\/2023-10-04-policia-local.jpg\",\"width\":1412,\"height\":815},{\"@type\":\"BreadcrumbList\",\"@id\":\"https:\\\/\\\/santapola.es\\\/ca\\\/la-policia-local-celebra-este-viernes-la-fiesta-de-su-patron-los-santos-angeles-custodios\\\/#breadcrumb\",\"itemListElement\":[{\"@type\":\"ListItem\",\"position\":1,\"name\":\"Inici\",\"item\":\"https:\\\/\\\/santapola.es\\\/ca\\\/\"},{\"@type\":\"ListItem\",\"position\":2,\"name\":\"La Polic\u00eda Local celebra este viernes la fiesta de su Patr\u00f3n los Santos \u00c1ngeles Custodios\"}]},{\"@type\":\"WebSite\",\"@id\":\"https:\\\/\\\/santapola.es\\\/ca\\\/#website\",\"url\":\"https:\\\/\\\/santapola.es\\\/ca\\\/\",\"name\":\"Ayuntamiento de Santa Pola\",\"description\":\"Web de l'Ajuntament de Santa Pola\",\"potentialAction\":[{\"@type\":\"SearchAction\",\"target\":{\"@type\":\"EntryPoint\",\"urlTemplate\":\"https:\\\/\\\/santapola.es\\\/ca\\\/?s={search_term_string}\"},\"query-input\":{\"@type\":\"PropertyValueSpecification\",\"valueRequired\":true,\"valueName\":\"search_term_string\"}}],\"inLanguage\":\"ca\"},{\"@type\":\"Person\",\"@id\":\"https:\\\/\\\/santapola.es\\\/ca\\\/#\\\/schema\\\/person\\\/ad1d67403707b58350c7be5e8dbc442d\",\"name\":\"Jos\u00e9 Juan L\u00f3pez Lafuente\"}]}<\/script>\n<!-- \/ Yoast SEO plugin. -->","yoast_head_json":{"title":"La Polic\u00eda Local celebra este viernes la fiesta de su Patr\u00f3n los Santos \u00c1ngeles Custodios - Ajuntament de Santa Pola","robots":{"index":"index","follow":"follow","max-snippet":"max-snippet:-1","max-image-preview":"max-image-preview:large","max-video-preview":"max-video-preview:-1"},"canonical":"https:\/\/santapola.es\/ca\/la-policia-local-celebra-este-viernes-la-fiesta-de-su-patron-los-santos-angeles-custodios\/","og_locale":"ca_ES","og_type":"article","og_title":"La Polic\u00eda Local celebra este viernes la fiesta de su Patr\u00f3n los Santos \u00c1ngeles Custodios - Ajuntament de Santa Pola","og_description":"La Polic\u00eda Local de Santa Pola ha elegido el pr\u00f3ximo viernes 6 de octubre para celebrar la festividad de su Patr\u00f3n, los Santos \u00c1ngeles Custodios, y ha organizado una serie de actos en su conmemoraci\u00f3n. A las 10:30 tendr\u00e1 lugar una misa en la Capilla de la Virgen de Loreto. Una hora m\u00e1s tarde los [&hellip;]","og_url":"https:\/\/santapola.es\/ca\/la-policia-local-celebra-este-viernes-la-fiesta-de-su-patron-los-santos-angeles-custodios\/","og_site_name":"Ajuntament de Santa Pola","article_publisher":"https:\/\/www.facebook.com\/AyuntamientoSantaPola\/","article_published_time":"2023-10-04T08:07:24+00:00","article_modified_time":"2024-03-07T17:41:57+00:00","og_image":[{"width":1412,"height":815,"url":"https:\/\/santapola.es\/wp-content\/uploads\/2023\/10\/2023-10-04-policia-local.jpg","type":"image\/jpeg"}],"author":"Jos\u00e9 Juan L\u00f3pez Lafuente","twitter_card":"summary_large_image","twitter_creator":"@SantaPolaAyunt","twitter_site":"@SantaPolaAyunt","schema":{"@context":"https:\/\/schema.org","@graph":[{"@type":"Article","@id":"https:\/\/santapola.es\/ca\/la-policia-local-celebra-este-viernes-la-fiesta-de-su-patron-los-santos-angeles-custodios\/#article","isPartOf":{"@id":"https:\/\/santapola.es\/ca\/la-policia-local-celebra-este-viernes-la-fiesta-de-su-patron-los-santos-angeles-custodios\/"},"author":{"name":"Jos\u00e9 Juan L\u00f3pez Lafuente","@id":"https:\/\/santapola.es\/ca\/#\/schema\/person\/ad1d67403707b58350c7be5e8dbc442d"},"headline":"La Polic\u00eda Local celebra este viernes la fiesta de su Patr\u00f3n los Santos \u00c1ngeles Custodios","datePublished":"2023-10-04T08:07:24+00:00","dateModified":"2024-03-07T17:41:57+00:00","mainEntityOfPage":{"@id":"https:\/\/santapola.es\/ca\/la-policia-local-celebra-este-viernes-la-fiesta-de-su-patron-los-santos-angeles-custodios\/"},"wordCount":165,"image":{"@id":"https:\/\/santapola.es\/ca\/la-policia-local-celebra-este-viernes-la-fiesta-de-su-patron-los-santos-angeles-custodios\/#primaryimage"},"thumbnailUrl":"https:\/\/santapola.es\/wp-content\/uploads\/2023\/10\/2023-10-04-policia-local.jpg","keywords":["Polic\u00eda Local","Santos \u00c1ngeles Custodios"],"articleSection":["Inicio","Polic\u00eda"],"inLanguage":"ca"},{"@type":"WebPage","@id":"https:\/\/santapola.es\/ca\/la-policia-local-celebra-este-viernes-la-fiesta-de-su-patron-los-santos-angeles-custodios\/","url":"https:\/\/santapola.es\/ca\/la-policia-local-celebra-este-viernes-la-fiesta-de-su-patron-los-santos-angeles-custodios\/","name":"La Polic\u00eda Local celebra este viernes la fiesta de su Patr\u00f3n los Santos \u00c1ngeles Custodios - Ajuntament de Santa Pola","isPartOf":{"@id":"https:\/\/santapola.es\/ca\/#website"},"primaryImageOfPage":{"@id":"https:\/\/santapola.es\/ca\/la-policia-local-celebra-este-viernes-la-fiesta-de-su-patron-los-santos-angeles-custodios\/#primaryimage"},"image":{"@id":"https:\/\/santapola.es\/ca\/la-policia-local-celebra-este-viernes-la-fiesta-de-su-patron-los-santos-angeles-custodios\/#primaryimage"},"thumbnailUrl":"https:\/\/santapola.es\/wp-content\/uploads\/2023\/10\/2023-10-04-policia-local.jpg","datePublished":"2023-10-04T08:07:24+00:00","dateModified":"2024-03-07T17:41:57+00:00","author":{"@id":"https:\/\/santapola.es\/ca\/#\/schema\/person\/ad1d67403707b58350c7be5e8dbc442d"},"breadcrumb":{"@id":"https:\/\/santapola.es\/ca\/la-policia-local-celebra-este-viernes-la-fiesta-de-su-patron-los-santos-angeles-custodios\/#breadcrumb"},"inLanguage":"ca","potentialAction":[{"@type":"ReadAction","target":["https:\/\/santapola.es\/ca\/la-policia-local-celebra-este-viernes-la-fiesta-de-su-patron-los-santos-angeles-custodios\/"]}]},{"@type":"ImageObject","inLanguage":"ca","@id":"https:\/\/santapola.es\/ca\/la-policia-local-celebra-este-viernes-la-fiesta-de-su-patron-los-santos-angeles-custodios\/#primaryimage","url":"https:\/\/santapola.es\/wp-content\/uploads\/2023\/10\/2023-10-04-policia-local.jpg","contentUrl":"https:\/\/santapola.es\/wp-content\/uploads\/2023\/10\/2023-10-04-policia-local.jpg","width":1412,"height":815},{"@type":"BreadcrumbList","@id":"https:\/\/santapola.es\/ca\/la-policia-local-celebra-este-viernes-la-fiesta-de-su-patron-los-santos-angeles-custodios\/#breadcrumb","itemListElement":[{"@type":"ListItem","position":1,"name":"Inici","item":"https:\/\/santapola.es\/ca\/"},{"@type":"ListItem","position":2,"name":"La Polic\u00eda Local celebra este viernes la fiesta de su Patr\u00f3n los Santos \u00c1ngeles Custodios"}]},{"@type":"WebSite","@id":"https:\/\/santapola.es\/ca\/#website","url":"https:\/\/santapola.es\/ca\/","name":"Ayuntamiento de Santa Pola","description":"Web de l'Ajuntament de Santa Pola","potentialAction":[{"@type":"SearchAction","target":{"@type":"EntryPoint","urlTemplate":"https:\/\/santapola.es\/ca\/?s={search_term_string}"},"query-input":{"@type":"PropertyValueSpecification","valueRequired":true,"valueName":"search_term_string"}}],"inLanguage":"ca"},{"@type":"Person","@id":"https:\/\/santapola.es\/ca\/#\/schema\/person\/ad1d67403707b58350c7be5e8dbc442d","name":"Jos\u00e9 Juan L\u00f3pez Lafuente"}]}},"_links":{"self":[{"href":"https:\/\/santapola.es\/ca\/wp-json\/wp\/v2\/posts\/21751","targetHints":{"allow":["GET"]}}],"collection":[{"href":"https:\/\/santapola.es\/ca\/wp-json\/wp\/v2\/posts"}],"about":[{"href":"https:\/\/santapola.es\/ca\/wp-json\/wp\/v2\/types\/post"}],"author":[{"embeddable":true,"href":"https:\/\/santapola.es\/ca\/wp-json\/wp\/v2\/users\/96"}],"replies":[{"embeddable":true,"href":"https:\/\/santapola.es\/ca\/wp-json\/wp\/v2\/comments?post=21751"}],"version-history":[{"count":0,"href":"https:\/\/santapola.es\/ca\/wp-json\/wp\/v2\/posts\/21751\/revisions"}],"wp:featuredmedia":[{"embeddable":true,"href":"https:\/\/santapola.es\/ca\/wp-json\/wp\/v2\/media\/21752"}],"wp:attachment":[{"href":"https:\/\/santapola.es\/ca\/wp-json\/wp\/v2\/media?parent=21751"}],"wp:term":[{"taxonomy":"category","embeddable":true,"href":"https:\/\/santapola.es\/ca\/wp-json\/wp\/v2\/categories?post=21751"},{"taxonomy":"post_tag","embeddable":true,"href":"https:\/\/santapola.es\/ca\/wp-json\/wp\/v2\/tags?post=21751"}],"curies":[{"name":"wp","href":"https:\/\/api.w.org\/{rel}","templated":true}]}}