{"id":21747,"date":"2023-10-03T17:47:10","date_gmt":"2023-10-03T15:47:10","guid":{"rendered":"https:\/\/www.desarrollo.santapola.es\/?p=21747"},"modified":"2024-03-07T18:41:57","modified_gmt":"2024-03-07T17:41:57","slug":"octubre-cultural-en-santa-pola-para-conmemorar-el-dia-de-la-comunitat-valenciana","status":"publish","type":"post","link":"https:\/\/santapola.es\/ca\/octubre-cultural-en-santa-pola-para-conmemorar-el-dia-de-la-comunitat-valenciana\/","title":{"rendered":"Octubre cultural en Santa Pola para conmemorar el D\u00eda de la Comunitat Valenciana"},"content":{"rendered":"<p><strong>M\u00fasica, teatro, t\u00edteres, libros, documentales y la imprescindible masclet\u00e0 protagonizan los actos conmemorativos del 9 d\u2019Octubre.<\/strong><\/p>\n<p>Nely Baile, concejal de Cultura, ha presentado esta ma\u00f1ana la programaci\u00f3n de actividades que el Ayuntamiento de Santa Pola organiza para conmemorar el D\u00eda de la Comunitat Valenciana bajo el t\u00edtulo de Octubre Cultural.<\/p>\n<p>\u201cNuestro Ayuntamiento, siempre apostando por nuestra cultura y la promoci\u00f3n del valenciano, ha organizado una serie de actividades para disfrutar y sentir nuestra identidad. Esta programaci\u00f3n est\u00e1 compuesta por conciertos, presentaci\u00f3n de libro, teatro, proyecci\u00f3n de un documental y el festival de t\u00edteres\u201d, ha explicado la edil.<\/p>\n<p>La celebraci\u00f3n del 9 d\u2019Octubre tendr\u00e1 su parte institucional con un pleno extraordinario a las 11:00, posteriormente habr\u00e1 un pasacalles con la Banda Uni\u00f3 Musical y a las 12:00 en la Glorieta se celebrar\u00e1 el acto de reconocimiento a entidades locales, para finalizar a las 13:00 horas con una masclet\u00e0 en la fachada del Castillo.<\/p>\n<p>Nely Baile ha finalizado invitando \u201ca todos los santapoleros y santapoleras a disfrutar de estos actos que desde el Ayuntamiento hemos organizado bajo el t\u00edtulo de Octubre Cultural\u201d.<\/p>\n<p><strong>PROGRAMACI\u00d3N OCTUBRE CULTURAL 2023<\/strong><\/p>\n<p><strong>MI\u00c9RCOLES 4.<\/strong><\/p>\n<p>Elaboraci\u00f3n del mural sobre el 9 d\u2019octubre en el que han participado los nueve colegios de primaria de Santa Pola.<\/p>\n<p>Hora: 9:30<\/p>\n<p>Lugar: Plaza del Castillo-Fortaleza<\/p>\n<p><strong>VIERNES 6<\/strong><\/p>\n<p>Concierto familiar VOLEM con Dani Miquel (de gira con nuevo disco)<\/p>\n<p>Hora: 19:00<\/p>\n<p>Lugar: Casa Cultura<\/p>\n<p>Circuit Cultural Valenci\u00e0 y Acad\u00e8mia Valenciana de la Llengua<\/p>\n<p><strong>LUNES 9<\/strong><\/p>\n<p>Acto Institucional 9 d\u2019Octubre<\/p>\n<p>11:00 Pleno extraordinario<\/p>\n<p>11:00 Pasacalles de la Banda Uni\u00f3 Musical de Santa Pola<\/p>\n<p>12:00 Homenaje a entidades en la Plaza de la Glorieta<\/p>\n<p>13:00 Masclet\u00e0 en la fachada del Castillo<\/p>\n<p><strong>VIERNES 13<\/strong><\/p>\n<p>Concierto VAL\u00c8NCIA \u00c0NIMA I M\u00daSICA a cargo de Eva Dinora y Toni Cotol\u00ed<\/p>\n<p>Hora: 19:30<\/p>\n<p>Lugar: Sal\u00f3n de Actos de la Casa de Cultura<\/p>\n<p>Circuit Cultural Valenci\u00e0<\/p>\n<p><strong>MARTES 17:<\/strong><\/p>\n<p>Presentaci\u00f3n del libro \u00abMaslastruc contra el talism\u00e0 fenici\u00bb de Gl\u00f2ria Candela<\/p>\n<p>Hora: 19:30h<\/p>\n<p>Lugar: Biblioteca Central<\/p>\n<p><strong>MI\u00c9RCOLES 18:<\/strong><\/p>\n<p>Teatro para los alumnos de los IES: LA FALLERA CALAVERA c\u00eda Floc Teatre<\/p>\n<p>Hora: 11:30<\/p>\n<p>Lugar: Sal\u00f3n de Actos de la Casa de Cultura<\/p>\n<p>Circuit Cultural Valenci\u00e0 y Acad\u00e8mia Valenciana de la Llengua<\/p>\n<p><strong>VIERNES 20<\/strong><\/p>\n<p>Obra GERMANS c\u00eda Esclafit Teatre<\/p>\n<p>Hora: 20:00<\/p>\n<p>Lugar: Sal\u00f3n de Actos de la Casa de Cultura<\/p>\n<p>NO es un espect\u00e1culo apto para menores de 12 a\u00f1os<\/p>\n<p>Festival Provincial de las Artes Esc\u00e9nicas. Diputaci\u00f3n Provincial de Alicante<\/p>\n<p><strong>MARTES 24<\/strong><\/p>\n<p>Proyecci\u00f3n del documental \u00abEl Campello un mar d\u2019hist\u00f2ries\u00bb<\/p>\n<p>Hora: 19:30<\/p>\n<p>Lugar: Sal\u00f3n de Actos de la Casa de Cultura<\/p>\n<p><strong>VI FESTIVAL DE T\u00cdTERES:<\/strong><\/p>\n<p>S\u00e1bado 21: La costurereta valenta\u2013 Cia. Xarop Teatre<\/p>\n<p>Hora:18:00<\/p>\n<p>Lugar: Sal\u00f3n de Actos de la Casa de Cultura<\/p>\n<p>Domingo 22: La princesa o segons es mire-Cia. Proyecto Caravana<\/p>\n<p>Hora:12.00h.<\/p>\n<p>Lugar: Sal\u00f3n de Actos de la Casa de Cultura<\/p>\n<p>Lunes 23: Dolphin i la mar\u2013 Cia. La Carreta Teatre<\/p>\n<p>Hora 11:00<\/p>\n<p>Lugar: Sal\u00f3n de Actos de la Casa de Cultura<\/p>\n<p>Festival Provincial de las Artes Esc\u00e9nicas. Diputaci\u00f3n Provincial de Alicante<\/p>\n<p><img loading=\"lazy\" decoding=\"async\" class=\"aligncenter size-large wp-image-21749\" src=\"https:\/\/santapola.es\/wp-content\/uploads\/2023\/10\/OCTUBRECULTURAL_2023-819x1024.jpeg\" alt=\"\" width=\"819\" height=\"1024\" \/><\/p>\n","protected":false},"excerpt":{"rendered":"<p>M\u00fasica, teatro, t\u00edteres, libros, documentales y la imprescindible masclet\u00e0 protagonizan los actos conmemorativos del 9 d\u2019Octubre. Nely Baile, concejal de Cultura, ha presentado esta ma\u00f1ana la programaci\u00f3n de actividades que el Ayuntamiento de Santa Pola organiza para conmemorar el D\u00eda de la Comunitat Valenciana bajo el t\u00edtulo de Octubre Cultural. \u201cNuestro Ayuntamiento, siempre apostando por [&hellip;]<\/p>\n","protected":false},"author":96,"featured_media":21748,"comment_status":"closed","ping_status":"closed","sticky":false,"template":"","format":"standard","meta":{"_et_pb_use_builder":"","_et_pb_old_content":"","_et_gb_content_width":"","footnotes":""},"categories":[96,66],"tags":[177,246,247],"class_list":["post-21747","post","type-post","status-publish","format-standard","has-post-thumbnail","hentry","category-cultura","category-inicio","tag-nely-baile","tag-nou-doctubre","tag-octubre-cultural"],"yoast_head":"<!-- This site is optimized with the Yoast SEO plugin v27.4 - https:\/\/yoast.com\/product\/yoast-seo-wordpress\/ -->\n<title>Octubre cultural en Santa Pola para conmemorar el D\u00eda de la Comunitat Valenciana - Ajuntament de Santa Pola<\/title>\n<meta name=\"robots\" content=\"index, follow, max-snippet:-1, max-image-preview:large, max-video-preview:-1\" \/>\n<link rel=\"canonical\" href=\"https:\/\/santapola.es\/ca\/octubre-cultural-en-santa-pola-para-conmemorar-el-dia-de-la-comunitat-valenciana\/\" \/>\n<meta property=\"og:locale\" content=\"ca_ES\" \/>\n<meta property=\"og:type\" content=\"article\" \/>\n<meta property=\"og:title\" content=\"Octubre cultural en Santa Pola para conmemorar el D\u00eda de la Comunitat Valenciana - Ajuntament de Santa Pola\" \/>\n<meta property=\"og:description\" content=\"M\u00fasica, teatro, t\u00edteres, libros, documentales y la imprescindible masclet\u00e0 protagonizan los actos conmemorativos del 9 d\u2019Octubre. Nely Baile, concejal de Cultura, ha presentado esta ma\u00f1ana la programaci\u00f3n de actividades que el Ayuntamiento de Santa Pola organiza para conmemorar el D\u00eda de la Comunitat Valenciana bajo el t\u00edtulo de Octubre Cultural. \u201cNuestro Ayuntamiento, siempre apostando por [&hellip;]\" \/>\n<meta property=\"og:url\" content=\"https:\/\/santapola.es\/ca\/octubre-cultural-en-santa-pola-para-conmemorar-el-dia-de-la-comunitat-valenciana\/\" \/>\n<meta property=\"og:site_name\" content=\"Ajuntament de Santa Pola\" \/>\n<meta property=\"article:publisher\" content=\"https:\/\/www.facebook.com\/AyuntamientoSantaPola\/\" \/>\n<meta property=\"article:published_time\" content=\"2023-10-03T15:47:10+00:00\" \/>\n<meta property=\"article:modified_time\" content=\"2024-03-07T17:41:57+00:00\" \/>\n<meta property=\"og:image\" content=\"https:\/\/santapola.es\/wp-content\/uploads\/2023\/10\/2023-10-03-octubre-cultural.jpg\" \/>\n\t<meta property=\"og:image:width\" content=\"1280\" \/>\n\t<meta property=\"og:image:height\" content=\"720\" \/>\n\t<meta property=\"og:image:type\" content=\"image\/jpeg\" \/>\n<meta name=\"author\" content=\"Jos\u00e9 Juan L\u00f3pez Lafuente\" \/>\n<meta name=\"twitter:card\" content=\"summary_large_image\" \/>\n<meta name=\"twitter:creator\" content=\"@SantaPolaAyunt\" \/>\n<meta name=\"twitter:site\" content=\"@SantaPolaAyunt\" \/>\n<script type=\"application\/ld+json\" class=\"yoast-schema-graph\">{\"@context\":\"https:\\\/\\\/schema.org\",\"@graph\":[{\"@type\":\"Article\",\"@id\":\"https:\\\/\\\/santapola.es\\\/ca\\\/octubre-cultural-en-santa-pola-para-conmemorar-el-dia-de-la-comunitat-valenciana\\\/#article\",\"isPartOf\":{\"@id\":\"https:\\\/\\\/santapola.es\\\/ca\\\/octubre-cultural-en-santa-pola-para-conmemorar-el-dia-de-la-comunitat-valenciana\\\/\"},\"author\":{\"name\":\"Jos\u00e9 Juan L\u00f3pez Lafuente\",\"@id\":\"https:\\\/\\\/santapola.es\\\/ca\\\/#\\\/schema\\\/person\\\/ad1d67403707b58350c7be5e8dbc442d\"},\"headline\":\"Octubre cultural en Santa Pola para conmemorar el D\u00eda de la Comunitat Valenciana\",\"datePublished\":\"2023-10-03T15:47:10+00:00\",\"dateModified\":\"2024-03-07T17:41:57+00:00\",\"mainEntityOfPage\":{\"@id\":\"https:\\\/\\\/santapola.es\\\/ca\\\/octubre-cultural-en-santa-pola-para-conmemorar-el-dia-de-la-comunitat-valenciana\\\/\"},\"wordCount\":520,\"image\":{\"@id\":\"https:\\\/\\\/santapola.es\\\/ca\\\/octubre-cultural-en-santa-pola-para-conmemorar-el-dia-de-la-comunitat-valenciana\\\/#primaryimage\"},\"thumbnailUrl\":\"https:\\\/\\\/santapola.es\\\/wp-content\\\/uploads\\\/2023\\\/10\\\/2023-10-03-octubre-cultural.jpg\",\"keywords\":[\"Nely Baile\",\"Nou d'octubre\",\"Octubre cultural\"],\"articleSection\":[\"Cultura\",\"Inicio\"],\"inLanguage\":\"ca\"},{\"@type\":\"WebPage\",\"@id\":\"https:\\\/\\\/santapola.es\\\/ca\\\/octubre-cultural-en-santa-pola-para-conmemorar-el-dia-de-la-comunitat-valenciana\\\/\",\"url\":\"https:\\\/\\\/santapola.es\\\/ca\\\/octubre-cultural-en-santa-pola-para-conmemorar-el-dia-de-la-comunitat-valenciana\\\/\",\"name\":\"Octubre cultural en Santa Pola para conmemorar el D\u00eda de la Comunitat Valenciana - Ajuntament de Santa Pola\",\"isPartOf\":{\"@id\":\"https:\\\/\\\/santapola.es\\\/ca\\\/#website\"},\"primaryImageOfPage\":{\"@id\":\"https:\\\/\\\/santapola.es\\\/ca\\\/octubre-cultural-en-santa-pola-para-conmemorar-el-dia-de-la-comunitat-valenciana\\\/#primaryimage\"},\"image\":{\"@id\":\"https:\\\/\\\/santapola.es\\\/ca\\\/octubre-cultural-en-santa-pola-para-conmemorar-el-dia-de-la-comunitat-valenciana\\\/#primaryimage\"},\"thumbnailUrl\":\"https:\\\/\\\/santapola.es\\\/wp-content\\\/uploads\\\/2023\\\/10\\\/2023-10-03-octubre-cultural.jpg\",\"datePublished\":\"2023-10-03T15:47:10+00:00\",\"dateModified\":\"2024-03-07T17:41:57+00:00\",\"author\":{\"@id\":\"https:\\\/\\\/santapola.es\\\/ca\\\/#\\\/schema\\\/person\\\/ad1d67403707b58350c7be5e8dbc442d\"},\"breadcrumb\":{\"@id\":\"https:\\\/\\\/santapola.es\\\/ca\\\/octubre-cultural-en-santa-pola-para-conmemorar-el-dia-de-la-comunitat-valenciana\\\/#breadcrumb\"},\"inLanguage\":\"ca\",\"potentialAction\":[{\"@type\":\"ReadAction\",\"target\":[\"https:\\\/\\\/santapola.es\\\/ca\\\/octubre-cultural-en-santa-pola-para-conmemorar-el-dia-de-la-comunitat-valenciana\\\/\"]}]},{\"@type\":\"ImageObject\",\"inLanguage\":\"ca\",\"@id\":\"https:\\\/\\\/santapola.es\\\/ca\\\/octubre-cultural-en-santa-pola-para-conmemorar-el-dia-de-la-comunitat-valenciana\\\/#primaryimage\",\"url\":\"https:\\\/\\\/santapola.es\\\/wp-content\\\/uploads\\\/2023\\\/10\\\/2023-10-03-octubre-cultural.jpg\",\"contentUrl\":\"https:\\\/\\\/santapola.es\\\/wp-content\\\/uploads\\\/2023\\\/10\\\/2023-10-03-octubre-cultural.jpg\",\"width\":1280,\"height\":720},{\"@type\":\"BreadcrumbList\",\"@id\":\"https:\\\/\\\/santapola.es\\\/ca\\\/octubre-cultural-en-santa-pola-para-conmemorar-el-dia-de-la-comunitat-valenciana\\\/#breadcrumb\",\"itemListElement\":[{\"@type\":\"ListItem\",\"position\":1,\"name\":\"Inici\",\"item\":\"https:\\\/\\\/santapola.es\\\/ca\\\/\"},{\"@type\":\"ListItem\",\"position\":2,\"name\":\"Octubre cultural en Santa Pola para conmemorar el D\u00eda de la Comunitat Valenciana\"}]},{\"@type\":\"WebSite\",\"@id\":\"https:\\\/\\\/santapola.es\\\/ca\\\/#website\",\"url\":\"https:\\\/\\\/santapola.es\\\/ca\\\/\",\"name\":\"Ayuntamiento de Santa Pola\",\"description\":\"Web de l'Ajuntament de Santa Pola\",\"potentialAction\":[{\"@type\":\"SearchAction\",\"target\":{\"@type\":\"EntryPoint\",\"urlTemplate\":\"https:\\\/\\\/santapola.es\\\/ca\\\/?s={search_term_string}\"},\"query-input\":{\"@type\":\"PropertyValueSpecification\",\"valueRequired\":true,\"valueName\":\"search_term_string\"}}],\"inLanguage\":\"ca\"},{\"@type\":\"Person\",\"@id\":\"https:\\\/\\\/santapola.es\\\/ca\\\/#\\\/schema\\\/person\\\/ad1d67403707b58350c7be5e8dbc442d\",\"name\":\"Jos\u00e9 Juan L\u00f3pez Lafuente\"}]}<\/script>\n<!-- \/ Yoast SEO plugin. -->","yoast_head_json":{"title":"Octubre cultural en Santa Pola para conmemorar el D\u00eda de la Comunitat Valenciana - Ajuntament de Santa Pola","robots":{"index":"index","follow":"follow","max-snippet":"max-snippet:-1","max-image-preview":"max-image-preview:large","max-video-preview":"max-video-preview:-1"},"canonical":"https:\/\/santapola.es\/ca\/octubre-cultural-en-santa-pola-para-conmemorar-el-dia-de-la-comunitat-valenciana\/","og_locale":"ca_ES","og_type":"article","og_title":"Octubre cultural en Santa Pola para conmemorar el D\u00eda de la Comunitat Valenciana - Ajuntament de Santa Pola","og_description":"M\u00fasica, teatro, t\u00edteres, libros, documentales y la imprescindible masclet\u00e0 protagonizan los actos conmemorativos del 9 d\u2019Octubre. Nely Baile, concejal de Cultura, ha presentado esta ma\u00f1ana la programaci\u00f3n de actividades que el Ayuntamiento de Santa Pola organiza para conmemorar el D\u00eda de la Comunitat Valenciana bajo el t\u00edtulo de Octubre Cultural. \u201cNuestro Ayuntamiento, siempre apostando por [&hellip;]","og_url":"https:\/\/santapola.es\/ca\/octubre-cultural-en-santa-pola-para-conmemorar-el-dia-de-la-comunitat-valenciana\/","og_site_name":"Ajuntament de Santa Pola","article_publisher":"https:\/\/www.facebook.com\/AyuntamientoSantaPola\/","article_published_time":"2023-10-03T15:47:10+00:00","article_modified_time":"2024-03-07T17:41:57+00:00","og_image":[{"width":1280,"height":720,"url":"https:\/\/santapola.es\/wp-content\/uploads\/2023\/10\/2023-10-03-octubre-cultural.jpg","type":"image\/jpeg"}],"author":"Jos\u00e9 Juan L\u00f3pez Lafuente","twitter_card":"summary_large_image","twitter_creator":"@SantaPolaAyunt","twitter_site":"@SantaPolaAyunt","schema":{"@context":"https:\/\/schema.org","@graph":[{"@type":"Article","@id":"https:\/\/santapola.es\/ca\/octubre-cultural-en-santa-pola-para-conmemorar-el-dia-de-la-comunitat-valenciana\/#article","isPartOf":{"@id":"https:\/\/santapola.es\/ca\/octubre-cultural-en-santa-pola-para-conmemorar-el-dia-de-la-comunitat-valenciana\/"},"author":{"name":"Jos\u00e9 Juan L\u00f3pez Lafuente","@id":"https:\/\/santapola.es\/ca\/#\/schema\/person\/ad1d67403707b58350c7be5e8dbc442d"},"headline":"Octubre cultural en Santa Pola para conmemorar el D\u00eda de la Comunitat Valenciana","datePublished":"2023-10-03T15:47:10+00:00","dateModified":"2024-03-07T17:41:57+00:00","mainEntityOfPage":{"@id":"https:\/\/santapola.es\/ca\/octubre-cultural-en-santa-pola-para-conmemorar-el-dia-de-la-comunitat-valenciana\/"},"wordCount":520,"image":{"@id":"https:\/\/santapola.es\/ca\/octubre-cultural-en-santa-pola-para-conmemorar-el-dia-de-la-comunitat-valenciana\/#primaryimage"},"thumbnailUrl":"https:\/\/santapola.es\/wp-content\/uploads\/2023\/10\/2023-10-03-octubre-cultural.jpg","keywords":["Nely Baile","Nou d'octubre","Octubre cultural"],"articleSection":["Cultura","Inicio"],"inLanguage":"ca"},{"@type":"WebPage","@id":"https:\/\/santapola.es\/ca\/octubre-cultural-en-santa-pola-para-conmemorar-el-dia-de-la-comunitat-valenciana\/","url":"https:\/\/santapola.es\/ca\/octubre-cultural-en-santa-pola-para-conmemorar-el-dia-de-la-comunitat-valenciana\/","name":"Octubre cultural en Santa Pola para conmemorar el D\u00eda de la Comunitat Valenciana - Ajuntament de Santa Pola","isPartOf":{"@id":"https:\/\/santapola.es\/ca\/#website"},"primaryImageOfPage":{"@id":"https:\/\/santapola.es\/ca\/octubre-cultural-en-santa-pola-para-conmemorar-el-dia-de-la-comunitat-valenciana\/#primaryimage"},"image":{"@id":"https:\/\/santapola.es\/ca\/octubre-cultural-en-santa-pola-para-conmemorar-el-dia-de-la-comunitat-valenciana\/#primaryimage"},"thumbnailUrl":"https:\/\/santapola.es\/wp-content\/uploads\/2023\/10\/2023-10-03-octubre-cultural.jpg","datePublished":"2023-10-03T15:47:10+00:00","dateModified":"2024-03-07T17:41:57+00:00","author":{"@id":"https:\/\/santapola.es\/ca\/#\/schema\/person\/ad1d67403707b58350c7be5e8dbc442d"},"breadcrumb":{"@id":"https:\/\/santapola.es\/ca\/octubre-cultural-en-santa-pola-para-conmemorar-el-dia-de-la-comunitat-valenciana\/#breadcrumb"},"inLanguage":"ca","potentialAction":[{"@type":"ReadAction","target":["https:\/\/santapola.es\/ca\/octubre-cultural-en-santa-pola-para-conmemorar-el-dia-de-la-comunitat-valenciana\/"]}]},{"@type":"ImageObject","inLanguage":"ca","@id":"https:\/\/santapola.es\/ca\/octubre-cultural-en-santa-pola-para-conmemorar-el-dia-de-la-comunitat-valenciana\/#primaryimage","url":"https:\/\/santapola.es\/wp-content\/uploads\/2023\/10\/2023-10-03-octubre-cultural.jpg","contentUrl":"https:\/\/santapola.es\/wp-content\/uploads\/2023\/10\/2023-10-03-octubre-cultural.jpg","width":1280,"height":720},{"@type":"BreadcrumbList","@id":"https:\/\/santapola.es\/ca\/octubre-cultural-en-santa-pola-para-conmemorar-el-dia-de-la-comunitat-valenciana\/#breadcrumb","itemListElement":[{"@type":"ListItem","position":1,"name":"Inici","item":"https:\/\/santapola.es\/ca\/"},{"@type":"ListItem","position":2,"name":"Octubre cultural en Santa Pola para conmemorar el D\u00eda de la Comunitat Valenciana"}]},{"@type":"WebSite","@id":"https:\/\/santapola.es\/ca\/#website","url":"https:\/\/santapola.es\/ca\/","name":"Ayuntamiento de Santa Pola","description":"Web de l'Ajuntament de Santa Pola","potentialAction":[{"@type":"SearchAction","target":{"@type":"EntryPoint","urlTemplate":"https:\/\/santapola.es\/ca\/?s={search_term_string}"},"query-input":{"@type":"PropertyValueSpecification","valueRequired":true,"valueName":"search_term_string"}}],"inLanguage":"ca"},{"@type":"Person","@id":"https:\/\/santapola.es\/ca\/#\/schema\/person\/ad1d67403707b58350c7be5e8dbc442d","name":"Jos\u00e9 Juan L\u00f3pez Lafuente"}]}},"_links":{"self":[{"href":"https:\/\/santapola.es\/ca\/wp-json\/wp\/v2\/posts\/21747","targetHints":{"allow":["GET"]}}],"collection":[{"href":"https:\/\/santapola.es\/ca\/wp-json\/wp\/v2\/posts"}],"about":[{"href":"https:\/\/santapola.es\/ca\/wp-json\/wp\/v2\/types\/post"}],"author":[{"embeddable":true,"href":"https:\/\/santapola.es\/ca\/wp-json\/wp\/v2\/users\/96"}],"replies":[{"embeddable":true,"href":"https:\/\/santapola.es\/ca\/wp-json\/wp\/v2\/comments?post=21747"}],"version-history":[{"count":0,"href":"https:\/\/santapola.es\/ca\/wp-json\/wp\/v2\/posts\/21747\/revisions"}],"wp:featuredmedia":[{"embeddable":true,"href":"https:\/\/santapola.es\/ca\/wp-json\/wp\/v2\/media\/21748"}],"wp:attachment":[{"href":"https:\/\/santapola.es\/ca\/wp-json\/wp\/v2\/media?parent=21747"}],"wp:term":[{"taxonomy":"category","embeddable":true,"href":"https:\/\/santapola.es\/ca\/wp-json\/wp\/v2\/categories?post=21747"},{"taxonomy":"post_tag","embeddable":true,"href":"https:\/\/santapola.es\/ca\/wp-json\/wp\/v2\/tags?post=21747"}],"curies":[{"name":"wp","href":"https:\/\/api.w.org\/{rel}","templated":true}]}}