{"id":21530,"date":"2023-09-25T17:50:30","date_gmt":"2023-09-25T15:50:30","guid":{"rendered":"https:\/\/www.desarrollo.santapola.es\/?p=21530"},"modified":"2024-03-07T18:41:53","modified_gmt":"2024-03-07T17:41:53","slug":"el-santapolero-marco-andreu-gana-la-medalla-de-oro-en-la-liga-nacional-de-karate-categoria-cadete","status":"publish","type":"post","link":"https:\/\/santapola.es\/ca\/el-santapolero-marco-andreu-gana-la-medalla-de-oro-en-la-liga-nacional-de-karate-categoria-cadete\/","title":{"rendered":"El santapolero Marco Andreu gana la medalla de oro en la Liga Nacional de K\u00e1rate categor\u00eda cadete"},"content":{"rendered":"<p><strong>Este fin de semana se ha disputado en Gij\u00f3n la segunda jornada de la Liga Nacional de K\u00e1rate en la categor\u00eda cadete, en la que han tenido una magn\u00edfica actuaci\u00f3n los competidores locales -becados por el Ayuntamiento de Santa Pola- Marco Andreu y Francisco Tom\u00e1s L\u00f3pez. De la mano de su coach Ra\u00fal Ill\u00e1n, compitieron en las categor\u00edas kumite (combate) cadete &lt;70kg y kumite cadete &lt;57kg, respectivamente.<\/strong><\/p>\n<p>Tras una actuaci\u00f3n brillante de ambos competidores, Marco Andreu se alz\u00f3 con la medalla de oro de su categor\u00eda llevando el nombre de su Club Seishin y el de Santa Pola al nivel m\u00e1s alto del panorama espa\u00f1ol, ya que con casi toda seguridad se asegura una plaza en la gran final de la Liga Nacional a celebrarse en M\u00e1laga en el mes de diciembre.<\/p>\n<p>El buen trabajo y la trayectoria de este competidor le ha llevado a ser convocado por la Selecci\u00f3n Espa\u00f1ola de K\u00e1rate y realizar un entrenamiento con el resto del grupo concentrado el pasado domingo, tras la competici\u00f3n en Gij\u00f3n, para realizar un test con el seleccionador de la categor\u00eda cadete.<\/p>\n<p>Los retos para estos j\u00f3venes deportistas no paran, ya que este s\u00e1bado 23 de septiembre se desplazan a Cheste para iniciar la Liga Auton\u00f3mica y revalidar objetivos del a\u00f1o pasado que les proporcionen el billete directo para el Campeonato de Espa\u00f1a de k\u00e1rate.<\/p>\n<p>A su vez la actividad del Club Seishin tambi\u00e9n plantea una agenda llena de eventos, pues en un par de semanas el grupo de deportistas infantiles se desplazar\u00e1 a la Comunidad de Madrid a disputar un campeonato auton\u00f3mico solidario y seguir teniendo rodaje en el plano competitivo para las citas pendientes hasta final de a\u00f1o.<\/p>\n","protected":false},"excerpt":{"rendered":"<p>Este fin de semana se ha disputado en Gij\u00f3n la segunda jornada de la Liga Nacional de K\u00e1rate en la categor\u00eda cadete, en la que han tenido una magn\u00edfica actuaci\u00f3n los competidores locales -becados por el Ayuntamiento de Santa Pola- Marco Andreu y Francisco Tom\u00e1s L\u00f3pez. De la mano de su coach Ra\u00fal Ill\u00e1n, compitieron [&hellip;]<\/p>\n","protected":false},"author":96,"featured_media":21532,"comment_status":"closed","ping_status":"closed","sticky":false,"template":"","format":"standard","meta":{"_et_pb_use_builder":"","_et_pb_old_content":"","_et_gb_content_width":"","footnotes":""},"categories":[59,66],"tags":[236,237,199,238],"class_list":["post-21530","post","type-post","status-publish","format-standard","has-post-thumbnail","hentry","category-deportes","category-inicio","tag-club-seishin","tag-francisco-tomas-lopez","tag-karate","tag-marco-andreu"],"yoast_head":"<!-- This site is optimized with the Yoast SEO plugin v27.4 - https:\/\/yoast.com\/product\/yoast-seo-wordpress\/ -->\n<title>El santapolero Marco Andreu gana la medalla de oro en la Liga Nacional de K\u00e1rate categor\u00eda cadete - Ajuntament de Santa Pola<\/title>\n<meta name=\"robots\" content=\"index, follow, max-snippet:-1, max-image-preview:large, max-video-preview:-1\" \/>\n<link rel=\"canonical\" href=\"https:\/\/santapola.es\/ca\/el-santapolero-marco-andreu-gana-la-medalla-de-oro-en-la-liga-nacional-de-karate-categoria-cadete\/\" \/>\n<meta property=\"og:locale\" content=\"ca_ES\" \/>\n<meta property=\"og:type\" content=\"article\" \/>\n<meta property=\"og:title\" content=\"El santapolero Marco Andreu gana la medalla de oro en la Liga Nacional de K\u00e1rate categor\u00eda cadete - Ajuntament de Santa Pola\" \/>\n<meta property=\"og:description\" content=\"Este fin de semana se ha disputado en Gij\u00f3n la segunda jornada de la Liga Nacional de K\u00e1rate en la categor\u00eda cadete, en la que han tenido una magn\u00edfica actuaci\u00f3n los competidores locales -becados por el Ayuntamiento de Santa Pola- Marco Andreu y Francisco Tom\u00e1s L\u00f3pez. De la mano de su coach Ra\u00fal Ill\u00e1n, compitieron [&hellip;]\" \/>\n<meta property=\"og:url\" content=\"https:\/\/santapola.es\/ca\/el-santapolero-marco-andreu-gana-la-medalla-de-oro-en-la-liga-nacional-de-karate-categoria-cadete\/\" \/>\n<meta property=\"og:site_name\" content=\"Ajuntament de Santa Pola\" \/>\n<meta property=\"article:publisher\" content=\"https:\/\/www.facebook.com\/AyuntamientoSantaPola\/\" \/>\n<meta property=\"article:published_time\" content=\"2023-09-25T15:50:30+00:00\" \/>\n<meta property=\"article:modified_time\" content=\"2024-03-07T17:41:53+00:00\" \/>\n<meta property=\"og:image\" content=\"https:\/\/santapola.es\/wp-content\/uploads\/2023\/09\/2023-09-25-karate.jpeg\" \/>\n\t<meta property=\"og:image:width\" content=\"1199\" \/>\n\t<meta property=\"og:image:height\" content=\"858\" \/>\n\t<meta property=\"og:image:type\" content=\"image\/jpeg\" \/>\n<meta name=\"author\" content=\"Jos\u00e9 Juan L\u00f3pez Lafuente\" \/>\n<meta name=\"twitter:card\" content=\"summary_large_image\" \/>\n<meta name=\"twitter:creator\" content=\"@SantaPolaAyunt\" \/>\n<meta name=\"twitter:site\" content=\"@SantaPolaAyunt\" \/>\n<script type=\"application\/ld+json\" class=\"yoast-schema-graph\">{\"@context\":\"https:\\\/\\\/schema.org\",\"@graph\":[{\"@type\":\"Article\",\"@id\":\"https:\\\/\\\/santapola.es\\\/ca\\\/el-santapolero-marco-andreu-gana-la-medalla-de-oro-en-la-liga-nacional-de-karate-categoria-cadete\\\/#article\",\"isPartOf\":{\"@id\":\"https:\\\/\\\/santapola.es\\\/ca\\\/el-santapolero-marco-andreu-gana-la-medalla-de-oro-en-la-liga-nacional-de-karate-categoria-cadete\\\/\"},\"author\":{\"name\":\"Jos\u00e9 Juan L\u00f3pez Lafuente\",\"@id\":\"https:\\\/\\\/santapola.es\\\/ca\\\/#\\\/schema\\\/person\\\/ad1d67403707b58350c7be5e8dbc442d\"},\"headline\":\"El santapolero Marco Andreu gana la medalla de oro en la Liga Nacional de K\u00e1rate categor\u00eda cadete\",\"datePublished\":\"2023-09-25T15:50:30+00:00\",\"dateModified\":\"2024-03-07T17:41:53+00:00\",\"mainEntityOfPage\":{\"@id\":\"https:\\\/\\\/santapola.es\\\/ca\\\/el-santapolero-marco-andreu-gana-la-medalla-de-oro-en-la-liga-nacional-de-karate-categoria-cadete\\\/\"},\"wordCount\":330,\"image\":{\"@id\":\"https:\\\/\\\/santapola.es\\\/ca\\\/el-santapolero-marco-andreu-gana-la-medalla-de-oro-en-la-liga-nacional-de-karate-categoria-cadete\\\/#primaryimage\"},\"thumbnailUrl\":\"https:\\\/\\\/santapola.es\\\/wp-content\\\/uploads\\\/2023\\\/09\\\/2023-09-25-karate.jpeg\",\"keywords\":[\"Club Seishin\",\"Francisco Tom\u00e1s L\u00f3pez\",\"Karate\",\"Marco Andreu\"],\"articleSection\":[\"Deportes\",\"Inicio\"],\"inLanguage\":\"ca\"},{\"@type\":\"WebPage\",\"@id\":\"https:\\\/\\\/santapola.es\\\/ca\\\/el-santapolero-marco-andreu-gana-la-medalla-de-oro-en-la-liga-nacional-de-karate-categoria-cadete\\\/\",\"url\":\"https:\\\/\\\/santapola.es\\\/ca\\\/el-santapolero-marco-andreu-gana-la-medalla-de-oro-en-la-liga-nacional-de-karate-categoria-cadete\\\/\",\"name\":\"El santapolero Marco Andreu gana la medalla de oro en la Liga Nacional de K\u00e1rate categor\u00eda cadete - Ajuntament de Santa Pola\",\"isPartOf\":{\"@id\":\"https:\\\/\\\/santapola.es\\\/ca\\\/#website\"},\"primaryImageOfPage\":{\"@id\":\"https:\\\/\\\/santapola.es\\\/ca\\\/el-santapolero-marco-andreu-gana-la-medalla-de-oro-en-la-liga-nacional-de-karate-categoria-cadete\\\/#primaryimage\"},\"image\":{\"@id\":\"https:\\\/\\\/santapola.es\\\/ca\\\/el-santapolero-marco-andreu-gana-la-medalla-de-oro-en-la-liga-nacional-de-karate-categoria-cadete\\\/#primaryimage\"},\"thumbnailUrl\":\"https:\\\/\\\/santapola.es\\\/wp-content\\\/uploads\\\/2023\\\/09\\\/2023-09-25-karate.jpeg\",\"datePublished\":\"2023-09-25T15:50:30+00:00\",\"dateModified\":\"2024-03-07T17:41:53+00:00\",\"author\":{\"@id\":\"https:\\\/\\\/santapola.es\\\/ca\\\/#\\\/schema\\\/person\\\/ad1d67403707b58350c7be5e8dbc442d\"},\"breadcrumb\":{\"@id\":\"https:\\\/\\\/santapola.es\\\/ca\\\/el-santapolero-marco-andreu-gana-la-medalla-de-oro-en-la-liga-nacional-de-karate-categoria-cadete\\\/#breadcrumb\"},\"inLanguage\":\"ca\",\"potentialAction\":[{\"@type\":\"ReadAction\",\"target\":[\"https:\\\/\\\/santapola.es\\\/ca\\\/el-santapolero-marco-andreu-gana-la-medalla-de-oro-en-la-liga-nacional-de-karate-categoria-cadete\\\/\"]}]},{\"@type\":\"ImageObject\",\"inLanguage\":\"ca\",\"@id\":\"https:\\\/\\\/santapola.es\\\/ca\\\/el-santapolero-marco-andreu-gana-la-medalla-de-oro-en-la-liga-nacional-de-karate-categoria-cadete\\\/#primaryimage\",\"url\":\"https:\\\/\\\/santapola.es\\\/wp-content\\\/uploads\\\/2023\\\/09\\\/2023-09-25-karate.jpeg\",\"contentUrl\":\"https:\\\/\\\/santapola.es\\\/wp-content\\\/uploads\\\/2023\\\/09\\\/2023-09-25-karate.jpeg\",\"width\":1199,\"height\":858},{\"@type\":\"BreadcrumbList\",\"@id\":\"https:\\\/\\\/santapola.es\\\/ca\\\/el-santapolero-marco-andreu-gana-la-medalla-de-oro-en-la-liga-nacional-de-karate-categoria-cadete\\\/#breadcrumb\",\"itemListElement\":[{\"@type\":\"ListItem\",\"position\":1,\"name\":\"Inici\",\"item\":\"https:\\\/\\\/santapola.es\\\/ca\\\/\"},{\"@type\":\"ListItem\",\"position\":2,\"name\":\"El santapolero Marco Andreu gana la medalla de oro en la Liga Nacional de K\u00e1rate categor\u00eda cadete\"}]},{\"@type\":\"WebSite\",\"@id\":\"https:\\\/\\\/santapola.es\\\/ca\\\/#website\",\"url\":\"https:\\\/\\\/santapola.es\\\/ca\\\/\",\"name\":\"Ayuntamiento de Santa Pola\",\"description\":\"Web de l'Ajuntament de Santa Pola\",\"potentialAction\":[{\"@type\":\"SearchAction\",\"target\":{\"@type\":\"EntryPoint\",\"urlTemplate\":\"https:\\\/\\\/santapola.es\\\/ca\\\/?s={search_term_string}\"},\"query-input\":{\"@type\":\"PropertyValueSpecification\",\"valueRequired\":true,\"valueName\":\"search_term_string\"}}],\"inLanguage\":\"ca\"},{\"@type\":\"Person\",\"@id\":\"https:\\\/\\\/santapola.es\\\/ca\\\/#\\\/schema\\\/person\\\/ad1d67403707b58350c7be5e8dbc442d\",\"name\":\"Jos\u00e9 Juan L\u00f3pez Lafuente\"}]}<\/script>\n<!-- \/ Yoast SEO plugin. -->","yoast_head_json":{"title":"El santapolero Marco Andreu gana la medalla de oro en la Liga Nacional de K\u00e1rate categor\u00eda cadete - Ajuntament de Santa Pola","robots":{"index":"index","follow":"follow","max-snippet":"max-snippet:-1","max-image-preview":"max-image-preview:large","max-video-preview":"max-video-preview:-1"},"canonical":"https:\/\/santapola.es\/ca\/el-santapolero-marco-andreu-gana-la-medalla-de-oro-en-la-liga-nacional-de-karate-categoria-cadete\/","og_locale":"ca_ES","og_type":"article","og_title":"El santapolero Marco Andreu gana la medalla de oro en la Liga Nacional de K\u00e1rate categor\u00eda cadete - Ajuntament de Santa Pola","og_description":"Este fin de semana se ha disputado en Gij\u00f3n la segunda jornada de la Liga Nacional de K\u00e1rate en la categor\u00eda cadete, en la que han tenido una magn\u00edfica actuaci\u00f3n los competidores locales -becados por el Ayuntamiento de Santa Pola- Marco Andreu y Francisco Tom\u00e1s L\u00f3pez. De la mano de su coach Ra\u00fal Ill\u00e1n, compitieron [&hellip;]","og_url":"https:\/\/santapola.es\/ca\/el-santapolero-marco-andreu-gana-la-medalla-de-oro-en-la-liga-nacional-de-karate-categoria-cadete\/","og_site_name":"Ajuntament de Santa Pola","article_publisher":"https:\/\/www.facebook.com\/AyuntamientoSantaPola\/","article_published_time":"2023-09-25T15:50:30+00:00","article_modified_time":"2024-03-07T17:41:53+00:00","og_image":[{"width":1199,"height":858,"url":"https:\/\/santapola.es\/wp-content\/uploads\/2023\/09\/2023-09-25-karate.jpeg","type":"image\/jpeg"}],"author":"Jos\u00e9 Juan L\u00f3pez Lafuente","twitter_card":"summary_large_image","twitter_creator":"@SantaPolaAyunt","twitter_site":"@SantaPolaAyunt","schema":{"@context":"https:\/\/schema.org","@graph":[{"@type":"Article","@id":"https:\/\/santapola.es\/ca\/el-santapolero-marco-andreu-gana-la-medalla-de-oro-en-la-liga-nacional-de-karate-categoria-cadete\/#article","isPartOf":{"@id":"https:\/\/santapola.es\/ca\/el-santapolero-marco-andreu-gana-la-medalla-de-oro-en-la-liga-nacional-de-karate-categoria-cadete\/"},"author":{"name":"Jos\u00e9 Juan L\u00f3pez Lafuente","@id":"https:\/\/santapola.es\/ca\/#\/schema\/person\/ad1d67403707b58350c7be5e8dbc442d"},"headline":"El santapolero Marco Andreu gana la medalla de oro en la Liga Nacional de K\u00e1rate categor\u00eda cadete","datePublished":"2023-09-25T15:50:30+00:00","dateModified":"2024-03-07T17:41:53+00:00","mainEntityOfPage":{"@id":"https:\/\/santapola.es\/ca\/el-santapolero-marco-andreu-gana-la-medalla-de-oro-en-la-liga-nacional-de-karate-categoria-cadete\/"},"wordCount":330,"image":{"@id":"https:\/\/santapola.es\/ca\/el-santapolero-marco-andreu-gana-la-medalla-de-oro-en-la-liga-nacional-de-karate-categoria-cadete\/#primaryimage"},"thumbnailUrl":"https:\/\/santapola.es\/wp-content\/uploads\/2023\/09\/2023-09-25-karate.jpeg","keywords":["Club Seishin","Francisco Tom\u00e1s L\u00f3pez","Karate","Marco Andreu"],"articleSection":["Deportes","Inicio"],"inLanguage":"ca"},{"@type":"WebPage","@id":"https:\/\/santapola.es\/ca\/el-santapolero-marco-andreu-gana-la-medalla-de-oro-en-la-liga-nacional-de-karate-categoria-cadete\/","url":"https:\/\/santapola.es\/ca\/el-santapolero-marco-andreu-gana-la-medalla-de-oro-en-la-liga-nacional-de-karate-categoria-cadete\/","name":"El santapolero Marco Andreu gana la medalla de oro en la Liga Nacional de K\u00e1rate categor\u00eda cadete - Ajuntament de Santa Pola","isPartOf":{"@id":"https:\/\/santapola.es\/ca\/#website"},"primaryImageOfPage":{"@id":"https:\/\/santapola.es\/ca\/el-santapolero-marco-andreu-gana-la-medalla-de-oro-en-la-liga-nacional-de-karate-categoria-cadete\/#primaryimage"},"image":{"@id":"https:\/\/santapola.es\/ca\/el-santapolero-marco-andreu-gana-la-medalla-de-oro-en-la-liga-nacional-de-karate-categoria-cadete\/#primaryimage"},"thumbnailUrl":"https:\/\/santapola.es\/wp-content\/uploads\/2023\/09\/2023-09-25-karate.jpeg","datePublished":"2023-09-25T15:50:30+00:00","dateModified":"2024-03-07T17:41:53+00:00","author":{"@id":"https:\/\/santapola.es\/ca\/#\/schema\/person\/ad1d67403707b58350c7be5e8dbc442d"},"breadcrumb":{"@id":"https:\/\/santapola.es\/ca\/el-santapolero-marco-andreu-gana-la-medalla-de-oro-en-la-liga-nacional-de-karate-categoria-cadete\/#breadcrumb"},"inLanguage":"ca","potentialAction":[{"@type":"ReadAction","target":["https:\/\/santapola.es\/ca\/el-santapolero-marco-andreu-gana-la-medalla-de-oro-en-la-liga-nacional-de-karate-categoria-cadete\/"]}]},{"@type":"ImageObject","inLanguage":"ca","@id":"https:\/\/santapola.es\/ca\/el-santapolero-marco-andreu-gana-la-medalla-de-oro-en-la-liga-nacional-de-karate-categoria-cadete\/#primaryimage","url":"https:\/\/santapola.es\/wp-content\/uploads\/2023\/09\/2023-09-25-karate.jpeg","contentUrl":"https:\/\/santapola.es\/wp-content\/uploads\/2023\/09\/2023-09-25-karate.jpeg","width":1199,"height":858},{"@type":"BreadcrumbList","@id":"https:\/\/santapola.es\/ca\/el-santapolero-marco-andreu-gana-la-medalla-de-oro-en-la-liga-nacional-de-karate-categoria-cadete\/#breadcrumb","itemListElement":[{"@type":"ListItem","position":1,"name":"Inici","item":"https:\/\/santapola.es\/ca\/"},{"@type":"ListItem","position":2,"name":"El santapolero Marco Andreu gana la medalla de oro en la Liga Nacional de K\u00e1rate categor\u00eda cadete"}]},{"@type":"WebSite","@id":"https:\/\/santapola.es\/ca\/#website","url":"https:\/\/santapola.es\/ca\/","name":"Ayuntamiento de Santa Pola","description":"Web de l'Ajuntament de Santa Pola","potentialAction":[{"@type":"SearchAction","target":{"@type":"EntryPoint","urlTemplate":"https:\/\/santapola.es\/ca\/?s={search_term_string}"},"query-input":{"@type":"PropertyValueSpecification","valueRequired":true,"valueName":"search_term_string"}}],"inLanguage":"ca"},{"@type":"Person","@id":"https:\/\/santapola.es\/ca\/#\/schema\/person\/ad1d67403707b58350c7be5e8dbc442d","name":"Jos\u00e9 Juan L\u00f3pez Lafuente"}]}},"_links":{"self":[{"href":"https:\/\/santapola.es\/ca\/wp-json\/wp\/v2\/posts\/21530","targetHints":{"allow":["GET"]}}],"collection":[{"href":"https:\/\/santapola.es\/ca\/wp-json\/wp\/v2\/posts"}],"about":[{"href":"https:\/\/santapola.es\/ca\/wp-json\/wp\/v2\/types\/post"}],"author":[{"embeddable":true,"href":"https:\/\/santapola.es\/ca\/wp-json\/wp\/v2\/users\/96"}],"replies":[{"embeddable":true,"href":"https:\/\/santapola.es\/ca\/wp-json\/wp\/v2\/comments?post=21530"}],"version-history":[{"count":0,"href":"https:\/\/santapola.es\/ca\/wp-json\/wp\/v2\/posts\/21530\/revisions"}],"wp:featuredmedia":[{"embeddable":true,"href":"https:\/\/santapola.es\/ca\/wp-json\/wp\/v2\/media\/21532"}],"wp:attachment":[{"href":"https:\/\/santapola.es\/ca\/wp-json\/wp\/v2\/media?parent=21530"}],"wp:term":[{"taxonomy":"category","embeddable":true,"href":"https:\/\/santapola.es\/ca\/wp-json\/wp\/v2\/categories?post=21530"},{"taxonomy":"post_tag","embeddable":true,"href":"https:\/\/santapola.es\/ca\/wp-json\/wp\/v2\/tags?post=21530"}],"curies":[{"name":"wp","href":"https:\/\/api.w.org\/{rel}","templated":true}]}}