{"id":21528,"date":"2023-09-25T14:39:46","date_gmt":"2023-09-25T12:39:46","guid":{"rendered":"https:\/\/www.desarrollo.santapola.es\/?p=21528"},"modified":"2024-03-07T18:41:52","modified_gmt":"2024-03-07T17:41:52","slug":"comienza-su-andadura-la-escuela-oficial-de-idiomas-de-santa-pola-con-una-oferta-de-cuatro-lenguas","status":"publish","type":"post","link":"https:\/\/santapola.es\/ca\/comienza-su-andadura-la-escuela-oficial-de-idiomas-de-santa-pola-con-una-oferta-de-cuatro-lenguas\/","title":{"rendered":"Comienza su andadura la Escuela Oficial de Idiomas de Santa Pola con una oferta de cuatro lenguas"},"content":{"rendered":"<p><strong>La Alcaldesa Loreto Serrano ha presidido esta ma\u00f1ana el arranque de la largamente esperada secci\u00f3n en Santa Pola de la Escuela Oficial de Idiomas de Elche, ubicada en el IES Cap de l\u2019Aljub y que ofrece formaci\u00f3n de ingl\u00e9s, franc\u00e9s, alem\u00e1n y valenciano.<\/strong><\/p>\n<p>Era una reivindicaci\u00f3n hist\u00f3rica para Santa Pola contar con una secci\u00f3n de la Escuela Oficial de Idiomas de Elche y hoy se ha convertido en realidad. La directora del centro, Maita Cort\u00e9s, ha presentado hoy en el IES Cap de l\u2019Aljub el inicio oficial de sus actividades en nuestra villa \u201csin necesidad de que el alumnado tenga que desplazarse a Elche. Hay que aprovechar la multiculturalidad de Santa Pola porque esta secci\u00f3n podr\u00e1 crecer si la respuesta es buena. Es un d\u00eda feliz porque desde el primer momento cont\u00e9 con el apoyo del Ayuntamiento\u201d.<\/p>\n<p>El curso de ingl\u00e9s, que es el m\u00e1s demandado, cubrir\u00e1 todo el espectro del ciclo, seis niveles en total desde el b\u00e1sico hasta el m\u00e1s avanzado. Franc\u00e9s y alem\u00e1n contar\u00e1n con niveles b\u00e1sicos y el valenciano se impartir\u00e1 en los niveles b\u00e1sico y avanzado.<\/p>\n<p>Seg\u00fan ha explicado Maita Cort\u00e9s, \u201choy hemos abierto el plazo de matr\u00edcula a quienes ya se hab\u00edan preinscrito, pero el 6 de octubre se abre un nuevo plazo de inscripciones con las vacantes que queden, nadie se va a quedar sin plazas porque hay entre 30 y 35 plazas por grupo\u201d.<\/p>\n<p>El director del IES Cap de l\u2019Aljub, \u00c1ngel Lillo, se mostr\u00f3 \u201cencantado de contar en nuestro instituto con esta secci\u00f3n, lo que nos va a permitir fomentar los idiomas en Santa Pola y que todo el alumnado de secundaria lo aproveche\u201d.<\/p>\n<p>\u00d3scar Valenzuela, concejal de Educaci\u00f3n, insisti\u00f3 en \u201cinvitar a todos los ciudadanos a que aprovechen esta oportunidad que por primera vez tenemos en Santa Pola sin necesidad de desplazamientos fuera de nuestra ciudad\u201d.<\/p>\n<p>Por \u00faltimo, la alcaldesa Loreto Serrano lo defini\u00f3 como \u201cun d\u00eda grande porque no ha sido f\u00e1cil y lo hemos conseguido. Para Santa Pola es important\u00edsimo tener personas con conocimiento de idiomas, pero ten\u00edamos que facilitarles la labor y de esta manera pueden acceder a estudiar cuatro idiomas en horario tambi\u00e9n de tarde y sin que tengan que desplazarse\u201d.<\/p>\n<p>\u201cQuiero dar las gracias a Maita y a \u00c1ngel por su trabajo, el esfuerzo da sus frutos y por eso Santa Pola tiene hoy su escuela de idiomas\u201d, a\u00f1adi\u00f3 la alcaldesa.<\/p>\n<p>Se puede acceder a toda la informaci\u00f3n sobre la oferta de idiomas y el proceso de matriculaci\u00f3n en la p\u00e1gina web de la EOI de Elche <a href=\"https:\/\/portal.edu.gva.es\/eoielx\/\" target=\"_blank\" rel=\"noopener\">https:\/\/portal.edu.gva.es\/eoielx\/<\/a> y tambi\u00e9n est\u00e1 enlazada desde la p\u00e1gina web del Ayuntamiento <a href=\"https:\/\/santapola.es\" target=\"_blank\" rel=\"noopener\">https:\/\/santapola.es<\/a><\/p>\n<p><img loading=\"lazy\" decoding=\"async\" class=\"aligncenter size-large wp-image-21524\" src=\"https:\/\/santapola.es\/wp-content\/uploads\/2023\/09\/2023-09-25-EOI-Santa-Pola-2-1024x576.jpeg\" alt=\"\" width=\"1024\" height=\"576\" srcset=\"https:\/\/santapola.es\/wp-content\/uploads\/2023\/09\/2023-09-25-EOI-Santa-Pola-2-980x551.jpeg 980w, https:\/\/santapola.es\/wp-content\/uploads\/2023\/09\/2023-09-25-EOI-Santa-Pola-2-480x270.jpeg 480w\" sizes=\"(min-width: 0px) and (max-width: 480px) 480px, (min-width: 481px) and (max-width: 980px) 980px, (min-width: 981px) 1024px, 100vw\" \/><\/p>\n","protected":false},"excerpt":{"rendered":"<p>La Alcaldesa Loreto Serrano ha presidido esta ma\u00f1ana el arranque de la largamente esperada secci\u00f3n en Santa Pola de la Escuela Oficial de Idiomas de Elche, ubicada en el IES Cap de l\u2019Aljub y que ofrece formaci\u00f3n de ingl\u00e9s, franc\u00e9s, alem\u00e1n y valenciano. Era una reivindicaci\u00f3n hist\u00f3rica para Santa Pola contar con una secci\u00f3n de [&hellip;]<\/p>\n","protected":false},"author":96,"featured_media":21523,"comment_status":"closed","ping_status":"closed","sticky":false,"template":"","format":"standard","meta":{"_et_pb_use_builder":"","_et_pb_old_content":"","_et_gb_content_width":"","footnotes":""},"categories":[116,66],"tags":[235,141,148],"class_list":["post-21528","post","type-post","status-publish","format-standard","has-post-thumbnail","hentry","category-educacion","category-inicio","tag-escuela-oficial-de-idiomas","tag-loreto-serrano","tag-oscar-valenzuela"],"yoast_head":"<!-- This site is optimized with the Yoast SEO plugin v27.4 - https:\/\/yoast.com\/product\/yoast-seo-wordpress\/ -->\n<title>Comienza su andadura la Escuela Oficial de Idiomas de Santa Pola con una oferta de cuatro lenguas - Ajuntament de Santa Pola<\/title>\n<meta name=\"robots\" content=\"index, follow, max-snippet:-1, max-image-preview:large, max-video-preview:-1\" \/>\n<link rel=\"canonical\" href=\"https:\/\/santapola.es\/ca\/comienza-su-andadura-la-escuela-oficial-de-idiomas-de-santa-pola-con-una-oferta-de-cuatro-lenguas\/\" \/>\n<meta property=\"og:locale\" content=\"ca_ES\" \/>\n<meta property=\"og:type\" content=\"article\" \/>\n<meta property=\"og:title\" content=\"Comienza su andadura la Escuela Oficial de Idiomas de Santa Pola con una oferta de cuatro lenguas - Ajuntament de Santa Pola\" \/>\n<meta property=\"og:description\" content=\"La Alcaldesa Loreto Serrano ha presidido esta ma\u00f1ana el arranque de la largamente esperada secci\u00f3n en Santa Pola de la Escuela Oficial de Idiomas de Elche, ubicada en el IES Cap de l\u2019Aljub y que ofrece formaci\u00f3n de ingl\u00e9s, franc\u00e9s, alem\u00e1n y valenciano. Era una reivindicaci\u00f3n hist\u00f3rica para Santa Pola contar con una secci\u00f3n de [&hellip;]\" \/>\n<meta property=\"og:url\" content=\"https:\/\/santapola.es\/ca\/comienza-su-andadura-la-escuela-oficial-de-idiomas-de-santa-pola-con-una-oferta-de-cuatro-lenguas\/\" \/>\n<meta property=\"og:site_name\" content=\"Ajuntament de Santa Pola\" \/>\n<meta property=\"article:publisher\" content=\"https:\/\/www.facebook.com\/AyuntamientoSantaPola\/\" \/>\n<meta property=\"article:published_time\" content=\"2023-09-25T12:39:46+00:00\" \/>\n<meta property=\"article:modified_time\" content=\"2024-03-07T17:41:52+00:00\" \/>\n<meta property=\"og:image\" content=\"https:\/\/santapola.es\/wp-content\/uploads\/2023\/09\/2023-09-25-EOI-Santa-Pola-1.jpg\" \/>\n\t<meta property=\"og:image:width\" content=\"1280\" \/>\n\t<meta property=\"og:image:height\" content=\"720\" \/>\n\t<meta property=\"og:image:type\" content=\"image\/jpeg\" \/>\n<meta name=\"author\" content=\"Jos\u00e9 Juan L\u00f3pez Lafuente\" \/>\n<meta name=\"twitter:card\" content=\"summary_large_image\" \/>\n<meta name=\"twitter:creator\" content=\"@SantaPolaAyunt\" \/>\n<meta name=\"twitter:site\" content=\"@SantaPolaAyunt\" \/>\n<script type=\"application\/ld+json\" class=\"yoast-schema-graph\">{\"@context\":\"https:\\\/\\\/schema.org\",\"@graph\":[{\"@type\":\"Article\",\"@id\":\"https:\\\/\\\/santapola.es\\\/ca\\\/comienza-su-andadura-la-escuela-oficial-de-idiomas-de-santa-pola-con-una-oferta-de-cuatro-lenguas\\\/#article\",\"isPartOf\":{\"@id\":\"https:\\\/\\\/santapola.es\\\/ca\\\/comienza-su-andadura-la-escuela-oficial-de-idiomas-de-santa-pola-con-una-oferta-de-cuatro-lenguas\\\/\"},\"author\":{\"name\":\"Jos\u00e9 Juan L\u00f3pez Lafuente\",\"@id\":\"https:\\\/\\\/santapola.es\\\/ca\\\/#\\\/schema\\\/person\\\/ad1d67403707b58350c7be5e8dbc442d\"},\"headline\":\"Comienza su andadura la Escuela Oficial de Idiomas de Santa Pola con una oferta de cuatro lenguas\",\"datePublished\":\"2023-09-25T12:39:46+00:00\",\"dateModified\":\"2024-03-07T17:41:52+00:00\",\"mainEntityOfPage\":{\"@id\":\"https:\\\/\\\/santapola.es\\\/ca\\\/comienza-su-andadura-la-escuela-oficial-de-idiomas-de-santa-pola-con-una-oferta-de-cuatro-lenguas\\\/\"},\"wordCount\":496,\"image\":{\"@id\":\"https:\\\/\\\/santapola.es\\\/ca\\\/comienza-su-andadura-la-escuela-oficial-de-idiomas-de-santa-pola-con-una-oferta-de-cuatro-lenguas\\\/#primaryimage\"},\"thumbnailUrl\":\"https:\\\/\\\/santapola.es\\\/wp-content\\\/uploads\\\/2023\\\/09\\\/2023-09-25-EOI-Santa-Pola-1.jpg\",\"keywords\":[\"Escuela Oficial de Idiomas\",\"Loreto Serrano\",\"\u00d3scar Valenzuela\"],\"articleSection\":[\"Educaci\u00f3n\",\"Inicio\"],\"inLanguage\":\"ca\"},{\"@type\":\"WebPage\",\"@id\":\"https:\\\/\\\/santapola.es\\\/ca\\\/comienza-su-andadura-la-escuela-oficial-de-idiomas-de-santa-pola-con-una-oferta-de-cuatro-lenguas\\\/\",\"url\":\"https:\\\/\\\/santapola.es\\\/ca\\\/comienza-su-andadura-la-escuela-oficial-de-idiomas-de-santa-pola-con-una-oferta-de-cuatro-lenguas\\\/\",\"name\":\"Comienza su andadura la Escuela Oficial de Idiomas de Santa Pola con una oferta de cuatro lenguas - Ajuntament de Santa Pola\",\"isPartOf\":{\"@id\":\"https:\\\/\\\/santapola.es\\\/ca\\\/#website\"},\"primaryImageOfPage\":{\"@id\":\"https:\\\/\\\/santapola.es\\\/ca\\\/comienza-su-andadura-la-escuela-oficial-de-idiomas-de-santa-pola-con-una-oferta-de-cuatro-lenguas\\\/#primaryimage\"},\"image\":{\"@id\":\"https:\\\/\\\/santapola.es\\\/ca\\\/comienza-su-andadura-la-escuela-oficial-de-idiomas-de-santa-pola-con-una-oferta-de-cuatro-lenguas\\\/#primaryimage\"},\"thumbnailUrl\":\"https:\\\/\\\/santapola.es\\\/wp-content\\\/uploads\\\/2023\\\/09\\\/2023-09-25-EOI-Santa-Pola-1.jpg\",\"datePublished\":\"2023-09-25T12:39:46+00:00\",\"dateModified\":\"2024-03-07T17:41:52+00:00\",\"author\":{\"@id\":\"https:\\\/\\\/santapola.es\\\/ca\\\/#\\\/schema\\\/person\\\/ad1d67403707b58350c7be5e8dbc442d\"},\"breadcrumb\":{\"@id\":\"https:\\\/\\\/santapola.es\\\/ca\\\/comienza-su-andadura-la-escuela-oficial-de-idiomas-de-santa-pola-con-una-oferta-de-cuatro-lenguas\\\/#breadcrumb\"},\"inLanguage\":\"ca\",\"potentialAction\":[{\"@type\":\"ReadAction\",\"target\":[\"https:\\\/\\\/santapola.es\\\/ca\\\/comienza-su-andadura-la-escuela-oficial-de-idiomas-de-santa-pola-con-una-oferta-de-cuatro-lenguas\\\/\"]}]},{\"@type\":\"ImageObject\",\"inLanguage\":\"ca\",\"@id\":\"https:\\\/\\\/santapola.es\\\/ca\\\/comienza-su-andadura-la-escuela-oficial-de-idiomas-de-santa-pola-con-una-oferta-de-cuatro-lenguas\\\/#primaryimage\",\"url\":\"https:\\\/\\\/santapola.es\\\/wp-content\\\/uploads\\\/2023\\\/09\\\/2023-09-25-EOI-Santa-Pola-1.jpg\",\"contentUrl\":\"https:\\\/\\\/santapola.es\\\/wp-content\\\/uploads\\\/2023\\\/09\\\/2023-09-25-EOI-Santa-Pola-1.jpg\",\"width\":1280,\"height\":720},{\"@type\":\"BreadcrumbList\",\"@id\":\"https:\\\/\\\/santapola.es\\\/ca\\\/comienza-su-andadura-la-escuela-oficial-de-idiomas-de-santa-pola-con-una-oferta-de-cuatro-lenguas\\\/#breadcrumb\",\"itemListElement\":[{\"@type\":\"ListItem\",\"position\":1,\"name\":\"Inici\",\"item\":\"https:\\\/\\\/santapola.es\\\/ca\\\/\"},{\"@type\":\"ListItem\",\"position\":2,\"name\":\"Comienza su andadura la Escuela Oficial de Idiomas de Santa Pola con una oferta de cuatro lenguas\"}]},{\"@type\":\"WebSite\",\"@id\":\"https:\\\/\\\/santapola.es\\\/ca\\\/#website\",\"url\":\"https:\\\/\\\/santapola.es\\\/ca\\\/\",\"name\":\"Ayuntamiento de Santa Pola\",\"description\":\"Web de l'Ajuntament de Santa Pola\",\"potentialAction\":[{\"@type\":\"SearchAction\",\"target\":{\"@type\":\"EntryPoint\",\"urlTemplate\":\"https:\\\/\\\/santapola.es\\\/ca\\\/?s={search_term_string}\"},\"query-input\":{\"@type\":\"PropertyValueSpecification\",\"valueRequired\":true,\"valueName\":\"search_term_string\"}}],\"inLanguage\":\"ca\"},{\"@type\":\"Person\",\"@id\":\"https:\\\/\\\/santapola.es\\\/ca\\\/#\\\/schema\\\/person\\\/ad1d67403707b58350c7be5e8dbc442d\",\"name\":\"Jos\u00e9 Juan L\u00f3pez Lafuente\"}]}<\/script>\n<!-- \/ Yoast SEO plugin. -->","yoast_head_json":{"title":"Comienza su andadura la Escuela Oficial de Idiomas de Santa Pola con una oferta de cuatro lenguas - Ajuntament de Santa Pola","robots":{"index":"index","follow":"follow","max-snippet":"max-snippet:-1","max-image-preview":"max-image-preview:large","max-video-preview":"max-video-preview:-1"},"canonical":"https:\/\/santapola.es\/ca\/comienza-su-andadura-la-escuela-oficial-de-idiomas-de-santa-pola-con-una-oferta-de-cuatro-lenguas\/","og_locale":"ca_ES","og_type":"article","og_title":"Comienza su andadura la Escuela Oficial de Idiomas de Santa Pola con una oferta de cuatro lenguas - Ajuntament de Santa Pola","og_description":"La Alcaldesa Loreto Serrano ha presidido esta ma\u00f1ana el arranque de la largamente esperada secci\u00f3n en Santa Pola de la Escuela Oficial de Idiomas de Elche, ubicada en el IES Cap de l\u2019Aljub y que ofrece formaci\u00f3n de ingl\u00e9s, franc\u00e9s, alem\u00e1n y valenciano. Era una reivindicaci\u00f3n hist\u00f3rica para Santa Pola contar con una secci\u00f3n de [&hellip;]","og_url":"https:\/\/santapola.es\/ca\/comienza-su-andadura-la-escuela-oficial-de-idiomas-de-santa-pola-con-una-oferta-de-cuatro-lenguas\/","og_site_name":"Ajuntament de Santa Pola","article_publisher":"https:\/\/www.facebook.com\/AyuntamientoSantaPola\/","article_published_time":"2023-09-25T12:39:46+00:00","article_modified_time":"2024-03-07T17:41:52+00:00","og_image":[{"width":1280,"height":720,"url":"https:\/\/santapola.es\/wp-content\/uploads\/2023\/09\/2023-09-25-EOI-Santa-Pola-1.jpg","type":"image\/jpeg"}],"author":"Jos\u00e9 Juan L\u00f3pez Lafuente","twitter_card":"summary_large_image","twitter_creator":"@SantaPolaAyunt","twitter_site":"@SantaPolaAyunt","schema":{"@context":"https:\/\/schema.org","@graph":[{"@type":"Article","@id":"https:\/\/santapola.es\/ca\/comienza-su-andadura-la-escuela-oficial-de-idiomas-de-santa-pola-con-una-oferta-de-cuatro-lenguas\/#article","isPartOf":{"@id":"https:\/\/santapola.es\/ca\/comienza-su-andadura-la-escuela-oficial-de-idiomas-de-santa-pola-con-una-oferta-de-cuatro-lenguas\/"},"author":{"name":"Jos\u00e9 Juan L\u00f3pez Lafuente","@id":"https:\/\/santapola.es\/ca\/#\/schema\/person\/ad1d67403707b58350c7be5e8dbc442d"},"headline":"Comienza su andadura la Escuela Oficial de Idiomas de Santa Pola con una oferta de cuatro lenguas","datePublished":"2023-09-25T12:39:46+00:00","dateModified":"2024-03-07T17:41:52+00:00","mainEntityOfPage":{"@id":"https:\/\/santapola.es\/ca\/comienza-su-andadura-la-escuela-oficial-de-idiomas-de-santa-pola-con-una-oferta-de-cuatro-lenguas\/"},"wordCount":496,"image":{"@id":"https:\/\/santapola.es\/ca\/comienza-su-andadura-la-escuela-oficial-de-idiomas-de-santa-pola-con-una-oferta-de-cuatro-lenguas\/#primaryimage"},"thumbnailUrl":"https:\/\/santapola.es\/wp-content\/uploads\/2023\/09\/2023-09-25-EOI-Santa-Pola-1.jpg","keywords":["Escuela Oficial de Idiomas","Loreto Serrano","\u00d3scar Valenzuela"],"articleSection":["Educaci\u00f3n","Inicio"],"inLanguage":"ca"},{"@type":"WebPage","@id":"https:\/\/santapola.es\/ca\/comienza-su-andadura-la-escuela-oficial-de-idiomas-de-santa-pola-con-una-oferta-de-cuatro-lenguas\/","url":"https:\/\/santapola.es\/ca\/comienza-su-andadura-la-escuela-oficial-de-idiomas-de-santa-pola-con-una-oferta-de-cuatro-lenguas\/","name":"Comienza su andadura la Escuela Oficial de Idiomas de Santa Pola con una oferta de cuatro lenguas - Ajuntament de Santa Pola","isPartOf":{"@id":"https:\/\/santapola.es\/ca\/#website"},"primaryImageOfPage":{"@id":"https:\/\/santapola.es\/ca\/comienza-su-andadura-la-escuela-oficial-de-idiomas-de-santa-pola-con-una-oferta-de-cuatro-lenguas\/#primaryimage"},"image":{"@id":"https:\/\/santapola.es\/ca\/comienza-su-andadura-la-escuela-oficial-de-idiomas-de-santa-pola-con-una-oferta-de-cuatro-lenguas\/#primaryimage"},"thumbnailUrl":"https:\/\/santapola.es\/wp-content\/uploads\/2023\/09\/2023-09-25-EOI-Santa-Pola-1.jpg","datePublished":"2023-09-25T12:39:46+00:00","dateModified":"2024-03-07T17:41:52+00:00","author":{"@id":"https:\/\/santapola.es\/ca\/#\/schema\/person\/ad1d67403707b58350c7be5e8dbc442d"},"breadcrumb":{"@id":"https:\/\/santapola.es\/ca\/comienza-su-andadura-la-escuela-oficial-de-idiomas-de-santa-pola-con-una-oferta-de-cuatro-lenguas\/#breadcrumb"},"inLanguage":"ca","potentialAction":[{"@type":"ReadAction","target":["https:\/\/santapola.es\/ca\/comienza-su-andadura-la-escuela-oficial-de-idiomas-de-santa-pola-con-una-oferta-de-cuatro-lenguas\/"]}]},{"@type":"ImageObject","inLanguage":"ca","@id":"https:\/\/santapola.es\/ca\/comienza-su-andadura-la-escuela-oficial-de-idiomas-de-santa-pola-con-una-oferta-de-cuatro-lenguas\/#primaryimage","url":"https:\/\/santapola.es\/wp-content\/uploads\/2023\/09\/2023-09-25-EOI-Santa-Pola-1.jpg","contentUrl":"https:\/\/santapola.es\/wp-content\/uploads\/2023\/09\/2023-09-25-EOI-Santa-Pola-1.jpg","width":1280,"height":720},{"@type":"BreadcrumbList","@id":"https:\/\/santapola.es\/ca\/comienza-su-andadura-la-escuela-oficial-de-idiomas-de-santa-pola-con-una-oferta-de-cuatro-lenguas\/#breadcrumb","itemListElement":[{"@type":"ListItem","position":1,"name":"Inici","item":"https:\/\/santapola.es\/ca\/"},{"@type":"ListItem","position":2,"name":"Comienza su andadura la Escuela Oficial de Idiomas de Santa Pola con una oferta de cuatro lenguas"}]},{"@type":"WebSite","@id":"https:\/\/santapola.es\/ca\/#website","url":"https:\/\/santapola.es\/ca\/","name":"Ayuntamiento de Santa Pola","description":"Web de l'Ajuntament de Santa Pola","potentialAction":[{"@type":"SearchAction","target":{"@type":"EntryPoint","urlTemplate":"https:\/\/santapola.es\/ca\/?s={search_term_string}"},"query-input":{"@type":"PropertyValueSpecification","valueRequired":true,"valueName":"search_term_string"}}],"inLanguage":"ca"},{"@type":"Person","@id":"https:\/\/santapola.es\/ca\/#\/schema\/person\/ad1d67403707b58350c7be5e8dbc442d","name":"Jos\u00e9 Juan L\u00f3pez Lafuente"}]}},"_links":{"self":[{"href":"https:\/\/santapola.es\/ca\/wp-json\/wp\/v2\/posts\/21528","targetHints":{"allow":["GET"]}}],"collection":[{"href":"https:\/\/santapola.es\/ca\/wp-json\/wp\/v2\/posts"}],"about":[{"href":"https:\/\/santapola.es\/ca\/wp-json\/wp\/v2\/types\/post"}],"author":[{"embeddable":true,"href":"https:\/\/santapola.es\/ca\/wp-json\/wp\/v2\/users\/96"}],"replies":[{"embeddable":true,"href":"https:\/\/santapola.es\/ca\/wp-json\/wp\/v2\/comments?post=21528"}],"version-history":[{"count":0,"href":"https:\/\/santapola.es\/ca\/wp-json\/wp\/v2\/posts\/21528\/revisions"}],"wp:featuredmedia":[{"embeddable":true,"href":"https:\/\/santapola.es\/ca\/wp-json\/wp\/v2\/media\/21523"}],"wp:attachment":[{"href":"https:\/\/santapola.es\/ca\/wp-json\/wp\/v2\/media?parent=21528"}],"wp:term":[{"taxonomy":"category","embeddable":true,"href":"https:\/\/santapola.es\/ca\/wp-json\/wp\/v2\/categories?post=21528"},{"taxonomy":"post_tag","embeddable":true,"href":"https:\/\/santapola.es\/ca\/wp-json\/wp\/v2\/tags?post=21528"}],"curies":[{"name":"wp","href":"https:\/\/api.w.org\/{rel}","templated":true}]}}