{"id":21484,"date":"2023-09-20T14:47:37","date_gmt":"2023-09-20T12:47:37","guid":{"rendered":"https:\/\/www.desarrollo.santapola.es\/?p=21484"},"modified":"2024-03-07T18:41:51","modified_gmt":"2024-03-07T17:41:51","slug":"la-nueva-red-de-autobus-elx-rodalia-mejora-las-comunicaciones-de-santa-pola-y-gran-alacant-con-elche","status":"publish","type":"post","link":"https:\/\/santapola.es\/ca\/la-nueva-red-de-autobus-elx-rodalia-mejora-las-comunicaciones-de-santa-pola-y-gran-alacant-con-elche\/","title":{"rendered":"La nueva red de autob\u00fas Elx-Rodal\u00eda mejora las comunicaciones de Santa Pola y Gran Alacant con Elche"},"content":{"rendered":"<p><strong>Vectalia opera desde hoy esta red metropolitana que conecta Elche con Alicante, Crevillent, Santa Pola y Gran Alacant a trav\u00e9s de 18 nuevos autobuses de bajas emisiones con capacidad para 80 personas, accesibilidad, wifi y cargadores a bordo. Ser\u00e1 la primera conexi\u00f3n directa entre Gran Alacant y el Hospital General de Elche.<\/strong><\/p>\n<p>La alcaldesa Loreto Serrano, junto a las concejalas Trini Ortiz y Encarni Ram\u00edrez, ha asistido esta ma\u00f1ana a la presentaci\u00f3n en Elche de la nueva red de autobuses \u201cElx Rodal\u00eda\u201d, acompa\u00f1ando a la consellera de Medio Ambiente, Agua, Infraestructuras y Territorio, Salom\u00e9 Pradas, y al alcalde de Elche Pablo Ruz.<\/p>\n<p>La consellera Pradas ha se\u00f1alado que el servicio p\u00fablico de transportes de viajeros en autob\u00fas Elx-Rodalia, que se ha puesto este mi\u00e9rcoles en marcha, es \u201cla primera red metropolitana de autobuses de bajas emisiones de la Comunitat Valenciana\u201d y un ejemplo m\u00e1s de c\u00f3mo en la Comunitat Valenciana \u201cestamos implementando soluciones de movilidad que conjugan la excelencia en el servicio con el respeto al medio ambiente\u201d.<\/p>\n<p>As\u00ed, la consellera ha explicado que \u201cesta apuesta de la Generalitat, gestionada por la empresa Vectalia, conecta la capital ilicitana y su parque empresarial con Crevillent, <strong>Santa Pola, Gran Alacant<\/strong> y Alicante con tres nuevas rutas, que se unen a las ya existentes, atendidas por una moderna flota de 18 autobuses de bajas emisiones, con capacidad para 80 personas, completamente accesible, as\u00ed como con wifi y cargadores a bordo\u201d.<\/p>\n<p>En este sentido, Salom\u00e9 Pradas ha a\u00f1adido que \u201cdebemos adaptarnos al cambio clim\u00e1tico y minimizar sus efectos mediante la descarbonizaci\u00f3n, pero ese proceso se ha de acometer con inteligencia y sensatez para que no afecte a nuestro desarrollo ni a nuestro modo de vida\u201d. Por ese motivo, ha continuado, \u201cla puesta en marcha de m\u00e9todos m\u00e1s eficientes y eficaces de transporte como \u00e9ste con poco impacto en el medio ambiente, pero asumibles es el camino correcto\u201d.<\/p>\n<p>Elx-Rodalia forma parte del proceso en el que est\u00e1 trabajando la Conselleria para \u201crenovar 38 concesiones de l\u00edneas de transporte regular de pasajeros que supondr\u00e1, cuando est\u00e9 concluido, una inversi\u00f3n de 400 millones de euros en 600 nuevos veh\u00edculos y sistemas de ayuda a la gesti\u00f3n\u201d ha recordado la consellera quien ha se\u00f1alado que cada vez que la administraci\u00f3n implementa una mejora en la movilidad de las personas en t\u00e9rminos de sostenibilidad y excelencia, \u201cadem\u00e1s de poner a disposici\u00f3n de la ciudadan\u00eda un mejor servicio, estamos creando oportunidades\u201d.<\/p>\n<p>Para Salom\u00e9 Pradas, \u201cde entre todas las funciones y tareas que tiene la Administraci\u00f3n, es precisamente la de crear oportunidades, la que considero la m\u00e1s importante y donde las pol\u00edticas de movilidad tienen un papel esencial y, por ello, el Consell que preside Carlos Maz\u00f3n apuesta por movilidad equilibrada que va mucho m\u00e1s all\u00e1 de la sostenibilidad y apuesta por la universalidad\u201d. La nueva red de Elx-Rodalia incrementa un 57 % el n\u00famero de expediciones respecto a la situaci\u00f3n existente hasta ahora y ofrece un servicio de transporte m\u00e1s r\u00e1pido, econ\u00f3mico, moderno y con mejores conexiones y frecuencias.<\/p>\n<p>Entre las novedades destacan la nueva l\u00ednea que une Alicante y Elche de forma expr\u00e9s y directa, con trayectos de 35 minutos. Tambi\u00e9n es novedad la l\u00ednea que conecta Crevillent y Alicante sin paradas, con un trayecto de 50 minutos, as\u00ed como<strong> la l\u00ednea entre Gran Alacant y Elche, que une esta zona con el Hospital General de Elche.<\/strong><\/p>\n<p>Estas nuevas l\u00edneas se unen a las ya existentes de Elche, Crevillent y Alicante; del Parque empresarial de Elche, Torrellano y Alicante; de Crevillent y Elche, y de Elche y Santa Pola.\u00a0 De la misma forma, el sistema de bonos y tarifas se ha renovado completamente con una mejora en los precios de los viajes que se adaptan a cada usuario y destino.<\/p>\n<p>M\u00e1s informaci\u00f3n sobre trayectos y horarios en <a href=\"https:\/\/elxrodalia.vectalia.es\/\" target=\"_blank\" rel=\"noopener\">https:\/\/elxrodalia.vectalia.es\/<\/a><\/p>\n","protected":false},"excerpt":{"rendered":"<p>Vectalia opera desde hoy esta red metropolitana que conecta Elche con Alicante, Crevillent, Santa Pola y Gran Alacant a trav\u00e9s de 18 nuevos autobuses de bajas emisiones con capacidad para 80 personas, accesibilidad, wifi y cargadores a bordo. Ser\u00e1 la primera conexi\u00f3n directa entre Gran Alacant y el Hospital General de Elche. La alcaldesa Loreto [&hellip;]<\/p>\n","protected":false},"author":96,"featured_media":21474,"comment_status":"closed","ping_status":"closed","sticky":false,"template":"","format":"standard","meta":{"_et_pb_use_builder":"","_et_pb_old_content":"","_et_gb_content_width":"","footnotes":""},"categories":[117,66,137],"tags":[231,232,141],"class_list":["post-21484","post","type-post","status-publish","format-standard","has-post-thumbnail","hentry","category-gran-alacant","category-inicio","category-movilidad","tag-autobus","tag-conselleria-de-infraestructuras","tag-loreto-serrano"],"yoast_head":"<!-- This site is optimized with the Yoast SEO plugin v27.4 - https:\/\/yoast.com\/product\/yoast-seo-wordpress\/ -->\n<title>La nueva red de autob\u00fas Elx-Rodal\u00eda mejora las comunicaciones de Santa Pola y Gran Alacant con Elche - Ajuntament de Santa Pola<\/title>\n<meta name=\"robots\" content=\"index, follow, max-snippet:-1, max-image-preview:large, max-video-preview:-1\" \/>\n<link rel=\"canonical\" href=\"https:\/\/santapola.es\/ca\/la-nueva-red-de-autobus-elx-rodalia-mejora-las-comunicaciones-de-santa-pola-y-gran-alacant-con-elche\/\" \/>\n<meta property=\"og:locale\" content=\"ca_ES\" \/>\n<meta property=\"og:type\" content=\"article\" \/>\n<meta property=\"og:title\" content=\"La nueva red de autob\u00fas Elx-Rodal\u00eda mejora las comunicaciones de Santa Pola y Gran Alacant con Elche - Ajuntament de Santa Pola\" \/>\n<meta property=\"og:description\" content=\"Vectalia opera desde hoy esta red metropolitana que conecta Elche con Alicante, Crevillent, Santa Pola y Gran Alacant a trav\u00e9s de 18 nuevos autobuses de bajas emisiones con capacidad para 80 personas, accesibilidad, wifi y cargadores a bordo. Ser\u00e1 la primera conexi\u00f3n directa entre Gran Alacant y el Hospital General de Elche. La alcaldesa Loreto [&hellip;]\" \/>\n<meta property=\"og:url\" content=\"https:\/\/santapola.es\/ca\/la-nueva-red-de-autobus-elx-rodalia-mejora-las-comunicaciones-de-santa-pola-y-gran-alacant-con-elche\/\" \/>\n<meta property=\"og:site_name\" content=\"Ajuntament de Santa Pola\" \/>\n<meta property=\"article:publisher\" content=\"https:\/\/www.facebook.com\/AyuntamientoSantaPola\/\" \/>\n<meta property=\"article:published_time\" content=\"2023-09-20T12:47:37+00:00\" \/>\n<meta property=\"article:modified_time\" content=\"2024-03-07T17:41:51+00:00\" \/>\n<meta property=\"og:image\" content=\"https:\/\/santapola.es\/wp-content\/uploads\/2023\/09\/230920-foto-Elx-Rodalies-2.jpg\" \/>\n\t<meta property=\"og:image:width\" content=\"1600\" \/>\n\t<meta property=\"og:image:height\" content=\"1200\" \/>\n\t<meta property=\"og:image:type\" content=\"image\/jpeg\" \/>\n<meta name=\"author\" content=\"Jos\u00e9 Juan L\u00f3pez Lafuente\" \/>\n<meta name=\"twitter:card\" content=\"summary_large_image\" \/>\n<meta name=\"twitter:creator\" content=\"@SantaPolaAyunt\" \/>\n<meta name=\"twitter:site\" content=\"@SantaPolaAyunt\" \/>\n<script type=\"application\/ld+json\" class=\"yoast-schema-graph\">{\"@context\":\"https:\\\/\\\/schema.org\",\"@graph\":[{\"@type\":\"Article\",\"@id\":\"https:\\\/\\\/santapola.es\\\/ca\\\/la-nueva-red-de-autobus-elx-rodalia-mejora-las-comunicaciones-de-santa-pola-y-gran-alacant-con-elche\\\/#article\",\"isPartOf\":{\"@id\":\"https:\\\/\\\/santapola.es\\\/ca\\\/la-nueva-red-de-autobus-elx-rodalia-mejora-las-comunicaciones-de-santa-pola-y-gran-alacant-con-elche\\\/\"},\"author\":{\"name\":\"Jos\u00e9 Juan L\u00f3pez Lafuente\",\"@id\":\"https:\\\/\\\/santapola.es\\\/ca\\\/#\\\/schema\\\/person\\\/ad1d67403707b58350c7be5e8dbc442d\"},\"headline\":\"La nueva red de autob\u00fas Elx-Rodal\u00eda mejora las comunicaciones de Santa Pola y Gran Alacant con Elche\",\"datePublished\":\"2023-09-20T12:47:37+00:00\",\"dateModified\":\"2024-03-07T17:41:51+00:00\",\"mainEntityOfPage\":{\"@id\":\"https:\\\/\\\/santapola.es\\\/ca\\\/la-nueva-red-de-autobus-elx-rodalia-mejora-las-comunicaciones-de-santa-pola-y-gran-alacant-con-elche\\\/\"},\"wordCount\":686,\"image\":{\"@id\":\"https:\\\/\\\/santapola.es\\\/ca\\\/la-nueva-red-de-autobus-elx-rodalia-mejora-las-comunicaciones-de-santa-pola-y-gran-alacant-con-elche\\\/#primaryimage\"},\"thumbnailUrl\":\"https:\\\/\\\/santapola.es\\\/wp-content\\\/uploads\\\/2023\\\/09\\\/230920-foto-Elx-Rodalies-2.jpg\",\"keywords\":[\"Autob\u00fas\",\"Conselleria de Infraestructuras\",\"Loreto Serrano\"],\"articleSection\":[\"Gran Alacant\",\"Inicio\",\"Movilidad\"],\"inLanguage\":\"ca\"},{\"@type\":\"WebPage\",\"@id\":\"https:\\\/\\\/santapola.es\\\/ca\\\/la-nueva-red-de-autobus-elx-rodalia-mejora-las-comunicaciones-de-santa-pola-y-gran-alacant-con-elche\\\/\",\"url\":\"https:\\\/\\\/santapola.es\\\/ca\\\/la-nueva-red-de-autobus-elx-rodalia-mejora-las-comunicaciones-de-santa-pola-y-gran-alacant-con-elche\\\/\",\"name\":\"La nueva red de autob\u00fas Elx-Rodal\u00eda mejora las comunicaciones de Santa Pola y Gran Alacant con Elche - Ajuntament de Santa Pola\",\"isPartOf\":{\"@id\":\"https:\\\/\\\/santapola.es\\\/ca\\\/#website\"},\"primaryImageOfPage\":{\"@id\":\"https:\\\/\\\/santapola.es\\\/ca\\\/la-nueva-red-de-autobus-elx-rodalia-mejora-las-comunicaciones-de-santa-pola-y-gran-alacant-con-elche\\\/#primaryimage\"},\"image\":{\"@id\":\"https:\\\/\\\/santapola.es\\\/ca\\\/la-nueva-red-de-autobus-elx-rodalia-mejora-las-comunicaciones-de-santa-pola-y-gran-alacant-con-elche\\\/#primaryimage\"},\"thumbnailUrl\":\"https:\\\/\\\/santapola.es\\\/wp-content\\\/uploads\\\/2023\\\/09\\\/230920-foto-Elx-Rodalies-2.jpg\",\"datePublished\":\"2023-09-20T12:47:37+00:00\",\"dateModified\":\"2024-03-07T17:41:51+00:00\",\"author\":{\"@id\":\"https:\\\/\\\/santapola.es\\\/ca\\\/#\\\/schema\\\/person\\\/ad1d67403707b58350c7be5e8dbc442d\"},\"breadcrumb\":{\"@id\":\"https:\\\/\\\/santapola.es\\\/ca\\\/la-nueva-red-de-autobus-elx-rodalia-mejora-las-comunicaciones-de-santa-pola-y-gran-alacant-con-elche\\\/#breadcrumb\"},\"inLanguage\":\"ca\",\"potentialAction\":[{\"@type\":\"ReadAction\",\"target\":[\"https:\\\/\\\/santapola.es\\\/ca\\\/la-nueva-red-de-autobus-elx-rodalia-mejora-las-comunicaciones-de-santa-pola-y-gran-alacant-con-elche\\\/\"]}]},{\"@type\":\"ImageObject\",\"inLanguage\":\"ca\",\"@id\":\"https:\\\/\\\/santapola.es\\\/ca\\\/la-nueva-red-de-autobus-elx-rodalia-mejora-las-comunicaciones-de-santa-pola-y-gran-alacant-con-elche\\\/#primaryimage\",\"url\":\"https:\\\/\\\/santapola.es\\\/wp-content\\\/uploads\\\/2023\\\/09\\\/230920-foto-Elx-Rodalies-2.jpg\",\"contentUrl\":\"https:\\\/\\\/santapola.es\\\/wp-content\\\/uploads\\\/2023\\\/09\\\/230920-foto-Elx-Rodalies-2.jpg\",\"width\":1600,\"height\":1200},{\"@type\":\"BreadcrumbList\",\"@id\":\"https:\\\/\\\/santapola.es\\\/ca\\\/la-nueva-red-de-autobus-elx-rodalia-mejora-las-comunicaciones-de-santa-pola-y-gran-alacant-con-elche\\\/#breadcrumb\",\"itemListElement\":[{\"@type\":\"ListItem\",\"position\":1,\"name\":\"Inici\",\"item\":\"https:\\\/\\\/santapola.es\\\/ca\\\/\"},{\"@type\":\"ListItem\",\"position\":2,\"name\":\"La nueva red de autob\u00fas Elx-Rodal\u00eda mejora las comunicaciones de Santa Pola y Gran Alacant con Elche\"}]},{\"@type\":\"WebSite\",\"@id\":\"https:\\\/\\\/santapola.es\\\/ca\\\/#website\",\"url\":\"https:\\\/\\\/santapola.es\\\/ca\\\/\",\"name\":\"Ayuntamiento de Santa Pola\",\"description\":\"Web de l'Ajuntament de Santa Pola\",\"potentialAction\":[{\"@type\":\"SearchAction\",\"target\":{\"@type\":\"EntryPoint\",\"urlTemplate\":\"https:\\\/\\\/santapola.es\\\/ca\\\/?s={search_term_string}\"},\"query-input\":{\"@type\":\"PropertyValueSpecification\",\"valueRequired\":true,\"valueName\":\"search_term_string\"}}],\"inLanguage\":\"ca\"},{\"@type\":\"Person\",\"@id\":\"https:\\\/\\\/santapola.es\\\/ca\\\/#\\\/schema\\\/person\\\/ad1d67403707b58350c7be5e8dbc442d\",\"name\":\"Jos\u00e9 Juan L\u00f3pez Lafuente\"}]}<\/script>\n<!-- \/ Yoast SEO plugin. -->","yoast_head_json":{"title":"La nueva red de autob\u00fas Elx-Rodal\u00eda mejora las comunicaciones de Santa Pola y Gran Alacant con Elche - Ajuntament de Santa Pola","robots":{"index":"index","follow":"follow","max-snippet":"max-snippet:-1","max-image-preview":"max-image-preview:large","max-video-preview":"max-video-preview:-1"},"canonical":"https:\/\/santapola.es\/ca\/la-nueva-red-de-autobus-elx-rodalia-mejora-las-comunicaciones-de-santa-pola-y-gran-alacant-con-elche\/","og_locale":"ca_ES","og_type":"article","og_title":"La nueva red de autob\u00fas Elx-Rodal\u00eda mejora las comunicaciones de Santa Pola y Gran Alacant con Elche - Ajuntament de Santa Pola","og_description":"Vectalia opera desde hoy esta red metropolitana que conecta Elche con Alicante, Crevillent, Santa Pola y Gran Alacant a trav\u00e9s de 18 nuevos autobuses de bajas emisiones con capacidad para 80 personas, accesibilidad, wifi y cargadores a bordo. Ser\u00e1 la primera conexi\u00f3n directa entre Gran Alacant y el Hospital General de Elche. La alcaldesa Loreto [&hellip;]","og_url":"https:\/\/santapola.es\/ca\/la-nueva-red-de-autobus-elx-rodalia-mejora-las-comunicaciones-de-santa-pola-y-gran-alacant-con-elche\/","og_site_name":"Ajuntament de Santa Pola","article_publisher":"https:\/\/www.facebook.com\/AyuntamientoSantaPola\/","article_published_time":"2023-09-20T12:47:37+00:00","article_modified_time":"2024-03-07T17:41:51+00:00","og_image":[{"width":1600,"height":1200,"url":"https:\/\/santapola.es\/wp-content\/uploads\/2023\/09\/230920-foto-Elx-Rodalies-2.jpg","type":"image\/jpeg"}],"author":"Jos\u00e9 Juan L\u00f3pez Lafuente","twitter_card":"summary_large_image","twitter_creator":"@SantaPolaAyunt","twitter_site":"@SantaPolaAyunt","schema":{"@context":"https:\/\/schema.org","@graph":[{"@type":"Article","@id":"https:\/\/santapola.es\/ca\/la-nueva-red-de-autobus-elx-rodalia-mejora-las-comunicaciones-de-santa-pola-y-gran-alacant-con-elche\/#article","isPartOf":{"@id":"https:\/\/santapola.es\/ca\/la-nueva-red-de-autobus-elx-rodalia-mejora-las-comunicaciones-de-santa-pola-y-gran-alacant-con-elche\/"},"author":{"name":"Jos\u00e9 Juan L\u00f3pez Lafuente","@id":"https:\/\/santapola.es\/ca\/#\/schema\/person\/ad1d67403707b58350c7be5e8dbc442d"},"headline":"La nueva red de autob\u00fas Elx-Rodal\u00eda mejora las comunicaciones de Santa Pola y Gran Alacant con Elche","datePublished":"2023-09-20T12:47:37+00:00","dateModified":"2024-03-07T17:41:51+00:00","mainEntityOfPage":{"@id":"https:\/\/santapola.es\/ca\/la-nueva-red-de-autobus-elx-rodalia-mejora-las-comunicaciones-de-santa-pola-y-gran-alacant-con-elche\/"},"wordCount":686,"image":{"@id":"https:\/\/santapola.es\/ca\/la-nueva-red-de-autobus-elx-rodalia-mejora-las-comunicaciones-de-santa-pola-y-gran-alacant-con-elche\/#primaryimage"},"thumbnailUrl":"https:\/\/santapola.es\/wp-content\/uploads\/2023\/09\/230920-foto-Elx-Rodalies-2.jpg","keywords":["Autob\u00fas","Conselleria de Infraestructuras","Loreto Serrano"],"articleSection":["Gran Alacant","Inicio","Movilidad"],"inLanguage":"ca"},{"@type":"WebPage","@id":"https:\/\/santapola.es\/ca\/la-nueva-red-de-autobus-elx-rodalia-mejora-las-comunicaciones-de-santa-pola-y-gran-alacant-con-elche\/","url":"https:\/\/santapola.es\/ca\/la-nueva-red-de-autobus-elx-rodalia-mejora-las-comunicaciones-de-santa-pola-y-gran-alacant-con-elche\/","name":"La nueva red de autob\u00fas Elx-Rodal\u00eda mejora las comunicaciones de Santa Pola y Gran Alacant con Elche - Ajuntament de Santa Pola","isPartOf":{"@id":"https:\/\/santapola.es\/ca\/#website"},"primaryImageOfPage":{"@id":"https:\/\/santapola.es\/ca\/la-nueva-red-de-autobus-elx-rodalia-mejora-las-comunicaciones-de-santa-pola-y-gran-alacant-con-elche\/#primaryimage"},"image":{"@id":"https:\/\/santapola.es\/ca\/la-nueva-red-de-autobus-elx-rodalia-mejora-las-comunicaciones-de-santa-pola-y-gran-alacant-con-elche\/#primaryimage"},"thumbnailUrl":"https:\/\/santapola.es\/wp-content\/uploads\/2023\/09\/230920-foto-Elx-Rodalies-2.jpg","datePublished":"2023-09-20T12:47:37+00:00","dateModified":"2024-03-07T17:41:51+00:00","author":{"@id":"https:\/\/santapola.es\/ca\/#\/schema\/person\/ad1d67403707b58350c7be5e8dbc442d"},"breadcrumb":{"@id":"https:\/\/santapola.es\/ca\/la-nueva-red-de-autobus-elx-rodalia-mejora-las-comunicaciones-de-santa-pola-y-gran-alacant-con-elche\/#breadcrumb"},"inLanguage":"ca","potentialAction":[{"@type":"ReadAction","target":["https:\/\/santapola.es\/ca\/la-nueva-red-de-autobus-elx-rodalia-mejora-las-comunicaciones-de-santa-pola-y-gran-alacant-con-elche\/"]}]},{"@type":"ImageObject","inLanguage":"ca","@id":"https:\/\/santapola.es\/ca\/la-nueva-red-de-autobus-elx-rodalia-mejora-las-comunicaciones-de-santa-pola-y-gran-alacant-con-elche\/#primaryimage","url":"https:\/\/santapola.es\/wp-content\/uploads\/2023\/09\/230920-foto-Elx-Rodalies-2.jpg","contentUrl":"https:\/\/santapola.es\/wp-content\/uploads\/2023\/09\/230920-foto-Elx-Rodalies-2.jpg","width":1600,"height":1200},{"@type":"BreadcrumbList","@id":"https:\/\/santapola.es\/ca\/la-nueva-red-de-autobus-elx-rodalia-mejora-las-comunicaciones-de-santa-pola-y-gran-alacant-con-elche\/#breadcrumb","itemListElement":[{"@type":"ListItem","position":1,"name":"Inici","item":"https:\/\/santapola.es\/ca\/"},{"@type":"ListItem","position":2,"name":"La nueva red de autob\u00fas Elx-Rodal\u00eda mejora las comunicaciones de Santa Pola y Gran Alacant con Elche"}]},{"@type":"WebSite","@id":"https:\/\/santapola.es\/ca\/#website","url":"https:\/\/santapola.es\/ca\/","name":"Ayuntamiento de Santa Pola","description":"Web de l'Ajuntament de Santa Pola","potentialAction":[{"@type":"SearchAction","target":{"@type":"EntryPoint","urlTemplate":"https:\/\/santapola.es\/ca\/?s={search_term_string}"},"query-input":{"@type":"PropertyValueSpecification","valueRequired":true,"valueName":"search_term_string"}}],"inLanguage":"ca"},{"@type":"Person","@id":"https:\/\/santapola.es\/ca\/#\/schema\/person\/ad1d67403707b58350c7be5e8dbc442d","name":"Jos\u00e9 Juan L\u00f3pez Lafuente"}]}},"_links":{"self":[{"href":"https:\/\/santapola.es\/ca\/wp-json\/wp\/v2\/posts\/21484","targetHints":{"allow":["GET"]}}],"collection":[{"href":"https:\/\/santapola.es\/ca\/wp-json\/wp\/v2\/posts"}],"about":[{"href":"https:\/\/santapola.es\/ca\/wp-json\/wp\/v2\/types\/post"}],"author":[{"embeddable":true,"href":"https:\/\/santapola.es\/ca\/wp-json\/wp\/v2\/users\/96"}],"replies":[{"embeddable":true,"href":"https:\/\/santapola.es\/ca\/wp-json\/wp\/v2\/comments?post=21484"}],"version-history":[{"count":0,"href":"https:\/\/santapola.es\/ca\/wp-json\/wp\/v2\/posts\/21484\/revisions"}],"wp:featuredmedia":[{"embeddable":true,"href":"https:\/\/santapola.es\/ca\/wp-json\/wp\/v2\/media\/21474"}],"wp:attachment":[{"href":"https:\/\/santapola.es\/ca\/wp-json\/wp\/v2\/media?parent=21484"}],"wp:term":[{"taxonomy":"category","embeddable":true,"href":"https:\/\/santapola.es\/ca\/wp-json\/wp\/v2\/categories?post=21484"},{"taxonomy":"post_tag","embeddable":true,"href":"https:\/\/santapola.es\/ca\/wp-json\/wp\/v2\/tags?post=21484"}],"curies":[{"name":"wp","href":"https:\/\/api.w.org\/{rel}","templated":true}]}}