{"id":21465,"date":"2023-09-19T10:40:51","date_gmt":"2023-09-19T08:40:51","guid":{"rendered":"https:\/\/www.desarrollo.santapola.es\/?p=21465"},"modified":"2024-03-07T18:41:49","modified_gmt":"2024-03-07T17:41:49","slug":"el-juan-sebastian-de-elcano-visita-el-castillo-fortaleza-de-santa-pola","status":"publish","type":"post","link":"https:\/\/santapola.es\/ca\/el-juan-sebastian-de-elcano-visita-el-castillo-fortaleza-de-santa-pola\/","title":{"rendered":"El \u201cJuan Sebasti\u00e1n de Elcano\u201d visita el Castillo-Fortaleza de Santa Pola"},"content":{"rendered":"<p><strong>El Castillo-Fortaleza de Santa Pola acoger\u00e1 del 26 de septiembre al 8 de octubre una interesante exposici\u00f3n fotogr\u00e1fica sobre el Buque Escuela Juan Sebasti\u00e1n de Elcano, que presentar\u00e1 40 im\u00e1genes y documentos relacionados con la nave m\u00e1s emblem\u00e1tica de la Armada Espa\u00f1ola.<\/strong><\/p>\n<p>El pr\u00f3ximo martes 26 de septiembre, a las 20:00 horas, tendr\u00e1 lugar la inauguraci\u00f3n del evento en el Baluarte del Duque con la presencia de Jer\u00f3nimo Mart\u00ednez, Presidente de la Asociaci\u00f3n de Amigos del Buque Escuela Juan Sebasti\u00e1n de Elcano, y del Capit\u00e1n de Nav\u00edo Joaqu\u00edn Vegara Jim\u00e9nez, Comandante Naval de Alicante, que acompa\u00f1ar\u00e1n a la Alcaldesa Loreto Serrano y a una nutrida representaci\u00f3n de la corporaci\u00f3n municipal y las fuerzas vivas de la ciudad.<\/p>\n<p>Un total de 40 fotograf\u00edas y documentos relacionados con el Buque Escuela Juan Sebasti\u00e1n de Elcano forman parte de la exposici\u00f3n hist\u00f3rica itinerante promovida por la Asociaci\u00f3n de Amigos del buque-escuela espa\u00f1ol y cuyo comisario de la muestra es el periodista Jer\u00f3nimo Mart\u00ednez.<\/p>\n<p>La iniciativa comenz\u00f3 su itinerario en octubre de 2013 en el Casino de Murcia y, hasta el momento, ha sido contemplada en m\u00e1s de 30 recintos civiles y militares en distintos puntos de la geograf\u00eda nacional. El patrimonio fotogr\u00e1fico y documental procede de los archivos navales y aportaciones privadas que aparecen reflejadas en los cr\u00e9ditos de cada imagen.<\/p>\n<p>La cronolog\u00eda expositiva arranca en 1925 con el proyecto constructivo del velero en su primera versi\u00f3n de \u201cMinerva\u201d, sustituido posteriormente por \u201cElcano\u201d. En este a\u00f1o est\u00e1n fechados los planos de las cubiertas, cedidos por Luis Kielisch, nieto del proyectista del buque. En 1926 est\u00e1 fechado un importante documento elaborado por la Real Academia de la Historia, previa petici\u00f3n del entonces Ministro de Marina, que refleja el nombre correcto del barco al existir discrepancias acerca de la denominaci\u00f3n exacta. El dictamen acad\u00e9mico se\u00f1al\u00f3 que el nombre a utilizar en adelante ser\u00eda el de Juan Sebasti\u00e1n de Elcano.<\/p>\n<p>A\u00f1o 1927, botadura del nav\u00edo, a la que asisten el Rey Alfonso XIII y el naviero y constructor del barco, Horacio Echevarrieta. De ese mismo a\u00f1o tambi\u00e9n figura el primer mascar\u00f3n de proa, del bilba\u00edno Federico S\u00e1enz, y tambi\u00e9n en 1927 el Ministerio de Marina concede el numeral a\u00fan vigente, A-71. Un a\u00f1o despu\u00e9s, en 1928, tiene lugar el crucero inaugural de C\u00e1diz a M\u00e1laga, con la presencia a bordo del rey Alfonso XIII. En el mismo plano fotogr\u00e1fico destaca la presencia del primer jefe de m\u00e1quinas del \u201cElcano\u201d, el Capit\u00e1n Bartolom\u00e9 Tous, cuyo descendiente Javier Garc\u00eda Tous fue el cedente de la foto.<\/p>\n<p>1929, a\u00f1o de la primera vuelta al mundo que sirve para recalar, entre otros puertos, en La Habana. Tambi\u00e9n pueden ver otros lugares como La Valeta, Manila, Nueva York y la Academia Naval norteamericana de Ann\u00e1polis. En la d\u00e9cada de los cuarenta, concretamente 1943, la exposici\u00f3n cuenta con un plano alzado del barco. De ah\u00ed a 1956, \u00faltimo a\u00f1o donde embarc\u00f3 ganado vivo.<\/p>\n<p>Entrando en los 60 aparece el 38 crucero de instrucci\u00f3n coincidente con la promoci\u00f3n del que ser\u00eda Ajema entre 2004 y 2008, el Almirante General Sebastian Zaragoza Soto, quien siendo Teniente de Nav\u00edo en 1976 recal\u00f3 en Nueva York siendo testigo directo del paso por las desaparecidas Torres Gemelas.<\/p>\n<p>Llega 1992, un hito en la Armada al embarcar la primera mujer Guardiamarina, la hoy d\u00eda Capit\u00e1n de Nav\u00edo Ester Y\u00e1\u00f1ez.<\/p>\n<p>A\u00f1o 2018. Arsenal de La Carraca, lugar donde los reyes Juan Carlos I y Felipe VI asisten a bordo al izado del gallardete del V Centenario de la Vuelta al Mundo, con la presencia de un nutrido grupo de ex comandantes del buque, sin duda una foto para los anales de la historia. Esta imagen forma parte de otro n\u00facleo fotogr\u00e1fico situado en los cruceros 93 y 94, el primero al mando del Capit\u00e1n de Nav\u00edo Santiago de Colsa, con el \u201cElcano\u201d cruzando los Canales Patag\u00f3nicos, ubicados en la regi\u00f3n austral de Chile, mientras que el CN Manuel Garc\u00eda Ruiz es el protagonista del crucero 94, que finaliz\u00f3 entrando a vela en la Escuela Naval Militar.<\/p>\n<p>La exposici\u00f3n, que se podr\u00e1 visitar hasta el 8 de octubre, concluye con la parada naval presidida por Felipe VI en aguas de Rota y desembocadura del Guadalquivir, tambi\u00e9n relacionada con el V Centenario. Sin duda, dos im\u00e1genes espectaculares de un momento hist\u00f3rico.<\/p>\n","protected":false},"excerpt":{"rendered":"<p>El Castillo-Fortaleza de Santa Pola acoger\u00e1 del 26 de septiembre al 8 de octubre una interesante exposici\u00f3n fotogr\u00e1fica sobre el Buque Escuela Juan Sebasti\u00e1n de Elcano, que presentar\u00e1 40 im\u00e1genes y documentos relacionados con la nave m\u00e1s emblem\u00e1tica de la Armada Espa\u00f1ola. El pr\u00f3ximo martes 26 de septiembre, a las 20:00 horas, tendr\u00e1 lugar la [&hellip;]<\/p>\n","protected":false},"author":96,"featured_media":21475,"comment_status":"closed","ping_status":"closed","sticky":false,"template":"","format":"standard","meta":{"_et_pb_use_builder":"","_et_pb_old_content":"","_et_gb_content_width":"","footnotes":""},"categories":[96,66],"tags":[223,224,225,115],"class_list":["post-21465","post","type-post","status-publish","format-standard","has-post-thumbnail","hentry","category-cultura","category-inicio","tag-castillo-fortaleza","tag-exposicion","tag-juan-sebastian-de-elcano","tag-museo-del-mar"],"yoast_head":"<!-- This site is optimized with the Yoast SEO plugin v27.4 - https:\/\/yoast.com\/product\/yoast-seo-wordpress\/ -->\n<title>El \u201cJuan Sebasti\u00e1n de Elcano\u201d visita el Castillo-Fortaleza de Santa Pola - Ajuntament de Santa Pola<\/title>\n<meta name=\"robots\" content=\"index, follow, max-snippet:-1, max-image-preview:large, max-video-preview:-1\" \/>\n<link rel=\"canonical\" href=\"https:\/\/santapola.es\/ca\/el-juan-sebastian-de-elcano-visita-el-castillo-fortaleza-de-santa-pola\/\" \/>\n<meta property=\"og:locale\" content=\"ca_ES\" \/>\n<meta property=\"og:type\" content=\"article\" \/>\n<meta property=\"og:title\" content=\"El \u201cJuan Sebasti\u00e1n de Elcano\u201d visita el Castillo-Fortaleza de Santa Pola - Ajuntament de Santa Pola\" \/>\n<meta property=\"og:description\" content=\"El Castillo-Fortaleza de Santa Pola acoger\u00e1 del 26 de septiembre al 8 de octubre una interesante exposici\u00f3n fotogr\u00e1fica sobre el Buque Escuela Juan Sebasti\u00e1n de Elcano, que presentar\u00e1 40 im\u00e1genes y documentos relacionados con la nave m\u00e1s emblem\u00e1tica de la Armada Espa\u00f1ola. El pr\u00f3ximo martes 26 de septiembre, a las 20:00 horas, tendr\u00e1 lugar la [&hellip;]\" \/>\n<meta property=\"og:url\" content=\"https:\/\/santapola.es\/ca\/el-juan-sebastian-de-elcano-visita-el-castillo-fortaleza-de-santa-pola\/\" \/>\n<meta property=\"og:site_name\" content=\"Ajuntament de Santa Pola\" \/>\n<meta property=\"article:publisher\" content=\"https:\/\/www.facebook.com\/AyuntamientoSantaPola\/\" \/>\n<meta property=\"article:published_time\" content=\"2023-09-19T08:40:51+00:00\" \/>\n<meta property=\"article:modified_time\" content=\"2024-03-07T17:41:49+00:00\" \/>\n<meta property=\"og:image\" content=\"https:\/\/santapola.es\/wp-content\/uploads\/2023\/09\/banner_elcano_santapola.jpg\" \/>\n\t<meta property=\"og:image:width\" content=\"1080\" \/>\n\t<meta property=\"og:image:height\" content=\"1350\" \/>\n\t<meta property=\"og:image:type\" content=\"image\/jpeg\" \/>\n<meta name=\"author\" content=\"Jos\u00e9 Juan L\u00f3pez Lafuente\" \/>\n<meta name=\"twitter:card\" content=\"summary_large_image\" \/>\n<meta name=\"twitter:creator\" content=\"@SantaPolaAyunt\" \/>\n<meta name=\"twitter:site\" content=\"@SantaPolaAyunt\" \/>\n<script type=\"application\/ld+json\" class=\"yoast-schema-graph\">{\"@context\":\"https:\\\/\\\/schema.org\",\"@graph\":[{\"@type\":\"Article\",\"@id\":\"https:\\\/\\\/santapola.es\\\/ca\\\/el-juan-sebastian-de-elcano-visita-el-castillo-fortaleza-de-santa-pola\\\/#article\",\"isPartOf\":{\"@id\":\"https:\\\/\\\/santapola.es\\\/ca\\\/el-juan-sebastian-de-elcano-visita-el-castillo-fortaleza-de-santa-pola\\\/\"},\"author\":{\"name\":\"Jos\u00e9 Juan L\u00f3pez Lafuente\",\"@id\":\"https:\\\/\\\/santapola.es\\\/ca\\\/#\\\/schema\\\/person\\\/ad1d67403707b58350c7be5e8dbc442d\"},\"headline\":\"El \u201cJuan Sebasti\u00e1n de Elcano\u201d visita el Castillo-Fortaleza de Santa Pola\",\"datePublished\":\"2023-09-19T08:40:51+00:00\",\"dateModified\":\"2024-03-07T17:41:49+00:00\",\"mainEntityOfPage\":{\"@id\":\"https:\\\/\\\/santapola.es\\\/ca\\\/el-juan-sebastian-de-elcano-visita-el-castillo-fortaleza-de-santa-pola\\\/\"},\"wordCount\":781,\"image\":{\"@id\":\"https:\\\/\\\/santapola.es\\\/ca\\\/el-juan-sebastian-de-elcano-visita-el-castillo-fortaleza-de-santa-pola\\\/#primaryimage\"},\"thumbnailUrl\":\"https:\\\/\\\/santapola.es\\\/wp-content\\\/uploads\\\/2023\\\/09\\\/banner_elcano_santapola.jpg\",\"keywords\":[\"Castillo-Fortaleza\",\"Exposici\u00f3n\",\"Juan Sebasti\u00e1n de Elcano\",\"Museo del Mar\"],\"articleSection\":[\"Cultura\",\"Inicio\"],\"inLanguage\":\"ca\"},{\"@type\":\"WebPage\",\"@id\":\"https:\\\/\\\/santapola.es\\\/ca\\\/el-juan-sebastian-de-elcano-visita-el-castillo-fortaleza-de-santa-pola\\\/\",\"url\":\"https:\\\/\\\/santapola.es\\\/ca\\\/el-juan-sebastian-de-elcano-visita-el-castillo-fortaleza-de-santa-pola\\\/\",\"name\":\"El \u201cJuan Sebasti\u00e1n de Elcano\u201d visita el Castillo-Fortaleza de Santa Pola - Ajuntament de Santa Pola\",\"isPartOf\":{\"@id\":\"https:\\\/\\\/santapola.es\\\/ca\\\/#website\"},\"primaryImageOfPage\":{\"@id\":\"https:\\\/\\\/santapola.es\\\/ca\\\/el-juan-sebastian-de-elcano-visita-el-castillo-fortaleza-de-santa-pola\\\/#primaryimage\"},\"image\":{\"@id\":\"https:\\\/\\\/santapola.es\\\/ca\\\/el-juan-sebastian-de-elcano-visita-el-castillo-fortaleza-de-santa-pola\\\/#primaryimage\"},\"thumbnailUrl\":\"https:\\\/\\\/santapola.es\\\/wp-content\\\/uploads\\\/2023\\\/09\\\/banner_elcano_santapola.jpg\",\"datePublished\":\"2023-09-19T08:40:51+00:00\",\"dateModified\":\"2024-03-07T17:41:49+00:00\",\"author\":{\"@id\":\"https:\\\/\\\/santapola.es\\\/ca\\\/#\\\/schema\\\/person\\\/ad1d67403707b58350c7be5e8dbc442d\"},\"breadcrumb\":{\"@id\":\"https:\\\/\\\/santapola.es\\\/ca\\\/el-juan-sebastian-de-elcano-visita-el-castillo-fortaleza-de-santa-pola\\\/#breadcrumb\"},\"inLanguage\":\"ca\",\"potentialAction\":[{\"@type\":\"ReadAction\",\"target\":[\"https:\\\/\\\/santapola.es\\\/ca\\\/el-juan-sebastian-de-elcano-visita-el-castillo-fortaleza-de-santa-pola\\\/\"]}]},{\"@type\":\"ImageObject\",\"inLanguage\":\"ca\",\"@id\":\"https:\\\/\\\/santapola.es\\\/ca\\\/el-juan-sebastian-de-elcano-visita-el-castillo-fortaleza-de-santa-pola\\\/#primaryimage\",\"url\":\"https:\\\/\\\/santapola.es\\\/wp-content\\\/uploads\\\/2023\\\/09\\\/banner_elcano_santapola.jpg\",\"contentUrl\":\"https:\\\/\\\/santapola.es\\\/wp-content\\\/uploads\\\/2023\\\/09\\\/banner_elcano_santapola.jpg\",\"width\":1080,\"height\":1350},{\"@type\":\"BreadcrumbList\",\"@id\":\"https:\\\/\\\/santapola.es\\\/ca\\\/el-juan-sebastian-de-elcano-visita-el-castillo-fortaleza-de-santa-pola\\\/#breadcrumb\",\"itemListElement\":[{\"@type\":\"ListItem\",\"position\":1,\"name\":\"Inici\",\"item\":\"https:\\\/\\\/santapola.es\\\/ca\\\/\"},{\"@type\":\"ListItem\",\"position\":2,\"name\":\"El \u201cJuan Sebasti\u00e1n de Elcano\u201d visita el Castillo-Fortaleza de Santa Pola\"}]},{\"@type\":\"WebSite\",\"@id\":\"https:\\\/\\\/santapola.es\\\/ca\\\/#website\",\"url\":\"https:\\\/\\\/santapola.es\\\/ca\\\/\",\"name\":\"Ayuntamiento de Santa Pola\",\"description\":\"Web de l'Ajuntament de Santa Pola\",\"potentialAction\":[{\"@type\":\"SearchAction\",\"target\":{\"@type\":\"EntryPoint\",\"urlTemplate\":\"https:\\\/\\\/santapola.es\\\/ca\\\/?s={search_term_string}\"},\"query-input\":{\"@type\":\"PropertyValueSpecification\",\"valueRequired\":true,\"valueName\":\"search_term_string\"}}],\"inLanguage\":\"ca\"},{\"@type\":\"Person\",\"@id\":\"https:\\\/\\\/santapola.es\\\/ca\\\/#\\\/schema\\\/person\\\/ad1d67403707b58350c7be5e8dbc442d\",\"name\":\"Jos\u00e9 Juan L\u00f3pez Lafuente\"}]}<\/script>\n<!-- \/ Yoast SEO plugin. -->","yoast_head_json":{"title":"El \u201cJuan Sebasti\u00e1n de Elcano\u201d visita el Castillo-Fortaleza de Santa Pola - Ajuntament de Santa Pola","robots":{"index":"index","follow":"follow","max-snippet":"max-snippet:-1","max-image-preview":"max-image-preview:large","max-video-preview":"max-video-preview:-1"},"canonical":"https:\/\/santapola.es\/ca\/el-juan-sebastian-de-elcano-visita-el-castillo-fortaleza-de-santa-pola\/","og_locale":"ca_ES","og_type":"article","og_title":"El \u201cJuan Sebasti\u00e1n de Elcano\u201d visita el Castillo-Fortaleza de Santa Pola - Ajuntament de Santa Pola","og_description":"El Castillo-Fortaleza de Santa Pola acoger\u00e1 del 26 de septiembre al 8 de octubre una interesante exposici\u00f3n fotogr\u00e1fica sobre el Buque Escuela Juan Sebasti\u00e1n de Elcano, que presentar\u00e1 40 im\u00e1genes y documentos relacionados con la nave m\u00e1s emblem\u00e1tica de la Armada Espa\u00f1ola. El pr\u00f3ximo martes 26 de septiembre, a las 20:00 horas, tendr\u00e1 lugar la [&hellip;]","og_url":"https:\/\/santapola.es\/ca\/el-juan-sebastian-de-elcano-visita-el-castillo-fortaleza-de-santa-pola\/","og_site_name":"Ajuntament de Santa Pola","article_publisher":"https:\/\/www.facebook.com\/AyuntamientoSantaPola\/","article_published_time":"2023-09-19T08:40:51+00:00","article_modified_time":"2024-03-07T17:41:49+00:00","og_image":[{"width":1080,"height":1350,"url":"https:\/\/santapola.es\/wp-content\/uploads\/2023\/09\/banner_elcano_santapola.jpg","type":"image\/jpeg"}],"author":"Jos\u00e9 Juan L\u00f3pez Lafuente","twitter_card":"summary_large_image","twitter_creator":"@SantaPolaAyunt","twitter_site":"@SantaPolaAyunt","schema":{"@context":"https:\/\/schema.org","@graph":[{"@type":"Article","@id":"https:\/\/santapola.es\/ca\/el-juan-sebastian-de-elcano-visita-el-castillo-fortaleza-de-santa-pola\/#article","isPartOf":{"@id":"https:\/\/santapola.es\/ca\/el-juan-sebastian-de-elcano-visita-el-castillo-fortaleza-de-santa-pola\/"},"author":{"name":"Jos\u00e9 Juan L\u00f3pez Lafuente","@id":"https:\/\/santapola.es\/ca\/#\/schema\/person\/ad1d67403707b58350c7be5e8dbc442d"},"headline":"El \u201cJuan Sebasti\u00e1n de Elcano\u201d visita el Castillo-Fortaleza de Santa Pola","datePublished":"2023-09-19T08:40:51+00:00","dateModified":"2024-03-07T17:41:49+00:00","mainEntityOfPage":{"@id":"https:\/\/santapola.es\/ca\/el-juan-sebastian-de-elcano-visita-el-castillo-fortaleza-de-santa-pola\/"},"wordCount":781,"image":{"@id":"https:\/\/santapola.es\/ca\/el-juan-sebastian-de-elcano-visita-el-castillo-fortaleza-de-santa-pola\/#primaryimage"},"thumbnailUrl":"https:\/\/santapola.es\/wp-content\/uploads\/2023\/09\/banner_elcano_santapola.jpg","keywords":["Castillo-Fortaleza","Exposici\u00f3n","Juan Sebasti\u00e1n de Elcano","Museo del Mar"],"articleSection":["Cultura","Inicio"],"inLanguage":"ca"},{"@type":"WebPage","@id":"https:\/\/santapola.es\/ca\/el-juan-sebastian-de-elcano-visita-el-castillo-fortaleza-de-santa-pola\/","url":"https:\/\/santapola.es\/ca\/el-juan-sebastian-de-elcano-visita-el-castillo-fortaleza-de-santa-pola\/","name":"El \u201cJuan Sebasti\u00e1n de Elcano\u201d visita el Castillo-Fortaleza de Santa Pola - Ajuntament de Santa Pola","isPartOf":{"@id":"https:\/\/santapola.es\/ca\/#website"},"primaryImageOfPage":{"@id":"https:\/\/santapola.es\/ca\/el-juan-sebastian-de-elcano-visita-el-castillo-fortaleza-de-santa-pola\/#primaryimage"},"image":{"@id":"https:\/\/santapola.es\/ca\/el-juan-sebastian-de-elcano-visita-el-castillo-fortaleza-de-santa-pola\/#primaryimage"},"thumbnailUrl":"https:\/\/santapola.es\/wp-content\/uploads\/2023\/09\/banner_elcano_santapola.jpg","datePublished":"2023-09-19T08:40:51+00:00","dateModified":"2024-03-07T17:41:49+00:00","author":{"@id":"https:\/\/santapola.es\/ca\/#\/schema\/person\/ad1d67403707b58350c7be5e8dbc442d"},"breadcrumb":{"@id":"https:\/\/santapola.es\/ca\/el-juan-sebastian-de-elcano-visita-el-castillo-fortaleza-de-santa-pola\/#breadcrumb"},"inLanguage":"ca","potentialAction":[{"@type":"ReadAction","target":["https:\/\/santapola.es\/ca\/el-juan-sebastian-de-elcano-visita-el-castillo-fortaleza-de-santa-pola\/"]}]},{"@type":"ImageObject","inLanguage":"ca","@id":"https:\/\/santapola.es\/ca\/el-juan-sebastian-de-elcano-visita-el-castillo-fortaleza-de-santa-pola\/#primaryimage","url":"https:\/\/santapola.es\/wp-content\/uploads\/2023\/09\/banner_elcano_santapola.jpg","contentUrl":"https:\/\/santapola.es\/wp-content\/uploads\/2023\/09\/banner_elcano_santapola.jpg","width":1080,"height":1350},{"@type":"BreadcrumbList","@id":"https:\/\/santapola.es\/ca\/el-juan-sebastian-de-elcano-visita-el-castillo-fortaleza-de-santa-pola\/#breadcrumb","itemListElement":[{"@type":"ListItem","position":1,"name":"Inici","item":"https:\/\/santapola.es\/ca\/"},{"@type":"ListItem","position":2,"name":"El \u201cJuan Sebasti\u00e1n de Elcano\u201d visita el Castillo-Fortaleza de Santa Pola"}]},{"@type":"WebSite","@id":"https:\/\/santapola.es\/ca\/#website","url":"https:\/\/santapola.es\/ca\/","name":"Ayuntamiento de Santa Pola","description":"Web de l'Ajuntament de Santa Pola","potentialAction":[{"@type":"SearchAction","target":{"@type":"EntryPoint","urlTemplate":"https:\/\/santapola.es\/ca\/?s={search_term_string}"},"query-input":{"@type":"PropertyValueSpecification","valueRequired":true,"valueName":"search_term_string"}}],"inLanguage":"ca"},{"@type":"Person","@id":"https:\/\/santapola.es\/ca\/#\/schema\/person\/ad1d67403707b58350c7be5e8dbc442d","name":"Jos\u00e9 Juan L\u00f3pez Lafuente"}]}},"_links":{"self":[{"href":"https:\/\/santapola.es\/ca\/wp-json\/wp\/v2\/posts\/21465","targetHints":{"allow":["GET"]}}],"collection":[{"href":"https:\/\/santapola.es\/ca\/wp-json\/wp\/v2\/posts"}],"about":[{"href":"https:\/\/santapola.es\/ca\/wp-json\/wp\/v2\/types\/post"}],"author":[{"embeddable":true,"href":"https:\/\/santapola.es\/ca\/wp-json\/wp\/v2\/users\/96"}],"replies":[{"embeddable":true,"href":"https:\/\/santapola.es\/ca\/wp-json\/wp\/v2\/comments?post=21465"}],"version-history":[{"count":0,"href":"https:\/\/santapola.es\/ca\/wp-json\/wp\/v2\/posts\/21465\/revisions"}],"wp:featuredmedia":[{"embeddable":true,"href":"https:\/\/santapola.es\/ca\/wp-json\/wp\/v2\/media\/21475"}],"wp:attachment":[{"href":"https:\/\/santapola.es\/ca\/wp-json\/wp\/v2\/media?parent=21465"}],"wp:term":[{"taxonomy":"category","embeddable":true,"href":"https:\/\/santapola.es\/ca\/wp-json\/wp\/v2\/categories?post=21465"},{"taxonomy":"post_tag","embeddable":true,"href":"https:\/\/santapola.es\/ca\/wp-json\/wp\/v2\/tags?post=21465"}],"curies":[{"name":"wp","href":"https:\/\/api.w.org\/{rel}","templated":true}]}}