{"id":21341,"date":"2023-09-14T17:22:28","date_gmt":"2023-09-14T15:22:28","guid":{"rendered":"https:\/\/www.desarrollo.santapola.es\/?p=21341"},"modified":"2024-03-07T18:41:48","modified_gmt":"2024-03-07T17:41:48","slug":"el-inicio-del-curso-en-el-nuevo-instituto-de-gran-alacant-convierte-en-realidad-una-reivindicacion-historica","status":"publish","type":"post","link":"https:\/\/santapola.es\/ca\/el-inicio-del-curso-en-el-nuevo-instituto-de-gran-alacant-convierte-en-realidad-una-reivindicacion-historica\/","title":{"rendered":"El inicio del curso en el nuevo instituto de Gran Alacant convierte en realidad una reivindicaci\u00f3n hist\u00f3rica"},"content":{"rendered":"<p><strong>La alcaldesa Loreto Serrano y los concejales de Gran Alacant, \u00d3scar Valenzuela y Borja Merino, han visitado esta ma\u00f1ana las instalaciones provisionales del nuevo IES Gran Alacant en la avenida de Escandinavia, donde han comprobado junto al inspector educativo y el claustro de profesores que se ha convertido en realidad esta reivindicaci\u00f3n hist\u00f3rica de los vecinos del barrio.<\/strong><\/p>\n<p>13 aulas para 220 alumnos iniciales cuyo n\u00famero va creciendo, 3 sectores para los primeros niveles de Secundaria, aula de m\u00fasica, talleres de tecnolog\u00eda, biolog\u00eda e inform\u00e1tica, parada del bus escolar y uso compartido del polideportivo municipal, son las instalaciones que en un tiempo r\u00e9cord se han podido poner en marcha por primera vez en Gran Alacant, gracias a la implicaci\u00f3n de las distintas administraciones y el claustro de profesoras y profesores del nuevo instituto.<\/p>\n<p>La alcaldesa Loreto Serrano se mostr\u00f3 \u201cmuy satisfecha por la implicaci\u00f3n de la inspecci\u00f3n educativa y del equipo de profesorado para que todo funcione bien, os doy a todos las gracias. Hemos luchado mucho para que esto sea una realidad y es para m\u00ed una gran satisfacci\u00f3n como alcaldesa poder comprobar el desarrollo del inicio del curso en el instituto de Gran Alacant\u201d<\/p>\n<p>El inspector educativo David Vento declar\u00f3 que \u201cdesde el primer momento la relaci\u00f3n con el Ayuntamiento de Santa Pola es un ejemplo fant\u00e1stico de colaboraci\u00f3n entre administraciones. Hemos ido creando esto desde el principio, valorando qu\u00e9 era lo mejor para Santa Pola. Naci\u00f3 como una secci\u00f3n pero valoramos que tuviera entidad propia como instituto, eso le da un arranque mucho m\u00e1s potente.<\/p>\n<p>Hemos iniciado esta andadura con tres niveles de la ESO, un primero mucho m\u00e1s amplio y 2\u00ba y 3\u00ba con el alumnado que ya estaba en el IES Santa Pola y en el IES Cap de L\u2019Aljub que voluntariamente han querido venir por proximidad, y de cara al curso que viene ya est\u00e1 previsto una ampliaci\u00f3n para incluir el resto de niveles.<\/p>\n<p>Han estado trabajando todo el mes de agosto y hasta ahora incluso por la noche, se ha hecho con tanta ilusi\u00f3n que est\u00e1 funcionando a las mil maravillas y este centro va a ser un referente en toda la Comunidad Valenciana. Aqu\u00ed voy a estar como inspector en esta nueva etapa y, a partir del lunes, empieza tambi\u00e9n a funcionar el transporte escolar\u201d.<\/p>\n<p>El director del centro, Pedro Amores, explic\u00f3 que \u201cpara el claustro de profesoras y profesores esto se resume en dos palabras: ilusi\u00f3n e implicaci\u00f3n. Porque es un proyecto vital de la comunidad educativa, del vecindario de Gran Alacant, algo que se ven\u00eda buscando durante mucho tiempo, que alguno de nosotros hemos sufrido en nuestras propias carnes y es algo que va mucho m\u00e1s all\u00e1 del desarrollo de un trabajo, un proyecto vital que tiene que responder a las necesidades espec\u00edficas de la gente que vive aqu\u00ed, y nosotros somos parte de la gente de aqu\u00ed.<\/p>\n<p>No es nada f\u00e1cil que todo el mundo est\u00e9 arrimando el hombro a una y hemos tenido suerte de contar con este grado de implicaci\u00f3n del claustro. Queremos dar las gracias al Ayuntamiento de Santa Pola porque nos ha facilitado much\u00edsimo todo, todas las peticiones de las familias se pueden estar afrontando gracias a su grado de implicaci\u00f3n permanente. Tambi\u00e9n ese flujo de informaci\u00f3n y predisposici\u00f3n que nos permiten la inspecci\u00f3n educativa y la Conseller\u00eda, sin todas estas patas el proyecto no habr\u00eda salido adelante as\u00ed\u201d.<\/p>\n<p>Por \u00faltimo, el concejal de Educaci\u00f3n y Gran Alacant, \u00d3scar Valenzuela, manifest\u00f3 quiso resaltar que \u201ceste proyecto va en paralelo con la construcci\u00f3n del instituto definitivo de Gran Alacant, que ser\u00e1 de Bachillerato y de Formaci\u00f3n Profesional, y mientras tanto estaremos con este instituto modular con una previsi\u00f3n de entre 4 y 5 a\u00f1os.<\/p>\n<p>Tambi\u00e9n quiero a\u00f1adir que esa coordinaci\u00f3n se ha notado con las instalaciones deportivas municipales, estos ni\u00f1os van a tener a su disposici\u00f3n el polideportivo completo, unas instalaciones que no existen en otro lugar a nivel provincial y todo se ha hecho conjuntamente entre las concejal\u00edas de Educaci\u00f3n, Gran Alacant y Deportes\u201d.<\/p>\n","protected":false},"excerpt":{"rendered":"<p>La alcaldesa Loreto Serrano y los concejales de Gran Alacant, \u00d3scar Valenzuela y Borja Merino, han visitado esta ma\u00f1ana las instalaciones provisionales del nuevo IES Gran Alacant en la avenida de Escandinavia, donde han comprobado junto al inspector educativo y el claustro de profesores que se ha convertido en realidad esta reivindicaci\u00f3n hist\u00f3rica de los [&hellip;]<\/p>\n","protected":false},"author":96,"featured_media":21322,"comment_status":"closed","ping_status":"closed","sticky":false,"template":"","format":"standard","meta":{"_et_pb_use_builder":"","_et_pb_old_content":"","_et_gb_content_width":"","footnotes":""},"categories":[116,117,66],"tags":[147,141,148],"class_list":["post-21341","post","type-post","status-publish","format-standard","has-post-thumbnail","hentry","category-educacion","category-gran-alacant","category-inicio","tag-borja-merino","tag-loreto-serrano","tag-oscar-valenzuela"],"yoast_head":"<!-- This site is optimized with the Yoast SEO plugin v27.4 - https:\/\/yoast.com\/product\/yoast-seo-wordpress\/ -->\n<title>El inicio del curso en el nuevo instituto de Gran Alacant convierte en realidad una reivindicaci\u00f3n hist\u00f3rica - Ajuntament de Santa Pola<\/title>\n<meta name=\"robots\" content=\"index, follow, max-snippet:-1, max-image-preview:large, max-video-preview:-1\" \/>\n<link rel=\"canonical\" href=\"https:\/\/santapola.es\/ca\/el-inicio-del-curso-en-el-nuevo-instituto-de-gran-alacant-convierte-en-realidad-una-reivindicacion-historica\/\" \/>\n<meta property=\"og:locale\" content=\"ca_ES\" \/>\n<meta property=\"og:type\" content=\"article\" \/>\n<meta property=\"og:title\" content=\"El inicio del curso en el nuevo instituto de Gran Alacant convierte en realidad una reivindicaci\u00f3n hist\u00f3rica - Ajuntament de Santa Pola\" \/>\n<meta property=\"og:description\" content=\"La alcaldesa Loreto Serrano y los concejales de Gran Alacant, \u00d3scar Valenzuela y Borja Merino, han visitado esta ma\u00f1ana las instalaciones provisionales del nuevo IES Gran Alacant en la avenida de Escandinavia, donde han comprobado junto al inspector educativo y el claustro de profesores que se ha convertido en realidad esta reivindicaci\u00f3n hist\u00f3rica de los [&hellip;]\" \/>\n<meta property=\"og:url\" content=\"https:\/\/santapola.es\/ca\/el-inicio-del-curso-en-el-nuevo-instituto-de-gran-alacant-convierte-en-realidad-una-reivindicacion-historica\/\" \/>\n<meta property=\"og:site_name\" content=\"Ajuntament de Santa Pola\" \/>\n<meta property=\"article:publisher\" content=\"https:\/\/www.facebook.com\/AyuntamientoSantaPola\/\" \/>\n<meta property=\"article:published_time\" content=\"2023-09-14T15:22:28+00:00\" \/>\n<meta property=\"article:modified_time\" content=\"2024-03-07T17:41:48+00:00\" \/>\n<meta property=\"og:image\" content=\"https:\/\/santapola.es\/wp-content\/uploads\/2023\/09\/2023-09-14-visita-IES-Gran-Alacant.jpeg\" \/>\n\t<meta property=\"og:image:width\" content=\"1624\" \/>\n\t<meta property=\"og:image:height\" content=\"921\" \/>\n\t<meta property=\"og:image:type\" content=\"image\/jpeg\" \/>\n<meta name=\"author\" content=\"Jos\u00e9 Juan L\u00f3pez Lafuente\" \/>\n<meta name=\"twitter:card\" content=\"summary_large_image\" \/>\n<meta name=\"twitter:creator\" content=\"@SantaPolaAyunt\" \/>\n<meta name=\"twitter:site\" content=\"@SantaPolaAyunt\" \/>\n<script type=\"application\/ld+json\" class=\"yoast-schema-graph\">{\"@context\":\"https:\\\/\\\/schema.org\",\"@graph\":[{\"@type\":\"Article\",\"@id\":\"https:\\\/\\\/santapola.es\\\/ca\\\/el-inicio-del-curso-en-el-nuevo-instituto-de-gran-alacant-convierte-en-realidad-una-reivindicacion-historica\\\/#article\",\"isPartOf\":{\"@id\":\"https:\\\/\\\/santapola.es\\\/ca\\\/el-inicio-del-curso-en-el-nuevo-instituto-de-gran-alacant-convierte-en-realidad-una-reivindicacion-historica\\\/\"},\"author\":{\"name\":\"Jos\u00e9 Juan L\u00f3pez Lafuente\",\"@id\":\"https:\\\/\\\/santapola.es\\\/ca\\\/#\\\/schema\\\/person\\\/ad1d67403707b58350c7be5e8dbc442d\"},\"headline\":\"El inicio del curso en el nuevo instituto de Gran Alacant convierte en realidad una reivindicaci\u00f3n hist\u00f3rica\",\"datePublished\":\"2023-09-14T15:22:28+00:00\",\"dateModified\":\"2024-03-07T17:41:48+00:00\",\"mainEntityOfPage\":{\"@id\":\"https:\\\/\\\/santapola.es\\\/ca\\\/el-inicio-del-curso-en-el-nuevo-instituto-de-gran-alacant-convierte-en-realidad-una-reivindicacion-historica\\\/\"},\"wordCount\":731,\"image\":{\"@id\":\"https:\\\/\\\/santapola.es\\\/ca\\\/el-inicio-del-curso-en-el-nuevo-instituto-de-gran-alacant-convierte-en-realidad-una-reivindicacion-historica\\\/#primaryimage\"},\"thumbnailUrl\":\"https:\\\/\\\/santapola.es\\\/wp-content\\\/uploads\\\/2023\\\/09\\\/2023-09-14-visita-IES-Gran-Alacant.jpeg\",\"keywords\":[\"Borja Merino\",\"Loreto Serrano\",\"\u00d3scar Valenzuela\"],\"articleSection\":[\"Educaci\u00f3n\",\"Gran Alacant\",\"Inicio\"],\"inLanguage\":\"ca\"},{\"@type\":\"WebPage\",\"@id\":\"https:\\\/\\\/santapola.es\\\/ca\\\/el-inicio-del-curso-en-el-nuevo-instituto-de-gran-alacant-convierte-en-realidad-una-reivindicacion-historica\\\/\",\"url\":\"https:\\\/\\\/santapola.es\\\/ca\\\/el-inicio-del-curso-en-el-nuevo-instituto-de-gran-alacant-convierte-en-realidad-una-reivindicacion-historica\\\/\",\"name\":\"El inicio del curso en el nuevo instituto de Gran Alacant convierte en realidad una reivindicaci\u00f3n hist\u00f3rica - Ajuntament de Santa Pola\",\"isPartOf\":{\"@id\":\"https:\\\/\\\/santapola.es\\\/ca\\\/#website\"},\"primaryImageOfPage\":{\"@id\":\"https:\\\/\\\/santapola.es\\\/ca\\\/el-inicio-del-curso-en-el-nuevo-instituto-de-gran-alacant-convierte-en-realidad-una-reivindicacion-historica\\\/#primaryimage\"},\"image\":{\"@id\":\"https:\\\/\\\/santapola.es\\\/ca\\\/el-inicio-del-curso-en-el-nuevo-instituto-de-gran-alacant-convierte-en-realidad-una-reivindicacion-historica\\\/#primaryimage\"},\"thumbnailUrl\":\"https:\\\/\\\/santapola.es\\\/wp-content\\\/uploads\\\/2023\\\/09\\\/2023-09-14-visita-IES-Gran-Alacant.jpeg\",\"datePublished\":\"2023-09-14T15:22:28+00:00\",\"dateModified\":\"2024-03-07T17:41:48+00:00\",\"author\":{\"@id\":\"https:\\\/\\\/santapola.es\\\/ca\\\/#\\\/schema\\\/person\\\/ad1d67403707b58350c7be5e8dbc442d\"},\"breadcrumb\":{\"@id\":\"https:\\\/\\\/santapola.es\\\/ca\\\/el-inicio-del-curso-en-el-nuevo-instituto-de-gran-alacant-convierte-en-realidad-una-reivindicacion-historica\\\/#breadcrumb\"},\"inLanguage\":\"ca\",\"potentialAction\":[{\"@type\":\"ReadAction\",\"target\":[\"https:\\\/\\\/santapola.es\\\/ca\\\/el-inicio-del-curso-en-el-nuevo-instituto-de-gran-alacant-convierte-en-realidad-una-reivindicacion-historica\\\/\"]}]},{\"@type\":\"ImageObject\",\"inLanguage\":\"ca\",\"@id\":\"https:\\\/\\\/santapola.es\\\/ca\\\/el-inicio-del-curso-en-el-nuevo-instituto-de-gran-alacant-convierte-en-realidad-una-reivindicacion-historica\\\/#primaryimage\",\"url\":\"https:\\\/\\\/santapola.es\\\/wp-content\\\/uploads\\\/2023\\\/09\\\/2023-09-14-visita-IES-Gran-Alacant.jpeg\",\"contentUrl\":\"https:\\\/\\\/santapola.es\\\/wp-content\\\/uploads\\\/2023\\\/09\\\/2023-09-14-visita-IES-Gran-Alacant.jpeg\",\"width\":1624,\"height\":921},{\"@type\":\"BreadcrumbList\",\"@id\":\"https:\\\/\\\/santapola.es\\\/ca\\\/el-inicio-del-curso-en-el-nuevo-instituto-de-gran-alacant-convierte-en-realidad-una-reivindicacion-historica\\\/#breadcrumb\",\"itemListElement\":[{\"@type\":\"ListItem\",\"position\":1,\"name\":\"Inici\",\"item\":\"https:\\\/\\\/santapola.es\\\/ca\\\/\"},{\"@type\":\"ListItem\",\"position\":2,\"name\":\"El inicio del curso en el nuevo instituto de Gran Alacant convierte en realidad una reivindicaci\u00f3n hist\u00f3rica\"}]},{\"@type\":\"WebSite\",\"@id\":\"https:\\\/\\\/santapola.es\\\/ca\\\/#website\",\"url\":\"https:\\\/\\\/santapola.es\\\/ca\\\/\",\"name\":\"Ayuntamiento de Santa Pola\",\"description\":\"Web de l'Ajuntament de Santa Pola\",\"potentialAction\":[{\"@type\":\"SearchAction\",\"target\":{\"@type\":\"EntryPoint\",\"urlTemplate\":\"https:\\\/\\\/santapola.es\\\/ca\\\/?s={search_term_string}\"},\"query-input\":{\"@type\":\"PropertyValueSpecification\",\"valueRequired\":true,\"valueName\":\"search_term_string\"}}],\"inLanguage\":\"ca\"},{\"@type\":\"Person\",\"@id\":\"https:\\\/\\\/santapola.es\\\/ca\\\/#\\\/schema\\\/person\\\/ad1d67403707b58350c7be5e8dbc442d\",\"name\":\"Jos\u00e9 Juan L\u00f3pez Lafuente\"}]}<\/script>\n<!-- \/ Yoast SEO plugin. -->","yoast_head_json":{"title":"El inicio del curso en el nuevo instituto de Gran Alacant convierte en realidad una reivindicaci\u00f3n hist\u00f3rica - Ajuntament de Santa Pola","robots":{"index":"index","follow":"follow","max-snippet":"max-snippet:-1","max-image-preview":"max-image-preview:large","max-video-preview":"max-video-preview:-1"},"canonical":"https:\/\/santapola.es\/ca\/el-inicio-del-curso-en-el-nuevo-instituto-de-gran-alacant-convierte-en-realidad-una-reivindicacion-historica\/","og_locale":"ca_ES","og_type":"article","og_title":"El inicio del curso en el nuevo instituto de Gran Alacant convierte en realidad una reivindicaci\u00f3n hist\u00f3rica - Ajuntament de Santa Pola","og_description":"La alcaldesa Loreto Serrano y los concejales de Gran Alacant, \u00d3scar Valenzuela y Borja Merino, han visitado esta ma\u00f1ana las instalaciones provisionales del nuevo IES Gran Alacant en la avenida de Escandinavia, donde han comprobado junto al inspector educativo y el claustro de profesores que se ha convertido en realidad esta reivindicaci\u00f3n hist\u00f3rica de los [&hellip;]","og_url":"https:\/\/santapola.es\/ca\/el-inicio-del-curso-en-el-nuevo-instituto-de-gran-alacant-convierte-en-realidad-una-reivindicacion-historica\/","og_site_name":"Ajuntament de Santa Pola","article_publisher":"https:\/\/www.facebook.com\/AyuntamientoSantaPola\/","article_published_time":"2023-09-14T15:22:28+00:00","article_modified_time":"2024-03-07T17:41:48+00:00","og_image":[{"width":1624,"height":921,"url":"https:\/\/santapola.es\/wp-content\/uploads\/2023\/09\/2023-09-14-visita-IES-Gran-Alacant.jpeg","type":"image\/jpeg"}],"author":"Jos\u00e9 Juan L\u00f3pez Lafuente","twitter_card":"summary_large_image","twitter_creator":"@SantaPolaAyunt","twitter_site":"@SantaPolaAyunt","schema":{"@context":"https:\/\/schema.org","@graph":[{"@type":"Article","@id":"https:\/\/santapola.es\/ca\/el-inicio-del-curso-en-el-nuevo-instituto-de-gran-alacant-convierte-en-realidad-una-reivindicacion-historica\/#article","isPartOf":{"@id":"https:\/\/santapola.es\/ca\/el-inicio-del-curso-en-el-nuevo-instituto-de-gran-alacant-convierte-en-realidad-una-reivindicacion-historica\/"},"author":{"name":"Jos\u00e9 Juan L\u00f3pez Lafuente","@id":"https:\/\/santapola.es\/ca\/#\/schema\/person\/ad1d67403707b58350c7be5e8dbc442d"},"headline":"El inicio del curso en el nuevo instituto de Gran Alacant convierte en realidad una reivindicaci\u00f3n hist\u00f3rica","datePublished":"2023-09-14T15:22:28+00:00","dateModified":"2024-03-07T17:41:48+00:00","mainEntityOfPage":{"@id":"https:\/\/santapola.es\/ca\/el-inicio-del-curso-en-el-nuevo-instituto-de-gran-alacant-convierte-en-realidad-una-reivindicacion-historica\/"},"wordCount":731,"image":{"@id":"https:\/\/santapola.es\/ca\/el-inicio-del-curso-en-el-nuevo-instituto-de-gran-alacant-convierte-en-realidad-una-reivindicacion-historica\/#primaryimage"},"thumbnailUrl":"https:\/\/santapola.es\/wp-content\/uploads\/2023\/09\/2023-09-14-visita-IES-Gran-Alacant.jpeg","keywords":["Borja Merino","Loreto Serrano","\u00d3scar Valenzuela"],"articleSection":["Educaci\u00f3n","Gran Alacant","Inicio"],"inLanguage":"ca"},{"@type":"WebPage","@id":"https:\/\/santapola.es\/ca\/el-inicio-del-curso-en-el-nuevo-instituto-de-gran-alacant-convierte-en-realidad-una-reivindicacion-historica\/","url":"https:\/\/santapola.es\/ca\/el-inicio-del-curso-en-el-nuevo-instituto-de-gran-alacant-convierte-en-realidad-una-reivindicacion-historica\/","name":"El inicio del curso en el nuevo instituto de Gran Alacant convierte en realidad una reivindicaci\u00f3n hist\u00f3rica - Ajuntament de Santa Pola","isPartOf":{"@id":"https:\/\/santapola.es\/ca\/#website"},"primaryImageOfPage":{"@id":"https:\/\/santapola.es\/ca\/el-inicio-del-curso-en-el-nuevo-instituto-de-gran-alacant-convierte-en-realidad-una-reivindicacion-historica\/#primaryimage"},"image":{"@id":"https:\/\/santapola.es\/ca\/el-inicio-del-curso-en-el-nuevo-instituto-de-gran-alacant-convierte-en-realidad-una-reivindicacion-historica\/#primaryimage"},"thumbnailUrl":"https:\/\/santapola.es\/wp-content\/uploads\/2023\/09\/2023-09-14-visita-IES-Gran-Alacant.jpeg","datePublished":"2023-09-14T15:22:28+00:00","dateModified":"2024-03-07T17:41:48+00:00","author":{"@id":"https:\/\/santapola.es\/ca\/#\/schema\/person\/ad1d67403707b58350c7be5e8dbc442d"},"breadcrumb":{"@id":"https:\/\/santapola.es\/ca\/el-inicio-del-curso-en-el-nuevo-instituto-de-gran-alacant-convierte-en-realidad-una-reivindicacion-historica\/#breadcrumb"},"inLanguage":"ca","potentialAction":[{"@type":"ReadAction","target":["https:\/\/santapola.es\/ca\/el-inicio-del-curso-en-el-nuevo-instituto-de-gran-alacant-convierte-en-realidad-una-reivindicacion-historica\/"]}]},{"@type":"ImageObject","inLanguage":"ca","@id":"https:\/\/santapola.es\/ca\/el-inicio-del-curso-en-el-nuevo-instituto-de-gran-alacant-convierte-en-realidad-una-reivindicacion-historica\/#primaryimage","url":"https:\/\/santapola.es\/wp-content\/uploads\/2023\/09\/2023-09-14-visita-IES-Gran-Alacant.jpeg","contentUrl":"https:\/\/santapola.es\/wp-content\/uploads\/2023\/09\/2023-09-14-visita-IES-Gran-Alacant.jpeg","width":1624,"height":921},{"@type":"BreadcrumbList","@id":"https:\/\/santapola.es\/ca\/el-inicio-del-curso-en-el-nuevo-instituto-de-gran-alacant-convierte-en-realidad-una-reivindicacion-historica\/#breadcrumb","itemListElement":[{"@type":"ListItem","position":1,"name":"Inici","item":"https:\/\/santapola.es\/ca\/"},{"@type":"ListItem","position":2,"name":"El inicio del curso en el nuevo instituto de Gran Alacant convierte en realidad una reivindicaci\u00f3n hist\u00f3rica"}]},{"@type":"WebSite","@id":"https:\/\/santapola.es\/ca\/#website","url":"https:\/\/santapola.es\/ca\/","name":"Ayuntamiento de Santa Pola","description":"Web de l'Ajuntament de Santa Pola","potentialAction":[{"@type":"SearchAction","target":{"@type":"EntryPoint","urlTemplate":"https:\/\/santapola.es\/ca\/?s={search_term_string}"},"query-input":{"@type":"PropertyValueSpecification","valueRequired":true,"valueName":"search_term_string"}}],"inLanguage":"ca"},{"@type":"Person","@id":"https:\/\/santapola.es\/ca\/#\/schema\/person\/ad1d67403707b58350c7be5e8dbc442d","name":"Jos\u00e9 Juan L\u00f3pez Lafuente"}]}},"_links":{"self":[{"href":"https:\/\/santapola.es\/ca\/wp-json\/wp\/v2\/posts\/21341","targetHints":{"allow":["GET"]}}],"collection":[{"href":"https:\/\/santapola.es\/ca\/wp-json\/wp\/v2\/posts"}],"about":[{"href":"https:\/\/santapola.es\/ca\/wp-json\/wp\/v2\/types\/post"}],"author":[{"embeddable":true,"href":"https:\/\/santapola.es\/ca\/wp-json\/wp\/v2\/users\/96"}],"replies":[{"embeddable":true,"href":"https:\/\/santapola.es\/ca\/wp-json\/wp\/v2\/comments?post=21341"}],"version-history":[{"count":0,"href":"https:\/\/santapola.es\/ca\/wp-json\/wp\/v2\/posts\/21341\/revisions"}],"wp:featuredmedia":[{"embeddable":true,"href":"https:\/\/santapola.es\/ca\/wp-json\/wp\/v2\/media\/21322"}],"wp:attachment":[{"href":"https:\/\/santapola.es\/ca\/wp-json\/wp\/v2\/media?parent=21341"}],"wp:term":[{"taxonomy":"category","embeddable":true,"href":"https:\/\/santapola.es\/ca\/wp-json\/wp\/v2\/categories?post=21341"},{"taxonomy":"post_tag","embeddable":true,"href":"https:\/\/santapola.es\/ca\/wp-json\/wp\/v2\/tags?post=21341"}],"curies":[{"name":"wp","href":"https:\/\/api.w.org\/{rel}","templated":true}]}}