{"id":21337,"date":"2023-09-10T18:55:32","date_gmt":"2023-09-10T16:55:32","guid":{"rendered":"https:\/\/www.desarrollo.santapola.es\/?p=21337"},"modified":"2024-03-07T18:41:47","modified_gmt":"2024-03-07T17:41:47","slug":"el-restaurante-paco-baile-obtiene-en-sueca-el-galardon-a-la-mejor-paella-de-la-comunidad-valenciana","status":"publish","type":"post","link":"https:\/\/santapola.es\/ca\/el-restaurante-paco-baile-obtiene-en-sueca-el-galardon-a-la-mejor-paella-de-la-comunidad-valenciana\/","title":{"rendered":"El Restaurante Paco Baile obtiene en Sueca el galard\u00f3n a la Mejor Paella de la Comunidad Valenciana"},"content":{"rendered":"<p><strong>El chef santapolero Tiel Baile, del Restaurante Paco Baile, gana el premio a la Mejor Paella de la Comunidad Valenciana en la 62\u00aa edici\u00f3n del prestigioso Concurso Internacional de Paella Valenciana de Sueca.<\/strong><\/p>\n<p>El Concurso Internacional de Paella Valenciana de Sueca es el certamen gastron\u00f3mico de este tipo m\u00e1s antiguo de cuantos se celebran en Espa\u00f1a y en su edici\u00f3n n\u00famero 62 celebrada hoy ha contado con una amplia representaci\u00f3n de las y los mejores profesionales de la Comunidad Valenciana, de Espa\u00f1a y del resto del mundo.<\/p>\n<p>Este a\u00f1o han sido seleccionados 3 chefs locales de Sueca, 14 de la Comunidad Valenciana, 13 del resto de Espa\u00f1a y 15 internacionales de Per\u00fa, Canad\u00e1, Rep\u00fablica Checa, Ecuador, Corea, Suiza, Argentina, Australia, M\u00e9xico, Costa Rica, Jap\u00f3n, Puerto Rico, Italia, Gran Breta\u00f1a y Andorra.<\/p>\n<p>Entre el elenco de estos 45 participantes tuvimos el honor de contar con dos cocineros santapoleros: Javier S\u00e1nchez, del Restaurante Nueva Mandarina, y Antonio Daniel Baile Pascual, del Restaurante Paco Baile.<\/p>\n<p>Tras el veredicto del jurado, el premio a la mejor paella del mundo ha sido para el Restaurante Sequial 20 de Sueca, el segundo para el Restaurante Paella Guys &amp; Co. de Burnaby (Canad\u00e1) y el tercero para el Restaurante Bon Aire de El Palmar.<\/p>\n<p>Adem\u00e1s de este cuadro de honor, se entregan premios a la mejor paella valenciana local, auton\u00f3mica, nacional e internacional, y en esta ocasi\u00f3n el t\u00edtulo de la Comunidad Valenciana ha ido a parar al trabajo de Tiel Baile de Restaurante Paco Baile.<\/p>\n<p>Los concejales de Turismo, Borja Merino, y Comercio, Joaqu\u00edn Lozano, han formado la delegaci\u00f3n del Ayuntamiento de Santa Pola que ha acudido a Sueca para apoyar a los dos chefs santapoleros durante el concurso, destacando ya de por s\u00ed el logro que supone que Javier (asistido por Mar\u00eda Loreto Espinosa) y Tiel hayan sido seleccionados en una representaci\u00f3n tan selecta, adem\u00e1s coronado por el t\u00edtulo obtenido por el chef de Paco Baile.<\/p>\n<p><img loading=\"lazy\" decoding=\"async\" class=\"aligncenter size-large wp-image-21320\" src=\"https:\/\/santapola.es\/wp-content\/uploads\/2023\/09\/2023-09-10-Paco-Baile-1024x768.jpg\" alt=\"\" width=\"1024\" height=\"768\" srcset=\"https:\/\/santapola.es\/wp-content\/uploads\/2023\/09\/2023-09-10-Paco-Baile-1024x768.jpg 1024w, https:\/\/santapola.es\/wp-content\/uploads\/2023\/09\/2023-09-10-Paco-Baile-980x735.jpg 980w, https:\/\/santapola.es\/wp-content\/uploads\/2023\/09\/2023-09-10-Paco-Baile-480x360.jpg 480w\" sizes=\"(min-width: 0px) and (max-width: 480px) 480px, (min-width: 481px) and (max-width: 980px) 980px, (min-width: 981px) 1024px, 100vw\" \/><\/p>\n<p><img loading=\"lazy\" decoding=\"async\" class=\"aligncenter size-large wp-image-21319\" src=\"https:\/\/santapola.es\/wp-content\/uploads\/2023\/09\/2023-09-10-Nueva-Mandarina-1024x768.jpg\" alt=\"\" width=\"1024\" height=\"768\" srcset=\"https:\/\/santapola.es\/wp-content\/uploads\/2023\/09\/2023-09-10-Nueva-Mandarina-1024x768.jpg 1024w, https:\/\/santapola.es\/wp-content\/uploads\/2023\/09\/2023-09-10-Nueva-Mandarina-980x735.jpg 980w, https:\/\/santapola.es\/wp-content\/uploads\/2023\/09\/2023-09-10-Nueva-Mandarina-480x360.jpg 480w\" sizes=\"(min-width: 0px) and (max-width: 480px) 480px, (min-width: 481px) and (max-width: 980px) 980px, (min-width: 981px) 1024px, 100vw\" \/><\/p>\n<p><img loading=\"lazy\" decoding=\"async\" class=\"aligncenter size-large wp-image-21318\" src=\"https:\/\/santapola.es\/wp-content\/uploads\/2023\/09\/2023-09-10-grupo-1024x767.jpg\" alt=\"\" width=\"1024\" height=\"767\" srcset=\"https:\/\/santapola.es\/wp-content\/uploads\/2023\/09\/2023-09-10-grupo-1024x767.jpg 1024w, https:\/\/santapola.es\/wp-content\/uploads\/2023\/09\/2023-09-10-grupo-980x734.jpg 980w, https:\/\/santapola.es\/wp-content\/uploads\/2023\/09\/2023-09-10-grupo-480x360.jpg 480w\" sizes=\"(min-width: 0px) and (max-width: 480px) 480px, (min-width: 481px) and (max-width: 980px) 980px, (min-width: 981px) 1024px, 100vw\" \/><\/p>\n","protected":false},"excerpt":{"rendered":"<p>El chef santapolero Tiel Baile, del Restaurante Paco Baile, gana el premio a la Mejor Paella de la Comunidad Valenciana en la 62\u00aa edici\u00f3n del prestigioso Concurso Internacional de Paella Valenciana de Sueca. El Concurso Internacional de Paella Valenciana de Sueca es el certamen gastron\u00f3mico de este tipo m\u00e1s antiguo de cuantos se celebran en [&hellip;]<\/p>\n","protected":false},"author":96,"featured_media":21321,"comment_status":"closed","ping_status":"closed","sticky":false,"template":"","format":"standard","meta":{"_et_pb_use_builder":"","_et_pb_old_content":"","_et_gb_content_width":"","footnotes":""},"categories":[52,66,216],"tags":[147,131],"class_list":["post-21337","post","type-post","status-publish","format-standard","has-post-thumbnail","hentry","category-comercioconsumo","category-inicio","category-turismo","tag-borja-merino","tag-joaquin-lozano"],"yoast_head":"<!-- This site is optimized with the Yoast SEO plugin v27.4 - https:\/\/yoast.com\/product\/yoast-seo-wordpress\/ -->\n<title>El Restaurante Paco Baile obtiene en Sueca el galard\u00f3n a la Mejor Paella de la Comunidad Valenciana - Ajuntament de Santa Pola<\/title>\n<meta name=\"robots\" content=\"index, follow, max-snippet:-1, max-image-preview:large, max-video-preview:-1\" \/>\n<link rel=\"canonical\" href=\"https:\/\/santapola.es\/ca\/el-restaurante-paco-baile-obtiene-en-sueca-el-galardon-a-la-mejor-paella-de-la-comunidad-valenciana\/\" \/>\n<meta property=\"og:locale\" content=\"ca_ES\" \/>\n<meta property=\"og:type\" content=\"article\" \/>\n<meta property=\"og:title\" content=\"El Restaurante Paco Baile obtiene en Sueca el galard\u00f3n a la Mejor Paella de la Comunidad Valenciana - Ajuntament de Santa Pola\" \/>\n<meta property=\"og:description\" content=\"El chef santapolero Tiel Baile, del Restaurante Paco Baile, gana el premio a la Mejor Paella de la Comunidad Valenciana en la 62\u00aa edici\u00f3n del prestigioso Concurso Internacional de Paella Valenciana de Sueca. El Concurso Internacional de Paella Valenciana de Sueca es el certamen gastron\u00f3mico de este tipo m\u00e1s antiguo de cuantos se celebran en [&hellip;]\" \/>\n<meta property=\"og:url\" content=\"https:\/\/santapola.es\/ca\/el-restaurante-paco-baile-obtiene-en-sueca-el-galardon-a-la-mejor-paella-de-la-comunidad-valenciana\/\" \/>\n<meta property=\"og:site_name\" content=\"Ajuntament de Santa Pola\" \/>\n<meta property=\"article:publisher\" content=\"https:\/\/www.facebook.com\/AyuntamientoSantaPola\/\" \/>\n<meta property=\"article:published_time\" content=\"2023-09-10T16:55:32+00:00\" \/>\n<meta property=\"article:modified_time\" content=\"2024-03-07T17:41:47+00:00\" \/>\n<meta property=\"og:image\" content=\"https:\/\/santapola.es\/wp-content\/uploads\/2023\/09\/2023-09-10-premio.jpg\" \/>\n\t<meta property=\"og:image:width\" content=\"1280\" \/>\n\t<meta property=\"og:image:height\" content=\"960\" \/>\n\t<meta property=\"og:image:type\" content=\"image\/jpeg\" \/>\n<meta name=\"author\" content=\"Jos\u00e9 Juan L\u00f3pez Lafuente\" \/>\n<meta name=\"twitter:card\" content=\"summary_large_image\" \/>\n<meta name=\"twitter:creator\" content=\"@SantaPolaAyunt\" \/>\n<meta name=\"twitter:site\" content=\"@SantaPolaAyunt\" \/>\n<script type=\"application\/ld+json\" class=\"yoast-schema-graph\">{\"@context\":\"https:\\\/\\\/schema.org\",\"@graph\":[{\"@type\":\"Article\",\"@id\":\"https:\\\/\\\/santapola.es\\\/ca\\\/el-restaurante-paco-baile-obtiene-en-sueca-el-galardon-a-la-mejor-paella-de-la-comunidad-valenciana\\\/#article\",\"isPartOf\":{\"@id\":\"https:\\\/\\\/santapola.es\\\/ca\\\/el-restaurante-paco-baile-obtiene-en-sueca-el-galardon-a-la-mejor-paella-de-la-comunidad-valenciana\\\/\"},\"author\":{\"name\":\"Jos\u00e9 Juan L\u00f3pez Lafuente\",\"@id\":\"https:\\\/\\\/santapola.es\\\/ca\\\/#\\\/schema\\\/person\\\/ad1d67403707b58350c7be5e8dbc442d\"},\"headline\":\"El Restaurante Paco Baile obtiene en Sueca el galard\u00f3n a la Mejor Paella de la Comunidad Valenciana\",\"datePublished\":\"2023-09-10T16:55:32+00:00\",\"dateModified\":\"2024-03-07T17:41:47+00:00\",\"mainEntityOfPage\":{\"@id\":\"https:\\\/\\\/santapola.es\\\/ca\\\/el-restaurante-paco-baile-obtiene-en-sueca-el-galardon-a-la-mejor-paella-de-la-comunidad-valenciana\\\/\"},\"wordCount\":356,\"image\":{\"@id\":\"https:\\\/\\\/santapola.es\\\/ca\\\/el-restaurante-paco-baile-obtiene-en-sueca-el-galardon-a-la-mejor-paella-de-la-comunidad-valenciana\\\/#primaryimage\"},\"thumbnailUrl\":\"https:\\\/\\\/santapola.es\\\/wp-content\\\/uploads\\\/2023\\\/09\\\/2023-09-10-premio.jpg\",\"keywords\":[\"Borja Merino\",\"Joaqu\u00edn Lozano\"],\"articleSection\":[\"Comercio\\\/ Consumo\",\"Inicio\",\"Turismo\"],\"inLanguage\":\"ca\"},{\"@type\":\"WebPage\",\"@id\":\"https:\\\/\\\/santapola.es\\\/ca\\\/el-restaurante-paco-baile-obtiene-en-sueca-el-galardon-a-la-mejor-paella-de-la-comunidad-valenciana\\\/\",\"url\":\"https:\\\/\\\/santapola.es\\\/ca\\\/el-restaurante-paco-baile-obtiene-en-sueca-el-galardon-a-la-mejor-paella-de-la-comunidad-valenciana\\\/\",\"name\":\"El Restaurante Paco Baile obtiene en Sueca el galard\u00f3n a la Mejor Paella de la Comunidad Valenciana - Ajuntament de Santa Pola\",\"isPartOf\":{\"@id\":\"https:\\\/\\\/santapola.es\\\/ca\\\/#website\"},\"primaryImageOfPage\":{\"@id\":\"https:\\\/\\\/santapola.es\\\/ca\\\/el-restaurante-paco-baile-obtiene-en-sueca-el-galardon-a-la-mejor-paella-de-la-comunidad-valenciana\\\/#primaryimage\"},\"image\":{\"@id\":\"https:\\\/\\\/santapola.es\\\/ca\\\/el-restaurante-paco-baile-obtiene-en-sueca-el-galardon-a-la-mejor-paella-de-la-comunidad-valenciana\\\/#primaryimage\"},\"thumbnailUrl\":\"https:\\\/\\\/santapola.es\\\/wp-content\\\/uploads\\\/2023\\\/09\\\/2023-09-10-premio.jpg\",\"datePublished\":\"2023-09-10T16:55:32+00:00\",\"dateModified\":\"2024-03-07T17:41:47+00:00\",\"author\":{\"@id\":\"https:\\\/\\\/santapola.es\\\/ca\\\/#\\\/schema\\\/person\\\/ad1d67403707b58350c7be5e8dbc442d\"},\"breadcrumb\":{\"@id\":\"https:\\\/\\\/santapola.es\\\/ca\\\/el-restaurante-paco-baile-obtiene-en-sueca-el-galardon-a-la-mejor-paella-de-la-comunidad-valenciana\\\/#breadcrumb\"},\"inLanguage\":\"ca\",\"potentialAction\":[{\"@type\":\"ReadAction\",\"target\":[\"https:\\\/\\\/santapola.es\\\/ca\\\/el-restaurante-paco-baile-obtiene-en-sueca-el-galardon-a-la-mejor-paella-de-la-comunidad-valenciana\\\/\"]}]},{\"@type\":\"ImageObject\",\"inLanguage\":\"ca\",\"@id\":\"https:\\\/\\\/santapola.es\\\/ca\\\/el-restaurante-paco-baile-obtiene-en-sueca-el-galardon-a-la-mejor-paella-de-la-comunidad-valenciana\\\/#primaryimage\",\"url\":\"https:\\\/\\\/santapola.es\\\/wp-content\\\/uploads\\\/2023\\\/09\\\/2023-09-10-premio.jpg\",\"contentUrl\":\"https:\\\/\\\/santapola.es\\\/wp-content\\\/uploads\\\/2023\\\/09\\\/2023-09-10-premio.jpg\",\"width\":1280,\"height\":960},{\"@type\":\"BreadcrumbList\",\"@id\":\"https:\\\/\\\/santapola.es\\\/ca\\\/el-restaurante-paco-baile-obtiene-en-sueca-el-galardon-a-la-mejor-paella-de-la-comunidad-valenciana\\\/#breadcrumb\",\"itemListElement\":[{\"@type\":\"ListItem\",\"position\":1,\"name\":\"Inici\",\"item\":\"https:\\\/\\\/santapola.es\\\/ca\\\/\"},{\"@type\":\"ListItem\",\"position\":2,\"name\":\"El Restaurante Paco Baile obtiene en Sueca el galard\u00f3n a la Mejor Paella de la Comunidad Valenciana\"}]},{\"@type\":\"WebSite\",\"@id\":\"https:\\\/\\\/santapola.es\\\/ca\\\/#website\",\"url\":\"https:\\\/\\\/santapola.es\\\/ca\\\/\",\"name\":\"Ayuntamiento de Santa Pola\",\"description\":\"Web de l'Ajuntament de Santa Pola\",\"potentialAction\":[{\"@type\":\"SearchAction\",\"target\":{\"@type\":\"EntryPoint\",\"urlTemplate\":\"https:\\\/\\\/santapola.es\\\/ca\\\/?s={search_term_string}\"},\"query-input\":{\"@type\":\"PropertyValueSpecification\",\"valueRequired\":true,\"valueName\":\"search_term_string\"}}],\"inLanguage\":\"ca\"},{\"@type\":\"Person\",\"@id\":\"https:\\\/\\\/santapola.es\\\/ca\\\/#\\\/schema\\\/person\\\/ad1d67403707b58350c7be5e8dbc442d\",\"name\":\"Jos\u00e9 Juan L\u00f3pez Lafuente\"}]}<\/script>\n<!-- \/ Yoast SEO plugin. -->","yoast_head_json":{"title":"El Restaurante Paco Baile obtiene en Sueca el galard\u00f3n a la Mejor Paella de la Comunidad Valenciana - Ajuntament de Santa Pola","robots":{"index":"index","follow":"follow","max-snippet":"max-snippet:-1","max-image-preview":"max-image-preview:large","max-video-preview":"max-video-preview:-1"},"canonical":"https:\/\/santapola.es\/ca\/el-restaurante-paco-baile-obtiene-en-sueca-el-galardon-a-la-mejor-paella-de-la-comunidad-valenciana\/","og_locale":"ca_ES","og_type":"article","og_title":"El Restaurante Paco Baile obtiene en Sueca el galard\u00f3n a la Mejor Paella de la Comunidad Valenciana - Ajuntament de Santa Pola","og_description":"El chef santapolero Tiel Baile, del Restaurante Paco Baile, gana el premio a la Mejor Paella de la Comunidad Valenciana en la 62\u00aa edici\u00f3n del prestigioso Concurso Internacional de Paella Valenciana de Sueca. El Concurso Internacional de Paella Valenciana de Sueca es el certamen gastron\u00f3mico de este tipo m\u00e1s antiguo de cuantos se celebran en [&hellip;]","og_url":"https:\/\/santapola.es\/ca\/el-restaurante-paco-baile-obtiene-en-sueca-el-galardon-a-la-mejor-paella-de-la-comunidad-valenciana\/","og_site_name":"Ajuntament de Santa Pola","article_publisher":"https:\/\/www.facebook.com\/AyuntamientoSantaPola\/","article_published_time":"2023-09-10T16:55:32+00:00","article_modified_time":"2024-03-07T17:41:47+00:00","og_image":[{"width":1280,"height":960,"url":"https:\/\/santapola.es\/wp-content\/uploads\/2023\/09\/2023-09-10-premio.jpg","type":"image\/jpeg"}],"author":"Jos\u00e9 Juan L\u00f3pez Lafuente","twitter_card":"summary_large_image","twitter_creator":"@SantaPolaAyunt","twitter_site":"@SantaPolaAyunt","schema":{"@context":"https:\/\/schema.org","@graph":[{"@type":"Article","@id":"https:\/\/santapola.es\/ca\/el-restaurante-paco-baile-obtiene-en-sueca-el-galardon-a-la-mejor-paella-de-la-comunidad-valenciana\/#article","isPartOf":{"@id":"https:\/\/santapola.es\/ca\/el-restaurante-paco-baile-obtiene-en-sueca-el-galardon-a-la-mejor-paella-de-la-comunidad-valenciana\/"},"author":{"name":"Jos\u00e9 Juan L\u00f3pez Lafuente","@id":"https:\/\/santapola.es\/ca\/#\/schema\/person\/ad1d67403707b58350c7be5e8dbc442d"},"headline":"El Restaurante Paco Baile obtiene en Sueca el galard\u00f3n a la Mejor Paella de la Comunidad Valenciana","datePublished":"2023-09-10T16:55:32+00:00","dateModified":"2024-03-07T17:41:47+00:00","mainEntityOfPage":{"@id":"https:\/\/santapola.es\/ca\/el-restaurante-paco-baile-obtiene-en-sueca-el-galardon-a-la-mejor-paella-de-la-comunidad-valenciana\/"},"wordCount":356,"image":{"@id":"https:\/\/santapola.es\/ca\/el-restaurante-paco-baile-obtiene-en-sueca-el-galardon-a-la-mejor-paella-de-la-comunidad-valenciana\/#primaryimage"},"thumbnailUrl":"https:\/\/santapola.es\/wp-content\/uploads\/2023\/09\/2023-09-10-premio.jpg","keywords":["Borja Merino","Joaqu\u00edn Lozano"],"articleSection":["Comercio\/ Consumo","Inicio","Turismo"],"inLanguage":"ca"},{"@type":"WebPage","@id":"https:\/\/santapola.es\/ca\/el-restaurante-paco-baile-obtiene-en-sueca-el-galardon-a-la-mejor-paella-de-la-comunidad-valenciana\/","url":"https:\/\/santapola.es\/ca\/el-restaurante-paco-baile-obtiene-en-sueca-el-galardon-a-la-mejor-paella-de-la-comunidad-valenciana\/","name":"El Restaurante Paco Baile obtiene en Sueca el galard\u00f3n a la Mejor Paella de la Comunidad Valenciana - Ajuntament de Santa Pola","isPartOf":{"@id":"https:\/\/santapola.es\/ca\/#website"},"primaryImageOfPage":{"@id":"https:\/\/santapola.es\/ca\/el-restaurante-paco-baile-obtiene-en-sueca-el-galardon-a-la-mejor-paella-de-la-comunidad-valenciana\/#primaryimage"},"image":{"@id":"https:\/\/santapola.es\/ca\/el-restaurante-paco-baile-obtiene-en-sueca-el-galardon-a-la-mejor-paella-de-la-comunidad-valenciana\/#primaryimage"},"thumbnailUrl":"https:\/\/santapola.es\/wp-content\/uploads\/2023\/09\/2023-09-10-premio.jpg","datePublished":"2023-09-10T16:55:32+00:00","dateModified":"2024-03-07T17:41:47+00:00","author":{"@id":"https:\/\/santapola.es\/ca\/#\/schema\/person\/ad1d67403707b58350c7be5e8dbc442d"},"breadcrumb":{"@id":"https:\/\/santapola.es\/ca\/el-restaurante-paco-baile-obtiene-en-sueca-el-galardon-a-la-mejor-paella-de-la-comunidad-valenciana\/#breadcrumb"},"inLanguage":"ca","potentialAction":[{"@type":"ReadAction","target":["https:\/\/santapola.es\/ca\/el-restaurante-paco-baile-obtiene-en-sueca-el-galardon-a-la-mejor-paella-de-la-comunidad-valenciana\/"]}]},{"@type":"ImageObject","inLanguage":"ca","@id":"https:\/\/santapola.es\/ca\/el-restaurante-paco-baile-obtiene-en-sueca-el-galardon-a-la-mejor-paella-de-la-comunidad-valenciana\/#primaryimage","url":"https:\/\/santapola.es\/wp-content\/uploads\/2023\/09\/2023-09-10-premio.jpg","contentUrl":"https:\/\/santapola.es\/wp-content\/uploads\/2023\/09\/2023-09-10-premio.jpg","width":1280,"height":960},{"@type":"BreadcrumbList","@id":"https:\/\/santapola.es\/ca\/el-restaurante-paco-baile-obtiene-en-sueca-el-galardon-a-la-mejor-paella-de-la-comunidad-valenciana\/#breadcrumb","itemListElement":[{"@type":"ListItem","position":1,"name":"Inici","item":"https:\/\/santapola.es\/ca\/"},{"@type":"ListItem","position":2,"name":"El Restaurante Paco Baile obtiene en Sueca el galard\u00f3n a la Mejor Paella de la Comunidad Valenciana"}]},{"@type":"WebSite","@id":"https:\/\/santapola.es\/ca\/#website","url":"https:\/\/santapola.es\/ca\/","name":"Ayuntamiento de Santa Pola","description":"Web de l'Ajuntament de Santa Pola","potentialAction":[{"@type":"SearchAction","target":{"@type":"EntryPoint","urlTemplate":"https:\/\/santapola.es\/ca\/?s={search_term_string}"},"query-input":{"@type":"PropertyValueSpecification","valueRequired":true,"valueName":"search_term_string"}}],"inLanguage":"ca"},{"@type":"Person","@id":"https:\/\/santapola.es\/ca\/#\/schema\/person\/ad1d67403707b58350c7be5e8dbc442d","name":"Jos\u00e9 Juan L\u00f3pez Lafuente"}]}},"_links":{"self":[{"href":"https:\/\/santapola.es\/ca\/wp-json\/wp\/v2\/posts\/21337","targetHints":{"allow":["GET"]}}],"collection":[{"href":"https:\/\/santapola.es\/ca\/wp-json\/wp\/v2\/posts"}],"about":[{"href":"https:\/\/santapola.es\/ca\/wp-json\/wp\/v2\/types\/post"}],"author":[{"embeddable":true,"href":"https:\/\/santapola.es\/ca\/wp-json\/wp\/v2\/users\/96"}],"replies":[{"embeddable":true,"href":"https:\/\/santapola.es\/ca\/wp-json\/wp\/v2\/comments?post=21337"}],"version-history":[{"count":0,"href":"https:\/\/santapola.es\/ca\/wp-json\/wp\/v2\/posts\/21337\/revisions"}],"wp:featuredmedia":[{"embeddable":true,"href":"https:\/\/santapola.es\/ca\/wp-json\/wp\/v2\/media\/21321"}],"wp:attachment":[{"href":"https:\/\/santapola.es\/ca\/wp-json\/wp\/v2\/media?parent=21337"}],"wp:term":[{"taxonomy":"category","embeddable":true,"href":"https:\/\/santapola.es\/ca\/wp-json\/wp\/v2\/categories?post=21337"},{"taxonomy":"post_tag","embeddable":true,"href":"https:\/\/santapola.es\/ca\/wp-json\/wp\/v2\/tags?post=21337"}],"curies":[{"name":"wp","href":"https:\/\/api.w.org\/{rel}","templated":true}]}}