{"id":21309,"date":"2023-09-01T01:07:53","date_gmt":"2023-08-31T23:07:53","guid":{"rendered":"https:\/\/www.desarrollo.santapola.es\/?p=21309"},"modified":"2024-03-07T18:41:45","modified_gmt":"2024-03-07T17:41:45","slug":"el-canto-a-la-fiesta-de-maria-asuncion-perez-abre-las-fiestas-2023-de-santa-pola","status":"publish","type":"post","link":"https:\/\/santapola.es\/ca\/el-canto-a-la-fiesta-de-maria-asuncion-perez-abre-las-fiestas-2023-de-santa-pola\/","title":{"rendered":"El canto a la fiesta de Mar\u00eda Asunci\u00f3n P\u00e9rez abre las Fiestas 2023 de Santa Pola"},"content":{"rendered":"<p><strong>Santa Pola ya respira fiesta. Por delante se asoman ocho d\u00edas intensos de batallas, desfiles, p\u00f3lvora, calles engalanadas, m\u00fasica, alegr\u00eda, fuegos artificiales y fervor popular por nuestra patrona la Virgen de Loreto.<\/strong><\/p>\n<p>El pistoletazo de salida a nuestras fiestas lo dio esta noche con su preg\u00f3n Mar\u00eda Asunci\u00f3n P\u00e9rez Mart\u00ednez, festera de pura cepa desde hace casi 50 a\u00f1os y que cumple un cuarto de siglo como presidenta de la Asociaci\u00f3n Festero-Cultural de Moros y Cristianos. A ella le correspondi\u00f3 este a\u00f1o el honor de pregonar las fiestas y no defraud\u00f3.<\/p>\n<p>La plaza de la Glorieta presentaba un aspecto espectacular con el despliegue de m\u00e1s de 1.300 sillas frente al escenario dispuesto a los pies de la muralla del Castillo-Fortaleza, imposible encontrar un fondo m\u00e1s bonito para los santapoleros.<\/p>\n<p>En las primeras filas se dieron cita las autoridades locales, encabezadas por la Alcaldesa Loreto Serrano, la concejal de Fiestas Nely Baile, la corporaci\u00f3n municipal, el Alcaide del Castillo Miguel Cuervo-Arango, el Patr\u00f3n Mayor \u00c1ngel Luchoro, el hijo adoptivo de Santa Pola Crist\u00f3bal Zaragoza, la Jueza de Paz Mar\u00eda Jos\u00e9 G\u00f3mez y el cura-p\u00e1rroco Lucas Galva\u00f1.<\/p>\n<p>Junto a ellas un selecto grupo de autoridades invitadas: el Alcalde de la ciudad hermanada de Alcantarilla, Joaqu\u00edn Ricardo Buend\u00eda, y el Teniente Coronel de su base a\u00e9rea, Luis Enrique Ant\u00f3n; el Alcalde de Elche, Pablo Ruz, y los concejales Claudio Gilabert y Loli Serna; la alcaldesa de Sax, Laura Estevan; el Diputado Nacional Alejandro Soler; la Senadora Ana Mart\u00ednez; los Diputados Auton\u00f3micos Jos\u00e9 Salas, Luc\u00eda Peral y Ram\u00f3n Abad; el Diputado Provincial Juan de Dios Navarro; la Portavoz del PP Guardamar, To\u00f1i Mora o el Comandante Jefe de la Guardia Civil Jorge Oliver.<\/p>\n<p>La alcaldesa Loreto present\u00f3 a la Pregonera ensalzando su figura: &#8220;Mar\u00eda Asunci\u00f3n ha estado vinculada a las fiestas desde que ingres\u00f3 en 1976 en la Comparsa Beduinos, de la que fue Sultana en 1986 junto a su marido. Es un referente destacado dentro del mundo festero local y no solo por los Moros y Cristianos. Colabora en la organizaci\u00f3n de la Venida de la Virgen, en las Cabalgatas de Pap\u00e1 Noel y Reyes Magos, cant\u00f3 en la Coral Levantina y pertenece a la Cofrad\u00eda La Dolorosa de nuestra Semana Santa y al Coro de Los Dolores&#8221;.<\/p>\n<p>Para contar sus vivencias en estos casi 50 a\u00f1os como festera fue elegida como Pregonera 2023.<\/p>\n<p><strong>Recuerdos de toda una vida<\/strong><\/p>\n<p>Su preg\u00f3n fue un compendio de recuerdos, empezando desde su infancia en casa con la virgen como centro de atenci\u00f3n, rememorando a su madre como Camarera de la Virgen. Tambi\u00e9n tuvo palabras para su suegra como fundadora de la comparsa que luego fue Beduinos.<\/p>\n<p>Destac\u00f3 que Santa Pola ha sabido reconocer el papel de la mujer como organizadora de la fiesta y es una evidencia la presencia de las mujeres en las instituciones festeras, donde son mayor\u00eda al igual que en el n\u00famero de participantes en los desfiles.<\/p>\n<p>En cuanto a la evoluci\u00f3n de la fiesta, consider\u00f3 un cambio positivo y muy significativo en los \u00faltimos a\u00f1os, no en su esencia sino en su desarrollo y organizaci\u00f3n.<\/p>\n<p>Destac\u00f3 tambi\u00e9n el privilegio de tener el castillo fortaleza como escenario de las embajadas y batallas.<\/p>\n<p>La pregonera fue sorprendida cuando, sin esperarlo, acabando su discurso aparecieron varias filadas de todas las comparsas, acompa\u00f1adas por la Colla El Freu, la Banda Uni\u00f3 Musical y la Banda Mare de Deu de Loreto en el escenario, desfilando a los compases de una marcha mora, en homenaje a su presidenta en su 25 aniversario como responsable de Moros y Cristianos.<\/p>\n<p>El espect\u00e1culo musical que se fue intercalando durante el acto, presentado por la periodista Mayte Vilaseca, fue protagonizado por la soprano valenciana Yolanda Mar\u00edn, acompa\u00f1ada por la Associaci\u00f3 Musical Mare de Deu de Loreto a las \u00f3rdenes de Jorge Baeza Blasco, que culminaron interpretando los himnos a Santa Pola y a Valencia. Y como no pod\u00eda ser de otra manera, un castillo de fuegos artificiales sobre la fortaleza puso el colof\u00f3n al primer acto de las fiestas 2023.<\/p>\n","protected":false},"excerpt":{"rendered":"<p>Santa Pola ya respira fiesta. Por delante se asoman ocho d\u00edas intensos de batallas, desfiles, p\u00f3lvora, calles engalanadas, m\u00fasica, alegr\u00eda, fuegos artificiales y fervor popular por nuestra patrona la Virgen de Loreto. El pistoletazo de salida a nuestras fiestas lo dio esta noche con su preg\u00f3n Mar\u00eda Asunci\u00f3n P\u00e9rez Mart\u00ednez, festera de pura cepa desde [&hellip;]<\/p>\n","protected":false},"author":96,"featured_media":21310,"comment_status":"closed","ping_status":"closed","sticky":false,"template":"","format":"standard","meta":{"_et_pb_use_builder":"","_et_pb_old_content":"","_et_gb_content_width":"","footnotes":""},"categories":[97,66],"tags":[141,175,177,215],"class_list":["post-21309","post","type-post","status-publish","format-standard","has-post-thumbnail","hentry","category-fiestas","category-inicio","tag-loreto-serrano","tag-maria-asuncion-perez","tag-nely-baile","tag-pregon"],"yoast_head":"<!-- This site is optimized with the Yoast SEO plugin v27.4 - https:\/\/yoast.com\/product\/yoast-seo-wordpress\/ -->\n<title>El canto a la fiesta de Mar\u00eda Asunci\u00f3n P\u00e9rez abre las Fiestas 2023 de Santa Pola - Ajuntament de Santa Pola<\/title>\n<meta name=\"robots\" content=\"index, follow, max-snippet:-1, max-image-preview:large, max-video-preview:-1\" \/>\n<link rel=\"canonical\" href=\"https:\/\/santapola.es\/ca\/el-canto-a-la-fiesta-de-maria-asuncion-perez-abre-las-fiestas-2023-de-santa-pola\/\" \/>\n<meta property=\"og:locale\" content=\"ca_ES\" \/>\n<meta property=\"og:type\" content=\"article\" \/>\n<meta property=\"og:title\" content=\"El canto a la fiesta de Mar\u00eda Asunci\u00f3n P\u00e9rez abre las Fiestas 2023 de Santa Pola - Ajuntament de Santa Pola\" \/>\n<meta property=\"og:description\" content=\"Santa Pola ya respira fiesta. Por delante se asoman ocho d\u00edas intensos de batallas, desfiles, p\u00f3lvora, calles engalanadas, m\u00fasica, alegr\u00eda, fuegos artificiales y fervor popular por nuestra patrona la Virgen de Loreto. El pistoletazo de salida a nuestras fiestas lo dio esta noche con su preg\u00f3n Mar\u00eda Asunci\u00f3n P\u00e9rez Mart\u00ednez, festera de pura cepa desde [&hellip;]\" \/>\n<meta property=\"og:url\" content=\"https:\/\/santapola.es\/ca\/el-canto-a-la-fiesta-de-maria-asuncion-perez-abre-las-fiestas-2023-de-santa-pola\/\" \/>\n<meta property=\"og:site_name\" content=\"Ajuntament de Santa Pola\" \/>\n<meta property=\"article:publisher\" content=\"https:\/\/www.facebook.com\/AyuntamientoSantaPola\/\" \/>\n<meta property=\"article:published_time\" content=\"2023-08-31T23:07:53+00:00\" \/>\n<meta property=\"article:modified_time\" content=\"2024-03-07T17:41:45+00:00\" \/>\n<meta property=\"og:image\" content=\"https:\/\/santapola.es\/wp-content\/uploads\/2023\/09\/2023-09-01-pregon-3.jpeg\" \/>\n\t<meta property=\"og:image:width\" content=\"1600\" \/>\n\t<meta property=\"og:image:height\" content=\"901\" \/>\n\t<meta property=\"og:image:type\" content=\"image\/jpeg\" \/>\n<meta name=\"author\" content=\"Jos\u00e9 Juan L\u00f3pez Lafuente\" \/>\n<meta name=\"twitter:card\" content=\"summary_large_image\" \/>\n<meta name=\"twitter:creator\" content=\"@SantaPolaAyunt\" \/>\n<meta name=\"twitter:site\" content=\"@SantaPolaAyunt\" \/>\n<script type=\"application\/ld+json\" class=\"yoast-schema-graph\">{\"@context\":\"https:\\\/\\\/schema.org\",\"@graph\":[{\"@type\":\"Article\",\"@id\":\"https:\\\/\\\/santapola.es\\\/ca\\\/el-canto-a-la-fiesta-de-maria-asuncion-perez-abre-las-fiestas-2023-de-santa-pola\\\/#article\",\"isPartOf\":{\"@id\":\"https:\\\/\\\/santapola.es\\\/ca\\\/el-canto-a-la-fiesta-de-maria-asuncion-perez-abre-las-fiestas-2023-de-santa-pola\\\/\"},\"author\":{\"name\":\"Jos\u00e9 Juan L\u00f3pez Lafuente\",\"@id\":\"https:\\\/\\\/santapola.es\\\/ca\\\/#\\\/schema\\\/person\\\/ad1d67403707b58350c7be5e8dbc442d\"},\"headline\":\"El canto a la fiesta de Mar\u00eda Asunci\u00f3n P\u00e9rez abre las Fiestas 2023 de Santa Pola\",\"datePublished\":\"2023-08-31T23:07:53+00:00\",\"dateModified\":\"2024-03-07T17:41:45+00:00\",\"mainEntityOfPage\":{\"@id\":\"https:\\\/\\\/santapola.es\\\/ca\\\/el-canto-a-la-fiesta-de-maria-asuncion-perez-abre-las-fiestas-2023-de-santa-pola\\\/\"},\"wordCount\":727,\"image\":{\"@id\":\"https:\\\/\\\/santapola.es\\\/ca\\\/el-canto-a-la-fiesta-de-maria-asuncion-perez-abre-las-fiestas-2023-de-santa-pola\\\/#primaryimage\"},\"thumbnailUrl\":\"https:\\\/\\\/santapola.es\\\/wp-content\\\/uploads\\\/2023\\\/09\\\/2023-09-01-pregon-3.jpeg\",\"keywords\":[\"Loreto Serrano\",\"Mar\u00eda Asunci\u00f3n P\u00e9rez\",\"Nely Baile\",\"Preg\u00f3n\"],\"articleSection\":[\"Fiestas\",\"Inicio\"],\"inLanguage\":\"ca\"},{\"@type\":\"WebPage\",\"@id\":\"https:\\\/\\\/santapola.es\\\/ca\\\/el-canto-a-la-fiesta-de-maria-asuncion-perez-abre-las-fiestas-2023-de-santa-pola\\\/\",\"url\":\"https:\\\/\\\/santapola.es\\\/ca\\\/el-canto-a-la-fiesta-de-maria-asuncion-perez-abre-las-fiestas-2023-de-santa-pola\\\/\",\"name\":\"El canto a la fiesta de Mar\u00eda Asunci\u00f3n P\u00e9rez abre las Fiestas 2023 de Santa Pola - Ajuntament de Santa Pola\",\"isPartOf\":{\"@id\":\"https:\\\/\\\/santapola.es\\\/ca\\\/#website\"},\"primaryImageOfPage\":{\"@id\":\"https:\\\/\\\/santapola.es\\\/ca\\\/el-canto-a-la-fiesta-de-maria-asuncion-perez-abre-las-fiestas-2023-de-santa-pola\\\/#primaryimage\"},\"image\":{\"@id\":\"https:\\\/\\\/santapola.es\\\/ca\\\/el-canto-a-la-fiesta-de-maria-asuncion-perez-abre-las-fiestas-2023-de-santa-pola\\\/#primaryimage\"},\"thumbnailUrl\":\"https:\\\/\\\/santapola.es\\\/wp-content\\\/uploads\\\/2023\\\/09\\\/2023-09-01-pregon-3.jpeg\",\"datePublished\":\"2023-08-31T23:07:53+00:00\",\"dateModified\":\"2024-03-07T17:41:45+00:00\",\"author\":{\"@id\":\"https:\\\/\\\/santapola.es\\\/ca\\\/#\\\/schema\\\/person\\\/ad1d67403707b58350c7be5e8dbc442d\"},\"breadcrumb\":{\"@id\":\"https:\\\/\\\/santapola.es\\\/ca\\\/el-canto-a-la-fiesta-de-maria-asuncion-perez-abre-las-fiestas-2023-de-santa-pola\\\/#breadcrumb\"},\"inLanguage\":\"ca\",\"potentialAction\":[{\"@type\":\"ReadAction\",\"target\":[\"https:\\\/\\\/santapola.es\\\/ca\\\/el-canto-a-la-fiesta-de-maria-asuncion-perez-abre-las-fiestas-2023-de-santa-pola\\\/\"]}]},{\"@type\":\"ImageObject\",\"inLanguage\":\"ca\",\"@id\":\"https:\\\/\\\/santapola.es\\\/ca\\\/el-canto-a-la-fiesta-de-maria-asuncion-perez-abre-las-fiestas-2023-de-santa-pola\\\/#primaryimage\",\"url\":\"https:\\\/\\\/santapola.es\\\/wp-content\\\/uploads\\\/2023\\\/09\\\/2023-09-01-pregon-3.jpeg\",\"contentUrl\":\"https:\\\/\\\/santapola.es\\\/wp-content\\\/uploads\\\/2023\\\/09\\\/2023-09-01-pregon-3.jpeg\",\"width\":1600,\"height\":901},{\"@type\":\"BreadcrumbList\",\"@id\":\"https:\\\/\\\/santapola.es\\\/ca\\\/el-canto-a-la-fiesta-de-maria-asuncion-perez-abre-las-fiestas-2023-de-santa-pola\\\/#breadcrumb\",\"itemListElement\":[{\"@type\":\"ListItem\",\"position\":1,\"name\":\"Inici\",\"item\":\"https:\\\/\\\/santapola.es\\\/ca\\\/\"},{\"@type\":\"ListItem\",\"position\":2,\"name\":\"El canto a la fiesta de Mar\u00eda Asunci\u00f3n P\u00e9rez abre las Fiestas 2023 de Santa Pola\"}]},{\"@type\":\"WebSite\",\"@id\":\"https:\\\/\\\/santapola.es\\\/ca\\\/#website\",\"url\":\"https:\\\/\\\/santapola.es\\\/ca\\\/\",\"name\":\"Ayuntamiento de Santa Pola\",\"description\":\"Web de l'Ajuntament de Santa Pola\",\"potentialAction\":[{\"@type\":\"SearchAction\",\"target\":{\"@type\":\"EntryPoint\",\"urlTemplate\":\"https:\\\/\\\/santapola.es\\\/ca\\\/?s={search_term_string}\"},\"query-input\":{\"@type\":\"PropertyValueSpecification\",\"valueRequired\":true,\"valueName\":\"search_term_string\"}}],\"inLanguage\":\"ca\"},{\"@type\":\"Person\",\"@id\":\"https:\\\/\\\/santapola.es\\\/ca\\\/#\\\/schema\\\/person\\\/ad1d67403707b58350c7be5e8dbc442d\",\"name\":\"Jos\u00e9 Juan L\u00f3pez Lafuente\"}]}<\/script>\n<!-- \/ Yoast SEO plugin. -->","yoast_head_json":{"title":"El canto a la fiesta de Mar\u00eda Asunci\u00f3n P\u00e9rez abre las Fiestas 2023 de Santa Pola - Ajuntament de Santa Pola","robots":{"index":"index","follow":"follow","max-snippet":"max-snippet:-1","max-image-preview":"max-image-preview:large","max-video-preview":"max-video-preview:-1"},"canonical":"https:\/\/santapola.es\/ca\/el-canto-a-la-fiesta-de-maria-asuncion-perez-abre-las-fiestas-2023-de-santa-pola\/","og_locale":"ca_ES","og_type":"article","og_title":"El canto a la fiesta de Mar\u00eda Asunci\u00f3n P\u00e9rez abre las Fiestas 2023 de Santa Pola - Ajuntament de Santa Pola","og_description":"Santa Pola ya respira fiesta. Por delante se asoman ocho d\u00edas intensos de batallas, desfiles, p\u00f3lvora, calles engalanadas, m\u00fasica, alegr\u00eda, fuegos artificiales y fervor popular por nuestra patrona la Virgen de Loreto. El pistoletazo de salida a nuestras fiestas lo dio esta noche con su preg\u00f3n Mar\u00eda Asunci\u00f3n P\u00e9rez Mart\u00ednez, festera de pura cepa desde [&hellip;]","og_url":"https:\/\/santapola.es\/ca\/el-canto-a-la-fiesta-de-maria-asuncion-perez-abre-las-fiestas-2023-de-santa-pola\/","og_site_name":"Ajuntament de Santa Pola","article_publisher":"https:\/\/www.facebook.com\/AyuntamientoSantaPola\/","article_published_time":"2023-08-31T23:07:53+00:00","article_modified_time":"2024-03-07T17:41:45+00:00","og_image":[{"width":1600,"height":901,"url":"https:\/\/santapola.es\/wp-content\/uploads\/2023\/09\/2023-09-01-pregon-3.jpeg","type":"image\/jpeg"}],"author":"Jos\u00e9 Juan L\u00f3pez Lafuente","twitter_card":"summary_large_image","twitter_creator":"@SantaPolaAyunt","twitter_site":"@SantaPolaAyunt","schema":{"@context":"https:\/\/schema.org","@graph":[{"@type":"Article","@id":"https:\/\/santapola.es\/ca\/el-canto-a-la-fiesta-de-maria-asuncion-perez-abre-las-fiestas-2023-de-santa-pola\/#article","isPartOf":{"@id":"https:\/\/santapola.es\/ca\/el-canto-a-la-fiesta-de-maria-asuncion-perez-abre-las-fiestas-2023-de-santa-pola\/"},"author":{"name":"Jos\u00e9 Juan L\u00f3pez Lafuente","@id":"https:\/\/santapola.es\/ca\/#\/schema\/person\/ad1d67403707b58350c7be5e8dbc442d"},"headline":"El canto a la fiesta de Mar\u00eda Asunci\u00f3n P\u00e9rez abre las Fiestas 2023 de Santa Pola","datePublished":"2023-08-31T23:07:53+00:00","dateModified":"2024-03-07T17:41:45+00:00","mainEntityOfPage":{"@id":"https:\/\/santapola.es\/ca\/el-canto-a-la-fiesta-de-maria-asuncion-perez-abre-las-fiestas-2023-de-santa-pola\/"},"wordCount":727,"image":{"@id":"https:\/\/santapola.es\/ca\/el-canto-a-la-fiesta-de-maria-asuncion-perez-abre-las-fiestas-2023-de-santa-pola\/#primaryimage"},"thumbnailUrl":"https:\/\/santapola.es\/wp-content\/uploads\/2023\/09\/2023-09-01-pregon-3.jpeg","keywords":["Loreto Serrano","Mar\u00eda Asunci\u00f3n P\u00e9rez","Nely Baile","Preg\u00f3n"],"articleSection":["Fiestas","Inicio"],"inLanguage":"ca"},{"@type":"WebPage","@id":"https:\/\/santapola.es\/ca\/el-canto-a-la-fiesta-de-maria-asuncion-perez-abre-las-fiestas-2023-de-santa-pola\/","url":"https:\/\/santapola.es\/ca\/el-canto-a-la-fiesta-de-maria-asuncion-perez-abre-las-fiestas-2023-de-santa-pola\/","name":"El canto a la fiesta de Mar\u00eda Asunci\u00f3n P\u00e9rez abre las Fiestas 2023 de Santa Pola - Ajuntament de Santa Pola","isPartOf":{"@id":"https:\/\/santapola.es\/ca\/#website"},"primaryImageOfPage":{"@id":"https:\/\/santapola.es\/ca\/el-canto-a-la-fiesta-de-maria-asuncion-perez-abre-las-fiestas-2023-de-santa-pola\/#primaryimage"},"image":{"@id":"https:\/\/santapola.es\/ca\/el-canto-a-la-fiesta-de-maria-asuncion-perez-abre-las-fiestas-2023-de-santa-pola\/#primaryimage"},"thumbnailUrl":"https:\/\/santapola.es\/wp-content\/uploads\/2023\/09\/2023-09-01-pregon-3.jpeg","datePublished":"2023-08-31T23:07:53+00:00","dateModified":"2024-03-07T17:41:45+00:00","author":{"@id":"https:\/\/santapola.es\/ca\/#\/schema\/person\/ad1d67403707b58350c7be5e8dbc442d"},"breadcrumb":{"@id":"https:\/\/santapola.es\/ca\/el-canto-a-la-fiesta-de-maria-asuncion-perez-abre-las-fiestas-2023-de-santa-pola\/#breadcrumb"},"inLanguage":"ca","potentialAction":[{"@type":"ReadAction","target":["https:\/\/santapola.es\/ca\/el-canto-a-la-fiesta-de-maria-asuncion-perez-abre-las-fiestas-2023-de-santa-pola\/"]}]},{"@type":"ImageObject","inLanguage":"ca","@id":"https:\/\/santapola.es\/ca\/el-canto-a-la-fiesta-de-maria-asuncion-perez-abre-las-fiestas-2023-de-santa-pola\/#primaryimage","url":"https:\/\/santapola.es\/wp-content\/uploads\/2023\/09\/2023-09-01-pregon-3.jpeg","contentUrl":"https:\/\/santapola.es\/wp-content\/uploads\/2023\/09\/2023-09-01-pregon-3.jpeg","width":1600,"height":901},{"@type":"BreadcrumbList","@id":"https:\/\/santapola.es\/ca\/el-canto-a-la-fiesta-de-maria-asuncion-perez-abre-las-fiestas-2023-de-santa-pola\/#breadcrumb","itemListElement":[{"@type":"ListItem","position":1,"name":"Inici","item":"https:\/\/santapola.es\/ca\/"},{"@type":"ListItem","position":2,"name":"El canto a la fiesta de Mar\u00eda Asunci\u00f3n P\u00e9rez abre las Fiestas 2023 de Santa Pola"}]},{"@type":"WebSite","@id":"https:\/\/santapola.es\/ca\/#website","url":"https:\/\/santapola.es\/ca\/","name":"Ayuntamiento de Santa Pola","description":"Web de l'Ajuntament de Santa Pola","potentialAction":[{"@type":"SearchAction","target":{"@type":"EntryPoint","urlTemplate":"https:\/\/santapola.es\/ca\/?s={search_term_string}"},"query-input":{"@type":"PropertyValueSpecification","valueRequired":true,"valueName":"search_term_string"}}],"inLanguage":"ca"},{"@type":"Person","@id":"https:\/\/santapola.es\/ca\/#\/schema\/person\/ad1d67403707b58350c7be5e8dbc442d","name":"Jos\u00e9 Juan L\u00f3pez Lafuente"}]}},"_links":{"self":[{"href":"https:\/\/santapola.es\/ca\/wp-json\/wp\/v2\/posts\/21309","targetHints":{"allow":["GET"]}}],"collection":[{"href":"https:\/\/santapola.es\/ca\/wp-json\/wp\/v2\/posts"}],"about":[{"href":"https:\/\/santapola.es\/ca\/wp-json\/wp\/v2\/types\/post"}],"author":[{"embeddable":true,"href":"https:\/\/santapola.es\/ca\/wp-json\/wp\/v2\/users\/96"}],"replies":[{"embeddable":true,"href":"https:\/\/santapola.es\/ca\/wp-json\/wp\/v2\/comments?post=21309"}],"version-history":[{"count":0,"href":"https:\/\/santapola.es\/ca\/wp-json\/wp\/v2\/posts\/21309\/revisions"}],"wp:featuredmedia":[{"embeddable":true,"href":"https:\/\/santapola.es\/ca\/wp-json\/wp\/v2\/media\/21310"}],"wp:attachment":[{"href":"https:\/\/santapola.es\/ca\/wp-json\/wp\/v2\/media?parent=21309"}],"wp:term":[{"taxonomy":"category","embeddable":true,"href":"https:\/\/santapola.es\/ca\/wp-json\/wp\/v2\/categories?post=21309"},{"taxonomy":"post_tag","embeddable":true,"href":"https:\/\/santapola.es\/ca\/wp-json\/wp\/v2\/tags?post=21309"}],"curies":[{"name":"wp","href":"https:\/\/api.w.org\/{rel}","templated":true}]}}