{"id":21297,"date":"2023-08-30T14:25:29","date_gmt":"2023-08-30T12:25:29","guid":{"rendered":"https:\/\/www.desarrollo.santapola.es\/?p=21297"},"modified":"2024-03-07T18:41:44","modified_gmt":"2024-03-07T17:41:44","slug":"el-nuevo-plan-cinegetico-aprobado-por-el-ayuntamiento-reduce-sustancialmente-la-actividad-de-la-caza-en-la-sierra-de-santa-pola","status":"publish","type":"post","link":"https:\/\/santapola.es\/ca\/el-nuevo-plan-cinegetico-aprobado-por-el-ayuntamiento-reduce-sustancialmente-la-actividad-de-la-caza-en-la-sierra-de-santa-pola\/","title":{"rendered":"El plan cineg\u00e9tico aprobado por el Ayuntamiento reduce la actividad de caza en la sierra de Santa Pola"},"content":{"rendered":"<p><b>La nueva norma impide cazar los domingos, reduce el n\u00famero de per\u00edodos y d\u00edas y refuerza las \u00e1reas de seguridad alrededor de Gran Alacant. Aunque la sierra adquiera el estatus de paraje natural, seguir\u00e1 siendo obligatorio el control cineg\u00e9tico, pese a lo que digan de manera equ\u00edvoca algunos grupos de la oposici\u00f3n.<\/b><\/p>\n<p><span style=\"font-weight: 400\">El concejal de Medio Ambiente, \u00c1ngel Piedecausa, ha comunicado la aprobaci\u00f3n de un nuevo plan cineg\u00e9tico para la sierra de Santa Pola y la firma de un convenio con la Sociedad de Caza y Tiro de Santa Pola.<\/span><\/p>\n<p><span style=\"font-weight: 400\">Seg\u00fan ha explicado Piedecausa, \u201cel plan cineg\u00e9tico que estaba en vigor hasta ahora llevaba caducado desde el a\u00f1o 2012 e inclu\u00eda zonas verdes de Gran Alacant, zonas escolares y \u00e1reas donde no se pod\u00eda ejercer la caza, pero sin embargo aparec\u00edan en el plan. Durante otras legislaturas se ha permitido la caza estando caducado y nosotros hemos tenido que darle soluci\u00f3n.<\/span><\/p>\n<p><span style=\"font-weight: 400\">Hemos trabajado durante casi un a\u00f1o y medio para elaborar un nuevo plan cineg\u00e9tico de todo el municipio. A d\u00eda de hoy, tengo que decir que es uno de los planes m\u00e1s restrictivos de toda la Comunidad Valenciana, ya que de todos los per\u00edodos de caza que podr\u00edamos autorizar s\u00f3lo habr\u00e1 dos.<\/span><\/p>\n<p><span style=\"font-weight: 400\">Por un lado la media veda, los s\u00e1bados 26 de agosto, 2, 9 y 16 de septiembre, d\u00edas en los que se podr\u00e1 cazar desde el amanecer hasta el anochecer, concretamente desde las 7:00 hasta las 21:00 horas.\u00a0<\/span><\/p>\n<p><span style=\"font-weight: 400\">Por otro lado la veda general que, con el objetivo de conciliar el uso de la sierra por todos los santapoleros y visitantes y que puedan convivir con los cazadores, hemos eliminado los domingos como d\u00eda de caza y s\u00f3lo se podr\u00e1 practicar los jueves y los s\u00e1bados de 8 de la ma\u00f1ana a 2 de la tarde\u201d.\u00a0<\/span><\/p>\n<p><b>Ni siendo paraje natural se podr\u00e1 impedir la caza<\/b><\/p>\n<p><span style=\"font-weight: 400\">El concejal de Medio Ambiente ha querido tambi\u00e9n aclarar que \u201cel hecho de que la sierra vaya a ser en un futuro pr\u00f3ximo paraje natural (de hecho este equipo de gobierno ya present\u00f3 a principios de este a\u00f1o toda la documentaci\u00f3n para que la Conseller\u00eda apruebe la calificaci\u00f3n) no significa que vaya a estar exento de un control cineg\u00e9tico.\u00a0<\/span><\/p>\n<p><span style=\"font-weight: 400\">Que otros grupos pol\u00edticos no intenten vender, faltando a la verdad, que no se va a ejercer la caza cuando sea paraje natural, porque tras varias consultas a Conseller\u00eda y en base a diversos informes que tenemos, estamos obligados a mantener un control cineg\u00e9tico.<\/span><\/p>\n<p><span style=\"font-weight: 400\">Pensamos que lo mejor para el municipio era que este control se realice por la Sociedad de Caza y Tiro de Santa Pola, si no lo hubi\u00e9semos hecho as\u00ed hubiese quedado como zona libre de caza.<\/span><\/p>\n<p><span style=\"font-weight: 400\">\u00bfEsto qu\u00e9 significa? Que cualquier cazador con su licencia en vigor podr\u00eda venir a cazar a las horas que quiera durante todo el d\u00eda. Esta circunstancia nos pasa en el Pueblo Levantino, y es un problema que tenemos previsto solucionar a no mucho tardar, igual que lo hemos solucionado en el coto de caza\u201d.<\/span><\/p>\n<p><b>Mayor protecci\u00f3n en Gran Alacant<\/b><\/p>\n<p><span style=\"font-weight: 400\">Por \u00faltimo, \u00c1ngel Piedecausa se dirigi\u00f3 espec\u00edficamente a los vecinos de Gran Alacant para recordar que \u201cen el nuevo plan hemos contemplado \u00e1reas de seguridad de 200 metros alrededor del per\u00edmetro de las urbanizaciones, donde en ning\u00fan caso se podr\u00e1 cazar. Del mismo modo hemos restringido tanto el territorio apto para la caza como los d\u00edas, las horas y los espacios\u201d, de modo que se refuerza en gran medida la seguridad de todos los residentes y la convivencia de todas las actividades de disfrute de nuestra sierra.<\/span><\/p>\n","protected":false},"excerpt":{"rendered":"<p>La nueva norma impide cazar los domingos, reduce el n\u00famero de per\u00edodos y d\u00edas y refuerza las \u00e1reas de seguridad alrededor de Gran Alacant. Aunque la sierra adquiera el estatus de paraje natural, seguir\u00e1 siendo obligatorio el control cineg\u00e9tico, pese a lo que digan de manera equ\u00edvoca algunos grupos de la oposici\u00f3n. El concejal de [&hellip;]<\/p>\n","protected":false},"author":96,"featured_media":21299,"comment_status":"closed","ping_status":"closed","sticky":false,"template":"","format":"standard","meta":{"_et_pb_use_builder":"","_et_pb_old_content":"","_et_gb_content_width":"","footnotes":""},"categories":[66,154,406],"tags":[145,213,157],"class_list":["post-21297","post","type-post","status-publish","format-standard","has-post-thumbnail","hentry","category-inicio","category-medio-ambiente","category-sin-categorizar-2","tag-angel-piedecausa","tag-caza","tag-sierra"],"yoast_head":"<!-- This site is optimized with the Yoast SEO plugin v27.4 - https:\/\/yoast.com\/product\/yoast-seo-wordpress\/ -->\n<title>El plan cineg\u00e9tico aprobado por el Ayuntamiento reduce la actividad de caza en la sierra de Santa Pola - Ajuntament de Santa Pola<\/title>\n<meta name=\"robots\" content=\"index, follow, max-snippet:-1, max-image-preview:large, max-video-preview:-1\" \/>\n<link rel=\"canonical\" href=\"https:\/\/santapola.es\/ca\/el-nuevo-plan-cinegetico-aprobado-por-el-ayuntamiento-reduce-sustancialmente-la-actividad-de-la-caza-en-la-sierra-de-santa-pola\/\" \/>\n<meta property=\"og:locale\" content=\"ca_ES\" \/>\n<meta property=\"og:type\" content=\"article\" \/>\n<meta property=\"og:title\" content=\"El plan cineg\u00e9tico aprobado por el Ayuntamiento reduce la actividad de caza en la sierra de Santa Pola - Ajuntament de Santa Pola\" \/>\n<meta property=\"og:description\" content=\"La nueva norma impide cazar los domingos, reduce el n\u00famero de per\u00edodos y d\u00edas y refuerza las \u00e1reas de seguridad alrededor de Gran Alacant. Aunque la sierra adquiera el estatus de paraje natural, seguir\u00e1 siendo obligatorio el control cineg\u00e9tico, pese a lo que digan de manera equ\u00edvoca algunos grupos de la oposici\u00f3n. El concejal de [&hellip;]\" \/>\n<meta property=\"og:url\" content=\"https:\/\/santapola.es\/ca\/el-nuevo-plan-cinegetico-aprobado-por-el-ayuntamiento-reduce-sustancialmente-la-actividad-de-la-caza-en-la-sierra-de-santa-pola\/\" \/>\n<meta property=\"og:site_name\" content=\"Ajuntament de Santa Pola\" \/>\n<meta property=\"article:publisher\" content=\"https:\/\/www.facebook.com\/AyuntamientoSantaPola\/\" \/>\n<meta property=\"article:published_time\" content=\"2023-08-30T12:25:29+00:00\" \/>\n<meta property=\"article:modified_time\" content=\"2024-03-07T17:41:44+00:00\" \/>\n<meta property=\"og:image\" content=\"https:\/\/santapola.es\/wp-content\/uploads\/2023\/08\/2023-08-30-coto-de-caza.jpg\" \/>\n\t<meta property=\"og:image:width\" content=\"1280\" \/>\n\t<meta property=\"og:image:height\" content=\"720\" \/>\n\t<meta property=\"og:image:type\" content=\"image\/jpeg\" \/>\n<meta name=\"author\" content=\"Jos\u00e9 Juan L\u00f3pez Lafuente\" \/>\n<meta name=\"twitter:card\" content=\"summary_large_image\" \/>\n<meta name=\"twitter:creator\" content=\"@SantaPolaAyunt\" \/>\n<meta name=\"twitter:site\" content=\"@SantaPolaAyunt\" \/>\n<script type=\"application\/ld+json\" class=\"yoast-schema-graph\">{\"@context\":\"https:\\\/\\\/schema.org\",\"@graph\":[{\"@type\":\"Article\",\"@id\":\"https:\\\/\\\/santapola.es\\\/ca\\\/el-nuevo-plan-cinegetico-aprobado-por-el-ayuntamiento-reduce-sustancialmente-la-actividad-de-la-caza-en-la-sierra-de-santa-pola\\\/#article\",\"isPartOf\":{\"@id\":\"https:\\\/\\\/santapola.es\\\/ca\\\/el-nuevo-plan-cinegetico-aprobado-por-el-ayuntamiento-reduce-sustancialmente-la-actividad-de-la-caza-en-la-sierra-de-santa-pola\\\/\"},\"author\":{\"name\":\"Jos\u00e9 Juan L\u00f3pez Lafuente\",\"@id\":\"https:\\\/\\\/santapola.es\\\/ca\\\/#\\\/schema\\\/person\\\/ad1d67403707b58350c7be5e8dbc442d\"},\"headline\":\"El plan cineg\u00e9tico aprobado por el Ayuntamiento reduce la actividad de caza en la sierra de Santa Pola\",\"datePublished\":\"2023-08-30T12:25:29+00:00\",\"dateModified\":\"2024-03-07T17:41:44+00:00\",\"mainEntityOfPage\":{\"@id\":\"https:\\\/\\\/santapola.es\\\/ca\\\/el-nuevo-plan-cinegetico-aprobado-por-el-ayuntamiento-reduce-sustancialmente-la-actividad-de-la-caza-en-la-sierra-de-santa-pola\\\/\"},\"wordCount\":648,\"image\":{\"@id\":\"https:\\\/\\\/santapola.es\\\/ca\\\/el-nuevo-plan-cinegetico-aprobado-por-el-ayuntamiento-reduce-sustancialmente-la-actividad-de-la-caza-en-la-sierra-de-santa-pola\\\/#primaryimage\"},\"thumbnailUrl\":\"https:\\\/\\\/santapola.es\\\/wp-content\\\/uploads\\\/2023\\\/08\\\/2023-08-30-coto-de-caza.jpg\",\"keywords\":[\"\u00c1ngel Piedecausa\",\"Caza\",\"Sierra\"],\"articleSection\":[\"Inicio\",\"Medio Ambiente\",\"Sin categorizar\"],\"inLanguage\":\"ca\"},{\"@type\":\"WebPage\",\"@id\":\"https:\\\/\\\/santapola.es\\\/ca\\\/el-nuevo-plan-cinegetico-aprobado-por-el-ayuntamiento-reduce-sustancialmente-la-actividad-de-la-caza-en-la-sierra-de-santa-pola\\\/\",\"url\":\"https:\\\/\\\/santapola.es\\\/ca\\\/el-nuevo-plan-cinegetico-aprobado-por-el-ayuntamiento-reduce-sustancialmente-la-actividad-de-la-caza-en-la-sierra-de-santa-pola\\\/\",\"name\":\"El plan cineg\u00e9tico aprobado por el Ayuntamiento reduce la actividad de caza en la sierra de Santa Pola - Ajuntament de Santa Pola\",\"isPartOf\":{\"@id\":\"https:\\\/\\\/santapola.es\\\/ca\\\/#website\"},\"primaryImageOfPage\":{\"@id\":\"https:\\\/\\\/santapola.es\\\/ca\\\/el-nuevo-plan-cinegetico-aprobado-por-el-ayuntamiento-reduce-sustancialmente-la-actividad-de-la-caza-en-la-sierra-de-santa-pola\\\/#primaryimage\"},\"image\":{\"@id\":\"https:\\\/\\\/santapola.es\\\/ca\\\/el-nuevo-plan-cinegetico-aprobado-por-el-ayuntamiento-reduce-sustancialmente-la-actividad-de-la-caza-en-la-sierra-de-santa-pola\\\/#primaryimage\"},\"thumbnailUrl\":\"https:\\\/\\\/santapola.es\\\/wp-content\\\/uploads\\\/2023\\\/08\\\/2023-08-30-coto-de-caza.jpg\",\"datePublished\":\"2023-08-30T12:25:29+00:00\",\"dateModified\":\"2024-03-07T17:41:44+00:00\",\"author\":{\"@id\":\"https:\\\/\\\/santapola.es\\\/ca\\\/#\\\/schema\\\/person\\\/ad1d67403707b58350c7be5e8dbc442d\"},\"breadcrumb\":{\"@id\":\"https:\\\/\\\/santapola.es\\\/ca\\\/el-nuevo-plan-cinegetico-aprobado-por-el-ayuntamiento-reduce-sustancialmente-la-actividad-de-la-caza-en-la-sierra-de-santa-pola\\\/#breadcrumb\"},\"inLanguage\":\"ca\",\"potentialAction\":[{\"@type\":\"ReadAction\",\"target\":[\"https:\\\/\\\/santapola.es\\\/ca\\\/el-nuevo-plan-cinegetico-aprobado-por-el-ayuntamiento-reduce-sustancialmente-la-actividad-de-la-caza-en-la-sierra-de-santa-pola\\\/\"]}]},{\"@type\":\"ImageObject\",\"inLanguage\":\"ca\",\"@id\":\"https:\\\/\\\/santapola.es\\\/ca\\\/el-nuevo-plan-cinegetico-aprobado-por-el-ayuntamiento-reduce-sustancialmente-la-actividad-de-la-caza-en-la-sierra-de-santa-pola\\\/#primaryimage\",\"url\":\"https:\\\/\\\/santapola.es\\\/wp-content\\\/uploads\\\/2023\\\/08\\\/2023-08-30-coto-de-caza.jpg\",\"contentUrl\":\"https:\\\/\\\/santapola.es\\\/wp-content\\\/uploads\\\/2023\\\/08\\\/2023-08-30-coto-de-caza.jpg\",\"width\":1280,\"height\":720},{\"@type\":\"BreadcrumbList\",\"@id\":\"https:\\\/\\\/santapola.es\\\/ca\\\/el-nuevo-plan-cinegetico-aprobado-por-el-ayuntamiento-reduce-sustancialmente-la-actividad-de-la-caza-en-la-sierra-de-santa-pola\\\/#breadcrumb\",\"itemListElement\":[{\"@type\":\"ListItem\",\"position\":1,\"name\":\"Inici\",\"item\":\"https:\\\/\\\/santapola.es\\\/ca\\\/\"},{\"@type\":\"ListItem\",\"position\":2,\"name\":\"El plan cineg\u00e9tico aprobado por el Ayuntamiento reduce la actividad de caza en la sierra de Santa Pola\"}]},{\"@type\":\"WebSite\",\"@id\":\"https:\\\/\\\/santapola.es\\\/ca\\\/#website\",\"url\":\"https:\\\/\\\/santapola.es\\\/ca\\\/\",\"name\":\"Ayuntamiento de Santa Pola\",\"description\":\"Web de l'Ajuntament de Santa Pola\",\"potentialAction\":[{\"@type\":\"SearchAction\",\"target\":{\"@type\":\"EntryPoint\",\"urlTemplate\":\"https:\\\/\\\/santapola.es\\\/ca\\\/?s={search_term_string}\"},\"query-input\":{\"@type\":\"PropertyValueSpecification\",\"valueRequired\":true,\"valueName\":\"search_term_string\"}}],\"inLanguage\":\"ca\"},{\"@type\":\"Person\",\"@id\":\"https:\\\/\\\/santapola.es\\\/ca\\\/#\\\/schema\\\/person\\\/ad1d67403707b58350c7be5e8dbc442d\",\"name\":\"Jos\u00e9 Juan L\u00f3pez Lafuente\"}]}<\/script>\n<!-- \/ Yoast SEO plugin. -->","yoast_head_json":{"title":"El plan cineg\u00e9tico aprobado por el Ayuntamiento reduce la actividad de caza en la sierra de Santa Pola - Ajuntament de Santa Pola","robots":{"index":"index","follow":"follow","max-snippet":"max-snippet:-1","max-image-preview":"max-image-preview:large","max-video-preview":"max-video-preview:-1"},"canonical":"https:\/\/santapola.es\/ca\/el-nuevo-plan-cinegetico-aprobado-por-el-ayuntamiento-reduce-sustancialmente-la-actividad-de-la-caza-en-la-sierra-de-santa-pola\/","og_locale":"ca_ES","og_type":"article","og_title":"El plan cineg\u00e9tico aprobado por el Ayuntamiento reduce la actividad de caza en la sierra de Santa Pola - Ajuntament de Santa Pola","og_description":"La nueva norma impide cazar los domingos, reduce el n\u00famero de per\u00edodos y d\u00edas y refuerza las \u00e1reas de seguridad alrededor de Gran Alacant. Aunque la sierra adquiera el estatus de paraje natural, seguir\u00e1 siendo obligatorio el control cineg\u00e9tico, pese a lo que digan de manera equ\u00edvoca algunos grupos de la oposici\u00f3n. El concejal de [&hellip;]","og_url":"https:\/\/santapola.es\/ca\/el-nuevo-plan-cinegetico-aprobado-por-el-ayuntamiento-reduce-sustancialmente-la-actividad-de-la-caza-en-la-sierra-de-santa-pola\/","og_site_name":"Ajuntament de Santa Pola","article_publisher":"https:\/\/www.facebook.com\/AyuntamientoSantaPola\/","article_published_time":"2023-08-30T12:25:29+00:00","article_modified_time":"2024-03-07T17:41:44+00:00","og_image":[{"width":1280,"height":720,"url":"https:\/\/santapola.es\/wp-content\/uploads\/2023\/08\/2023-08-30-coto-de-caza.jpg","type":"image\/jpeg"}],"author":"Jos\u00e9 Juan L\u00f3pez Lafuente","twitter_card":"summary_large_image","twitter_creator":"@SantaPolaAyunt","twitter_site":"@SantaPolaAyunt","schema":{"@context":"https:\/\/schema.org","@graph":[{"@type":"Article","@id":"https:\/\/santapola.es\/ca\/el-nuevo-plan-cinegetico-aprobado-por-el-ayuntamiento-reduce-sustancialmente-la-actividad-de-la-caza-en-la-sierra-de-santa-pola\/#article","isPartOf":{"@id":"https:\/\/santapola.es\/ca\/el-nuevo-plan-cinegetico-aprobado-por-el-ayuntamiento-reduce-sustancialmente-la-actividad-de-la-caza-en-la-sierra-de-santa-pola\/"},"author":{"name":"Jos\u00e9 Juan L\u00f3pez Lafuente","@id":"https:\/\/santapola.es\/ca\/#\/schema\/person\/ad1d67403707b58350c7be5e8dbc442d"},"headline":"El plan cineg\u00e9tico aprobado por el Ayuntamiento reduce la actividad de caza en la sierra de Santa Pola","datePublished":"2023-08-30T12:25:29+00:00","dateModified":"2024-03-07T17:41:44+00:00","mainEntityOfPage":{"@id":"https:\/\/santapola.es\/ca\/el-nuevo-plan-cinegetico-aprobado-por-el-ayuntamiento-reduce-sustancialmente-la-actividad-de-la-caza-en-la-sierra-de-santa-pola\/"},"wordCount":648,"image":{"@id":"https:\/\/santapola.es\/ca\/el-nuevo-plan-cinegetico-aprobado-por-el-ayuntamiento-reduce-sustancialmente-la-actividad-de-la-caza-en-la-sierra-de-santa-pola\/#primaryimage"},"thumbnailUrl":"https:\/\/santapola.es\/wp-content\/uploads\/2023\/08\/2023-08-30-coto-de-caza.jpg","keywords":["\u00c1ngel Piedecausa","Caza","Sierra"],"articleSection":["Inicio","Medio Ambiente","Sin categorizar"],"inLanguage":"ca"},{"@type":"WebPage","@id":"https:\/\/santapola.es\/ca\/el-nuevo-plan-cinegetico-aprobado-por-el-ayuntamiento-reduce-sustancialmente-la-actividad-de-la-caza-en-la-sierra-de-santa-pola\/","url":"https:\/\/santapola.es\/ca\/el-nuevo-plan-cinegetico-aprobado-por-el-ayuntamiento-reduce-sustancialmente-la-actividad-de-la-caza-en-la-sierra-de-santa-pola\/","name":"El plan cineg\u00e9tico aprobado por el Ayuntamiento reduce la actividad de caza en la sierra de Santa Pola - Ajuntament de Santa Pola","isPartOf":{"@id":"https:\/\/santapola.es\/ca\/#website"},"primaryImageOfPage":{"@id":"https:\/\/santapola.es\/ca\/el-nuevo-plan-cinegetico-aprobado-por-el-ayuntamiento-reduce-sustancialmente-la-actividad-de-la-caza-en-la-sierra-de-santa-pola\/#primaryimage"},"image":{"@id":"https:\/\/santapola.es\/ca\/el-nuevo-plan-cinegetico-aprobado-por-el-ayuntamiento-reduce-sustancialmente-la-actividad-de-la-caza-en-la-sierra-de-santa-pola\/#primaryimage"},"thumbnailUrl":"https:\/\/santapola.es\/wp-content\/uploads\/2023\/08\/2023-08-30-coto-de-caza.jpg","datePublished":"2023-08-30T12:25:29+00:00","dateModified":"2024-03-07T17:41:44+00:00","author":{"@id":"https:\/\/santapola.es\/ca\/#\/schema\/person\/ad1d67403707b58350c7be5e8dbc442d"},"breadcrumb":{"@id":"https:\/\/santapola.es\/ca\/el-nuevo-plan-cinegetico-aprobado-por-el-ayuntamiento-reduce-sustancialmente-la-actividad-de-la-caza-en-la-sierra-de-santa-pola\/#breadcrumb"},"inLanguage":"ca","potentialAction":[{"@type":"ReadAction","target":["https:\/\/santapola.es\/ca\/el-nuevo-plan-cinegetico-aprobado-por-el-ayuntamiento-reduce-sustancialmente-la-actividad-de-la-caza-en-la-sierra-de-santa-pola\/"]}]},{"@type":"ImageObject","inLanguage":"ca","@id":"https:\/\/santapola.es\/ca\/el-nuevo-plan-cinegetico-aprobado-por-el-ayuntamiento-reduce-sustancialmente-la-actividad-de-la-caza-en-la-sierra-de-santa-pola\/#primaryimage","url":"https:\/\/santapola.es\/wp-content\/uploads\/2023\/08\/2023-08-30-coto-de-caza.jpg","contentUrl":"https:\/\/santapola.es\/wp-content\/uploads\/2023\/08\/2023-08-30-coto-de-caza.jpg","width":1280,"height":720},{"@type":"BreadcrumbList","@id":"https:\/\/santapola.es\/ca\/el-nuevo-plan-cinegetico-aprobado-por-el-ayuntamiento-reduce-sustancialmente-la-actividad-de-la-caza-en-la-sierra-de-santa-pola\/#breadcrumb","itemListElement":[{"@type":"ListItem","position":1,"name":"Inici","item":"https:\/\/santapola.es\/ca\/"},{"@type":"ListItem","position":2,"name":"El plan cineg\u00e9tico aprobado por el Ayuntamiento reduce la actividad de caza en la sierra de Santa Pola"}]},{"@type":"WebSite","@id":"https:\/\/santapola.es\/ca\/#website","url":"https:\/\/santapola.es\/ca\/","name":"Ayuntamiento de Santa Pola","description":"Web de l'Ajuntament de Santa Pola","potentialAction":[{"@type":"SearchAction","target":{"@type":"EntryPoint","urlTemplate":"https:\/\/santapola.es\/ca\/?s={search_term_string}"},"query-input":{"@type":"PropertyValueSpecification","valueRequired":true,"valueName":"search_term_string"}}],"inLanguage":"ca"},{"@type":"Person","@id":"https:\/\/santapola.es\/ca\/#\/schema\/person\/ad1d67403707b58350c7be5e8dbc442d","name":"Jos\u00e9 Juan L\u00f3pez Lafuente"}]}},"_links":{"self":[{"href":"https:\/\/santapola.es\/ca\/wp-json\/wp\/v2\/posts\/21297","targetHints":{"allow":["GET"]}}],"collection":[{"href":"https:\/\/santapola.es\/ca\/wp-json\/wp\/v2\/posts"}],"about":[{"href":"https:\/\/santapola.es\/ca\/wp-json\/wp\/v2\/types\/post"}],"author":[{"embeddable":true,"href":"https:\/\/santapola.es\/ca\/wp-json\/wp\/v2\/users\/96"}],"replies":[{"embeddable":true,"href":"https:\/\/santapola.es\/ca\/wp-json\/wp\/v2\/comments?post=21297"}],"version-history":[{"count":0,"href":"https:\/\/santapola.es\/ca\/wp-json\/wp\/v2\/posts\/21297\/revisions"}],"wp:featuredmedia":[{"embeddable":true,"href":"https:\/\/santapola.es\/ca\/wp-json\/wp\/v2\/media\/21299"}],"wp:attachment":[{"href":"https:\/\/santapola.es\/ca\/wp-json\/wp\/v2\/media?parent=21297"}],"wp:term":[{"taxonomy":"category","embeddable":true,"href":"https:\/\/santapola.es\/ca\/wp-json\/wp\/v2\/categories?post=21297"},{"taxonomy":"post_tag","embeddable":true,"href":"https:\/\/santapola.es\/ca\/wp-json\/wp\/v2\/tags?post=21297"}],"curies":[{"name":"wp","href":"https:\/\/api.w.org\/{rel}","templated":true}]}}