{"id":21285,"date":"2023-08-28T18:35:03","date_gmt":"2023-08-28T16:35:03","guid":{"rendered":"https:\/\/www.desarrollo.santapola.es\/?p=21285"},"modified":"2024-03-07T18:41:42","modified_gmt":"2024-03-07T17:41:42","slug":"la-policia-local-incorpora-dos-nuevos-agentes-caninos-para-el-control-de-estupefacientes","status":"publish","type":"post","link":"https:\/\/santapola.es\/ca\/la-policia-local-incorpora-dos-nuevos-agentes-caninos-para-el-control-de-estupefacientes\/","title":{"rendered":"La Polic\u00eda Local incorpora dos nuevos agentes caninos para el control de estupefacientes"},"content":{"rendered":"<p><strong>La concejal de Polic\u00eda, Ana Blasco, ha anunciado \u201cla incorporaci\u00f3n a la Polic\u00eda Local de dos perros que han sido adiestrados espec\u00edficamente para el control de estupefacientes y que comenzar\u00e1n a actuar de cara a las pr\u00f3ximas fiestas patronales.<\/strong><\/p>\n<p>El pasado jueves se aprob\u00f3 en junta de gobierno la cesi\u00f3n al Ayuntamiento de estos dos perros por parte de sus adiestradores, que son dos agentes de nuestra Polic\u00eda Local que han aprobado recientemente el curso de formadores en Burgos.<\/p>\n<p>Esto permitir\u00e1 que, a partir de ahora, ellos mismos puedan dar formaci\u00f3n a nuevos agentes de nuestra plantilla que puedan trabajar tambi\u00e9n con estos perros especializados.<\/p>\n<p>Seguimos de esta manera ampliando los medios de trabajo para nuestra Polic\u00eda Local, despu\u00e9s de haber incorporado recientemente un dron que nos permite aportar una mayor seguridad en nuestro municipio\u201d.<\/p>\n","protected":false},"excerpt":{"rendered":"<p>La concejal de Polic\u00eda, Ana Blasco, ha anunciado \u201cla incorporaci\u00f3n a la Polic\u00eda Local de dos perros que han sido adiestrados espec\u00edficamente para el control de estupefacientes y que comenzar\u00e1n a actuar de cara a las pr\u00f3ximas fiestas patronales. El pasado jueves se aprob\u00f3 en junta de gobierno la cesi\u00f3n al Ayuntamiento de estos dos [&hellip;]<\/p>\n","protected":false},"author":96,"featured_media":21286,"comment_status":"closed","ping_status":"closed","sticky":false,"template":"","format":"standard","meta":{"_et_pb_use_builder":"","_et_pb_old_content":"","_et_gb_content_width":"","footnotes":""},"categories":[66,206],"tags":[207,110],"class_list":["post-21285","post","type-post","status-publish","format-standard","has-post-thumbnail","hentry","category-inicio","category-policia","tag-agentes-caninos","tag-ana-blasco"],"yoast_head":"<!-- This site is optimized with the Yoast SEO plugin v27.4 - https:\/\/yoast.com\/product\/yoast-seo-wordpress\/ -->\n<title>La Polic\u00eda Local incorpora dos nuevos agentes caninos para el control de estupefacientes - Ajuntament de Santa Pola<\/title>\n<meta name=\"robots\" content=\"index, follow, max-snippet:-1, max-image-preview:large, max-video-preview:-1\" \/>\n<link rel=\"canonical\" href=\"https:\/\/santapola.es\/ca\/la-policia-local-incorpora-dos-nuevos-agentes-caninos-para-el-control-de-estupefacientes\/\" \/>\n<meta property=\"og:locale\" content=\"ca_ES\" \/>\n<meta property=\"og:type\" content=\"article\" \/>\n<meta property=\"og:title\" content=\"La Polic\u00eda Local incorpora dos nuevos agentes caninos para el control de estupefacientes - Ajuntament de Santa Pola\" \/>\n<meta property=\"og:description\" content=\"La concejal de Polic\u00eda, Ana Blasco, ha anunciado \u201cla incorporaci\u00f3n a la Polic\u00eda Local de dos perros que han sido adiestrados espec\u00edficamente para el control de estupefacientes y que comenzar\u00e1n a actuar de cara a las pr\u00f3ximas fiestas patronales. El pasado jueves se aprob\u00f3 en junta de gobierno la cesi\u00f3n al Ayuntamiento de estos dos [&hellip;]\" \/>\n<meta property=\"og:url\" content=\"https:\/\/santapola.es\/ca\/la-policia-local-incorpora-dos-nuevos-agentes-caninos-para-el-control-de-estupefacientes\/\" \/>\n<meta property=\"og:site_name\" content=\"Ajuntament de Santa Pola\" \/>\n<meta property=\"article:publisher\" content=\"https:\/\/www.facebook.com\/AyuntamientoSantaPola\/\" \/>\n<meta property=\"article:published_time\" content=\"2023-08-28T16:35:03+00:00\" \/>\n<meta property=\"article:modified_time\" content=\"2024-03-07T17:41:42+00:00\" \/>\n<meta property=\"og:image\" content=\"https:\/\/santapola.es\/wp-content\/uploads\/2023\/09\/2023-08-28-perros-policia.jpeg\" \/>\n\t<meta property=\"og:image:width\" content=\"1000\" \/>\n\t<meta property=\"og:image:height\" content=\"637\" \/>\n\t<meta property=\"og:image:type\" content=\"image\/jpeg\" \/>\n<meta name=\"author\" content=\"Jos\u00e9 Juan L\u00f3pez Lafuente\" \/>\n<meta name=\"twitter:card\" content=\"summary_large_image\" \/>\n<meta name=\"twitter:creator\" content=\"@SantaPolaAyunt\" \/>\n<meta name=\"twitter:site\" content=\"@SantaPolaAyunt\" \/>\n<script type=\"application\/ld+json\" class=\"yoast-schema-graph\">{\"@context\":\"https:\\\/\\\/schema.org\",\"@graph\":[{\"@type\":\"Article\",\"@id\":\"https:\\\/\\\/santapola.es\\\/ca\\\/la-policia-local-incorpora-dos-nuevos-agentes-caninos-para-el-control-de-estupefacientes\\\/#article\",\"isPartOf\":{\"@id\":\"https:\\\/\\\/santapola.es\\\/ca\\\/la-policia-local-incorpora-dos-nuevos-agentes-caninos-para-el-control-de-estupefacientes\\\/\"},\"author\":{\"name\":\"Jos\u00e9 Juan L\u00f3pez Lafuente\",\"@id\":\"https:\\\/\\\/santapola.es\\\/ca\\\/#\\\/schema\\\/person\\\/ad1d67403707b58350c7be5e8dbc442d\"},\"headline\":\"La Polic\u00eda Local incorpora dos nuevos agentes caninos para el control de estupefacientes\",\"datePublished\":\"2023-08-28T16:35:03+00:00\",\"dateModified\":\"2024-03-07T17:41:42+00:00\",\"mainEntityOfPage\":{\"@id\":\"https:\\\/\\\/santapola.es\\\/ca\\\/la-policia-local-incorpora-dos-nuevos-agentes-caninos-para-el-control-de-estupefacientes\\\/\"},\"wordCount\":161,\"image\":{\"@id\":\"https:\\\/\\\/santapola.es\\\/ca\\\/la-policia-local-incorpora-dos-nuevos-agentes-caninos-para-el-control-de-estupefacientes\\\/#primaryimage\"},\"thumbnailUrl\":\"https:\\\/\\\/santapola.es\\\/wp-content\\\/uploads\\\/2023\\\/09\\\/2023-08-28-perros-policia.jpeg\",\"keywords\":[\"Agentes caninos\",\"Ana Blasco\"],\"articleSection\":[\"Inicio\",\"Polic\u00eda\"],\"inLanguage\":\"ca\"},{\"@type\":\"WebPage\",\"@id\":\"https:\\\/\\\/santapola.es\\\/ca\\\/la-policia-local-incorpora-dos-nuevos-agentes-caninos-para-el-control-de-estupefacientes\\\/\",\"url\":\"https:\\\/\\\/santapola.es\\\/ca\\\/la-policia-local-incorpora-dos-nuevos-agentes-caninos-para-el-control-de-estupefacientes\\\/\",\"name\":\"La Polic\u00eda Local incorpora dos nuevos agentes caninos para el control de estupefacientes - Ajuntament de Santa Pola\",\"isPartOf\":{\"@id\":\"https:\\\/\\\/santapola.es\\\/ca\\\/#website\"},\"primaryImageOfPage\":{\"@id\":\"https:\\\/\\\/santapola.es\\\/ca\\\/la-policia-local-incorpora-dos-nuevos-agentes-caninos-para-el-control-de-estupefacientes\\\/#primaryimage\"},\"image\":{\"@id\":\"https:\\\/\\\/santapola.es\\\/ca\\\/la-policia-local-incorpora-dos-nuevos-agentes-caninos-para-el-control-de-estupefacientes\\\/#primaryimage\"},\"thumbnailUrl\":\"https:\\\/\\\/santapola.es\\\/wp-content\\\/uploads\\\/2023\\\/09\\\/2023-08-28-perros-policia.jpeg\",\"datePublished\":\"2023-08-28T16:35:03+00:00\",\"dateModified\":\"2024-03-07T17:41:42+00:00\",\"author\":{\"@id\":\"https:\\\/\\\/santapola.es\\\/ca\\\/#\\\/schema\\\/person\\\/ad1d67403707b58350c7be5e8dbc442d\"},\"breadcrumb\":{\"@id\":\"https:\\\/\\\/santapola.es\\\/ca\\\/la-policia-local-incorpora-dos-nuevos-agentes-caninos-para-el-control-de-estupefacientes\\\/#breadcrumb\"},\"inLanguage\":\"ca\",\"potentialAction\":[{\"@type\":\"ReadAction\",\"target\":[\"https:\\\/\\\/santapola.es\\\/ca\\\/la-policia-local-incorpora-dos-nuevos-agentes-caninos-para-el-control-de-estupefacientes\\\/\"]}]},{\"@type\":\"ImageObject\",\"inLanguage\":\"ca\",\"@id\":\"https:\\\/\\\/santapola.es\\\/ca\\\/la-policia-local-incorpora-dos-nuevos-agentes-caninos-para-el-control-de-estupefacientes\\\/#primaryimage\",\"url\":\"https:\\\/\\\/santapola.es\\\/wp-content\\\/uploads\\\/2023\\\/09\\\/2023-08-28-perros-policia.jpeg\",\"contentUrl\":\"https:\\\/\\\/santapola.es\\\/wp-content\\\/uploads\\\/2023\\\/09\\\/2023-08-28-perros-policia.jpeg\",\"width\":1000,\"height\":637},{\"@type\":\"BreadcrumbList\",\"@id\":\"https:\\\/\\\/santapola.es\\\/ca\\\/la-policia-local-incorpora-dos-nuevos-agentes-caninos-para-el-control-de-estupefacientes\\\/#breadcrumb\",\"itemListElement\":[{\"@type\":\"ListItem\",\"position\":1,\"name\":\"Inici\",\"item\":\"https:\\\/\\\/santapola.es\\\/ca\\\/\"},{\"@type\":\"ListItem\",\"position\":2,\"name\":\"La Polic\u00eda Local incorpora dos nuevos agentes caninos para el control de estupefacientes\"}]},{\"@type\":\"WebSite\",\"@id\":\"https:\\\/\\\/santapola.es\\\/ca\\\/#website\",\"url\":\"https:\\\/\\\/santapola.es\\\/ca\\\/\",\"name\":\"Ayuntamiento de Santa Pola\",\"description\":\"Web de l'Ajuntament de Santa Pola\",\"potentialAction\":[{\"@type\":\"SearchAction\",\"target\":{\"@type\":\"EntryPoint\",\"urlTemplate\":\"https:\\\/\\\/santapola.es\\\/ca\\\/?s={search_term_string}\"},\"query-input\":{\"@type\":\"PropertyValueSpecification\",\"valueRequired\":true,\"valueName\":\"search_term_string\"}}],\"inLanguage\":\"ca\"},{\"@type\":\"Person\",\"@id\":\"https:\\\/\\\/santapola.es\\\/ca\\\/#\\\/schema\\\/person\\\/ad1d67403707b58350c7be5e8dbc442d\",\"name\":\"Jos\u00e9 Juan L\u00f3pez Lafuente\"}]}<\/script>\n<!-- \/ Yoast SEO plugin. -->","yoast_head_json":{"title":"La Polic\u00eda Local incorpora dos nuevos agentes caninos para el control de estupefacientes - Ajuntament de Santa Pola","robots":{"index":"index","follow":"follow","max-snippet":"max-snippet:-1","max-image-preview":"max-image-preview:large","max-video-preview":"max-video-preview:-1"},"canonical":"https:\/\/santapola.es\/ca\/la-policia-local-incorpora-dos-nuevos-agentes-caninos-para-el-control-de-estupefacientes\/","og_locale":"ca_ES","og_type":"article","og_title":"La Polic\u00eda Local incorpora dos nuevos agentes caninos para el control de estupefacientes - Ajuntament de Santa Pola","og_description":"La concejal de Polic\u00eda, Ana Blasco, ha anunciado \u201cla incorporaci\u00f3n a la Polic\u00eda Local de dos perros que han sido adiestrados espec\u00edficamente para el control de estupefacientes y que comenzar\u00e1n a actuar de cara a las pr\u00f3ximas fiestas patronales. El pasado jueves se aprob\u00f3 en junta de gobierno la cesi\u00f3n al Ayuntamiento de estos dos [&hellip;]","og_url":"https:\/\/santapola.es\/ca\/la-policia-local-incorpora-dos-nuevos-agentes-caninos-para-el-control-de-estupefacientes\/","og_site_name":"Ajuntament de Santa Pola","article_publisher":"https:\/\/www.facebook.com\/AyuntamientoSantaPola\/","article_published_time":"2023-08-28T16:35:03+00:00","article_modified_time":"2024-03-07T17:41:42+00:00","og_image":[{"width":1000,"height":637,"url":"https:\/\/santapola.es\/wp-content\/uploads\/2023\/09\/2023-08-28-perros-policia.jpeg","type":"image\/jpeg"}],"author":"Jos\u00e9 Juan L\u00f3pez Lafuente","twitter_card":"summary_large_image","twitter_creator":"@SantaPolaAyunt","twitter_site":"@SantaPolaAyunt","schema":{"@context":"https:\/\/schema.org","@graph":[{"@type":"Article","@id":"https:\/\/santapola.es\/ca\/la-policia-local-incorpora-dos-nuevos-agentes-caninos-para-el-control-de-estupefacientes\/#article","isPartOf":{"@id":"https:\/\/santapola.es\/ca\/la-policia-local-incorpora-dos-nuevos-agentes-caninos-para-el-control-de-estupefacientes\/"},"author":{"name":"Jos\u00e9 Juan L\u00f3pez Lafuente","@id":"https:\/\/santapola.es\/ca\/#\/schema\/person\/ad1d67403707b58350c7be5e8dbc442d"},"headline":"La Polic\u00eda Local incorpora dos nuevos agentes caninos para el control de estupefacientes","datePublished":"2023-08-28T16:35:03+00:00","dateModified":"2024-03-07T17:41:42+00:00","mainEntityOfPage":{"@id":"https:\/\/santapola.es\/ca\/la-policia-local-incorpora-dos-nuevos-agentes-caninos-para-el-control-de-estupefacientes\/"},"wordCount":161,"image":{"@id":"https:\/\/santapola.es\/ca\/la-policia-local-incorpora-dos-nuevos-agentes-caninos-para-el-control-de-estupefacientes\/#primaryimage"},"thumbnailUrl":"https:\/\/santapola.es\/wp-content\/uploads\/2023\/09\/2023-08-28-perros-policia.jpeg","keywords":["Agentes caninos","Ana Blasco"],"articleSection":["Inicio","Polic\u00eda"],"inLanguage":"ca"},{"@type":"WebPage","@id":"https:\/\/santapola.es\/ca\/la-policia-local-incorpora-dos-nuevos-agentes-caninos-para-el-control-de-estupefacientes\/","url":"https:\/\/santapola.es\/ca\/la-policia-local-incorpora-dos-nuevos-agentes-caninos-para-el-control-de-estupefacientes\/","name":"La Polic\u00eda Local incorpora dos nuevos agentes caninos para el control de estupefacientes - Ajuntament de Santa Pola","isPartOf":{"@id":"https:\/\/santapola.es\/ca\/#website"},"primaryImageOfPage":{"@id":"https:\/\/santapola.es\/ca\/la-policia-local-incorpora-dos-nuevos-agentes-caninos-para-el-control-de-estupefacientes\/#primaryimage"},"image":{"@id":"https:\/\/santapola.es\/ca\/la-policia-local-incorpora-dos-nuevos-agentes-caninos-para-el-control-de-estupefacientes\/#primaryimage"},"thumbnailUrl":"https:\/\/santapola.es\/wp-content\/uploads\/2023\/09\/2023-08-28-perros-policia.jpeg","datePublished":"2023-08-28T16:35:03+00:00","dateModified":"2024-03-07T17:41:42+00:00","author":{"@id":"https:\/\/santapola.es\/ca\/#\/schema\/person\/ad1d67403707b58350c7be5e8dbc442d"},"breadcrumb":{"@id":"https:\/\/santapola.es\/ca\/la-policia-local-incorpora-dos-nuevos-agentes-caninos-para-el-control-de-estupefacientes\/#breadcrumb"},"inLanguage":"ca","potentialAction":[{"@type":"ReadAction","target":["https:\/\/santapola.es\/ca\/la-policia-local-incorpora-dos-nuevos-agentes-caninos-para-el-control-de-estupefacientes\/"]}]},{"@type":"ImageObject","inLanguage":"ca","@id":"https:\/\/santapola.es\/ca\/la-policia-local-incorpora-dos-nuevos-agentes-caninos-para-el-control-de-estupefacientes\/#primaryimage","url":"https:\/\/santapola.es\/wp-content\/uploads\/2023\/09\/2023-08-28-perros-policia.jpeg","contentUrl":"https:\/\/santapola.es\/wp-content\/uploads\/2023\/09\/2023-08-28-perros-policia.jpeg","width":1000,"height":637},{"@type":"BreadcrumbList","@id":"https:\/\/santapola.es\/ca\/la-policia-local-incorpora-dos-nuevos-agentes-caninos-para-el-control-de-estupefacientes\/#breadcrumb","itemListElement":[{"@type":"ListItem","position":1,"name":"Inici","item":"https:\/\/santapola.es\/ca\/"},{"@type":"ListItem","position":2,"name":"La Polic\u00eda Local incorpora dos nuevos agentes caninos para el control de estupefacientes"}]},{"@type":"WebSite","@id":"https:\/\/santapola.es\/ca\/#website","url":"https:\/\/santapola.es\/ca\/","name":"Ayuntamiento de Santa Pola","description":"Web de l'Ajuntament de Santa Pola","potentialAction":[{"@type":"SearchAction","target":{"@type":"EntryPoint","urlTemplate":"https:\/\/santapola.es\/ca\/?s={search_term_string}"},"query-input":{"@type":"PropertyValueSpecification","valueRequired":true,"valueName":"search_term_string"}}],"inLanguage":"ca"},{"@type":"Person","@id":"https:\/\/santapola.es\/ca\/#\/schema\/person\/ad1d67403707b58350c7be5e8dbc442d","name":"Jos\u00e9 Juan L\u00f3pez Lafuente"}]}},"_links":{"self":[{"href":"https:\/\/santapola.es\/ca\/wp-json\/wp\/v2\/posts\/21285","targetHints":{"allow":["GET"]}}],"collection":[{"href":"https:\/\/santapola.es\/ca\/wp-json\/wp\/v2\/posts"}],"about":[{"href":"https:\/\/santapola.es\/ca\/wp-json\/wp\/v2\/types\/post"}],"author":[{"embeddable":true,"href":"https:\/\/santapola.es\/ca\/wp-json\/wp\/v2\/users\/96"}],"replies":[{"embeddable":true,"href":"https:\/\/santapola.es\/ca\/wp-json\/wp\/v2\/comments?post=21285"}],"version-history":[{"count":0,"href":"https:\/\/santapola.es\/ca\/wp-json\/wp\/v2\/posts\/21285\/revisions"}],"wp:featuredmedia":[{"embeddable":true,"href":"https:\/\/santapola.es\/ca\/wp-json\/wp\/v2\/media\/21286"}],"wp:attachment":[{"href":"https:\/\/santapola.es\/ca\/wp-json\/wp\/v2\/media?parent=21285"}],"wp:term":[{"taxonomy":"category","embeddable":true,"href":"https:\/\/santapola.es\/ca\/wp-json\/wp\/v2\/categories?post=21285"},{"taxonomy":"post_tag","embeddable":true,"href":"https:\/\/santapola.es\/ca\/wp-json\/wp\/v2\/tags?post=21285"}],"curies":[{"name":"wp","href":"https:\/\/api.w.org\/{rel}","templated":true}]}}