{"id":21263,"date":"2023-08-27T13:10:25","date_gmt":"2023-08-27T11:10:25","guid":{"rendered":"https:\/\/www.desarrollo.santapola.es\/?p=21263"},"modified":"2024-03-07T18:41:40","modified_gmt":"2024-03-07T17:41:40","slug":"la-seleccion-espanola-de-sup-prepara-en-la-bahia-de-santa-pola-el-asalto-al-oro-mundial","status":"publish","type":"post","link":"https:\/\/santapola.es\/ca\/la-seleccion-espanola-de-sup-prepara-en-la-bahia-de-santa-pola-el-asalto-al-oro-mundial\/","title":{"rendered":"La selecci\u00f3n espa\u00f1ola de SUP prepara en la bah\u00eda de Santa Pola el asalto al oro mundial"},"content":{"rendered":"<p><strong>La \u00e9lite del stand up paddle (SUP) nacional se encuentra concentrada en Santa Pola en sus \u00faltimos preparativos antes de luchar por el Campeonato del Mundo que se celebrar\u00e1 el pr\u00f3ximo mes de septiembre en Francia.<\/strong><\/p>\n<p>La selecci\u00f3n espa\u00f1ola de stand up paddle (SUP) est\u00e1 realizando estos d\u00edas una concentraci\u00f3n en Santa Pola para preparar el pr\u00f3ximo Campeonato del Mundo de la especialidad de carrera que se celebrar\u00e1 el mes que viene en la localidad francesa de Les Sables d\u2019Olonne. En el selecto grupo que hoy practicaba en la playa del Varadero participan tambi\u00e9n palistas locales con un gran nivel.<\/p>\n<p>El seleccionador nacional, Manuel Simoncelli, se mostr\u00f3 encantado de poder entrenar estos d\u00edas en la bah\u00eda de Santa Pola con la \u00e9lite del SUP nacional: \u201cHemos tra\u00eddo a esta concentraci\u00f3n a 23 regatistas, aunque para el Mundial habr\u00e1 un equipo m\u00e1s reducido. Nuestro objetivo es ganar el Campeonato del Mundo, ya llevamos a\u00f1os quedando segundos y queremos ya por fin ganar a los franceses\u201d.<\/p>\n<p>Entre las figuras concentradas en Santa Pola tenemos a dos campeonas mundiales: \u201cEsperanza Barreras y Duna Gordillo ya saben lo que es colgarse una medalla de oro en mundiales, en equipos por relevos tambi\u00e9n nos hemos colgado unas cuantas veces y estamos cerquita del triunfo global, esperemos que \u00e9ste sea el a\u00f1o\u201d.<\/p>\n<p>Simoncelli se mostr\u00f3 encantado por estas jornadas de preparaci\u00f3n en nuestras aguas: \u201cEs fant\u00e1stico, a Santa Pola siempre venimos porque aqu\u00ed se celebran carreras importantes, ya la conocemos bien y nos sentimos muy a gusto. Daniel Parres pone todo de su parte y nos facilita mucho el trabajo y la log\u00edstica, entonces venimos encantados aqu\u00ed\u201d.<\/p>\n<p><strong>Apoyo incondicional al deporte n\u00e1utico<\/strong><\/p>\n<p>El concejal de Deportes y Playas, \u00c1ngel Piedecausa, expres\u00f3 su \u201cgran satisfacci\u00f3n por contar en Santa Pola con la selecci\u00f3n espa\u00f1ola de SUP, tenemos con nosotros a varias regatistas que ya han sido campeonas del mundo y ahora el equipo busca el objetivo de traernos el oro absoluto en el pr\u00f3ximo Mundial de Francia.<\/p>\n<p>Es curioso que, justo en el mismo momento en que otras personas se manifiestan en contra de los deportes n\u00e1uticos en la playa del Tamarit, nosotros estamos aqu\u00ed con la \u00e9lite del SUP apoyando a nuestros deportistas, tanto locales como nacionales.<\/p>\n<p>Nos sentimos muy orgullosos de que elijan a Santa Pola para su concentraci\u00f3n, y esto no es casualidad, sino el fruto de un trabajo concienzudo de muchos a\u00f1os realizado por las escuelas deportivas y por los clubes, por supuesto con el apoyo del Ayuntamiento\u201d.<\/p>\n<p>Piedecausa reiter\u00f3 \u201cel apoyo incondicional que desde el Ayuntamiento de Santa Pola ofrecemos al deporte tanto base como de \u00e9lite, y especialmente a los deportes n\u00e1uticos, incluido el kitesurf, porque gracias a ese trabajo conjunto de todos hemos conseguido romper el mito de que Santa Pola viv\u00eda de espaldas al mar. Por suerte eso ya es historia y nuestros j\u00f3venes pueden disfrutar plenamente de una gran variedad de actividades n\u00e1uticas\u201d.<\/p>\n<p><img loading=\"lazy\" decoding=\"async\" class=\"aligncenter size-large wp-image-21266\" src=\"https:\/\/santapola.es\/wp-content\/uploads\/2023\/08\/2023-08-27-seleccion-espanola-SUP-2-1024x577.jpeg\" alt=\"\" width=\"1024\" height=\"577\" srcset=\"https:\/\/santapola.es\/wp-content\/uploads\/2023\/08\/2023-08-27-seleccion-espanola-SUP-2-980x552.jpeg 980w, https:\/\/santapola.es\/wp-content\/uploads\/2023\/08\/2023-08-27-seleccion-espanola-SUP-2-480x270.jpeg 480w\" sizes=\"(min-width: 0px) and (max-width: 480px) 480px, (min-width: 481px) and (max-width: 980px) 980px, (min-width: 981px) 1024px, 100vw\" \/><\/p>\n","protected":false},"excerpt":{"rendered":"<p>La \u00e9lite del stand up paddle (SUP) nacional se encuentra concentrada en Santa Pola en sus \u00faltimos preparativos antes de luchar por el Campeonato del Mundo que se celebrar\u00e1 el pr\u00f3ximo mes de septiembre en Francia. La selecci\u00f3n espa\u00f1ola de stand up paddle (SUP) est\u00e1 realizando estos d\u00edas una concentraci\u00f3n en Santa Pola para preparar [&hellip;]<\/p>\n","protected":false},"author":96,"featured_media":21265,"comment_status":"closed","ping_status":"closed","sticky":false,"template":"","format":"standard","meta":{"_et_pb_use_builder":"","_et_pb_old_content":"","_et_gb_content_width":"","footnotes":""},"categories":[59,66],"tags":[145,201],"class_list":["post-21263","post","type-post","status-publish","format-standard","has-post-thumbnail","hentry","category-deportes","category-inicio","tag-angel-piedecausa","tag-sup"],"yoast_head":"<!-- This site is optimized with the Yoast SEO plugin v27.4 - https:\/\/yoast.com\/product\/yoast-seo-wordpress\/ -->\n<title>La selecci\u00f3n espa\u00f1ola de SUP prepara en la bah\u00eda de Santa Pola el asalto al oro mundial - Ajuntament de Santa Pola<\/title>\n<meta name=\"robots\" content=\"index, follow, max-snippet:-1, max-image-preview:large, max-video-preview:-1\" \/>\n<link rel=\"canonical\" href=\"https:\/\/santapola.es\/ca\/la-seleccion-espanola-de-sup-prepara-en-la-bahia-de-santa-pola-el-asalto-al-oro-mundial\/\" \/>\n<meta property=\"og:locale\" content=\"ca_ES\" \/>\n<meta property=\"og:type\" content=\"article\" \/>\n<meta property=\"og:title\" content=\"La selecci\u00f3n espa\u00f1ola de SUP prepara en la bah\u00eda de Santa Pola el asalto al oro mundial - Ajuntament de Santa Pola\" \/>\n<meta property=\"og:description\" content=\"La \u00e9lite del stand up paddle (SUP) nacional se encuentra concentrada en Santa Pola en sus \u00faltimos preparativos antes de luchar por el Campeonato del Mundo que se celebrar\u00e1 el pr\u00f3ximo mes de septiembre en Francia. La selecci\u00f3n espa\u00f1ola de stand up paddle (SUP) est\u00e1 realizando estos d\u00edas una concentraci\u00f3n en Santa Pola para preparar [&hellip;]\" \/>\n<meta property=\"og:url\" content=\"https:\/\/santapola.es\/ca\/la-seleccion-espanola-de-sup-prepara-en-la-bahia-de-santa-pola-el-asalto-al-oro-mundial\/\" \/>\n<meta property=\"og:site_name\" content=\"Ajuntament de Santa Pola\" \/>\n<meta property=\"article:publisher\" content=\"https:\/\/www.facebook.com\/AyuntamientoSantaPola\/\" \/>\n<meta property=\"article:published_time\" content=\"2023-08-27T11:10:25+00:00\" \/>\n<meta property=\"article:modified_time\" content=\"2024-03-07T17:41:40+00:00\" \/>\n<meta property=\"og:image\" content=\"https:\/\/santapola.es\/wp-content\/uploads\/2023\/08\/2023-08-27-seleccion-espanola-SUP.jpeg\" \/>\n\t<meta property=\"og:image:width\" content=\"3000\" \/>\n\t<meta property=\"og:image:height\" content=\"1689\" \/>\n\t<meta property=\"og:image:type\" content=\"image\/jpeg\" \/>\n<meta name=\"author\" content=\"Jos\u00e9 Juan L\u00f3pez Lafuente\" \/>\n<meta name=\"twitter:card\" content=\"summary_large_image\" \/>\n<meta name=\"twitter:creator\" content=\"@SantaPolaAyunt\" \/>\n<meta name=\"twitter:site\" content=\"@SantaPolaAyunt\" \/>\n<script type=\"application\/ld+json\" class=\"yoast-schema-graph\">{\"@context\":\"https:\\\/\\\/schema.org\",\"@graph\":[{\"@type\":\"Article\",\"@id\":\"https:\\\/\\\/santapola.es\\\/ca\\\/la-seleccion-espanola-de-sup-prepara-en-la-bahia-de-santa-pola-el-asalto-al-oro-mundial\\\/#article\",\"isPartOf\":{\"@id\":\"https:\\\/\\\/santapola.es\\\/ca\\\/la-seleccion-espanola-de-sup-prepara-en-la-bahia-de-santa-pola-el-asalto-al-oro-mundial\\\/\"},\"author\":{\"name\":\"Jos\u00e9 Juan L\u00f3pez Lafuente\",\"@id\":\"https:\\\/\\\/santapola.es\\\/ca\\\/#\\\/schema\\\/person\\\/ad1d67403707b58350c7be5e8dbc442d\"},\"headline\":\"La selecci\u00f3n espa\u00f1ola de SUP prepara en la bah\u00eda de Santa Pola el asalto al oro mundial\",\"datePublished\":\"2023-08-27T11:10:25+00:00\",\"dateModified\":\"2024-03-07T17:41:40+00:00\",\"mainEntityOfPage\":{\"@id\":\"https:\\\/\\\/santapola.es\\\/ca\\\/la-seleccion-espanola-de-sup-prepara-en-la-bahia-de-santa-pola-el-asalto-al-oro-mundial\\\/\"},\"wordCount\":535,\"image\":{\"@id\":\"https:\\\/\\\/santapola.es\\\/ca\\\/la-seleccion-espanola-de-sup-prepara-en-la-bahia-de-santa-pola-el-asalto-al-oro-mundial\\\/#primaryimage\"},\"thumbnailUrl\":\"https:\\\/\\\/santapola.es\\\/wp-content\\\/uploads\\\/2023\\\/08\\\/2023-08-27-seleccion-espanola-SUP.jpeg\",\"keywords\":[\"\u00c1ngel Piedecausa\",\"SUP\"],\"articleSection\":[\"Deportes\",\"Inicio\"],\"inLanguage\":\"ca\"},{\"@type\":\"WebPage\",\"@id\":\"https:\\\/\\\/santapola.es\\\/ca\\\/la-seleccion-espanola-de-sup-prepara-en-la-bahia-de-santa-pola-el-asalto-al-oro-mundial\\\/\",\"url\":\"https:\\\/\\\/santapola.es\\\/ca\\\/la-seleccion-espanola-de-sup-prepara-en-la-bahia-de-santa-pola-el-asalto-al-oro-mundial\\\/\",\"name\":\"La selecci\u00f3n espa\u00f1ola de SUP prepara en la bah\u00eda de Santa Pola el asalto al oro mundial - Ajuntament de Santa Pola\",\"isPartOf\":{\"@id\":\"https:\\\/\\\/santapola.es\\\/ca\\\/#website\"},\"primaryImageOfPage\":{\"@id\":\"https:\\\/\\\/santapola.es\\\/ca\\\/la-seleccion-espanola-de-sup-prepara-en-la-bahia-de-santa-pola-el-asalto-al-oro-mundial\\\/#primaryimage\"},\"image\":{\"@id\":\"https:\\\/\\\/santapola.es\\\/ca\\\/la-seleccion-espanola-de-sup-prepara-en-la-bahia-de-santa-pola-el-asalto-al-oro-mundial\\\/#primaryimage\"},\"thumbnailUrl\":\"https:\\\/\\\/santapola.es\\\/wp-content\\\/uploads\\\/2023\\\/08\\\/2023-08-27-seleccion-espanola-SUP.jpeg\",\"datePublished\":\"2023-08-27T11:10:25+00:00\",\"dateModified\":\"2024-03-07T17:41:40+00:00\",\"author\":{\"@id\":\"https:\\\/\\\/santapola.es\\\/ca\\\/#\\\/schema\\\/person\\\/ad1d67403707b58350c7be5e8dbc442d\"},\"breadcrumb\":{\"@id\":\"https:\\\/\\\/santapola.es\\\/ca\\\/la-seleccion-espanola-de-sup-prepara-en-la-bahia-de-santa-pola-el-asalto-al-oro-mundial\\\/#breadcrumb\"},\"inLanguage\":\"ca\",\"potentialAction\":[{\"@type\":\"ReadAction\",\"target\":[\"https:\\\/\\\/santapola.es\\\/ca\\\/la-seleccion-espanola-de-sup-prepara-en-la-bahia-de-santa-pola-el-asalto-al-oro-mundial\\\/\"]}]},{\"@type\":\"ImageObject\",\"inLanguage\":\"ca\",\"@id\":\"https:\\\/\\\/santapola.es\\\/ca\\\/la-seleccion-espanola-de-sup-prepara-en-la-bahia-de-santa-pola-el-asalto-al-oro-mundial\\\/#primaryimage\",\"url\":\"https:\\\/\\\/santapola.es\\\/wp-content\\\/uploads\\\/2023\\\/08\\\/2023-08-27-seleccion-espanola-SUP.jpeg\",\"contentUrl\":\"https:\\\/\\\/santapola.es\\\/wp-content\\\/uploads\\\/2023\\\/08\\\/2023-08-27-seleccion-espanola-SUP.jpeg\",\"width\":3000,\"height\":1689},{\"@type\":\"BreadcrumbList\",\"@id\":\"https:\\\/\\\/santapola.es\\\/ca\\\/la-seleccion-espanola-de-sup-prepara-en-la-bahia-de-santa-pola-el-asalto-al-oro-mundial\\\/#breadcrumb\",\"itemListElement\":[{\"@type\":\"ListItem\",\"position\":1,\"name\":\"Inici\",\"item\":\"https:\\\/\\\/santapola.es\\\/ca\\\/\"},{\"@type\":\"ListItem\",\"position\":2,\"name\":\"La selecci\u00f3n espa\u00f1ola de SUP prepara en la bah\u00eda de Santa Pola el asalto al oro mundial\"}]},{\"@type\":\"WebSite\",\"@id\":\"https:\\\/\\\/santapola.es\\\/ca\\\/#website\",\"url\":\"https:\\\/\\\/santapola.es\\\/ca\\\/\",\"name\":\"Ayuntamiento de Santa Pola\",\"description\":\"Web de l'Ajuntament de Santa Pola\",\"potentialAction\":[{\"@type\":\"SearchAction\",\"target\":{\"@type\":\"EntryPoint\",\"urlTemplate\":\"https:\\\/\\\/santapola.es\\\/ca\\\/?s={search_term_string}\"},\"query-input\":{\"@type\":\"PropertyValueSpecification\",\"valueRequired\":true,\"valueName\":\"search_term_string\"}}],\"inLanguage\":\"ca\"},{\"@type\":\"Person\",\"@id\":\"https:\\\/\\\/santapola.es\\\/ca\\\/#\\\/schema\\\/person\\\/ad1d67403707b58350c7be5e8dbc442d\",\"name\":\"Jos\u00e9 Juan L\u00f3pez Lafuente\"}]}<\/script>\n<!-- \/ Yoast SEO plugin. -->","yoast_head_json":{"title":"La selecci\u00f3n espa\u00f1ola de SUP prepara en la bah\u00eda de Santa Pola el asalto al oro mundial - Ajuntament de Santa Pola","robots":{"index":"index","follow":"follow","max-snippet":"max-snippet:-1","max-image-preview":"max-image-preview:large","max-video-preview":"max-video-preview:-1"},"canonical":"https:\/\/santapola.es\/ca\/la-seleccion-espanola-de-sup-prepara-en-la-bahia-de-santa-pola-el-asalto-al-oro-mundial\/","og_locale":"ca_ES","og_type":"article","og_title":"La selecci\u00f3n espa\u00f1ola de SUP prepara en la bah\u00eda de Santa Pola el asalto al oro mundial - Ajuntament de Santa Pola","og_description":"La \u00e9lite del stand up paddle (SUP) nacional se encuentra concentrada en Santa Pola en sus \u00faltimos preparativos antes de luchar por el Campeonato del Mundo que se celebrar\u00e1 el pr\u00f3ximo mes de septiembre en Francia. La selecci\u00f3n espa\u00f1ola de stand up paddle (SUP) est\u00e1 realizando estos d\u00edas una concentraci\u00f3n en Santa Pola para preparar [&hellip;]","og_url":"https:\/\/santapola.es\/ca\/la-seleccion-espanola-de-sup-prepara-en-la-bahia-de-santa-pola-el-asalto-al-oro-mundial\/","og_site_name":"Ajuntament de Santa Pola","article_publisher":"https:\/\/www.facebook.com\/AyuntamientoSantaPola\/","article_published_time":"2023-08-27T11:10:25+00:00","article_modified_time":"2024-03-07T17:41:40+00:00","og_image":[{"width":3000,"height":1689,"url":"https:\/\/santapola.es\/wp-content\/uploads\/2023\/08\/2023-08-27-seleccion-espanola-SUP.jpeg","type":"image\/jpeg"}],"author":"Jos\u00e9 Juan L\u00f3pez Lafuente","twitter_card":"summary_large_image","twitter_creator":"@SantaPolaAyunt","twitter_site":"@SantaPolaAyunt","schema":{"@context":"https:\/\/schema.org","@graph":[{"@type":"Article","@id":"https:\/\/santapola.es\/ca\/la-seleccion-espanola-de-sup-prepara-en-la-bahia-de-santa-pola-el-asalto-al-oro-mundial\/#article","isPartOf":{"@id":"https:\/\/santapola.es\/ca\/la-seleccion-espanola-de-sup-prepara-en-la-bahia-de-santa-pola-el-asalto-al-oro-mundial\/"},"author":{"name":"Jos\u00e9 Juan L\u00f3pez Lafuente","@id":"https:\/\/santapola.es\/ca\/#\/schema\/person\/ad1d67403707b58350c7be5e8dbc442d"},"headline":"La selecci\u00f3n espa\u00f1ola de SUP prepara en la bah\u00eda de Santa Pola el asalto al oro mundial","datePublished":"2023-08-27T11:10:25+00:00","dateModified":"2024-03-07T17:41:40+00:00","mainEntityOfPage":{"@id":"https:\/\/santapola.es\/ca\/la-seleccion-espanola-de-sup-prepara-en-la-bahia-de-santa-pola-el-asalto-al-oro-mundial\/"},"wordCount":535,"image":{"@id":"https:\/\/santapola.es\/ca\/la-seleccion-espanola-de-sup-prepara-en-la-bahia-de-santa-pola-el-asalto-al-oro-mundial\/#primaryimage"},"thumbnailUrl":"https:\/\/santapola.es\/wp-content\/uploads\/2023\/08\/2023-08-27-seleccion-espanola-SUP.jpeg","keywords":["\u00c1ngel Piedecausa","SUP"],"articleSection":["Deportes","Inicio"],"inLanguage":"ca"},{"@type":"WebPage","@id":"https:\/\/santapola.es\/ca\/la-seleccion-espanola-de-sup-prepara-en-la-bahia-de-santa-pola-el-asalto-al-oro-mundial\/","url":"https:\/\/santapola.es\/ca\/la-seleccion-espanola-de-sup-prepara-en-la-bahia-de-santa-pola-el-asalto-al-oro-mundial\/","name":"La selecci\u00f3n espa\u00f1ola de SUP prepara en la bah\u00eda de Santa Pola el asalto al oro mundial - Ajuntament de Santa Pola","isPartOf":{"@id":"https:\/\/santapola.es\/ca\/#website"},"primaryImageOfPage":{"@id":"https:\/\/santapola.es\/ca\/la-seleccion-espanola-de-sup-prepara-en-la-bahia-de-santa-pola-el-asalto-al-oro-mundial\/#primaryimage"},"image":{"@id":"https:\/\/santapola.es\/ca\/la-seleccion-espanola-de-sup-prepara-en-la-bahia-de-santa-pola-el-asalto-al-oro-mundial\/#primaryimage"},"thumbnailUrl":"https:\/\/santapola.es\/wp-content\/uploads\/2023\/08\/2023-08-27-seleccion-espanola-SUP.jpeg","datePublished":"2023-08-27T11:10:25+00:00","dateModified":"2024-03-07T17:41:40+00:00","author":{"@id":"https:\/\/santapola.es\/ca\/#\/schema\/person\/ad1d67403707b58350c7be5e8dbc442d"},"breadcrumb":{"@id":"https:\/\/santapola.es\/ca\/la-seleccion-espanola-de-sup-prepara-en-la-bahia-de-santa-pola-el-asalto-al-oro-mundial\/#breadcrumb"},"inLanguage":"ca","potentialAction":[{"@type":"ReadAction","target":["https:\/\/santapola.es\/ca\/la-seleccion-espanola-de-sup-prepara-en-la-bahia-de-santa-pola-el-asalto-al-oro-mundial\/"]}]},{"@type":"ImageObject","inLanguage":"ca","@id":"https:\/\/santapola.es\/ca\/la-seleccion-espanola-de-sup-prepara-en-la-bahia-de-santa-pola-el-asalto-al-oro-mundial\/#primaryimage","url":"https:\/\/santapola.es\/wp-content\/uploads\/2023\/08\/2023-08-27-seleccion-espanola-SUP.jpeg","contentUrl":"https:\/\/santapola.es\/wp-content\/uploads\/2023\/08\/2023-08-27-seleccion-espanola-SUP.jpeg","width":3000,"height":1689},{"@type":"BreadcrumbList","@id":"https:\/\/santapola.es\/ca\/la-seleccion-espanola-de-sup-prepara-en-la-bahia-de-santa-pola-el-asalto-al-oro-mundial\/#breadcrumb","itemListElement":[{"@type":"ListItem","position":1,"name":"Inici","item":"https:\/\/santapola.es\/ca\/"},{"@type":"ListItem","position":2,"name":"La selecci\u00f3n espa\u00f1ola de SUP prepara en la bah\u00eda de Santa Pola el asalto al oro mundial"}]},{"@type":"WebSite","@id":"https:\/\/santapola.es\/ca\/#website","url":"https:\/\/santapola.es\/ca\/","name":"Ayuntamiento de Santa Pola","description":"Web de l'Ajuntament de Santa Pola","potentialAction":[{"@type":"SearchAction","target":{"@type":"EntryPoint","urlTemplate":"https:\/\/santapola.es\/ca\/?s={search_term_string}"},"query-input":{"@type":"PropertyValueSpecification","valueRequired":true,"valueName":"search_term_string"}}],"inLanguage":"ca"},{"@type":"Person","@id":"https:\/\/santapola.es\/ca\/#\/schema\/person\/ad1d67403707b58350c7be5e8dbc442d","name":"Jos\u00e9 Juan L\u00f3pez Lafuente"}]}},"_links":{"self":[{"href":"https:\/\/santapola.es\/ca\/wp-json\/wp\/v2\/posts\/21263","targetHints":{"allow":["GET"]}}],"collection":[{"href":"https:\/\/santapola.es\/ca\/wp-json\/wp\/v2\/posts"}],"about":[{"href":"https:\/\/santapola.es\/ca\/wp-json\/wp\/v2\/types\/post"}],"author":[{"embeddable":true,"href":"https:\/\/santapola.es\/ca\/wp-json\/wp\/v2\/users\/96"}],"replies":[{"embeddable":true,"href":"https:\/\/santapola.es\/ca\/wp-json\/wp\/v2\/comments?post=21263"}],"version-history":[{"count":0,"href":"https:\/\/santapola.es\/ca\/wp-json\/wp\/v2\/posts\/21263\/revisions"}],"wp:featuredmedia":[{"embeddable":true,"href":"https:\/\/santapola.es\/ca\/wp-json\/wp\/v2\/media\/21265"}],"wp:attachment":[{"href":"https:\/\/santapola.es\/ca\/wp-json\/wp\/v2\/media?parent=21263"}],"wp:term":[{"taxonomy":"category","embeddable":true,"href":"https:\/\/santapola.es\/ca\/wp-json\/wp\/v2\/categories?post=21263"},{"taxonomy":"post_tag","embeddable":true,"href":"https:\/\/santapola.es\/ca\/wp-json\/wp\/v2\/tags?post=21263"}],"curies":[{"name":"wp","href":"https:\/\/api.w.org\/{rel}","templated":true}]}}