{"id":21229,"date":"2023-08-23T11:17:03","date_gmt":"2023-08-23T09:17:03","guid":{"rendered":"https:\/\/www.desarrollo.santapola.es\/?p=21229"},"modified":"2024-03-07T18:41:36","modified_gmt":"2024-03-07T17:41:36","slug":"la-casa-de-cultura-lanza-su-programacion-de-cursos-y-talleres-2023-24","status":"publish","type":"post","link":"https:\/\/santapola.es\/ca\/la-casa-de-cultura-lanza-su-programacion-de-cursos-y-talleres-2023-24\/","title":{"rendered":"La Casa de Cultura lanza su programaci\u00f3n de cursos y talleres 2023-24"},"content":{"rendered":"<p><b>Entre el 28 de agosto y el 10 de septiembre estar\u00e1 abierto el plazo de inscripci\u00f3n para los cursos de ingl\u00e9s y valenciano y los talleres de cer\u00e1mica, arte en el museo, pintura, rob\u00f3tica y teatro.<\/b><\/p>\n<p><span style=\"font-weight: 400\">El \u00c1rea de Cultura del Ayuntamiento de Santa Pola abrir\u00e1 el pr\u00f3ximo lunes 28 de agosto el plazo para la inscripci\u00f3n en su oferta de cursos y talleres 2023-2024. Las personas interesadas tendr\u00e1n hasta el 10 de septiembre para formalizar su inscripci\u00f3n en la web <\/span><a class=\"externo\" href=\"http:\/\/www.culturasantapola.es\" target=\"_blank\" rel=\"noopener\"><span style=\"font-weight: 400\">www.culturasantapola.es<\/span><\/a><span style=\"font-weight: 400\">\u00a0<\/span><\/p>\n<p><span style=\"font-weight: 400\">Finalizado el plazo, el acceso se realizar\u00e1 por orden de inscripci\u00f3n seg\u00fan las plazas disponibles y, si hubiera m\u00e1s solicitudes que plazas disponibles, se realizar\u00eda un sorteo con prioridad para los empadronados. Tambi\u00e9n tendr\u00e1n preferencia los alumnos matriculados en idiomas en el curso 2022-23 y que lo hayan finalizado.<\/span><\/p>\n<p><span style=\"font-weight: 400\">Las listas de admitidos se publicar\u00e1n el 14 de septiembre y tendr\u00e1n del 18 al 26 de septiembre para pagar la tasa y formalizar la matr\u00edcula.\u00a0<\/span><\/p>\n<p><b>Cursos de idiomas<\/b><\/p>\n<p><span style=\"font-weight: 400\">Los cursos de ingl\u00e9s comenzar\u00e1n el 2 de octubre y se dividen en varias categor\u00edas: infantil, iniciaci\u00f3n A1.1, iniciaci\u00f3n A1.2, elemental j\u00f3venes A2 (todos ellos con un pago \u00fanico de 53 \u20ac) e intermedio j\u00f3venes B1.1 (78 \u20ac).\u00a0<\/span><\/p>\n<p><span style=\"font-weight: 400\">A partir de 16 a\u00f1os se establecen los grupos para principiantes A1, elemental A2, intermedio B1.1, intermedio B1.2, preparaci\u00f3n de ex\u00e1menes Cambridge B1 y Cambridge B2. La tasa normal cuesta 125 \u20ac y la reducida 95 \u20ac.\u00a0<\/span><\/p>\n<p><span style=\"font-weight: 400\">En cuanto a los cursos de valenciano, se dividen en dos niveles, A2 y C1, con una tasa normal de 80 \u20ac y reducida de 61,25 \u20ac. Las clases se desarrollar\u00e1n del 6 de noviembre al 30 de abril.<\/span><\/p>\n<p><b>Talleres variados<\/b><\/p>\n<p><span style=\"font-weight: 400\">Con los mismos plazos de inscripci\u00f3n que los cursos de idiomas, los talleres comenzar\u00e1n el 2 de octubre y finalizar\u00e1n el 31 de mayo de 2024.\u00a0<\/span><\/p>\n<p><span style=\"font-weight: 400\">La oferta comienza con el taller de cer\u00e1mica, que en su modalidad infantil tendr\u00e1 dos grupos con distintas edades y un tercero para personas con capacidades diferentes, todos ellos con un pago \u00fanico de 25 \u20ac. Por su parte, los adultos se dividir\u00e1n en dos grupos y deber\u00e1n pagar una tasa de 133 \u20ac, si es reducida 111 \u20ac.<\/span><\/p>\n<p><span style=\"font-weight: 400\">Los talleres de arte en el museo costar\u00e1n 73 \u20ac y se crear\u00e1n dos grupos, uno para ni\u00f1os de 5 a 7 a\u00f1os y otro a partir de 8 a\u00f1os.<\/span><\/p>\n<p><span style=\"font-weight: 400\">El de teatro repetir\u00e1 estos dos mismos grupos de edad con un pago \u00fanico de 57 \u20ac.<\/span><\/p>\n<p><span style=\"font-weight: 400\">El taller de pintura ofrece una excelente experiencia a personas con diversidad funcional, con un coste \u00fanico de 25 \u20ac, adem\u00e1s de dos grupos para mayores de 16 a\u00f1os con una tasa normal de 133 \u20ac y reducida de 111 \u20ac.<\/span><\/p>\n<p><span style=\"font-weight: 400\">Por \u00faltimo, los talleres de rob\u00f3tica cuestan 52 \u20ac y se dividir\u00e1n en tres grupos con edades de 6-8, 9-12 y 13-14 a\u00f1os.<\/span><\/p>\n","protected":false},"excerpt":{"rendered":"<p>Entre el 28 de agosto y el 10 de septiembre estar\u00e1 abierto el plazo de inscripci\u00f3n para los cursos de ingl\u00e9s y valenciano y los talleres de cer\u00e1mica, arte en el museo, pintura, rob\u00f3tica y teatro. El \u00c1rea de Cultura del Ayuntamiento de Santa Pola abrir\u00e1 el pr\u00f3ximo lunes 28 de agosto el plazo para [&hellip;]<\/p>\n","protected":false},"author":96,"featured_media":21230,"comment_status":"closed","ping_status":"closed","sticky":false,"template":"","format":"standard","meta":{"_et_pb_use_builder":"","_et_pb_old_content":"","_et_gb_content_width":"","footnotes":""},"categories":[96,66],"tags":[189,190],"class_list":["post-21229","post","type-post","status-publish","format-standard","has-post-thumbnail","hentry","category-cultura","category-inicio","tag-casa-de-cultura","tag-cursos-y-talleres"],"yoast_head":"<!-- This site is optimized with the Yoast SEO plugin v27.4 - https:\/\/yoast.com\/product\/yoast-seo-wordpress\/ -->\n<title>La Casa de Cultura lanza su programaci\u00f3n de cursos y talleres 2023-24 - Ajuntament de Santa Pola<\/title>\n<meta name=\"robots\" content=\"index, follow, max-snippet:-1, max-image-preview:large, max-video-preview:-1\" \/>\n<link rel=\"canonical\" href=\"https:\/\/santapola.es\/ca\/la-casa-de-cultura-lanza-su-programacion-de-cursos-y-talleres-2023-24\/\" \/>\n<meta property=\"og:locale\" content=\"ca_ES\" \/>\n<meta property=\"og:type\" content=\"article\" \/>\n<meta property=\"og:title\" content=\"La Casa de Cultura lanza su programaci\u00f3n de cursos y talleres 2023-24 - Ajuntament de Santa Pola\" \/>\n<meta property=\"og:description\" content=\"Entre el 28 de agosto y el 10 de septiembre estar\u00e1 abierto el plazo de inscripci\u00f3n para los cursos de ingl\u00e9s y valenciano y los talleres de cer\u00e1mica, arte en el museo, pintura, rob\u00f3tica y teatro. El \u00c1rea de Cultura del Ayuntamiento de Santa Pola abrir\u00e1 el pr\u00f3ximo lunes 28 de agosto el plazo para [&hellip;]\" \/>\n<meta property=\"og:url\" content=\"https:\/\/santapola.es\/ca\/la-casa-de-cultura-lanza-su-programacion-de-cursos-y-talleres-2023-24\/\" \/>\n<meta property=\"og:site_name\" content=\"Ajuntament de Santa Pola\" \/>\n<meta property=\"article:publisher\" content=\"https:\/\/www.facebook.com\/AyuntamientoSantaPola\/\" \/>\n<meta property=\"article:published_time\" content=\"2023-08-23T09:17:03+00:00\" \/>\n<meta property=\"article:modified_time\" content=\"2024-03-07T17:41:36+00:00\" \/>\n<meta property=\"og:image\" content=\"https:\/\/santapola.es\/wp-content\/uploads\/2023\/09\/casadecultura.jpg\" \/>\n\t<meta property=\"og:image:width\" content=\"2160\" \/>\n\t<meta property=\"og:image:height\" content=\"1350\" \/>\n\t<meta property=\"og:image:type\" content=\"image\/jpeg\" \/>\n<meta name=\"author\" content=\"Jos\u00e9 Juan L\u00f3pez Lafuente\" \/>\n<meta name=\"twitter:card\" content=\"summary_large_image\" \/>\n<meta name=\"twitter:creator\" content=\"@SantaPolaAyunt\" \/>\n<meta name=\"twitter:site\" content=\"@SantaPolaAyunt\" \/>\n<script type=\"application\/ld+json\" class=\"yoast-schema-graph\">{\"@context\":\"https:\\\/\\\/schema.org\",\"@graph\":[{\"@type\":\"Article\",\"@id\":\"https:\\\/\\\/santapola.es\\\/ca\\\/la-casa-de-cultura-lanza-su-programacion-de-cursos-y-talleres-2023-24\\\/#article\",\"isPartOf\":{\"@id\":\"https:\\\/\\\/santapola.es\\\/ca\\\/la-casa-de-cultura-lanza-su-programacion-de-cursos-y-talleres-2023-24\\\/\"},\"author\":{\"name\":\"Jos\u00e9 Juan L\u00f3pez Lafuente\",\"@id\":\"https:\\\/\\\/santapola.es\\\/ca\\\/#\\\/schema\\\/person\\\/ad1d67403707b58350c7be5e8dbc442d\"},\"headline\":\"La Casa de Cultura lanza su programaci\u00f3n de cursos y talleres 2023-24\",\"datePublished\":\"2023-08-23T09:17:03+00:00\",\"dateModified\":\"2024-03-07T17:41:36+00:00\",\"mainEntityOfPage\":{\"@id\":\"https:\\\/\\\/santapola.es\\\/ca\\\/la-casa-de-cultura-lanza-su-programacion-de-cursos-y-talleres-2023-24\\\/\"},\"wordCount\":483,\"image\":{\"@id\":\"https:\\\/\\\/santapola.es\\\/ca\\\/la-casa-de-cultura-lanza-su-programacion-de-cursos-y-talleres-2023-24\\\/#primaryimage\"},\"thumbnailUrl\":\"https:\\\/\\\/santapola.es\\\/wp-content\\\/uploads\\\/2023\\\/09\\\/casadecultura.jpg\",\"keywords\":[\"Casa de Cultura\",\"Cursos y Talleres\"],\"articleSection\":[\"Cultura\",\"Inicio\"],\"inLanguage\":\"ca\"},{\"@type\":\"WebPage\",\"@id\":\"https:\\\/\\\/santapola.es\\\/ca\\\/la-casa-de-cultura-lanza-su-programacion-de-cursos-y-talleres-2023-24\\\/\",\"url\":\"https:\\\/\\\/santapola.es\\\/ca\\\/la-casa-de-cultura-lanza-su-programacion-de-cursos-y-talleres-2023-24\\\/\",\"name\":\"La Casa de Cultura lanza su programaci\u00f3n de cursos y talleres 2023-24 - Ajuntament de Santa Pola\",\"isPartOf\":{\"@id\":\"https:\\\/\\\/santapola.es\\\/ca\\\/#website\"},\"primaryImageOfPage\":{\"@id\":\"https:\\\/\\\/santapola.es\\\/ca\\\/la-casa-de-cultura-lanza-su-programacion-de-cursos-y-talleres-2023-24\\\/#primaryimage\"},\"image\":{\"@id\":\"https:\\\/\\\/santapola.es\\\/ca\\\/la-casa-de-cultura-lanza-su-programacion-de-cursos-y-talleres-2023-24\\\/#primaryimage\"},\"thumbnailUrl\":\"https:\\\/\\\/santapola.es\\\/wp-content\\\/uploads\\\/2023\\\/09\\\/casadecultura.jpg\",\"datePublished\":\"2023-08-23T09:17:03+00:00\",\"dateModified\":\"2024-03-07T17:41:36+00:00\",\"author\":{\"@id\":\"https:\\\/\\\/santapola.es\\\/ca\\\/#\\\/schema\\\/person\\\/ad1d67403707b58350c7be5e8dbc442d\"},\"breadcrumb\":{\"@id\":\"https:\\\/\\\/santapola.es\\\/ca\\\/la-casa-de-cultura-lanza-su-programacion-de-cursos-y-talleres-2023-24\\\/#breadcrumb\"},\"inLanguage\":\"ca\",\"potentialAction\":[{\"@type\":\"ReadAction\",\"target\":[\"https:\\\/\\\/santapola.es\\\/ca\\\/la-casa-de-cultura-lanza-su-programacion-de-cursos-y-talleres-2023-24\\\/\"]}]},{\"@type\":\"ImageObject\",\"inLanguage\":\"ca\",\"@id\":\"https:\\\/\\\/santapola.es\\\/ca\\\/la-casa-de-cultura-lanza-su-programacion-de-cursos-y-talleres-2023-24\\\/#primaryimage\",\"url\":\"https:\\\/\\\/santapola.es\\\/wp-content\\\/uploads\\\/2023\\\/09\\\/casadecultura.jpg\",\"contentUrl\":\"https:\\\/\\\/santapola.es\\\/wp-content\\\/uploads\\\/2023\\\/09\\\/casadecultura.jpg\",\"width\":2160,\"height\":1350},{\"@type\":\"BreadcrumbList\",\"@id\":\"https:\\\/\\\/santapola.es\\\/ca\\\/la-casa-de-cultura-lanza-su-programacion-de-cursos-y-talleres-2023-24\\\/#breadcrumb\",\"itemListElement\":[{\"@type\":\"ListItem\",\"position\":1,\"name\":\"Inici\",\"item\":\"https:\\\/\\\/santapola.es\\\/ca\\\/\"},{\"@type\":\"ListItem\",\"position\":2,\"name\":\"La Casa de Cultura lanza su programaci\u00f3n de cursos y talleres 2023-24\"}]},{\"@type\":\"WebSite\",\"@id\":\"https:\\\/\\\/santapola.es\\\/ca\\\/#website\",\"url\":\"https:\\\/\\\/santapola.es\\\/ca\\\/\",\"name\":\"Ayuntamiento de Santa Pola\",\"description\":\"Web de l'Ajuntament de Santa Pola\",\"potentialAction\":[{\"@type\":\"SearchAction\",\"target\":{\"@type\":\"EntryPoint\",\"urlTemplate\":\"https:\\\/\\\/santapola.es\\\/ca\\\/?s={search_term_string}\"},\"query-input\":{\"@type\":\"PropertyValueSpecification\",\"valueRequired\":true,\"valueName\":\"search_term_string\"}}],\"inLanguage\":\"ca\"},{\"@type\":\"Person\",\"@id\":\"https:\\\/\\\/santapola.es\\\/ca\\\/#\\\/schema\\\/person\\\/ad1d67403707b58350c7be5e8dbc442d\",\"name\":\"Jos\u00e9 Juan L\u00f3pez Lafuente\"}]}<\/script>\n<!-- \/ Yoast SEO plugin. -->","yoast_head_json":{"title":"La Casa de Cultura lanza su programaci\u00f3n de cursos y talleres 2023-24 - Ajuntament de Santa Pola","robots":{"index":"index","follow":"follow","max-snippet":"max-snippet:-1","max-image-preview":"max-image-preview:large","max-video-preview":"max-video-preview:-1"},"canonical":"https:\/\/santapola.es\/ca\/la-casa-de-cultura-lanza-su-programacion-de-cursos-y-talleres-2023-24\/","og_locale":"ca_ES","og_type":"article","og_title":"La Casa de Cultura lanza su programaci\u00f3n de cursos y talleres 2023-24 - Ajuntament de Santa Pola","og_description":"Entre el 28 de agosto y el 10 de septiembre estar\u00e1 abierto el plazo de inscripci\u00f3n para los cursos de ingl\u00e9s y valenciano y los talleres de cer\u00e1mica, arte en el museo, pintura, rob\u00f3tica y teatro. El \u00c1rea de Cultura del Ayuntamiento de Santa Pola abrir\u00e1 el pr\u00f3ximo lunes 28 de agosto el plazo para [&hellip;]","og_url":"https:\/\/santapola.es\/ca\/la-casa-de-cultura-lanza-su-programacion-de-cursos-y-talleres-2023-24\/","og_site_name":"Ajuntament de Santa Pola","article_publisher":"https:\/\/www.facebook.com\/AyuntamientoSantaPola\/","article_published_time":"2023-08-23T09:17:03+00:00","article_modified_time":"2024-03-07T17:41:36+00:00","og_image":[{"width":2160,"height":1350,"url":"https:\/\/santapola.es\/wp-content\/uploads\/2023\/09\/casadecultura.jpg","type":"image\/jpeg"}],"author":"Jos\u00e9 Juan L\u00f3pez Lafuente","twitter_card":"summary_large_image","twitter_creator":"@SantaPolaAyunt","twitter_site":"@SantaPolaAyunt","schema":{"@context":"https:\/\/schema.org","@graph":[{"@type":"Article","@id":"https:\/\/santapola.es\/ca\/la-casa-de-cultura-lanza-su-programacion-de-cursos-y-talleres-2023-24\/#article","isPartOf":{"@id":"https:\/\/santapola.es\/ca\/la-casa-de-cultura-lanza-su-programacion-de-cursos-y-talleres-2023-24\/"},"author":{"name":"Jos\u00e9 Juan L\u00f3pez Lafuente","@id":"https:\/\/santapola.es\/ca\/#\/schema\/person\/ad1d67403707b58350c7be5e8dbc442d"},"headline":"La Casa de Cultura lanza su programaci\u00f3n de cursos y talleres 2023-24","datePublished":"2023-08-23T09:17:03+00:00","dateModified":"2024-03-07T17:41:36+00:00","mainEntityOfPage":{"@id":"https:\/\/santapola.es\/ca\/la-casa-de-cultura-lanza-su-programacion-de-cursos-y-talleres-2023-24\/"},"wordCount":483,"image":{"@id":"https:\/\/santapola.es\/ca\/la-casa-de-cultura-lanza-su-programacion-de-cursos-y-talleres-2023-24\/#primaryimage"},"thumbnailUrl":"https:\/\/santapola.es\/wp-content\/uploads\/2023\/09\/casadecultura.jpg","keywords":["Casa de Cultura","Cursos y Talleres"],"articleSection":["Cultura","Inicio"],"inLanguage":"ca"},{"@type":"WebPage","@id":"https:\/\/santapola.es\/ca\/la-casa-de-cultura-lanza-su-programacion-de-cursos-y-talleres-2023-24\/","url":"https:\/\/santapola.es\/ca\/la-casa-de-cultura-lanza-su-programacion-de-cursos-y-talleres-2023-24\/","name":"La Casa de Cultura lanza su programaci\u00f3n de cursos y talleres 2023-24 - Ajuntament de Santa Pola","isPartOf":{"@id":"https:\/\/santapola.es\/ca\/#website"},"primaryImageOfPage":{"@id":"https:\/\/santapola.es\/ca\/la-casa-de-cultura-lanza-su-programacion-de-cursos-y-talleres-2023-24\/#primaryimage"},"image":{"@id":"https:\/\/santapola.es\/ca\/la-casa-de-cultura-lanza-su-programacion-de-cursos-y-talleres-2023-24\/#primaryimage"},"thumbnailUrl":"https:\/\/santapola.es\/wp-content\/uploads\/2023\/09\/casadecultura.jpg","datePublished":"2023-08-23T09:17:03+00:00","dateModified":"2024-03-07T17:41:36+00:00","author":{"@id":"https:\/\/santapola.es\/ca\/#\/schema\/person\/ad1d67403707b58350c7be5e8dbc442d"},"breadcrumb":{"@id":"https:\/\/santapola.es\/ca\/la-casa-de-cultura-lanza-su-programacion-de-cursos-y-talleres-2023-24\/#breadcrumb"},"inLanguage":"ca","potentialAction":[{"@type":"ReadAction","target":["https:\/\/santapola.es\/ca\/la-casa-de-cultura-lanza-su-programacion-de-cursos-y-talleres-2023-24\/"]}]},{"@type":"ImageObject","inLanguage":"ca","@id":"https:\/\/santapola.es\/ca\/la-casa-de-cultura-lanza-su-programacion-de-cursos-y-talleres-2023-24\/#primaryimage","url":"https:\/\/santapola.es\/wp-content\/uploads\/2023\/09\/casadecultura.jpg","contentUrl":"https:\/\/santapola.es\/wp-content\/uploads\/2023\/09\/casadecultura.jpg","width":2160,"height":1350},{"@type":"BreadcrumbList","@id":"https:\/\/santapola.es\/ca\/la-casa-de-cultura-lanza-su-programacion-de-cursos-y-talleres-2023-24\/#breadcrumb","itemListElement":[{"@type":"ListItem","position":1,"name":"Inici","item":"https:\/\/santapola.es\/ca\/"},{"@type":"ListItem","position":2,"name":"La Casa de Cultura lanza su programaci\u00f3n de cursos y talleres 2023-24"}]},{"@type":"WebSite","@id":"https:\/\/santapola.es\/ca\/#website","url":"https:\/\/santapola.es\/ca\/","name":"Ayuntamiento de Santa Pola","description":"Web de l'Ajuntament de Santa Pola","potentialAction":[{"@type":"SearchAction","target":{"@type":"EntryPoint","urlTemplate":"https:\/\/santapola.es\/ca\/?s={search_term_string}"},"query-input":{"@type":"PropertyValueSpecification","valueRequired":true,"valueName":"search_term_string"}}],"inLanguage":"ca"},{"@type":"Person","@id":"https:\/\/santapola.es\/ca\/#\/schema\/person\/ad1d67403707b58350c7be5e8dbc442d","name":"Jos\u00e9 Juan L\u00f3pez Lafuente"}]}},"_links":{"self":[{"href":"https:\/\/santapola.es\/ca\/wp-json\/wp\/v2\/posts\/21229","targetHints":{"allow":["GET"]}}],"collection":[{"href":"https:\/\/santapola.es\/ca\/wp-json\/wp\/v2\/posts"}],"about":[{"href":"https:\/\/santapola.es\/ca\/wp-json\/wp\/v2\/types\/post"}],"author":[{"embeddable":true,"href":"https:\/\/santapola.es\/ca\/wp-json\/wp\/v2\/users\/96"}],"replies":[{"embeddable":true,"href":"https:\/\/santapola.es\/ca\/wp-json\/wp\/v2\/comments?post=21229"}],"version-history":[{"count":0,"href":"https:\/\/santapola.es\/ca\/wp-json\/wp\/v2\/posts\/21229\/revisions"}],"wp:featuredmedia":[{"embeddable":true,"href":"https:\/\/santapola.es\/ca\/wp-json\/wp\/v2\/media\/21230"}],"wp:attachment":[{"href":"https:\/\/santapola.es\/ca\/wp-json\/wp\/v2\/media?parent=21229"}],"wp:term":[{"taxonomy":"category","embeddable":true,"href":"https:\/\/santapola.es\/ca\/wp-json\/wp\/v2\/categories?post=21229"},{"taxonomy":"post_tag","embeddable":true,"href":"https:\/\/santapola.es\/ca\/wp-json\/wp\/v2\/tags?post=21229"}],"curies":[{"name":"wp","href":"https:\/\/api.w.org\/{rel}","templated":true}]}}