{"id":21198,"date":"2023-08-16T13:32:50","date_gmt":"2023-08-16T11:32:50","guid":{"rendered":"https:\/\/www.desarrollo.santapola.es\/?p=21198"},"modified":"2024-03-07T18:41:33","modified_gmt":"2024-03-07T17:41:33","slug":"santa-pola-avista-ya-sus-fiestas-con-la-trilogia-de-eleccion-de-reinas","status":"publish","type":"post","link":"https:\/\/santapola.es\/ca\/santa-pola-avista-ya-sus-fiestas-con-la-trilogia-de-eleccion-de-reinas\/","title":{"rendered":"Santa Pola avista ya sus fiestas con la trilog\u00eda de elecci\u00f3n de reinas"},"content":{"rendered":"<p><b>\u00c9ste ser\u00e1 el fin de semana m\u00e1s largo e intenso del pre\u00e1mbulo de nuestras fiestas patronales. De s\u00e1bado a lunes se celebrar\u00e1n en el Audit\u00f3rium El Palmeral las elecciones a Reina Mayor, Reina Infantil y Reina de la Tercera Edad.\u00a0<\/b><\/p>\n<p><span style=\"font-weight: 400\">Acerc\u00e1ndonos a los \u00faltimos d\u00edas de la temporada alta tur\u00edstica que marca la segunda quincena de agosto, en Santa Pola ya se percibe esa sensaci\u00f3n de estar acerc\u00e1ndonos al inicio de nuestras fiestas patronales en honor a la Virgen de Loreto. Faltan apenas dos semanas para que la pregonera Mar\u00eda Asunci\u00f3n P\u00e9rez las ponga en marcha, pero cualquier paso que damos estos d\u00edas nos encamina hacia ellas.<\/span><\/p>\n<p><span style=\"font-weight: 400\">Este fin de semana es uno de los momentos \u00e1lgidos del pre\u00e1mbulo de fiestas, llegan los d\u00edas en los que conoceremos a las mujeres que nos representar\u00e1n en los pr\u00f3ximos 365 d\u00edas. El s\u00e1bado la Reina de las Fiestas, el domingo la Reina Infantil y el lunes la Reina de la Tercera Edad.<\/span><\/p>\n<p><b>Reina Mayor<\/b><\/p>\n<p><span style=\"font-weight: 400\">El Audit\u00f3rium El Palmeral es el tradicional escenario de los sue\u00f1os de peque\u00f1as y mayores. Este pr\u00f3ximo s\u00e1bado 19, a partir de las 22:00 horas, tendr\u00e1 lugar la elecci\u00f3n de la Reina de las Fiestas 2023. Cinco j\u00f3venes santapoleras competir\u00e1n por obtener este honorable galard\u00f3n: <strong>Marina Molina P\u00e9rez, Mar\u00eda Verd\u00fa Pomares, Esperanza Mas Fuentes, Judit Valero Blasco y Miriam Mart\u00ednez Esp\u00edn<\/strong>.\u00a0<\/span><\/p>\n<p><span style=\"font-weight: 400\">Ser\u00e1 el p\u00fablico asistente quien decida con sus votos cu\u00e1l de ellas representar\u00e1 a la mujer santapolera. La invitaci\u00f3n que previamente hayan recogido para asistir al evento la tendr\u00e1n que canjear a la entrada por la papeleta de voto, que deber\u00e1n marcar con el n\u00famero de la candidata preferida e introducir en las urnas que se dispondr\u00e1n en el auditorio una vez sean presentadas las cinco j\u00f3venes.<\/span><\/p>\n<p><span style=\"font-weight: 400\">El espect\u00e1culo \u201cHola Raffaella\u201d, un tributo a la famosa cantante y presentadora italiana, amenizar\u00e1 la velada mientras se realiza el recuento de votos, y ser\u00e1 pasada la medianoche cuando un castillo de fuegos artificiales rendir\u00e1 honores a la nueva reina.<\/span><\/p>\n<p><b>Reina Infantil<\/b><\/p>\n<p><span style=\"font-weight: 400\">El domingo 20 a las ocho y media de la tarde ser\u00e1 el turno de la elecci\u00f3n de la Reina Infantil 2023. Previamente se presentar\u00e1n los cargos infantiles de Moros y Cristianos y de las comparsas festeras. Las cinco candidatas son <strong>Silvia Sempere Burgos, Blanca Cascales Rico, Lola Giner Ambit, Mar\u00eda Rodr\u00edguez Orta y Ainhara Casta\u00f1o Cifuentes<\/strong>. En este caso la elecci\u00f3n se realiza por sorteo, cada ni\u00f1a elegir\u00e1 uno de los abanicos cerrados y, al abrirlos, solo uno llevar\u00e1 el lema de \u201creina\u201d.<\/span><\/p>\n<p><span style=\"font-weight: 400\">Posteriormente ser\u00e1 la Escuela de Danza Inmaculada Ja\u00e9n quien represente sobre el escenario el musical \u201cAlad\u00edn\u201d. La entrada al evento es gratuita hasta completar el aforo.<\/span><\/p>\n<p><b>Reina de la Tercera Edad<\/b><\/p>\n<p><span style=\"font-weight: 400\">Y el colof\u00f3n a la trilog\u00eda de elecciones llegar\u00e1 el lunes 21, a partir de las 20:30, con el turno de las tres candidatas a Reina de la Tercera Edad: <strong>Mar\u00eda Dolores L\u00f3pez P\u00e9rez, Vittoria Mancuso y Calali Quintana Socorro<\/strong>. La nueva reina ser\u00e1 elegida tambi\u00e9n por el mismo sorteo de abanicos, y el complemento musical correr\u00e1 a cargo del artista Antonio Caballero con su espect\u00e1culo \u201cCanciones de ensue\u00f1o\u201d.<\/span><\/p>\n","protected":false},"excerpt":{"rendered":"<p>\u00c9ste ser\u00e1 el fin de semana m\u00e1s largo e intenso del pre\u00e1mbulo de nuestras fiestas patronales. De s\u00e1bado a lunes se celebrar\u00e1n en el Audit\u00f3rium El Palmeral las elecciones a Reina Mayor, Reina Infantil y Reina de la Tercera Edad.\u00a0 Acerc\u00e1ndonos a los \u00faltimos d\u00edas de la temporada alta tur\u00edstica que marca la segunda quincena [&hellip;]<\/p>\n","protected":false},"author":96,"featured_media":21191,"comment_status":"closed","ping_status":"closed","sticky":false,"template":"","format":"standard","meta":{"_et_pb_use_builder":"","_et_pb_old_content":"","_et_gb_content_width":"","footnotes":""},"categories":[97,66],"tags":[171,178,179],"class_list":["post-21198","post","type-post","status-publish","format-standard","has-post-thumbnail","hentry","category-fiestas","category-inicio","tag-eleccion-reina-de-las-fiestas","tag-eleccion-reina-infantil","tag-eleccion-reina-tercera-edad"],"yoast_head":"<!-- This site is optimized with the Yoast SEO plugin v27.4 - https:\/\/yoast.com\/product\/yoast-seo-wordpress\/ -->\n<title>Santa Pola avista ya sus fiestas con la trilog\u00eda de elecci\u00f3n de reinas - Ajuntament de Santa Pola<\/title>\n<meta name=\"robots\" content=\"index, follow, max-snippet:-1, max-image-preview:large, max-video-preview:-1\" \/>\n<link rel=\"canonical\" href=\"https:\/\/santapola.es\/ca\/santa-pola-avista-ya-sus-fiestas-con-la-trilogia-de-eleccion-de-reinas\/\" \/>\n<meta property=\"og:locale\" content=\"ca_ES\" \/>\n<meta property=\"og:type\" content=\"article\" \/>\n<meta property=\"og:title\" content=\"Santa Pola avista ya sus fiestas con la trilog\u00eda de elecci\u00f3n de reinas - Ajuntament de Santa Pola\" \/>\n<meta property=\"og:description\" content=\"\u00c9ste ser\u00e1 el fin de semana m\u00e1s largo e intenso del pre\u00e1mbulo de nuestras fiestas patronales. De s\u00e1bado a lunes se celebrar\u00e1n en el Audit\u00f3rium El Palmeral las elecciones a Reina Mayor, Reina Infantil y Reina de la Tercera Edad.\u00a0 Acerc\u00e1ndonos a los \u00faltimos d\u00edas de la temporada alta tur\u00edstica que marca la segunda quincena [&hellip;]\" \/>\n<meta property=\"og:url\" content=\"https:\/\/santapola.es\/ca\/santa-pola-avista-ya-sus-fiestas-con-la-trilogia-de-eleccion-de-reinas\/\" \/>\n<meta property=\"og:site_name\" content=\"Ajuntament de Santa Pola\" \/>\n<meta property=\"article:publisher\" content=\"https:\/\/www.facebook.com\/AyuntamientoSantaPola\/\" \/>\n<meta property=\"article:published_time\" content=\"2023-08-16T11:32:50+00:00\" \/>\n<meta property=\"article:modified_time\" content=\"2024-03-07T17:41:33+00:00\" \/>\n<meta property=\"og:image\" content=\"https:\/\/santapola.es\/wp-content\/uploads\/2023\/09\/2023-08-16-reinas-y-damas-2022.jpg\" \/>\n\t<meta property=\"og:image:width\" content=\"1440\" \/>\n\t<meta property=\"og:image:height\" content=\"1080\" \/>\n\t<meta property=\"og:image:type\" content=\"image\/jpeg\" \/>\n<meta name=\"author\" content=\"Jos\u00e9 Juan L\u00f3pez Lafuente\" \/>\n<meta name=\"twitter:card\" content=\"summary_large_image\" \/>\n<meta name=\"twitter:creator\" content=\"@SantaPolaAyunt\" \/>\n<meta name=\"twitter:site\" content=\"@SantaPolaAyunt\" \/>\n<script type=\"application\/ld+json\" class=\"yoast-schema-graph\">{\"@context\":\"https:\\\/\\\/schema.org\",\"@graph\":[{\"@type\":\"Article\",\"@id\":\"https:\\\/\\\/santapola.es\\\/ca\\\/santa-pola-avista-ya-sus-fiestas-con-la-trilogia-de-eleccion-de-reinas\\\/#article\",\"isPartOf\":{\"@id\":\"https:\\\/\\\/santapola.es\\\/ca\\\/santa-pola-avista-ya-sus-fiestas-con-la-trilogia-de-eleccion-de-reinas\\\/\"},\"author\":{\"name\":\"Jos\u00e9 Juan L\u00f3pez Lafuente\",\"@id\":\"https:\\\/\\\/santapola.es\\\/ca\\\/#\\\/schema\\\/person\\\/ad1d67403707b58350c7be5e8dbc442d\"},\"headline\":\"Santa Pola avista ya sus fiestas con la trilog\u00eda de elecci\u00f3n de reinas\",\"datePublished\":\"2023-08-16T11:32:50+00:00\",\"dateModified\":\"2024-03-07T17:41:33+00:00\",\"mainEntityOfPage\":{\"@id\":\"https:\\\/\\\/santapola.es\\\/ca\\\/santa-pola-avista-ya-sus-fiestas-con-la-trilogia-de-eleccion-de-reinas\\\/\"},\"wordCount\":582,\"image\":{\"@id\":\"https:\\\/\\\/santapola.es\\\/ca\\\/santa-pola-avista-ya-sus-fiestas-con-la-trilogia-de-eleccion-de-reinas\\\/#primaryimage\"},\"thumbnailUrl\":\"https:\\\/\\\/santapola.es\\\/wp-content\\\/uploads\\\/2023\\\/09\\\/2023-08-16-reinas-y-damas-2022.jpg\",\"keywords\":[\"Elecci\u00f3n Reina de las Fiestas\",\"Elecci\u00f3n Reina Infantil\",\"Elecci\u00f3n Reina Tercera Edad\"],\"articleSection\":[\"Fiestas\",\"Inicio\"],\"inLanguage\":\"ca\"},{\"@type\":\"WebPage\",\"@id\":\"https:\\\/\\\/santapola.es\\\/ca\\\/santa-pola-avista-ya-sus-fiestas-con-la-trilogia-de-eleccion-de-reinas\\\/\",\"url\":\"https:\\\/\\\/santapola.es\\\/ca\\\/santa-pola-avista-ya-sus-fiestas-con-la-trilogia-de-eleccion-de-reinas\\\/\",\"name\":\"Santa Pola avista ya sus fiestas con la trilog\u00eda de elecci\u00f3n de reinas - Ajuntament de Santa Pola\",\"isPartOf\":{\"@id\":\"https:\\\/\\\/santapola.es\\\/ca\\\/#website\"},\"primaryImageOfPage\":{\"@id\":\"https:\\\/\\\/santapola.es\\\/ca\\\/santa-pola-avista-ya-sus-fiestas-con-la-trilogia-de-eleccion-de-reinas\\\/#primaryimage\"},\"image\":{\"@id\":\"https:\\\/\\\/santapola.es\\\/ca\\\/santa-pola-avista-ya-sus-fiestas-con-la-trilogia-de-eleccion-de-reinas\\\/#primaryimage\"},\"thumbnailUrl\":\"https:\\\/\\\/santapola.es\\\/wp-content\\\/uploads\\\/2023\\\/09\\\/2023-08-16-reinas-y-damas-2022.jpg\",\"datePublished\":\"2023-08-16T11:32:50+00:00\",\"dateModified\":\"2024-03-07T17:41:33+00:00\",\"author\":{\"@id\":\"https:\\\/\\\/santapola.es\\\/ca\\\/#\\\/schema\\\/person\\\/ad1d67403707b58350c7be5e8dbc442d\"},\"breadcrumb\":{\"@id\":\"https:\\\/\\\/santapola.es\\\/ca\\\/santa-pola-avista-ya-sus-fiestas-con-la-trilogia-de-eleccion-de-reinas\\\/#breadcrumb\"},\"inLanguage\":\"ca\",\"potentialAction\":[{\"@type\":\"ReadAction\",\"target\":[\"https:\\\/\\\/santapola.es\\\/ca\\\/santa-pola-avista-ya-sus-fiestas-con-la-trilogia-de-eleccion-de-reinas\\\/\"]}]},{\"@type\":\"ImageObject\",\"inLanguage\":\"ca\",\"@id\":\"https:\\\/\\\/santapola.es\\\/ca\\\/santa-pola-avista-ya-sus-fiestas-con-la-trilogia-de-eleccion-de-reinas\\\/#primaryimage\",\"url\":\"https:\\\/\\\/santapola.es\\\/wp-content\\\/uploads\\\/2023\\\/09\\\/2023-08-16-reinas-y-damas-2022.jpg\",\"contentUrl\":\"https:\\\/\\\/santapola.es\\\/wp-content\\\/uploads\\\/2023\\\/09\\\/2023-08-16-reinas-y-damas-2022.jpg\",\"width\":1440,\"height\":1080},{\"@type\":\"BreadcrumbList\",\"@id\":\"https:\\\/\\\/santapola.es\\\/ca\\\/santa-pola-avista-ya-sus-fiestas-con-la-trilogia-de-eleccion-de-reinas\\\/#breadcrumb\",\"itemListElement\":[{\"@type\":\"ListItem\",\"position\":1,\"name\":\"Inici\",\"item\":\"https:\\\/\\\/santapola.es\\\/ca\\\/\"},{\"@type\":\"ListItem\",\"position\":2,\"name\":\"Santa Pola avista ya sus fiestas con la trilog\u00eda de elecci\u00f3n de reinas\"}]},{\"@type\":\"WebSite\",\"@id\":\"https:\\\/\\\/santapola.es\\\/ca\\\/#website\",\"url\":\"https:\\\/\\\/santapola.es\\\/ca\\\/\",\"name\":\"Ayuntamiento de Santa Pola\",\"description\":\"Web de l'Ajuntament de Santa Pola\",\"potentialAction\":[{\"@type\":\"SearchAction\",\"target\":{\"@type\":\"EntryPoint\",\"urlTemplate\":\"https:\\\/\\\/santapola.es\\\/ca\\\/?s={search_term_string}\"},\"query-input\":{\"@type\":\"PropertyValueSpecification\",\"valueRequired\":true,\"valueName\":\"search_term_string\"}}],\"inLanguage\":\"ca\"},{\"@type\":\"Person\",\"@id\":\"https:\\\/\\\/santapola.es\\\/ca\\\/#\\\/schema\\\/person\\\/ad1d67403707b58350c7be5e8dbc442d\",\"name\":\"Jos\u00e9 Juan L\u00f3pez Lafuente\"}]}<\/script>\n<!-- \/ Yoast SEO plugin. -->","yoast_head_json":{"title":"Santa Pola avista ya sus fiestas con la trilog\u00eda de elecci\u00f3n de reinas - Ajuntament de Santa Pola","robots":{"index":"index","follow":"follow","max-snippet":"max-snippet:-1","max-image-preview":"max-image-preview:large","max-video-preview":"max-video-preview:-1"},"canonical":"https:\/\/santapola.es\/ca\/santa-pola-avista-ya-sus-fiestas-con-la-trilogia-de-eleccion-de-reinas\/","og_locale":"ca_ES","og_type":"article","og_title":"Santa Pola avista ya sus fiestas con la trilog\u00eda de elecci\u00f3n de reinas - Ajuntament de Santa Pola","og_description":"\u00c9ste ser\u00e1 el fin de semana m\u00e1s largo e intenso del pre\u00e1mbulo de nuestras fiestas patronales. De s\u00e1bado a lunes se celebrar\u00e1n en el Audit\u00f3rium El Palmeral las elecciones a Reina Mayor, Reina Infantil y Reina de la Tercera Edad.\u00a0 Acerc\u00e1ndonos a los \u00faltimos d\u00edas de la temporada alta tur\u00edstica que marca la segunda quincena [&hellip;]","og_url":"https:\/\/santapola.es\/ca\/santa-pola-avista-ya-sus-fiestas-con-la-trilogia-de-eleccion-de-reinas\/","og_site_name":"Ajuntament de Santa Pola","article_publisher":"https:\/\/www.facebook.com\/AyuntamientoSantaPola\/","article_published_time":"2023-08-16T11:32:50+00:00","article_modified_time":"2024-03-07T17:41:33+00:00","og_image":[{"width":1440,"height":1080,"url":"https:\/\/santapola.es\/wp-content\/uploads\/2023\/09\/2023-08-16-reinas-y-damas-2022.jpg","type":"image\/jpeg"}],"author":"Jos\u00e9 Juan L\u00f3pez Lafuente","twitter_card":"summary_large_image","twitter_creator":"@SantaPolaAyunt","twitter_site":"@SantaPolaAyunt","schema":{"@context":"https:\/\/schema.org","@graph":[{"@type":"Article","@id":"https:\/\/santapola.es\/ca\/santa-pola-avista-ya-sus-fiestas-con-la-trilogia-de-eleccion-de-reinas\/#article","isPartOf":{"@id":"https:\/\/santapola.es\/ca\/santa-pola-avista-ya-sus-fiestas-con-la-trilogia-de-eleccion-de-reinas\/"},"author":{"name":"Jos\u00e9 Juan L\u00f3pez Lafuente","@id":"https:\/\/santapola.es\/ca\/#\/schema\/person\/ad1d67403707b58350c7be5e8dbc442d"},"headline":"Santa Pola avista ya sus fiestas con la trilog\u00eda de elecci\u00f3n de reinas","datePublished":"2023-08-16T11:32:50+00:00","dateModified":"2024-03-07T17:41:33+00:00","mainEntityOfPage":{"@id":"https:\/\/santapola.es\/ca\/santa-pola-avista-ya-sus-fiestas-con-la-trilogia-de-eleccion-de-reinas\/"},"wordCount":582,"image":{"@id":"https:\/\/santapola.es\/ca\/santa-pola-avista-ya-sus-fiestas-con-la-trilogia-de-eleccion-de-reinas\/#primaryimage"},"thumbnailUrl":"https:\/\/santapola.es\/wp-content\/uploads\/2023\/09\/2023-08-16-reinas-y-damas-2022.jpg","keywords":["Elecci\u00f3n Reina de las Fiestas","Elecci\u00f3n Reina Infantil","Elecci\u00f3n Reina Tercera Edad"],"articleSection":["Fiestas","Inicio"],"inLanguage":"ca"},{"@type":"WebPage","@id":"https:\/\/santapola.es\/ca\/santa-pola-avista-ya-sus-fiestas-con-la-trilogia-de-eleccion-de-reinas\/","url":"https:\/\/santapola.es\/ca\/santa-pola-avista-ya-sus-fiestas-con-la-trilogia-de-eleccion-de-reinas\/","name":"Santa Pola avista ya sus fiestas con la trilog\u00eda de elecci\u00f3n de reinas - Ajuntament de Santa Pola","isPartOf":{"@id":"https:\/\/santapola.es\/ca\/#website"},"primaryImageOfPage":{"@id":"https:\/\/santapola.es\/ca\/santa-pola-avista-ya-sus-fiestas-con-la-trilogia-de-eleccion-de-reinas\/#primaryimage"},"image":{"@id":"https:\/\/santapola.es\/ca\/santa-pola-avista-ya-sus-fiestas-con-la-trilogia-de-eleccion-de-reinas\/#primaryimage"},"thumbnailUrl":"https:\/\/santapola.es\/wp-content\/uploads\/2023\/09\/2023-08-16-reinas-y-damas-2022.jpg","datePublished":"2023-08-16T11:32:50+00:00","dateModified":"2024-03-07T17:41:33+00:00","author":{"@id":"https:\/\/santapola.es\/ca\/#\/schema\/person\/ad1d67403707b58350c7be5e8dbc442d"},"breadcrumb":{"@id":"https:\/\/santapola.es\/ca\/santa-pola-avista-ya-sus-fiestas-con-la-trilogia-de-eleccion-de-reinas\/#breadcrumb"},"inLanguage":"ca","potentialAction":[{"@type":"ReadAction","target":["https:\/\/santapola.es\/ca\/santa-pola-avista-ya-sus-fiestas-con-la-trilogia-de-eleccion-de-reinas\/"]}]},{"@type":"ImageObject","inLanguage":"ca","@id":"https:\/\/santapola.es\/ca\/santa-pola-avista-ya-sus-fiestas-con-la-trilogia-de-eleccion-de-reinas\/#primaryimage","url":"https:\/\/santapola.es\/wp-content\/uploads\/2023\/09\/2023-08-16-reinas-y-damas-2022.jpg","contentUrl":"https:\/\/santapola.es\/wp-content\/uploads\/2023\/09\/2023-08-16-reinas-y-damas-2022.jpg","width":1440,"height":1080},{"@type":"BreadcrumbList","@id":"https:\/\/santapola.es\/ca\/santa-pola-avista-ya-sus-fiestas-con-la-trilogia-de-eleccion-de-reinas\/#breadcrumb","itemListElement":[{"@type":"ListItem","position":1,"name":"Inici","item":"https:\/\/santapola.es\/ca\/"},{"@type":"ListItem","position":2,"name":"Santa Pola avista ya sus fiestas con la trilog\u00eda de elecci\u00f3n de reinas"}]},{"@type":"WebSite","@id":"https:\/\/santapola.es\/ca\/#website","url":"https:\/\/santapola.es\/ca\/","name":"Ayuntamiento de Santa Pola","description":"Web de l'Ajuntament de Santa Pola","potentialAction":[{"@type":"SearchAction","target":{"@type":"EntryPoint","urlTemplate":"https:\/\/santapola.es\/ca\/?s={search_term_string}"},"query-input":{"@type":"PropertyValueSpecification","valueRequired":true,"valueName":"search_term_string"}}],"inLanguage":"ca"},{"@type":"Person","@id":"https:\/\/santapola.es\/ca\/#\/schema\/person\/ad1d67403707b58350c7be5e8dbc442d","name":"Jos\u00e9 Juan L\u00f3pez Lafuente"}]}},"_links":{"self":[{"href":"https:\/\/santapola.es\/ca\/wp-json\/wp\/v2\/posts\/21198","targetHints":{"allow":["GET"]}}],"collection":[{"href":"https:\/\/santapola.es\/ca\/wp-json\/wp\/v2\/posts"}],"about":[{"href":"https:\/\/santapola.es\/ca\/wp-json\/wp\/v2\/types\/post"}],"author":[{"embeddable":true,"href":"https:\/\/santapola.es\/ca\/wp-json\/wp\/v2\/users\/96"}],"replies":[{"embeddable":true,"href":"https:\/\/santapola.es\/ca\/wp-json\/wp\/v2\/comments?post=21198"}],"version-history":[{"count":0,"href":"https:\/\/santapola.es\/ca\/wp-json\/wp\/v2\/posts\/21198\/revisions"}],"wp:featuredmedia":[{"embeddable":true,"href":"https:\/\/santapola.es\/ca\/wp-json\/wp\/v2\/media\/21191"}],"wp:attachment":[{"href":"https:\/\/santapola.es\/ca\/wp-json\/wp\/v2\/media?parent=21198"}],"wp:term":[{"taxonomy":"category","embeddable":true,"href":"https:\/\/santapola.es\/ca\/wp-json\/wp\/v2\/categories?post=21198"},{"taxonomy":"post_tag","embeddable":true,"href":"https:\/\/santapola.es\/ca\/wp-json\/wp\/v2\/tags?post=21198"}],"curies":[{"name":"wp","href":"https:\/\/api.w.org\/{rel}","templated":true}]}}