{"id":21177,"date":"2023-08-11T18:32:21","date_gmt":"2023-08-11T16:32:21","guid":{"rendered":"https:\/\/www.desarrollo.santapola.es\/?p=21177"},"modified":"2024-03-07T18:41:32","modified_gmt":"2024-03-07T17:41:32","slug":"voluntarios-del-club-nautico-santa-pola-limpian-de-colillas-la-isla-de-tabarca","status":"publish","type":"post","link":"https:\/\/santapola.es\/ca\/voluntarios-del-club-nautico-santa-pola-limpian-de-colillas-la-isla-de-tabarca\/","title":{"rendered":"Voluntarios del Club N\u00e1utico Santa Pola limpian de colillas la isla de Tabarca"},"content":{"rendered":"<p><b>La Alcaldesa y Diputada Provincial Loreto Serrano reconoce el valor de las jornadas medioambientales del Club N\u00e1utico Santa Pola en las que voluntarios y trabajadores de la instituci\u00f3n recoger\u00e1n colillas en las playas y el campo de la isla de Tabarca.<\/b><\/p>\n<p><b>Loreto Serrano<\/b><span style=\"font-weight: 400\">, en calidad de Alcaldesa de Santa Pola y Diputada Provincial, atendiendo la invitaci\u00f3n del <\/span><b>Club N\u00e1utico Santa Pola<\/b><span style=\"font-weight: 400\">, ha acompa\u00f1ado hoy en la isla de Tabarca a un grupo de voluntarios\u00a0 que participan en las <\/span><b>I Jornadas Medioambientales Mondraker<\/b><span style=\"font-weight: 400\"> organizadas por el Club N\u00e1utico, representado tambi\u00e9n por su presidente <\/span><b>Pascual Orts<\/b><span style=\"font-weight: 400\">.<\/span><\/p>\n<p><span style=\"font-weight: 400\">Entre hoy y ma\u00f1ana s\u00e1bado se celebra la tercera y \u00faltima de estas jornadas con la participaci\u00f3n de socios y trabajadores del Club, adem\u00e1s de deportistas de sus secciones de remo y vela.<\/span><\/p>\n<p><span style=\"font-weight: 400\">Se enmarcan en los requisitos exigidos por el programa Bandera Azul, que ondea en el Club N\u00e1utico, de organizar actividades que fomenten el respeto y el cuidado del medio ambiente local, para lo cual se ha elegido la Reserva Marina de la Isla de Tabarca.\u00a0<\/span><\/p>\n<p><span style=\"font-weight: 400\">Esta ma\u00f1ana han visitado el Museo y el Centro de Educaci\u00f3n Ambiental de Tabarca (CEAM), donde los voluntarios han descubierto la isla en sus aspectos hist\u00f3ricos, culturales y ecol\u00f3gicos atentos a las explicaciones del jefe del departamento de Cultura del Ayuntamiento de Alicante.<\/span><\/p>\n<p><span style=\"font-weight: 400\">Complementada con actividades de snorkel y yoga, la actividad principal que patrocina Mondraker se desarrollar\u00e1 ma\u00f1ana y consistir\u00e1 en la recogida de colillas en distintos puntos de la isla divididos en tres grupos: el litoral sur, Cala del Franc\u00e9s y playa, otros recoger\u00e1n el el puerto, puerto antiguo y litoral norte, y el tercero se encargar\u00e1 de limpiar de colillas el campo.<\/span><\/p>\n<p><b>Garant\u00eda para la calidad de nuestras playas<\/b><\/p>\n<p><span style=\"font-weight: 400\">Loreto Serrano ha querido felicitar al Club N\u00e1utico Santa Pola y sus voluntarios \u201cpor la gran gesti\u00f3n global que viene realizando la instituci\u00f3n y que supone el premio de volver a recibir una Bandera Azul m\u00e1s para nuestro municipio, lo que nos hace sentir orgullosos\u201d.\u00a0<\/span><\/p>\n<p><span style=\"font-weight: 400\">\u201cEs tambi\u00e9n muy importante concienciar a la poblaci\u00f3n del grave problema que suponen las colillas para el medioambiente, pero m\u00e1s valor tiene aportar vuestro granito de arena limpiando estos residuos, porque los santapoleros tambi\u00e9n sentimos la Isla de Tabarca como nuestra y la buena salud de su Reserva Marina es una garant\u00eda para la calidad de las playas de Santa Pola y nuestra bah\u00eda\u201d, a\u00f1adi\u00f3 la alcaldesa.\u00a0<\/span><\/p>\n","protected":false},"excerpt":{"rendered":"<p>La Alcaldesa y Diputada Provincial Loreto Serrano reconoce el valor de las jornadas medioambientales del Club N\u00e1utico Santa Pola en las que voluntarios y trabajadores de la instituci\u00f3n recoger\u00e1n colillas en las playas y el campo de la isla de Tabarca. Loreto Serrano, en calidad de Alcaldesa de Santa Pola y Diputada Provincial, atendiendo la [&hellip;]<\/p>\n","protected":false},"author":96,"featured_media":21178,"comment_status":"closed","ping_status":"closed","sticky":false,"template":"","format":"standard","meta":{"_et_pb_use_builder":"","_et_pb_old_content":"","_et_gb_content_width":"","footnotes":""},"categories":[66,154,168],"tags":[169,141,170],"class_list":["post-21177","post","type-post","status-publish","format-standard","has-post-thumbnail","hentry","category-inicio","category-medio-ambiente","category-voluntariado","tag-club-nautico-santa-pola","tag-loreto-serrano","tag-pascual-orts"],"yoast_head":"<!-- This site is optimized with the Yoast SEO plugin v27.4 - https:\/\/yoast.com\/product\/yoast-seo-wordpress\/ -->\n<title>Voluntarios del Club N\u00e1utico Santa Pola limpian de colillas la isla de Tabarca - Ajuntament de Santa Pola<\/title>\n<meta name=\"robots\" content=\"index, follow, max-snippet:-1, max-image-preview:large, max-video-preview:-1\" \/>\n<link rel=\"canonical\" href=\"https:\/\/santapola.es\/ca\/voluntarios-del-club-nautico-santa-pola-limpian-de-colillas-la-isla-de-tabarca\/\" \/>\n<meta property=\"og:locale\" content=\"ca_ES\" \/>\n<meta property=\"og:type\" content=\"article\" \/>\n<meta property=\"og:title\" content=\"Voluntarios del Club N\u00e1utico Santa Pola limpian de colillas la isla de Tabarca - Ajuntament de Santa Pola\" \/>\n<meta property=\"og:description\" content=\"La Alcaldesa y Diputada Provincial Loreto Serrano reconoce el valor de las jornadas medioambientales del Club N\u00e1utico Santa Pola en las que voluntarios y trabajadores de la instituci\u00f3n recoger\u00e1n colillas en las playas y el campo de la isla de Tabarca. Loreto Serrano, en calidad de Alcaldesa de Santa Pola y Diputada Provincial, atendiendo la [&hellip;]\" \/>\n<meta property=\"og:url\" content=\"https:\/\/santapola.es\/ca\/voluntarios-del-club-nautico-santa-pola-limpian-de-colillas-la-isla-de-tabarca\/\" \/>\n<meta property=\"og:site_name\" content=\"Ajuntament de Santa Pola\" \/>\n<meta property=\"article:publisher\" content=\"https:\/\/www.facebook.com\/AyuntamientoSantaPola\/\" \/>\n<meta property=\"article:published_time\" content=\"2023-08-11T16:32:21+00:00\" \/>\n<meta property=\"article:modified_time\" content=\"2024-03-07T17:41:32+00:00\" \/>\n<meta property=\"og:image\" content=\"https:\/\/santapola.es\/wp-content\/uploads\/2023\/09\/2023-08-11-CNSP-en-Tabarca-3.jpeg\" \/>\n\t<meta property=\"og:image:width\" content=\"1024\" \/>\n\t<meta property=\"og:image:height\" content=\"768\" \/>\n\t<meta property=\"og:image:type\" content=\"image\/jpeg\" \/>\n<meta name=\"author\" content=\"Jos\u00e9 Juan L\u00f3pez Lafuente\" \/>\n<meta name=\"twitter:card\" content=\"summary_large_image\" \/>\n<meta name=\"twitter:creator\" content=\"@SantaPolaAyunt\" \/>\n<meta name=\"twitter:site\" content=\"@SantaPolaAyunt\" \/>\n<script type=\"application\/ld+json\" class=\"yoast-schema-graph\">{\"@context\":\"https:\\\/\\\/schema.org\",\"@graph\":[{\"@type\":\"Article\",\"@id\":\"https:\\\/\\\/santapola.es\\\/ca\\\/voluntarios-del-club-nautico-santa-pola-limpian-de-colillas-la-isla-de-tabarca\\\/#article\",\"isPartOf\":{\"@id\":\"https:\\\/\\\/santapola.es\\\/ca\\\/voluntarios-del-club-nautico-santa-pola-limpian-de-colillas-la-isla-de-tabarca\\\/\"},\"author\":{\"name\":\"Jos\u00e9 Juan L\u00f3pez Lafuente\",\"@id\":\"https:\\\/\\\/santapola.es\\\/ca\\\/#\\\/schema\\\/person\\\/ad1d67403707b58350c7be5e8dbc442d\"},\"headline\":\"Voluntarios del Club N\u00e1utico Santa Pola limpian de colillas la isla de Tabarca\",\"datePublished\":\"2023-08-11T16:32:21+00:00\",\"dateModified\":\"2024-03-07T17:41:32+00:00\",\"mainEntityOfPage\":{\"@id\":\"https:\\\/\\\/santapola.es\\\/ca\\\/voluntarios-del-club-nautico-santa-pola-limpian-de-colillas-la-isla-de-tabarca\\\/\"},\"wordCount\":442,\"image\":{\"@id\":\"https:\\\/\\\/santapola.es\\\/ca\\\/voluntarios-del-club-nautico-santa-pola-limpian-de-colillas-la-isla-de-tabarca\\\/#primaryimage\"},\"thumbnailUrl\":\"https:\\\/\\\/santapola.es\\\/wp-content\\\/uploads\\\/2023\\\/09\\\/2023-08-11-CNSP-en-Tabarca-3.jpeg\",\"keywords\":[\"Club N\u00e1utico Santa Pola\",\"Loreto Serrano\",\"Pascual Orts\"],\"articleSection\":[\"Inicio\",\"Medio Ambiente\",\"Voluntariado\"],\"inLanguage\":\"ca\"},{\"@type\":\"WebPage\",\"@id\":\"https:\\\/\\\/santapola.es\\\/ca\\\/voluntarios-del-club-nautico-santa-pola-limpian-de-colillas-la-isla-de-tabarca\\\/\",\"url\":\"https:\\\/\\\/santapola.es\\\/ca\\\/voluntarios-del-club-nautico-santa-pola-limpian-de-colillas-la-isla-de-tabarca\\\/\",\"name\":\"Voluntarios del Club N\u00e1utico Santa Pola limpian de colillas la isla de Tabarca - Ajuntament de Santa Pola\",\"isPartOf\":{\"@id\":\"https:\\\/\\\/santapola.es\\\/ca\\\/#website\"},\"primaryImageOfPage\":{\"@id\":\"https:\\\/\\\/santapola.es\\\/ca\\\/voluntarios-del-club-nautico-santa-pola-limpian-de-colillas-la-isla-de-tabarca\\\/#primaryimage\"},\"image\":{\"@id\":\"https:\\\/\\\/santapola.es\\\/ca\\\/voluntarios-del-club-nautico-santa-pola-limpian-de-colillas-la-isla-de-tabarca\\\/#primaryimage\"},\"thumbnailUrl\":\"https:\\\/\\\/santapola.es\\\/wp-content\\\/uploads\\\/2023\\\/09\\\/2023-08-11-CNSP-en-Tabarca-3.jpeg\",\"datePublished\":\"2023-08-11T16:32:21+00:00\",\"dateModified\":\"2024-03-07T17:41:32+00:00\",\"author\":{\"@id\":\"https:\\\/\\\/santapola.es\\\/ca\\\/#\\\/schema\\\/person\\\/ad1d67403707b58350c7be5e8dbc442d\"},\"breadcrumb\":{\"@id\":\"https:\\\/\\\/santapola.es\\\/ca\\\/voluntarios-del-club-nautico-santa-pola-limpian-de-colillas-la-isla-de-tabarca\\\/#breadcrumb\"},\"inLanguage\":\"ca\",\"potentialAction\":[{\"@type\":\"ReadAction\",\"target\":[\"https:\\\/\\\/santapola.es\\\/ca\\\/voluntarios-del-club-nautico-santa-pola-limpian-de-colillas-la-isla-de-tabarca\\\/\"]}]},{\"@type\":\"ImageObject\",\"inLanguage\":\"ca\",\"@id\":\"https:\\\/\\\/santapola.es\\\/ca\\\/voluntarios-del-club-nautico-santa-pola-limpian-de-colillas-la-isla-de-tabarca\\\/#primaryimage\",\"url\":\"https:\\\/\\\/santapola.es\\\/wp-content\\\/uploads\\\/2023\\\/09\\\/2023-08-11-CNSP-en-Tabarca-3.jpeg\",\"contentUrl\":\"https:\\\/\\\/santapola.es\\\/wp-content\\\/uploads\\\/2023\\\/09\\\/2023-08-11-CNSP-en-Tabarca-3.jpeg\",\"width\":1024,\"height\":768},{\"@type\":\"BreadcrumbList\",\"@id\":\"https:\\\/\\\/santapola.es\\\/ca\\\/voluntarios-del-club-nautico-santa-pola-limpian-de-colillas-la-isla-de-tabarca\\\/#breadcrumb\",\"itemListElement\":[{\"@type\":\"ListItem\",\"position\":1,\"name\":\"Inici\",\"item\":\"https:\\\/\\\/santapola.es\\\/ca\\\/\"},{\"@type\":\"ListItem\",\"position\":2,\"name\":\"Voluntarios del Club N\u00e1utico Santa Pola limpian de colillas la isla de Tabarca\"}]},{\"@type\":\"WebSite\",\"@id\":\"https:\\\/\\\/santapola.es\\\/ca\\\/#website\",\"url\":\"https:\\\/\\\/santapola.es\\\/ca\\\/\",\"name\":\"Ayuntamiento de Santa Pola\",\"description\":\"Web de l'Ajuntament de Santa Pola\",\"potentialAction\":[{\"@type\":\"SearchAction\",\"target\":{\"@type\":\"EntryPoint\",\"urlTemplate\":\"https:\\\/\\\/santapola.es\\\/ca\\\/?s={search_term_string}\"},\"query-input\":{\"@type\":\"PropertyValueSpecification\",\"valueRequired\":true,\"valueName\":\"search_term_string\"}}],\"inLanguage\":\"ca\"},{\"@type\":\"Person\",\"@id\":\"https:\\\/\\\/santapola.es\\\/ca\\\/#\\\/schema\\\/person\\\/ad1d67403707b58350c7be5e8dbc442d\",\"name\":\"Jos\u00e9 Juan L\u00f3pez Lafuente\"}]}<\/script>\n<!-- \/ Yoast SEO plugin. -->","yoast_head_json":{"title":"Voluntarios del Club N\u00e1utico Santa Pola limpian de colillas la isla de Tabarca - Ajuntament de Santa Pola","robots":{"index":"index","follow":"follow","max-snippet":"max-snippet:-1","max-image-preview":"max-image-preview:large","max-video-preview":"max-video-preview:-1"},"canonical":"https:\/\/santapola.es\/ca\/voluntarios-del-club-nautico-santa-pola-limpian-de-colillas-la-isla-de-tabarca\/","og_locale":"ca_ES","og_type":"article","og_title":"Voluntarios del Club N\u00e1utico Santa Pola limpian de colillas la isla de Tabarca - Ajuntament de Santa Pola","og_description":"La Alcaldesa y Diputada Provincial Loreto Serrano reconoce el valor de las jornadas medioambientales del Club N\u00e1utico Santa Pola en las que voluntarios y trabajadores de la instituci\u00f3n recoger\u00e1n colillas en las playas y el campo de la isla de Tabarca. Loreto Serrano, en calidad de Alcaldesa de Santa Pola y Diputada Provincial, atendiendo la [&hellip;]","og_url":"https:\/\/santapola.es\/ca\/voluntarios-del-club-nautico-santa-pola-limpian-de-colillas-la-isla-de-tabarca\/","og_site_name":"Ajuntament de Santa Pola","article_publisher":"https:\/\/www.facebook.com\/AyuntamientoSantaPola\/","article_published_time":"2023-08-11T16:32:21+00:00","article_modified_time":"2024-03-07T17:41:32+00:00","og_image":[{"width":1024,"height":768,"url":"https:\/\/santapola.es\/wp-content\/uploads\/2023\/09\/2023-08-11-CNSP-en-Tabarca-3.jpeg","type":"image\/jpeg"}],"author":"Jos\u00e9 Juan L\u00f3pez Lafuente","twitter_card":"summary_large_image","twitter_creator":"@SantaPolaAyunt","twitter_site":"@SantaPolaAyunt","schema":{"@context":"https:\/\/schema.org","@graph":[{"@type":"Article","@id":"https:\/\/santapola.es\/ca\/voluntarios-del-club-nautico-santa-pola-limpian-de-colillas-la-isla-de-tabarca\/#article","isPartOf":{"@id":"https:\/\/santapola.es\/ca\/voluntarios-del-club-nautico-santa-pola-limpian-de-colillas-la-isla-de-tabarca\/"},"author":{"name":"Jos\u00e9 Juan L\u00f3pez Lafuente","@id":"https:\/\/santapola.es\/ca\/#\/schema\/person\/ad1d67403707b58350c7be5e8dbc442d"},"headline":"Voluntarios del Club N\u00e1utico Santa Pola limpian de colillas la isla de Tabarca","datePublished":"2023-08-11T16:32:21+00:00","dateModified":"2024-03-07T17:41:32+00:00","mainEntityOfPage":{"@id":"https:\/\/santapola.es\/ca\/voluntarios-del-club-nautico-santa-pola-limpian-de-colillas-la-isla-de-tabarca\/"},"wordCount":442,"image":{"@id":"https:\/\/santapola.es\/ca\/voluntarios-del-club-nautico-santa-pola-limpian-de-colillas-la-isla-de-tabarca\/#primaryimage"},"thumbnailUrl":"https:\/\/santapola.es\/wp-content\/uploads\/2023\/09\/2023-08-11-CNSP-en-Tabarca-3.jpeg","keywords":["Club N\u00e1utico Santa Pola","Loreto Serrano","Pascual Orts"],"articleSection":["Inicio","Medio Ambiente","Voluntariado"],"inLanguage":"ca"},{"@type":"WebPage","@id":"https:\/\/santapola.es\/ca\/voluntarios-del-club-nautico-santa-pola-limpian-de-colillas-la-isla-de-tabarca\/","url":"https:\/\/santapola.es\/ca\/voluntarios-del-club-nautico-santa-pola-limpian-de-colillas-la-isla-de-tabarca\/","name":"Voluntarios del Club N\u00e1utico Santa Pola limpian de colillas la isla de Tabarca - Ajuntament de Santa Pola","isPartOf":{"@id":"https:\/\/santapola.es\/ca\/#website"},"primaryImageOfPage":{"@id":"https:\/\/santapola.es\/ca\/voluntarios-del-club-nautico-santa-pola-limpian-de-colillas-la-isla-de-tabarca\/#primaryimage"},"image":{"@id":"https:\/\/santapola.es\/ca\/voluntarios-del-club-nautico-santa-pola-limpian-de-colillas-la-isla-de-tabarca\/#primaryimage"},"thumbnailUrl":"https:\/\/santapola.es\/wp-content\/uploads\/2023\/09\/2023-08-11-CNSP-en-Tabarca-3.jpeg","datePublished":"2023-08-11T16:32:21+00:00","dateModified":"2024-03-07T17:41:32+00:00","author":{"@id":"https:\/\/santapola.es\/ca\/#\/schema\/person\/ad1d67403707b58350c7be5e8dbc442d"},"breadcrumb":{"@id":"https:\/\/santapola.es\/ca\/voluntarios-del-club-nautico-santa-pola-limpian-de-colillas-la-isla-de-tabarca\/#breadcrumb"},"inLanguage":"ca","potentialAction":[{"@type":"ReadAction","target":["https:\/\/santapola.es\/ca\/voluntarios-del-club-nautico-santa-pola-limpian-de-colillas-la-isla-de-tabarca\/"]}]},{"@type":"ImageObject","inLanguage":"ca","@id":"https:\/\/santapola.es\/ca\/voluntarios-del-club-nautico-santa-pola-limpian-de-colillas-la-isla-de-tabarca\/#primaryimage","url":"https:\/\/santapola.es\/wp-content\/uploads\/2023\/09\/2023-08-11-CNSP-en-Tabarca-3.jpeg","contentUrl":"https:\/\/santapola.es\/wp-content\/uploads\/2023\/09\/2023-08-11-CNSP-en-Tabarca-3.jpeg","width":1024,"height":768},{"@type":"BreadcrumbList","@id":"https:\/\/santapola.es\/ca\/voluntarios-del-club-nautico-santa-pola-limpian-de-colillas-la-isla-de-tabarca\/#breadcrumb","itemListElement":[{"@type":"ListItem","position":1,"name":"Inici","item":"https:\/\/santapola.es\/ca\/"},{"@type":"ListItem","position":2,"name":"Voluntarios del Club N\u00e1utico Santa Pola limpian de colillas la isla de Tabarca"}]},{"@type":"WebSite","@id":"https:\/\/santapola.es\/ca\/#website","url":"https:\/\/santapola.es\/ca\/","name":"Ayuntamiento de Santa Pola","description":"Web de l'Ajuntament de Santa Pola","potentialAction":[{"@type":"SearchAction","target":{"@type":"EntryPoint","urlTemplate":"https:\/\/santapola.es\/ca\/?s={search_term_string}"},"query-input":{"@type":"PropertyValueSpecification","valueRequired":true,"valueName":"search_term_string"}}],"inLanguage":"ca"},{"@type":"Person","@id":"https:\/\/santapola.es\/ca\/#\/schema\/person\/ad1d67403707b58350c7be5e8dbc442d","name":"Jos\u00e9 Juan L\u00f3pez Lafuente"}]}},"_links":{"self":[{"href":"https:\/\/santapola.es\/ca\/wp-json\/wp\/v2\/posts\/21177","targetHints":{"allow":["GET"]}}],"collection":[{"href":"https:\/\/santapola.es\/ca\/wp-json\/wp\/v2\/posts"}],"about":[{"href":"https:\/\/santapola.es\/ca\/wp-json\/wp\/v2\/types\/post"}],"author":[{"embeddable":true,"href":"https:\/\/santapola.es\/ca\/wp-json\/wp\/v2\/users\/96"}],"replies":[{"embeddable":true,"href":"https:\/\/santapola.es\/ca\/wp-json\/wp\/v2\/comments?post=21177"}],"version-history":[{"count":0,"href":"https:\/\/santapola.es\/ca\/wp-json\/wp\/v2\/posts\/21177\/revisions"}],"wp:featuredmedia":[{"embeddable":true,"href":"https:\/\/santapola.es\/ca\/wp-json\/wp\/v2\/media\/21178"}],"wp:attachment":[{"href":"https:\/\/santapola.es\/ca\/wp-json\/wp\/v2\/media?parent=21177"}],"wp:term":[{"taxonomy":"category","embeddable":true,"href":"https:\/\/santapola.es\/ca\/wp-json\/wp\/v2\/categories?post=21177"},{"taxonomy":"post_tag","embeddable":true,"href":"https:\/\/santapola.es\/ca\/wp-json\/wp\/v2\/tags?post=21177"}],"curies":[{"name":"wp","href":"https:\/\/api.w.org\/{rel}","templated":true}]}}