{"id":21161,"date":"2023-08-09T17:57:28","date_gmt":"2023-08-09T15:57:28","guid":{"rendered":"https:\/\/www.desarrollo.santapola.es\/?p=21161"},"modified":"2024-03-07T18:41:31","modified_gmt":"2024-03-07T17:41:31","slug":"convocado-pleno-extraordinario-el-miercoles-10-de-agosto","status":"publish","type":"post","link":"https:\/\/santapola.es\/ca\/convocado-pleno-extraordinario-el-miercoles-10-de-agosto\/","title":{"rendered":"Convocado pleno extraordinario el mi\u00e9rcoles 10 de agosto"},"content":{"rendered":"<p><strong>La Corporaci\u00f3n Municipal celebrar\u00e1 ma\u00f1ana mi\u00e9rcoles a las 12:00 una sesi\u00f3n plenaria extraordinaria con el siguiente orden del d\u00eda.<\/strong><\/p>\n<p>ASUNTOS DE LA CONVOCATORIA<\/p>\n<p>1. Daci\u00f3n cuenta renuncia de la Alcad\u00eda al r\u00e9gimen de dedicaci\u00f3n exclusiva<\/p>\n<p>2. Daci\u00f3n cuenta cambio fecha de celebraci\u00f3n sesiones ordinarias Junta de Gobierno Local.<\/p>\n<p>3. SERVICIOS SOCIALES- Expediente 18808\/2023. Certificados o InformesAPROBACI\u00d3N ORDENANZA AREA ESPECIAL GRAN PLAYA<\/p>\n<p>4. Expediente 16774\/2023. Cambio d\u00eda celebraci\u00f3n plenos ordinarios<\/p>\n<p>5. Expediente 16779\/2023. Cargos P\u00fablicos (Dedicaciones, Retribuciones e Indemnizaciones)<\/p>\n","protected":false},"excerpt":{"rendered":"<p>La Corporaci\u00f3n Municipal celebrar\u00e1 ma\u00f1ana mi\u00e9rcoles a las 12:00 una sesi\u00f3n plenaria extraordinaria con el siguiente orden del d\u00eda. ASUNTOS DE LA CONVOCATORIA 1. Daci\u00f3n cuenta renuncia de la Alcad\u00eda al r\u00e9gimen de dedicaci\u00f3n exclusiva 2. Daci\u00f3n cuenta cambio fecha de celebraci\u00f3n sesiones ordinarias Junta de Gobierno Local. 3. SERVICIOS SOCIALES- Expediente 18808\/2023. Certificados o [&hellip;]<\/p>\n","protected":false},"author":96,"featured_media":20924,"comment_status":"closed","ping_status":"closed","sticky":false,"template":"","format":"standard","meta":{"_et_pb_use_builder":"","_et_pb_old_content":"","_et_gb_content_width":"","footnotes":""},"categories":[66,100],"tags":[],"class_list":["post-21161","post","type-post","status-publish","format-standard","has-post-thumbnail","hentry","category-inicio","category-plenos"],"yoast_head":"<!-- This site is optimized with the Yoast SEO plugin v27.4 - https:\/\/yoast.com\/product\/yoast-seo-wordpress\/ -->\n<title>Convocado pleno extraordinario el mi\u00e9rcoles 10 de agosto - Ajuntament de Santa Pola<\/title>\n<meta name=\"robots\" content=\"index, follow, max-snippet:-1, max-image-preview:large, max-video-preview:-1\" \/>\n<link rel=\"canonical\" href=\"https:\/\/santapola.es\/ca\/convocado-pleno-extraordinario-el-miercoles-10-de-agosto\/\" \/>\n<meta property=\"og:locale\" content=\"ca_ES\" \/>\n<meta property=\"og:type\" content=\"article\" \/>\n<meta property=\"og:title\" content=\"Convocado pleno extraordinario el mi\u00e9rcoles 10 de agosto - Ajuntament de Santa Pola\" \/>\n<meta property=\"og:description\" content=\"La Corporaci\u00f3n Municipal celebrar\u00e1 ma\u00f1ana mi\u00e9rcoles a las 12:00 una sesi\u00f3n plenaria extraordinaria con el siguiente orden del d\u00eda. ASUNTOS DE LA CONVOCATORIA 1. Daci\u00f3n cuenta renuncia de la Alcad\u00eda al r\u00e9gimen de dedicaci\u00f3n exclusiva 2. Daci\u00f3n cuenta cambio fecha de celebraci\u00f3n sesiones ordinarias Junta de Gobierno Local. 3. SERVICIOS SOCIALES- Expediente 18808\/2023. Certificados o [&hellip;]\" \/>\n<meta property=\"og:url\" content=\"https:\/\/santapola.es\/ca\/convocado-pleno-extraordinario-el-miercoles-10-de-agosto\/\" \/>\n<meta property=\"og:site_name\" content=\"Ajuntament de Santa Pola\" \/>\n<meta property=\"article:publisher\" content=\"https:\/\/www.facebook.com\/AyuntamientoSantaPola\/\" \/>\n<meta property=\"article:published_time\" content=\"2023-08-09T15:57:28+00:00\" \/>\n<meta property=\"article:modified_time\" content=\"2024-03-07T17:41:31+00:00\" \/>\n<meta property=\"og:image\" content=\"https:\/\/santapola.es\/wp-content\/uploads\/2023\/07\/Pleno.jpeg\" \/>\n\t<meta property=\"og:image:width\" content=\"1200\" \/>\n\t<meta property=\"og:image:height\" content=\"675\" \/>\n\t<meta property=\"og:image:type\" content=\"image\/jpeg\" \/>\n<meta name=\"author\" content=\"Jos\u00e9 Juan L\u00f3pez Lafuente\" \/>\n<meta name=\"twitter:card\" content=\"summary_large_image\" \/>\n<meta name=\"twitter:creator\" content=\"@SantaPolaAyunt\" \/>\n<meta name=\"twitter:site\" content=\"@SantaPolaAyunt\" \/>\n<script type=\"application\/ld+json\" class=\"yoast-schema-graph\">{\"@context\":\"https:\\\/\\\/schema.org\",\"@graph\":[{\"@type\":\"Article\",\"@id\":\"https:\\\/\\\/santapola.es\\\/ca\\\/convocado-pleno-extraordinario-el-miercoles-10-de-agosto\\\/#article\",\"isPartOf\":{\"@id\":\"https:\\\/\\\/santapola.es\\\/ca\\\/convocado-pleno-extraordinario-el-miercoles-10-de-agosto\\\/\"},\"author\":{\"name\":\"Jos\u00e9 Juan L\u00f3pez Lafuente\",\"@id\":\"https:\\\/\\\/santapola.es\\\/ca\\\/#\\\/schema\\\/person\\\/ad1d67403707b58350c7be5e8dbc442d\"},\"headline\":\"Convocado pleno extraordinario el mi\u00e9rcoles 10 de agosto\",\"datePublished\":\"2023-08-09T15:57:28+00:00\",\"dateModified\":\"2024-03-07T17:41:31+00:00\",\"mainEntityOfPage\":{\"@id\":\"https:\\\/\\\/santapola.es\\\/ca\\\/convocado-pleno-extraordinario-el-miercoles-10-de-agosto\\\/\"},\"wordCount\":92,\"image\":{\"@id\":\"https:\\\/\\\/santapola.es\\\/ca\\\/convocado-pleno-extraordinario-el-miercoles-10-de-agosto\\\/#primaryimage\"},\"thumbnailUrl\":\"https:\\\/\\\/santapola.es\\\/wp-content\\\/uploads\\\/2023\\\/07\\\/Pleno.jpeg\",\"articleSection\":[\"Inicio\",\"Plenos\"],\"inLanguage\":\"ca\"},{\"@type\":\"WebPage\",\"@id\":\"https:\\\/\\\/santapola.es\\\/ca\\\/convocado-pleno-extraordinario-el-miercoles-10-de-agosto\\\/\",\"url\":\"https:\\\/\\\/santapola.es\\\/ca\\\/convocado-pleno-extraordinario-el-miercoles-10-de-agosto\\\/\",\"name\":\"Convocado pleno extraordinario el mi\u00e9rcoles 10 de agosto - Ajuntament de Santa Pola\",\"isPartOf\":{\"@id\":\"https:\\\/\\\/santapola.es\\\/ca\\\/#website\"},\"primaryImageOfPage\":{\"@id\":\"https:\\\/\\\/santapola.es\\\/ca\\\/convocado-pleno-extraordinario-el-miercoles-10-de-agosto\\\/#primaryimage\"},\"image\":{\"@id\":\"https:\\\/\\\/santapola.es\\\/ca\\\/convocado-pleno-extraordinario-el-miercoles-10-de-agosto\\\/#primaryimage\"},\"thumbnailUrl\":\"https:\\\/\\\/santapola.es\\\/wp-content\\\/uploads\\\/2023\\\/07\\\/Pleno.jpeg\",\"datePublished\":\"2023-08-09T15:57:28+00:00\",\"dateModified\":\"2024-03-07T17:41:31+00:00\",\"author\":{\"@id\":\"https:\\\/\\\/santapola.es\\\/ca\\\/#\\\/schema\\\/person\\\/ad1d67403707b58350c7be5e8dbc442d\"},\"breadcrumb\":{\"@id\":\"https:\\\/\\\/santapola.es\\\/ca\\\/convocado-pleno-extraordinario-el-miercoles-10-de-agosto\\\/#breadcrumb\"},\"inLanguage\":\"ca\",\"potentialAction\":[{\"@type\":\"ReadAction\",\"target\":[\"https:\\\/\\\/santapola.es\\\/ca\\\/convocado-pleno-extraordinario-el-miercoles-10-de-agosto\\\/\"]}]},{\"@type\":\"ImageObject\",\"inLanguage\":\"ca\",\"@id\":\"https:\\\/\\\/santapola.es\\\/ca\\\/convocado-pleno-extraordinario-el-miercoles-10-de-agosto\\\/#primaryimage\",\"url\":\"https:\\\/\\\/santapola.es\\\/wp-content\\\/uploads\\\/2023\\\/07\\\/Pleno.jpeg\",\"contentUrl\":\"https:\\\/\\\/santapola.es\\\/wp-content\\\/uploads\\\/2023\\\/07\\\/Pleno.jpeg\",\"width\":1200,\"height\":675},{\"@type\":\"BreadcrumbList\",\"@id\":\"https:\\\/\\\/santapola.es\\\/ca\\\/convocado-pleno-extraordinario-el-miercoles-10-de-agosto\\\/#breadcrumb\",\"itemListElement\":[{\"@type\":\"ListItem\",\"position\":1,\"name\":\"Inici\",\"item\":\"https:\\\/\\\/santapola.es\\\/ca\\\/\"},{\"@type\":\"ListItem\",\"position\":2,\"name\":\"Convocado pleno extraordinario el mi\u00e9rcoles 10 de agosto\"}]},{\"@type\":\"WebSite\",\"@id\":\"https:\\\/\\\/santapola.es\\\/ca\\\/#website\",\"url\":\"https:\\\/\\\/santapola.es\\\/ca\\\/\",\"name\":\"Ayuntamiento de Santa Pola\",\"description\":\"Web de l'Ajuntament de Santa Pola\",\"potentialAction\":[{\"@type\":\"SearchAction\",\"target\":{\"@type\":\"EntryPoint\",\"urlTemplate\":\"https:\\\/\\\/santapola.es\\\/ca\\\/?s={search_term_string}\"},\"query-input\":{\"@type\":\"PropertyValueSpecification\",\"valueRequired\":true,\"valueName\":\"search_term_string\"}}],\"inLanguage\":\"ca\"},{\"@type\":\"Person\",\"@id\":\"https:\\\/\\\/santapola.es\\\/ca\\\/#\\\/schema\\\/person\\\/ad1d67403707b58350c7be5e8dbc442d\",\"name\":\"Jos\u00e9 Juan L\u00f3pez Lafuente\"}]}<\/script>\n<!-- \/ Yoast SEO plugin. -->","yoast_head_json":{"title":"Convocado pleno extraordinario el mi\u00e9rcoles 10 de agosto - Ajuntament de Santa Pola","robots":{"index":"index","follow":"follow","max-snippet":"max-snippet:-1","max-image-preview":"max-image-preview:large","max-video-preview":"max-video-preview:-1"},"canonical":"https:\/\/santapola.es\/ca\/convocado-pleno-extraordinario-el-miercoles-10-de-agosto\/","og_locale":"ca_ES","og_type":"article","og_title":"Convocado pleno extraordinario el mi\u00e9rcoles 10 de agosto - Ajuntament de Santa Pola","og_description":"La Corporaci\u00f3n Municipal celebrar\u00e1 ma\u00f1ana mi\u00e9rcoles a las 12:00 una sesi\u00f3n plenaria extraordinaria con el siguiente orden del d\u00eda. ASUNTOS DE LA CONVOCATORIA 1. Daci\u00f3n cuenta renuncia de la Alcad\u00eda al r\u00e9gimen de dedicaci\u00f3n exclusiva 2. Daci\u00f3n cuenta cambio fecha de celebraci\u00f3n sesiones ordinarias Junta de Gobierno Local. 3. SERVICIOS SOCIALES- Expediente 18808\/2023. Certificados o [&hellip;]","og_url":"https:\/\/santapola.es\/ca\/convocado-pleno-extraordinario-el-miercoles-10-de-agosto\/","og_site_name":"Ajuntament de Santa Pola","article_publisher":"https:\/\/www.facebook.com\/AyuntamientoSantaPola\/","article_published_time":"2023-08-09T15:57:28+00:00","article_modified_time":"2024-03-07T17:41:31+00:00","og_image":[{"width":1200,"height":675,"url":"https:\/\/santapola.es\/wp-content\/uploads\/2023\/07\/Pleno.jpeg","type":"image\/jpeg"}],"author":"Jos\u00e9 Juan L\u00f3pez Lafuente","twitter_card":"summary_large_image","twitter_creator":"@SantaPolaAyunt","twitter_site":"@SantaPolaAyunt","schema":{"@context":"https:\/\/schema.org","@graph":[{"@type":"Article","@id":"https:\/\/santapola.es\/ca\/convocado-pleno-extraordinario-el-miercoles-10-de-agosto\/#article","isPartOf":{"@id":"https:\/\/santapola.es\/ca\/convocado-pleno-extraordinario-el-miercoles-10-de-agosto\/"},"author":{"name":"Jos\u00e9 Juan L\u00f3pez Lafuente","@id":"https:\/\/santapola.es\/ca\/#\/schema\/person\/ad1d67403707b58350c7be5e8dbc442d"},"headline":"Convocado pleno extraordinario el mi\u00e9rcoles 10 de agosto","datePublished":"2023-08-09T15:57:28+00:00","dateModified":"2024-03-07T17:41:31+00:00","mainEntityOfPage":{"@id":"https:\/\/santapola.es\/ca\/convocado-pleno-extraordinario-el-miercoles-10-de-agosto\/"},"wordCount":92,"image":{"@id":"https:\/\/santapola.es\/ca\/convocado-pleno-extraordinario-el-miercoles-10-de-agosto\/#primaryimage"},"thumbnailUrl":"https:\/\/santapola.es\/wp-content\/uploads\/2023\/07\/Pleno.jpeg","articleSection":["Inicio","Plenos"],"inLanguage":"ca"},{"@type":"WebPage","@id":"https:\/\/santapola.es\/ca\/convocado-pleno-extraordinario-el-miercoles-10-de-agosto\/","url":"https:\/\/santapola.es\/ca\/convocado-pleno-extraordinario-el-miercoles-10-de-agosto\/","name":"Convocado pleno extraordinario el mi\u00e9rcoles 10 de agosto - Ajuntament de Santa Pola","isPartOf":{"@id":"https:\/\/santapola.es\/ca\/#website"},"primaryImageOfPage":{"@id":"https:\/\/santapola.es\/ca\/convocado-pleno-extraordinario-el-miercoles-10-de-agosto\/#primaryimage"},"image":{"@id":"https:\/\/santapola.es\/ca\/convocado-pleno-extraordinario-el-miercoles-10-de-agosto\/#primaryimage"},"thumbnailUrl":"https:\/\/santapola.es\/wp-content\/uploads\/2023\/07\/Pleno.jpeg","datePublished":"2023-08-09T15:57:28+00:00","dateModified":"2024-03-07T17:41:31+00:00","author":{"@id":"https:\/\/santapola.es\/ca\/#\/schema\/person\/ad1d67403707b58350c7be5e8dbc442d"},"breadcrumb":{"@id":"https:\/\/santapola.es\/ca\/convocado-pleno-extraordinario-el-miercoles-10-de-agosto\/#breadcrumb"},"inLanguage":"ca","potentialAction":[{"@type":"ReadAction","target":["https:\/\/santapola.es\/ca\/convocado-pleno-extraordinario-el-miercoles-10-de-agosto\/"]}]},{"@type":"ImageObject","inLanguage":"ca","@id":"https:\/\/santapola.es\/ca\/convocado-pleno-extraordinario-el-miercoles-10-de-agosto\/#primaryimage","url":"https:\/\/santapola.es\/wp-content\/uploads\/2023\/07\/Pleno.jpeg","contentUrl":"https:\/\/santapola.es\/wp-content\/uploads\/2023\/07\/Pleno.jpeg","width":1200,"height":675},{"@type":"BreadcrumbList","@id":"https:\/\/santapola.es\/ca\/convocado-pleno-extraordinario-el-miercoles-10-de-agosto\/#breadcrumb","itemListElement":[{"@type":"ListItem","position":1,"name":"Inici","item":"https:\/\/santapola.es\/ca\/"},{"@type":"ListItem","position":2,"name":"Convocado pleno extraordinario el mi\u00e9rcoles 10 de agosto"}]},{"@type":"WebSite","@id":"https:\/\/santapola.es\/ca\/#website","url":"https:\/\/santapola.es\/ca\/","name":"Ayuntamiento de Santa Pola","description":"Web de l'Ajuntament de Santa Pola","potentialAction":[{"@type":"SearchAction","target":{"@type":"EntryPoint","urlTemplate":"https:\/\/santapola.es\/ca\/?s={search_term_string}"},"query-input":{"@type":"PropertyValueSpecification","valueRequired":true,"valueName":"search_term_string"}}],"inLanguage":"ca"},{"@type":"Person","@id":"https:\/\/santapola.es\/ca\/#\/schema\/person\/ad1d67403707b58350c7be5e8dbc442d","name":"Jos\u00e9 Juan L\u00f3pez Lafuente"}]}},"_links":{"self":[{"href":"https:\/\/santapola.es\/ca\/wp-json\/wp\/v2\/posts\/21161","targetHints":{"allow":["GET"]}}],"collection":[{"href":"https:\/\/santapola.es\/ca\/wp-json\/wp\/v2\/posts"}],"about":[{"href":"https:\/\/santapola.es\/ca\/wp-json\/wp\/v2\/types\/post"}],"author":[{"embeddable":true,"href":"https:\/\/santapola.es\/ca\/wp-json\/wp\/v2\/users\/96"}],"replies":[{"embeddable":true,"href":"https:\/\/santapola.es\/ca\/wp-json\/wp\/v2\/comments?post=21161"}],"version-history":[{"count":0,"href":"https:\/\/santapola.es\/ca\/wp-json\/wp\/v2\/posts\/21161\/revisions"}],"wp:featuredmedia":[{"embeddable":true,"href":"https:\/\/santapola.es\/ca\/wp-json\/wp\/v2\/media\/20924"}],"wp:attachment":[{"href":"https:\/\/santapola.es\/ca\/wp-json\/wp\/v2\/media?parent=21161"}],"wp:term":[{"taxonomy":"category","embeddable":true,"href":"https:\/\/santapola.es\/ca\/wp-json\/wp\/v2\/categories?post=21161"},{"taxonomy":"post_tag","embeddable":true,"href":"https:\/\/santapola.es\/ca\/wp-json\/wp\/v2\/tags?post=21161"}],"curies":[{"name":"wp","href":"https:\/\/api.w.org\/{rel}","templated":true}]}}