{"id":21123,"date":"2023-08-05T10:59:33","date_gmt":"2023-08-05T08:59:33","guid":{"rendered":"https:\/\/www.desarrollo.santapola.es\/?p=21123"},"modified":"2024-03-07T18:41:28","modified_gmt":"2024-03-07T17:41:28","slug":"valencia-merecido-reconocimiento-a-destacados-jovenes-de-santa-pola","status":"publish","type":"post","link":"https:\/\/santapola.es\/ca\/valencia-merecido-reconocimiento-a-destacados-jovenes-de-santa-pola\/","title":{"rendered":"Merecido reconocimiento a destacados j\u00f3venes de Santa Pola"},"content":{"rendered":"<p><strong>Ocho j\u00f3venes de Santa Pola m\u00e1s un colectivo art\u00edstico tuvieron su reconocimiento ayer en la III Gala Jovens Amb Valors, un homenaje de la Concejal\u00eda de Juventud a todas aquellas personas j\u00f3venes que, con su esfuerzo y entusiasmo, han conseguido grandes metas y se han convertido en ejemplo para futuras generaciones.<\/strong><\/p>\n<p>El acto, presentado por \u00c1frica y Pelayo, voluntarios del equipo de corresponsales juveniles del Rac\u00f3 Jove, se celebr\u00f3 anoche en el patio de armas del Castillo-Fortaleza con una nutrida presencia de espectadores. La alcaldesa Loreto Serrano y el concejal de Juventud, Joaqu\u00edn Lozano, fueron entregando los reconocimientos a j\u00f3venes destacados en \u00e1mbitos muy diferentes como la cultura, el deporte, el rendimiento acad\u00e9mico, el mundo emprendedor, la ciencia o las humanidades.<\/p>\n<p><strong>Grupo de Teatro del IES Santa Pola<\/strong><\/p>\n<p>En primer lugar se valor\u00f3 la labor del grupo de teatro Proyectos Teentheatre que naci\u00f3 en el IES Santa Pola durante el curso 2009-2010 como una apuesta por el teatro en la educaci\u00f3n, de la mano de su profesor y director, Ernesto Mart\u00edn Mart\u00ednez, y han actuado en diversas ciudades de la Comunidad Valenciana, Murcia y Catalu\u00f1a, incluso en la localidad francesa de Nogent-Le-Rotrou.<\/p>\n<p><strong>Gabriel Rodr\u00edguez Ca\u00f1estro<\/strong><\/p>\n<p>El m\u00fasico Gabri Ca\u00f1estro tiene 24 a\u00f1os y desde los 15 escribe canciones, es un habitual verlo en verano en los paseos de Santa Pola como artista callejero y en 2022 obtuvo el primer puesto en los premios Top Creation de la Diputaci\u00f3n de Alicante con su canci\u00f3n \u201cInestable\u201d. Recientemente ha finalizado en la Universidad Aut\u00f3noma de Madrid sus estudios de historia y ciencias de la m\u00fasica y tecnolog\u00eda musical. Precisamente fue el artista que ameniz\u00f3 la gala con varias de sus canciones.<\/p>\n<p><strong>Rafael Sirvent Salazar<\/strong><\/p>\n<p>Residente en Gran Alacant desde bien peque\u00f1o, Rafa Sirvent tiene 23 a\u00f1os y estudia publicidad y relaciones p\u00fablicas en la Universidad de Alicante. Es uno de los m\u00e1ximos representantes del deporte n\u00e1utico local en la especialidad de SUP, fue tres veces campe\u00f3n de Espa\u00f1a junior y en 2018 campe\u00f3n de Espa\u00f1a absoluto. Ha participado en tres mundiales con excelentes resultados, medalla de oro en relevos en 2019, subcampe\u00f3n de Europa y del Mundo en 2022. Es entrenador en el Club Deportivo Parres Watersports y est\u00e1 luchando por obtener plaza para los Europeos y el Mundial de 2023.<\/p>\n<p><strong>Nefertary Mart\u00ednez Gil y Alejandro Mart\u00ednez Garc\u00eda<\/strong><\/p>\n<p>Los mejores expedientes acad\u00e9micos en los dos institutos de Santa Pola tambi\u00e9n recibieron su homenaje.<\/p>\n<p>Nefertary tiene 17 a\u00f1os y ha finalizado sus estudios de bachillerato en la rama de ciencias de salud en el IES Cap de L\u2019Aljub con una nota de 9,84. El pr\u00f3ximo curso arrancar\u00e1 su formaci\u00f3n universitaria en la Facultad de Matem\u00e1ticas de Murcia.<\/p>\n<p>Alejandro, por su parte, es otro estudiante brillante que ha finalizado el bachillerato en el IES Santa Pola con una nota de 9,65. Obtuvo el Premio Extraordinario de la Conseller\u00eda de Educaci\u00f3n tanto en primaria como en la ESO y ahora espera ingresar en la Universidad Miguel Hern\u00e1ndez para cursar el grado de Medicina.<\/p>\n<p><strong>Pau Fuentes Quiles<\/strong><\/p>\n<p>Curs\u00f3 toda su educaci\u00f3n hasta los 18 a\u00f1os en Santa Pola y estudi\u00f3 Econom\u00eda en la Universitat Pompeu Fabra de Barcelona, carrera que remat\u00f3 en prestigiosas escuelas de negocios en Copenhague y Filadelfia. En 2018, Pau se uni\u00f3 a Arthur D. Little, la primera consultora estrat\u00e9gica del mundo, siendo en la actualidad gerente de la oficina de Madrid y ha trabajado en m\u00e1s de 20 pa\u00edses de 4 continentes. Tambi\u00e9n suele actuar como mentor de estudiantes espa\u00f1oles e internacionales.<\/p>\n<p><strong>Pablo Llamas Aguilar<\/strong><\/p>\n<p>Este santapolero de 24 a\u00f1os es un apasionado de la inform\u00e1tica, las redes sociales y la tecnolog\u00eda. Estudi\u00f3 el grado de telecomunicaciones e inform\u00e1tica en el IES Pedro Ibarra de Elche y a los 18 a\u00f1os fund\u00f3 un negocio de venta y mantenimiento de ordenadores. Con 20 a\u00f1os se traslad\u00f3 a Alcobendas, donde trabaja como t\u00e9cnico de sistemas en Telef\u00f3nica Madrid. Fue el fundador de Bee Chat, una red social que le vali\u00f3 ser finalista en 2022 en los prestigiosos premios provinciales de Juventud de la Diputaci\u00f3n de Alicante.<\/p>\n<p><strong>Sara Mart\u00ednez Ruso y Estefan\u00eda Egea Fern\u00e1ndez<\/strong><\/p>\n<p>Sara, de 29 a\u00f1os, y Estefan\u00eda, de 31, coincidieron en el CEU Cardenal Herrera de Elche donde realizaron el doble grado en magisterio de educaci\u00f3n primaria e infantil con menci\u00f3n en educaci\u00f3n especial. En 2018 fundaron en Santa Pola el Centro Educativo Neko, donde empezaron atendiendo a 5 familias y en la actualidad preparan su traslado a sus nuevas instalaciones de la calle Santa Isabel con m\u00e1s de 80 familias atendidas en servicios de pedagog\u00eda, atenci\u00f3n temprana, audici\u00f3n y lenguaje, apoyo y orientaci\u00f3n, t\u00e9cnicas de estudio y apoyo escolar.<\/p>\n","protected":false},"excerpt":{"rendered":"<p>Ocho j\u00f3venes de Santa Pola m\u00e1s un colectivo art\u00edstico tuvieron su reconocimiento ayer en la III Gala Jovens Amb Valors, un homenaje de la Concejal\u00eda de Juventud a todas aquellas personas j\u00f3venes que, con su esfuerzo y entusiasmo, han conseguido grandes metas y se han convertido en ejemplo para futuras generaciones. El acto, presentado por [&hellip;]<\/p>\n","protected":false},"author":96,"featured_media":21124,"comment_status":"closed","ping_status":"closed","sticky":false,"template":"","format":"standard","meta":{"_et_pb_use_builder":"","_et_pb_old_content":"","_et_gb_content_width":"","footnotes":""},"categories":[66,98],"tags":[131,132,141,106],"class_list":["post-21123","post","type-post","status-publish","format-standard","has-post-thumbnail","hentry","category-inicio","category-juventud","tag-joaquin-lozano","tag-jovens-amb-valors","tag-loreto-serrano","tag-raco-jove"],"yoast_head":"<!-- This site is optimized with the Yoast SEO plugin v27.4 - https:\/\/yoast.com\/product\/yoast-seo-wordpress\/ -->\n<title>Merecido reconocimiento a destacados j\u00f3venes de Santa Pola - Ajuntament de Santa Pola<\/title>\n<meta name=\"robots\" content=\"index, follow, max-snippet:-1, max-image-preview:large, max-video-preview:-1\" \/>\n<link rel=\"canonical\" href=\"https:\/\/santapola.es\/ca\/valencia-merecido-reconocimiento-a-destacados-jovenes-de-santa-pola\/\" \/>\n<meta property=\"og:locale\" content=\"ca_ES\" \/>\n<meta property=\"og:type\" content=\"article\" \/>\n<meta property=\"og:title\" content=\"Merecido reconocimiento a destacados j\u00f3venes de Santa Pola - Ajuntament de Santa Pola\" \/>\n<meta property=\"og:description\" content=\"Ocho j\u00f3venes de Santa Pola m\u00e1s un colectivo art\u00edstico tuvieron su reconocimiento ayer en la III Gala Jovens Amb Valors, un homenaje de la Concejal\u00eda de Juventud a todas aquellas personas j\u00f3venes que, con su esfuerzo y entusiasmo, han conseguido grandes metas y se han convertido en ejemplo para futuras generaciones. El acto, presentado por [&hellip;]\" \/>\n<meta property=\"og:url\" content=\"https:\/\/santapola.es\/ca\/valencia-merecido-reconocimiento-a-destacados-jovenes-de-santa-pola\/\" \/>\n<meta property=\"og:site_name\" content=\"Ajuntament de Santa Pola\" \/>\n<meta property=\"article:publisher\" content=\"https:\/\/www.facebook.com\/AyuntamientoSantaPola\/\" \/>\n<meta property=\"article:published_time\" content=\"2023-08-05T08:59:33+00:00\" \/>\n<meta property=\"article:modified_time\" content=\"2024-03-07T17:41:28+00:00\" \/>\n<meta property=\"og:image\" content=\"https:\/\/santapola.es\/wp-content\/uploads\/2023\/09\/2023-08-06-Jovens-amb-valors.jpeg\" \/>\n\t<meta property=\"og:image:width\" content=\"2497\" \/>\n\t<meta property=\"og:image:height\" content=\"1382\" \/>\n\t<meta property=\"og:image:type\" content=\"image\/jpeg\" \/>\n<meta name=\"author\" content=\"Jos\u00e9 Juan L\u00f3pez Lafuente\" \/>\n<meta name=\"twitter:card\" content=\"summary_large_image\" \/>\n<meta name=\"twitter:creator\" content=\"@SantaPolaAyunt\" \/>\n<meta name=\"twitter:site\" content=\"@SantaPolaAyunt\" \/>\n<script type=\"application\/ld+json\" class=\"yoast-schema-graph\">{\"@context\":\"https:\\\/\\\/schema.org\",\"@graph\":[{\"@type\":\"Article\",\"@id\":\"https:\\\/\\\/santapola.es\\\/ca\\\/valencia-merecido-reconocimiento-a-destacados-jovenes-de-santa-pola\\\/#article\",\"isPartOf\":{\"@id\":\"https:\\\/\\\/santapola.es\\\/ca\\\/valencia-merecido-reconocimiento-a-destacados-jovenes-de-santa-pola\\\/\"},\"author\":{\"name\":\"Jos\u00e9 Juan L\u00f3pez Lafuente\",\"@id\":\"https:\\\/\\\/santapola.es\\\/ca\\\/#\\\/schema\\\/person\\\/ad1d67403707b58350c7be5e8dbc442d\"},\"headline\":\"Merecido reconocimiento a destacados j\u00f3venes de Santa Pola\",\"datePublished\":\"2023-08-05T08:59:33+00:00\",\"dateModified\":\"2024-03-07T17:41:28+00:00\",\"mainEntityOfPage\":{\"@id\":\"https:\\\/\\\/santapola.es\\\/ca\\\/valencia-merecido-reconocimiento-a-destacados-jovenes-de-santa-pola\\\/\"},\"wordCount\":828,\"image\":{\"@id\":\"https:\\\/\\\/santapola.es\\\/ca\\\/valencia-merecido-reconocimiento-a-destacados-jovenes-de-santa-pola\\\/#primaryimage\"},\"thumbnailUrl\":\"https:\\\/\\\/santapola.es\\\/wp-content\\\/uploads\\\/2023\\\/09\\\/2023-08-06-Jovens-amb-valors.jpeg\",\"keywords\":[\"Joaqu\u00edn Lozano\",\"Jovens amb Valors\",\"Loreto Serrano\",\"Rac\u00f3 Jove\"],\"articleSection\":[\"Inicio\",\"Juventud\"],\"inLanguage\":\"ca\"},{\"@type\":\"WebPage\",\"@id\":\"https:\\\/\\\/santapola.es\\\/ca\\\/valencia-merecido-reconocimiento-a-destacados-jovenes-de-santa-pola\\\/\",\"url\":\"https:\\\/\\\/santapola.es\\\/ca\\\/valencia-merecido-reconocimiento-a-destacados-jovenes-de-santa-pola\\\/\",\"name\":\"Merecido reconocimiento a destacados j\u00f3venes de Santa Pola - Ajuntament de Santa Pola\",\"isPartOf\":{\"@id\":\"https:\\\/\\\/santapola.es\\\/ca\\\/#website\"},\"primaryImageOfPage\":{\"@id\":\"https:\\\/\\\/santapola.es\\\/ca\\\/valencia-merecido-reconocimiento-a-destacados-jovenes-de-santa-pola\\\/#primaryimage\"},\"image\":{\"@id\":\"https:\\\/\\\/santapola.es\\\/ca\\\/valencia-merecido-reconocimiento-a-destacados-jovenes-de-santa-pola\\\/#primaryimage\"},\"thumbnailUrl\":\"https:\\\/\\\/santapola.es\\\/wp-content\\\/uploads\\\/2023\\\/09\\\/2023-08-06-Jovens-amb-valors.jpeg\",\"datePublished\":\"2023-08-05T08:59:33+00:00\",\"dateModified\":\"2024-03-07T17:41:28+00:00\",\"author\":{\"@id\":\"https:\\\/\\\/santapola.es\\\/ca\\\/#\\\/schema\\\/person\\\/ad1d67403707b58350c7be5e8dbc442d\"},\"breadcrumb\":{\"@id\":\"https:\\\/\\\/santapola.es\\\/ca\\\/valencia-merecido-reconocimiento-a-destacados-jovenes-de-santa-pola\\\/#breadcrumb\"},\"inLanguage\":\"ca\",\"potentialAction\":[{\"@type\":\"ReadAction\",\"target\":[\"https:\\\/\\\/santapola.es\\\/ca\\\/valencia-merecido-reconocimiento-a-destacados-jovenes-de-santa-pola\\\/\"]}]},{\"@type\":\"ImageObject\",\"inLanguage\":\"ca\",\"@id\":\"https:\\\/\\\/santapola.es\\\/ca\\\/valencia-merecido-reconocimiento-a-destacados-jovenes-de-santa-pola\\\/#primaryimage\",\"url\":\"https:\\\/\\\/santapola.es\\\/wp-content\\\/uploads\\\/2023\\\/09\\\/2023-08-06-Jovens-amb-valors.jpeg\",\"contentUrl\":\"https:\\\/\\\/santapola.es\\\/wp-content\\\/uploads\\\/2023\\\/09\\\/2023-08-06-Jovens-amb-valors.jpeg\",\"width\":2497,\"height\":1382},{\"@type\":\"BreadcrumbList\",\"@id\":\"https:\\\/\\\/santapola.es\\\/ca\\\/valencia-merecido-reconocimiento-a-destacados-jovenes-de-santa-pola\\\/#breadcrumb\",\"itemListElement\":[{\"@type\":\"ListItem\",\"position\":1,\"name\":\"Inici\",\"item\":\"https:\\\/\\\/santapola.es\\\/ca\\\/\"},{\"@type\":\"ListItem\",\"position\":2,\"name\":\"Merecido reconocimiento a destacados j\u00f3venes de Santa Pola\"}]},{\"@type\":\"WebSite\",\"@id\":\"https:\\\/\\\/santapola.es\\\/ca\\\/#website\",\"url\":\"https:\\\/\\\/santapola.es\\\/ca\\\/\",\"name\":\"Ayuntamiento de Santa Pola\",\"description\":\"Web de l'Ajuntament de Santa Pola\",\"potentialAction\":[{\"@type\":\"SearchAction\",\"target\":{\"@type\":\"EntryPoint\",\"urlTemplate\":\"https:\\\/\\\/santapola.es\\\/ca\\\/?s={search_term_string}\"},\"query-input\":{\"@type\":\"PropertyValueSpecification\",\"valueRequired\":true,\"valueName\":\"search_term_string\"}}],\"inLanguage\":\"ca\"},{\"@type\":\"Person\",\"@id\":\"https:\\\/\\\/santapola.es\\\/ca\\\/#\\\/schema\\\/person\\\/ad1d67403707b58350c7be5e8dbc442d\",\"name\":\"Jos\u00e9 Juan L\u00f3pez Lafuente\"}]}<\/script>\n<!-- \/ Yoast SEO plugin. -->","yoast_head_json":{"title":"Merecido reconocimiento a destacados j\u00f3venes de Santa Pola - Ajuntament de Santa Pola","robots":{"index":"index","follow":"follow","max-snippet":"max-snippet:-1","max-image-preview":"max-image-preview:large","max-video-preview":"max-video-preview:-1"},"canonical":"https:\/\/santapola.es\/ca\/valencia-merecido-reconocimiento-a-destacados-jovenes-de-santa-pola\/","og_locale":"ca_ES","og_type":"article","og_title":"Merecido reconocimiento a destacados j\u00f3venes de Santa Pola - Ajuntament de Santa Pola","og_description":"Ocho j\u00f3venes de Santa Pola m\u00e1s un colectivo art\u00edstico tuvieron su reconocimiento ayer en la III Gala Jovens Amb Valors, un homenaje de la Concejal\u00eda de Juventud a todas aquellas personas j\u00f3venes que, con su esfuerzo y entusiasmo, han conseguido grandes metas y se han convertido en ejemplo para futuras generaciones. El acto, presentado por [&hellip;]","og_url":"https:\/\/santapola.es\/ca\/valencia-merecido-reconocimiento-a-destacados-jovenes-de-santa-pola\/","og_site_name":"Ajuntament de Santa Pola","article_publisher":"https:\/\/www.facebook.com\/AyuntamientoSantaPola\/","article_published_time":"2023-08-05T08:59:33+00:00","article_modified_time":"2024-03-07T17:41:28+00:00","og_image":[{"width":2497,"height":1382,"url":"https:\/\/santapola.es\/wp-content\/uploads\/2023\/09\/2023-08-06-Jovens-amb-valors.jpeg","type":"image\/jpeg"}],"author":"Jos\u00e9 Juan L\u00f3pez Lafuente","twitter_card":"summary_large_image","twitter_creator":"@SantaPolaAyunt","twitter_site":"@SantaPolaAyunt","schema":{"@context":"https:\/\/schema.org","@graph":[{"@type":"Article","@id":"https:\/\/santapola.es\/ca\/valencia-merecido-reconocimiento-a-destacados-jovenes-de-santa-pola\/#article","isPartOf":{"@id":"https:\/\/santapola.es\/ca\/valencia-merecido-reconocimiento-a-destacados-jovenes-de-santa-pola\/"},"author":{"name":"Jos\u00e9 Juan L\u00f3pez Lafuente","@id":"https:\/\/santapola.es\/ca\/#\/schema\/person\/ad1d67403707b58350c7be5e8dbc442d"},"headline":"Merecido reconocimiento a destacados j\u00f3venes de Santa Pola","datePublished":"2023-08-05T08:59:33+00:00","dateModified":"2024-03-07T17:41:28+00:00","mainEntityOfPage":{"@id":"https:\/\/santapola.es\/ca\/valencia-merecido-reconocimiento-a-destacados-jovenes-de-santa-pola\/"},"wordCount":828,"image":{"@id":"https:\/\/santapola.es\/ca\/valencia-merecido-reconocimiento-a-destacados-jovenes-de-santa-pola\/#primaryimage"},"thumbnailUrl":"https:\/\/santapola.es\/wp-content\/uploads\/2023\/09\/2023-08-06-Jovens-amb-valors.jpeg","keywords":["Joaqu\u00edn Lozano","Jovens amb Valors","Loreto Serrano","Rac\u00f3 Jove"],"articleSection":["Inicio","Juventud"],"inLanguage":"ca"},{"@type":"WebPage","@id":"https:\/\/santapola.es\/ca\/valencia-merecido-reconocimiento-a-destacados-jovenes-de-santa-pola\/","url":"https:\/\/santapola.es\/ca\/valencia-merecido-reconocimiento-a-destacados-jovenes-de-santa-pola\/","name":"Merecido reconocimiento a destacados j\u00f3venes de Santa Pola - Ajuntament de Santa Pola","isPartOf":{"@id":"https:\/\/santapola.es\/ca\/#website"},"primaryImageOfPage":{"@id":"https:\/\/santapola.es\/ca\/valencia-merecido-reconocimiento-a-destacados-jovenes-de-santa-pola\/#primaryimage"},"image":{"@id":"https:\/\/santapola.es\/ca\/valencia-merecido-reconocimiento-a-destacados-jovenes-de-santa-pola\/#primaryimage"},"thumbnailUrl":"https:\/\/santapola.es\/wp-content\/uploads\/2023\/09\/2023-08-06-Jovens-amb-valors.jpeg","datePublished":"2023-08-05T08:59:33+00:00","dateModified":"2024-03-07T17:41:28+00:00","author":{"@id":"https:\/\/santapola.es\/ca\/#\/schema\/person\/ad1d67403707b58350c7be5e8dbc442d"},"breadcrumb":{"@id":"https:\/\/santapola.es\/ca\/valencia-merecido-reconocimiento-a-destacados-jovenes-de-santa-pola\/#breadcrumb"},"inLanguage":"ca","potentialAction":[{"@type":"ReadAction","target":["https:\/\/santapola.es\/ca\/valencia-merecido-reconocimiento-a-destacados-jovenes-de-santa-pola\/"]}]},{"@type":"ImageObject","inLanguage":"ca","@id":"https:\/\/santapola.es\/ca\/valencia-merecido-reconocimiento-a-destacados-jovenes-de-santa-pola\/#primaryimage","url":"https:\/\/santapola.es\/wp-content\/uploads\/2023\/09\/2023-08-06-Jovens-amb-valors.jpeg","contentUrl":"https:\/\/santapola.es\/wp-content\/uploads\/2023\/09\/2023-08-06-Jovens-amb-valors.jpeg","width":2497,"height":1382},{"@type":"BreadcrumbList","@id":"https:\/\/santapola.es\/ca\/valencia-merecido-reconocimiento-a-destacados-jovenes-de-santa-pola\/#breadcrumb","itemListElement":[{"@type":"ListItem","position":1,"name":"Inici","item":"https:\/\/santapola.es\/ca\/"},{"@type":"ListItem","position":2,"name":"Merecido reconocimiento a destacados j\u00f3venes de Santa Pola"}]},{"@type":"WebSite","@id":"https:\/\/santapola.es\/ca\/#website","url":"https:\/\/santapola.es\/ca\/","name":"Ayuntamiento de Santa Pola","description":"Web de l'Ajuntament de Santa Pola","potentialAction":[{"@type":"SearchAction","target":{"@type":"EntryPoint","urlTemplate":"https:\/\/santapola.es\/ca\/?s={search_term_string}"},"query-input":{"@type":"PropertyValueSpecification","valueRequired":true,"valueName":"search_term_string"}}],"inLanguage":"ca"},{"@type":"Person","@id":"https:\/\/santapola.es\/ca\/#\/schema\/person\/ad1d67403707b58350c7be5e8dbc442d","name":"Jos\u00e9 Juan L\u00f3pez Lafuente"}]}},"_links":{"self":[{"href":"https:\/\/santapola.es\/ca\/wp-json\/wp\/v2\/posts\/21123","targetHints":{"allow":["GET"]}}],"collection":[{"href":"https:\/\/santapola.es\/ca\/wp-json\/wp\/v2\/posts"}],"about":[{"href":"https:\/\/santapola.es\/ca\/wp-json\/wp\/v2\/types\/post"}],"author":[{"embeddable":true,"href":"https:\/\/santapola.es\/ca\/wp-json\/wp\/v2\/users\/96"}],"replies":[{"embeddable":true,"href":"https:\/\/santapola.es\/ca\/wp-json\/wp\/v2\/comments?post=21123"}],"version-history":[{"count":0,"href":"https:\/\/santapola.es\/ca\/wp-json\/wp\/v2\/posts\/21123\/revisions"}],"wp:featuredmedia":[{"embeddable":true,"href":"https:\/\/santapola.es\/ca\/wp-json\/wp\/v2\/media\/21124"}],"wp:attachment":[{"href":"https:\/\/santapola.es\/ca\/wp-json\/wp\/v2\/media?parent=21123"}],"wp:term":[{"taxonomy":"category","embeddable":true,"href":"https:\/\/santapola.es\/ca\/wp-json\/wp\/v2\/categories?post=21123"},{"taxonomy":"post_tag","embeddable":true,"href":"https:\/\/santapola.es\/ca\/wp-json\/wp\/v2\/tags?post=21123"}],"curies":[{"name":"wp","href":"https:\/\/api.w.org\/{rel}","templated":true}]}}