{"id":21113,"date":"2023-08-04T12:28:57","date_gmt":"2023-08-04T10:28:57","guid":{"rendered":"https:\/\/www.desarrollo.santapola.es\/?p=21113"},"modified":"2024-03-07T18:41:28","modified_gmt":"2024-03-07T17:41:28","slug":"participa-en-la-encuesta-sobre-el-plan-de-movilidad-urbana-sostenible-de-santa-pola","status":"publish","type":"post","link":"https:\/\/santapola.es\/ca\/participa-en-la-encuesta-sobre-el-plan-de-movilidad-urbana-sostenible-de-santa-pola\/","title":{"rendered":"Participa en la encuesta sobre el Plan de Movilidad Urbana Sostenible de Santa Pola"},"content":{"rendered":"<p>Los Planes de Movilidad Urbana Sostenible (PMUS) son instrumentos necesarios para hacer frente a los cambios y retos planteados en la movilidad del espacio urbano. Estos son de \u00e1mbito local y aglutinan un conjunto de actuaciones que tienen como finalidad fomentar modos de desplazamiento m\u00e1s sostenibles en el territorio.<\/p>\n<p>El Ayuntamiento de Santa Pola tiene en marcha una encuesta para que los ciudadanos colaboren en la planificaci\u00f3n de una movilidad m\u00e1s segura, sostenible y conectada en Santa Pola.<\/p>\n<p>Los principales objetivos de este PMUS son:<\/p>\n<ul>\n<li>Una movilidad limpia: reducir el consumo energ\u00e9tico y las emisiones contaminantes.<\/li>\n<li>Una movilidad saludable: garantizar la salud y la seguridad de la ciudadan\u00eda.<\/li>\n<li>Una movilidad justa: lograr la cohesi\u00f3n social y el desarrollo econ\u00f3mico.<\/li>\n<\/ul>\n<p>Es importante contar con tu colaboraci\u00f3n en la elaboraci\u00f3n de este plan, solamente tienes que responder esta breve encuesta que no te llevar\u00e1 m\u00e1s de 5 minutos.<\/p>\n","protected":false},"excerpt":{"rendered":"<p>Los Planes de Movilidad Urbana Sostenible (PMUS) son instrumentos necesarios para hacer frente a los cambios y retos planteados en la movilidad del espacio urbano. Estos son de \u00e1mbito local y aglutinan un conjunto de actuaciones que tienen como finalidad fomentar modos de desplazamiento m\u00e1s sostenibles en el territorio. El Ayuntamiento de Santa Pola tiene [&hellip;]<\/p>\n","protected":false},"author":96,"featured_media":21114,"comment_status":"closed","ping_status":"closed","sticky":false,"template":"","format":"standard","meta":{"_et_pb_use_builder":"","_et_pb_old_content":"","_et_gb_content_width":"","footnotes":""},"categories":[66,137],"tags":[138,139],"class_list":["post-21113","post","type-post","status-publish","format-standard","has-post-thumbnail","hentry","category-inicio","category-movilidad","tag-encuesta","tag-plan-de-movilidad-urbana-sostenible"],"yoast_head":"<!-- This site is optimized with the Yoast SEO plugin v27.4 - https:\/\/yoast.com\/product\/yoast-seo-wordpress\/ -->\n<title>Participa en la encuesta sobre el Plan de Movilidad Urbana Sostenible de Santa Pola - Ajuntament de Santa Pola<\/title>\n<meta name=\"robots\" content=\"index, follow, max-snippet:-1, max-image-preview:large, max-video-preview:-1\" \/>\n<link rel=\"canonical\" href=\"https:\/\/santapola.es\/ca\/participa-en-la-encuesta-sobre-el-plan-de-movilidad-urbana-sostenible-de-santa-pola\/\" \/>\n<meta property=\"og:locale\" content=\"ca_ES\" \/>\n<meta property=\"og:type\" content=\"article\" \/>\n<meta property=\"og:title\" content=\"Participa en la encuesta sobre el Plan de Movilidad Urbana Sostenible de Santa Pola - Ajuntament de Santa Pola\" \/>\n<meta property=\"og:description\" content=\"Los Planes de Movilidad Urbana Sostenible (PMUS) son instrumentos necesarios para hacer frente a los cambios y retos planteados en la movilidad del espacio urbano. Estos son de \u00e1mbito local y aglutinan un conjunto de actuaciones que tienen como finalidad fomentar modos de desplazamiento m\u00e1s sostenibles en el territorio. El Ayuntamiento de Santa Pola tiene [&hellip;]\" \/>\n<meta property=\"og:url\" content=\"https:\/\/santapola.es\/ca\/participa-en-la-encuesta-sobre-el-plan-de-movilidad-urbana-sostenible-de-santa-pola\/\" \/>\n<meta property=\"og:site_name\" content=\"Ajuntament de Santa Pola\" \/>\n<meta property=\"article:publisher\" content=\"https:\/\/www.facebook.com\/AyuntamientoSantaPola\/\" \/>\n<meta property=\"article:published_time\" content=\"2023-08-04T10:28:57+00:00\" \/>\n<meta property=\"article:modified_time\" content=\"2024-03-07T17:41:28+00:00\" \/>\n<meta property=\"og:image\" content=\"https:\/\/santapola.es\/wp-content\/uploads\/2023\/09\/PMUS.jpg\" \/>\n\t<meta property=\"og:image:width\" content=\"1253\" \/>\n\t<meta property=\"og:image:height\" content=\"881\" \/>\n\t<meta property=\"og:image:type\" content=\"image\/jpeg\" \/>\n<meta name=\"author\" content=\"Jos\u00e9 Juan L\u00f3pez Lafuente\" \/>\n<meta name=\"twitter:card\" content=\"summary_large_image\" \/>\n<meta name=\"twitter:creator\" content=\"@SantaPolaAyunt\" \/>\n<meta name=\"twitter:site\" content=\"@SantaPolaAyunt\" \/>\n<script type=\"application\/ld+json\" class=\"yoast-schema-graph\">{\"@context\":\"https:\\\/\\\/schema.org\",\"@graph\":[{\"@type\":\"Article\",\"@id\":\"https:\\\/\\\/santapola.es\\\/ca\\\/participa-en-la-encuesta-sobre-el-plan-de-movilidad-urbana-sostenible-de-santa-pola\\\/#article\",\"isPartOf\":{\"@id\":\"https:\\\/\\\/santapola.es\\\/ca\\\/participa-en-la-encuesta-sobre-el-plan-de-movilidad-urbana-sostenible-de-santa-pola\\\/\"},\"author\":{\"name\":\"Jos\u00e9 Juan L\u00f3pez Lafuente\",\"@id\":\"https:\\\/\\\/santapola.es\\\/ca\\\/#\\\/schema\\\/person\\\/ad1d67403707b58350c7be5e8dbc442d\"},\"headline\":\"Participa en la encuesta sobre el Plan de Movilidad Urbana Sostenible de Santa Pola\",\"datePublished\":\"2023-08-04T10:28:57+00:00\",\"dateModified\":\"2024-03-07T17:41:28+00:00\",\"mainEntityOfPage\":{\"@id\":\"https:\\\/\\\/santapola.es\\\/ca\\\/participa-en-la-encuesta-sobre-el-plan-de-movilidad-urbana-sostenible-de-santa-pola\\\/\"},\"wordCount\":169,\"image\":{\"@id\":\"https:\\\/\\\/santapola.es\\\/ca\\\/participa-en-la-encuesta-sobre-el-plan-de-movilidad-urbana-sostenible-de-santa-pola\\\/#primaryimage\"},\"thumbnailUrl\":\"https:\\\/\\\/santapola.es\\\/wp-content\\\/uploads\\\/2023\\\/09\\\/PMUS.jpg\",\"keywords\":[\"Encuesta\",\"Plan de Movilidad Urbana Sostenible\"],\"articleSection\":[\"Inicio\",\"Movilidad\"],\"inLanguage\":\"ca\"},{\"@type\":\"WebPage\",\"@id\":\"https:\\\/\\\/santapola.es\\\/ca\\\/participa-en-la-encuesta-sobre-el-plan-de-movilidad-urbana-sostenible-de-santa-pola\\\/\",\"url\":\"https:\\\/\\\/santapola.es\\\/ca\\\/participa-en-la-encuesta-sobre-el-plan-de-movilidad-urbana-sostenible-de-santa-pola\\\/\",\"name\":\"Participa en la encuesta sobre el Plan de Movilidad Urbana Sostenible de Santa Pola - Ajuntament de Santa Pola\",\"isPartOf\":{\"@id\":\"https:\\\/\\\/santapola.es\\\/ca\\\/#website\"},\"primaryImageOfPage\":{\"@id\":\"https:\\\/\\\/santapola.es\\\/ca\\\/participa-en-la-encuesta-sobre-el-plan-de-movilidad-urbana-sostenible-de-santa-pola\\\/#primaryimage\"},\"image\":{\"@id\":\"https:\\\/\\\/santapola.es\\\/ca\\\/participa-en-la-encuesta-sobre-el-plan-de-movilidad-urbana-sostenible-de-santa-pola\\\/#primaryimage\"},\"thumbnailUrl\":\"https:\\\/\\\/santapola.es\\\/wp-content\\\/uploads\\\/2023\\\/09\\\/PMUS.jpg\",\"datePublished\":\"2023-08-04T10:28:57+00:00\",\"dateModified\":\"2024-03-07T17:41:28+00:00\",\"author\":{\"@id\":\"https:\\\/\\\/santapola.es\\\/ca\\\/#\\\/schema\\\/person\\\/ad1d67403707b58350c7be5e8dbc442d\"},\"breadcrumb\":{\"@id\":\"https:\\\/\\\/santapola.es\\\/ca\\\/participa-en-la-encuesta-sobre-el-plan-de-movilidad-urbana-sostenible-de-santa-pola\\\/#breadcrumb\"},\"inLanguage\":\"ca\",\"potentialAction\":[{\"@type\":\"ReadAction\",\"target\":[\"https:\\\/\\\/santapola.es\\\/ca\\\/participa-en-la-encuesta-sobre-el-plan-de-movilidad-urbana-sostenible-de-santa-pola\\\/\"]}]},{\"@type\":\"ImageObject\",\"inLanguage\":\"ca\",\"@id\":\"https:\\\/\\\/santapola.es\\\/ca\\\/participa-en-la-encuesta-sobre-el-plan-de-movilidad-urbana-sostenible-de-santa-pola\\\/#primaryimage\",\"url\":\"https:\\\/\\\/santapola.es\\\/wp-content\\\/uploads\\\/2023\\\/09\\\/PMUS.jpg\",\"contentUrl\":\"https:\\\/\\\/santapola.es\\\/wp-content\\\/uploads\\\/2023\\\/09\\\/PMUS.jpg\",\"width\":1253,\"height\":881},{\"@type\":\"BreadcrumbList\",\"@id\":\"https:\\\/\\\/santapola.es\\\/ca\\\/participa-en-la-encuesta-sobre-el-plan-de-movilidad-urbana-sostenible-de-santa-pola\\\/#breadcrumb\",\"itemListElement\":[{\"@type\":\"ListItem\",\"position\":1,\"name\":\"Inici\",\"item\":\"https:\\\/\\\/santapola.es\\\/ca\\\/\"},{\"@type\":\"ListItem\",\"position\":2,\"name\":\"Participa en la encuesta sobre el Plan de Movilidad Urbana Sostenible de Santa Pola\"}]},{\"@type\":\"WebSite\",\"@id\":\"https:\\\/\\\/santapola.es\\\/ca\\\/#website\",\"url\":\"https:\\\/\\\/santapola.es\\\/ca\\\/\",\"name\":\"Ayuntamiento de Santa Pola\",\"description\":\"Web de l'Ajuntament de Santa Pola\",\"potentialAction\":[{\"@type\":\"SearchAction\",\"target\":{\"@type\":\"EntryPoint\",\"urlTemplate\":\"https:\\\/\\\/santapola.es\\\/ca\\\/?s={search_term_string}\"},\"query-input\":{\"@type\":\"PropertyValueSpecification\",\"valueRequired\":true,\"valueName\":\"search_term_string\"}}],\"inLanguage\":\"ca\"},{\"@type\":\"Person\",\"@id\":\"https:\\\/\\\/santapola.es\\\/ca\\\/#\\\/schema\\\/person\\\/ad1d67403707b58350c7be5e8dbc442d\",\"name\":\"Jos\u00e9 Juan L\u00f3pez Lafuente\"}]}<\/script>\n<!-- \/ Yoast SEO plugin. -->","yoast_head_json":{"title":"Participa en la encuesta sobre el Plan de Movilidad Urbana Sostenible de Santa Pola - Ajuntament de Santa Pola","robots":{"index":"index","follow":"follow","max-snippet":"max-snippet:-1","max-image-preview":"max-image-preview:large","max-video-preview":"max-video-preview:-1"},"canonical":"https:\/\/santapola.es\/ca\/participa-en-la-encuesta-sobre-el-plan-de-movilidad-urbana-sostenible-de-santa-pola\/","og_locale":"ca_ES","og_type":"article","og_title":"Participa en la encuesta sobre el Plan de Movilidad Urbana Sostenible de Santa Pola - Ajuntament de Santa Pola","og_description":"Los Planes de Movilidad Urbana Sostenible (PMUS) son instrumentos necesarios para hacer frente a los cambios y retos planteados en la movilidad del espacio urbano. Estos son de \u00e1mbito local y aglutinan un conjunto de actuaciones que tienen como finalidad fomentar modos de desplazamiento m\u00e1s sostenibles en el territorio. El Ayuntamiento de Santa Pola tiene [&hellip;]","og_url":"https:\/\/santapola.es\/ca\/participa-en-la-encuesta-sobre-el-plan-de-movilidad-urbana-sostenible-de-santa-pola\/","og_site_name":"Ajuntament de Santa Pola","article_publisher":"https:\/\/www.facebook.com\/AyuntamientoSantaPola\/","article_published_time":"2023-08-04T10:28:57+00:00","article_modified_time":"2024-03-07T17:41:28+00:00","og_image":[{"width":1253,"height":881,"url":"https:\/\/santapola.es\/wp-content\/uploads\/2023\/09\/PMUS.jpg","type":"image\/jpeg"}],"author":"Jos\u00e9 Juan L\u00f3pez Lafuente","twitter_card":"summary_large_image","twitter_creator":"@SantaPolaAyunt","twitter_site":"@SantaPolaAyunt","schema":{"@context":"https:\/\/schema.org","@graph":[{"@type":"Article","@id":"https:\/\/santapola.es\/ca\/participa-en-la-encuesta-sobre-el-plan-de-movilidad-urbana-sostenible-de-santa-pola\/#article","isPartOf":{"@id":"https:\/\/santapola.es\/ca\/participa-en-la-encuesta-sobre-el-plan-de-movilidad-urbana-sostenible-de-santa-pola\/"},"author":{"name":"Jos\u00e9 Juan L\u00f3pez Lafuente","@id":"https:\/\/santapola.es\/ca\/#\/schema\/person\/ad1d67403707b58350c7be5e8dbc442d"},"headline":"Participa en la encuesta sobre el Plan de Movilidad Urbana Sostenible de Santa Pola","datePublished":"2023-08-04T10:28:57+00:00","dateModified":"2024-03-07T17:41:28+00:00","mainEntityOfPage":{"@id":"https:\/\/santapola.es\/ca\/participa-en-la-encuesta-sobre-el-plan-de-movilidad-urbana-sostenible-de-santa-pola\/"},"wordCount":169,"image":{"@id":"https:\/\/santapola.es\/ca\/participa-en-la-encuesta-sobre-el-plan-de-movilidad-urbana-sostenible-de-santa-pola\/#primaryimage"},"thumbnailUrl":"https:\/\/santapola.es\/wp-content\/uploads\/2023\/09\/PMUS.jpg","keywords":["Encuesta","Plan de Movilidad Urbana Sostenible"],"articleSection":["Inicio","Movilidad"],"inLanguage":"ca"},{"@type":"WebPage","@id":"https:\/\/santapola.es\/ca\/participa-en-la-encuesta-sobre-el-plan-de-movilidad-urbana-sostenible-de-santa-pola\/","url":"https:\/\/santapola.es\/ca\/participa-en-la-encuesta-sobre-el-plan-de-movilidad-urbana-sostenible-de-santa-pola\/","name":"Participa en la encuesta sobre el Plan de Movilidad Urbana Sostenible de Santa Pola - Ajuntament de Santa Pola","isPartOf":{"@id":"https:\/\/santapola.es\/ca\/#website"},"primaryImageOfPage":{"@id":"https:\/\/santapola.es\/ca\/participa-en-la-encuesta-sobre-el-plan-de-movilidad-urbana-sostenible-de-santa-pola\/#primaryimage"},"image":{"@id":"https:\/\/santapola.es\/ca\/participa-en-la-encuesta-sobre-el-plan-de-movilidad-urbana-sostenible-de-santa-pola\/#primaryimage"},"thumbnailUrl":"https:\/\/santapola.es\/wp-content\/uploads\/2023\/09\/PMUS.jpg","datePublished":"2023-08-04T10:28:57+00:00","dateModified":"2024-03-07T17:41:28+00:00","author":{"@id":"https:\/\/santapola.es\/ca\/#\/schema\/person\/ad1d67403707b58350c7be5e8dbc442d"},"breadcrumb":{"@id":"https:\/\/santapola.es\/ca\/participa-en-la-encuesta-sobre-el-plan-de-movilidad-urbana-sostenible-de-santa-pola\/#breadcrumb"},"inLanguage":"ca","potentialAction":[{"@type":"ReadAction","target":["https:\/\/santapola.es\/ca\/participa-en-la-encuesta-sobre-el-plan-de-movilidad-urbana-sostenible-de-santa-pola\/"]}]},{"@type":"ImageObject","inLanguage":"ca","@id":"https:\/\/santapola.es\/ca\/participa-en-la-encuesta-sobre-el-plan-de-movilidad-urbana-sostenible-de-santa-pola\/#primaryimage","url":"https:\/\/santapola.es\/wp-content\/uploads\/2023\/09\/PMUS.jpg","contentUrl":"https:\/\/santapola.es\/wp-content\/uploads\/2023\/09\/PMUS.jpg","width":1253,"height":881},{"@type":"BreadcrumbList","@id":"https:\/\/santapola.es\/ca\/participa-en-la-encuesta-sobre-el-plan-de-movilidad-urbana-sostenible-de-santa-pola\/#breadcrumb","itemListElement":[{"@type":"ListItem","position":1,"name":"Inici","item":"https:\/\/santapola.es\/ca\/"},{"@type":"ListItem","position":2,"name":"Participa en la encuesta sobre el Plan de Movilidad Urbana Sostenible de Santa Pola"}]},{"@type":"WebSite","@id":"https:\/\/santapola.es\/ca\/#website","url":"https:\/\/santapola.es\/ca\/","name":"Ayuntamiento de Santa Pola","description":"Web de l'Ajuntament de Santa Pola","potentialAction":[{"@type":"SearchAction","target":{"@type":"EntryPoint","urlTemplate":"https:\/\/santapola.es\/ca\/?s={search_term_string}"},"query-input":{"@type":"PropertyValueSpecification","valueRequired":true,"valueName":"search_term_string"}}],"inLanguage":"ca"},{"@type":"Person","@id":"https:\/\/santapola.es\/ca\/#\/schema\/person\/ad1d67403707b58350c7be5e8dbc442d","name":"Jos\u00e9 Juan L\u00f3pez Lafuente"}]}},"_links":{"self":[{"href":"https:\/\/santapola.es\/ca\/wp-json\/wp\/v2\/posts\/21113","targetHints":{"allow":["GET"]}}],"collection":[{"href":"https:\/\/santapola.es\/ca\/wp-json\/wp\/v2\/posts"}],"about":[{"href":"https:\/\/santapola.es\/ca\/wp-json\/wp\/v2\/types\/post"}],"author":[{"embeddable":true,"href":"https:\/\/santapola.es\/ca\/wp-json\/wp\/v2\/users\/96"}],"replies":[{"embeddable":true,"href":"https:\/\/santapola.es\/ca\/wp-json\/wp\/v2\/comments?post=21113"}],"version-history":[{"count":0,"href":"https:\/\/santapola.es\/ca\/wp-json\/wp\/v2\/posts\/21113\/revisions"}],"wp:featuredmedia":[{"embeddable":true,"href":"https:\/\/santapola.es\/ca\/wp-json\/wp\/v2\/media\/21114"}],"wp:attachment":[{"href":"https:\/\/santapola.es\/ca\/wp-json\/wp\/v2\/media?parent=21113"}],"wp:term":[{"taxonomy":"category","embeddable":true,"href":"https:\/\/santapola.es\/ca\/wp-json\/wp\/v2\/categories?post=21113"},{"taxonomy":"post_tag","embeddable":true,"href":"https:\/\/santapola.es\/ca\/wp-json\/wp\/v2\/tags?post=21113"}],"curies":[{"name":"wp","href":"https:\/\/api.w.org\/{rel}","templated":true}]}}