{"id":21099,"date":"2023-08-02T12:39:55","date_gmt":"2023-08-02T10:39:55","guid":{"rendered":"https:\/\/www.desarrollo.santapola.es\/?p=21099"},"modified":"2024-03-07T18:41:27","modified_gmt":"2024-03-07T17:41:27","slug":"el-sabado-se-inaugura-el-nuevo-campo-de-futbol-8-de-gran-alacant","status":"publish","type":"post","link":"https:\/\/santapola.es\/ca\/el-sabado-se-inaugura-el-nuevo-campo-de-futbol-8-de-gran-alacant\/","title":{"rendered":"El s\u00e1bado se inaugura el nuevo campo de f\u00fatbol 8 de Gran Alacant"},"content":{"rendered":"<p><strong>El Ayuntamiento firm\u00f3 ayer el acta de recepci\u00f3n de la obra que ha costado 385.000 euros y viene a satisfacer una demanda de los vecinos del barrio que refuerza la oferta de instalaciones deportivas municipales.\u00a0<\/strong><\/p>\n<p>El polideportivo Jos\u00e9 Antonio Alema\u00f1 de Gran Alacant ya tiene su flamante campo de f\u00fatbol 8. Una instalaci\u00f3n moderna y eficiente de c\u00e9sped artificial que viene a mejorar la oferta de instalaciones deportivas municipales en el barrio, un plan que se inici\u00f3 en la pasada legislatura con la construcci\u00f3n de una pista de baloncesto 3&#215;3.<\/p>\n<p>Ayer mismo se firm\u00f3 el acta de recepci\u00f3n de la obra realizada por la empresa Involucra a la que acudieron el primer Teniente de Alcalde, Jos\u00e9 Pedro Mart\u00ednez, el concejal de Deportes, \u00c1ngel Piedecausa, los ediles de Gran Alacant, \u00d3scar Valenzuela y Borja Merino, junto a otros miembros del equipo de gobierno.<\/p>\n<p>El polideportivo de Gran Alacant tiene un importante nivel de uso por parte de los vecinos del barrio y por ello el Ayuntamiento de Santa Pola persevera en la mejora y ampliaci\u00f3n de sus instalaciones.<\/p>\n<p>Precisamente el campo de f\u00fatbol 8 era una demanda muy esperada por padres y madres de los ni\u00f1os del barrio que, a partir de ahora, disponen de una nueva instalaci\u00f3n que van a poder utilizar asiduamente los clubes deportivos que forman a nuestra juventud.<\/p>\n<p><strong>Inauguraci\u00f3n este s\u00e1bado<\/strong><\/p>\n<p>La inauguraci\u00f3n oficial est\u00e1 prevista este pr\u00f3ximo s\u00e1bado 5 de agosto a las 19:30 horas, en un evento que contar\u00e1 con el aliciente de poder ver un par de partidos de pretemporada entre varios equipos de f\u00fatbol locales que se disputar\u00e1n a partir de las 19:00.<\/p>\n<p><img loading=\"lazy\" decoding=\"async\" class=\"wp-image-21103 size-medium aligncenter\" src=\"https:\/\/santapola.es\/wp-content\/uploads\/2023\/08\/2023-08-02-futbol8-2-300x225.jpeg\" alt=\"Foto 2 inauguraci\u00f3n campo de f\u00fatbol 8 Gran Alacant\" width=\"300\" height=\"225\" \/><\/p>\n","protected":false},"excerpt":{"rendered":"<p>El Ayuntamiento firm\u00f3 ayer el acta de recepci\u00f3n de la obra que ha costado 385.000 euros y viene a satisfacer una demanda de los vecinos del barrio que refuerza la oferta de instalaciones deportivas municipales.\u00a0 El polideportivo Jos\u00e9 Antonio Alema\u00f1 de Gran Alacant ya tiene su flamante campo de f\u00fatbol 8. Una instalaci\u00f3n moderna y [&hellip;]<\/p>\n","protected":false},"author":96,"featured_media":21100,"comment_status":"closed","ping_status":"closed","sticky":false,"template":"","format":"standard","meta":{"_et_pb_use_builder":"","_et_pb_old_content":"","_et_gb_content_width":"","footnotes":""},"categories":[59,117,66],"tags":[133,134],"class_list":["post-21099","post","type-post","status-publish","format-standard","has-post-thumbnail","hentry","category-deportes","category-gran-alacant","category-inicio","tag-futbol","tag-polideportivo-jose-antonio-aleman"],"yoast_head":"<!-- This site is optimized with the Yoast SEO plugin v27.4 - https:\/\/yoast.com\/product\/yoast-seo-wordpress\/ -->\n<title>El s\u00e1bado se inaugura el nuevo campo de f\u00fatbol 8 de Gran Alacant - Ajuntament de Santa Pola<\/title>\n<meta name=\"robots\" content=\"index, follow, max-snippet:-1, max-image-preview:large, max-video-preview:-1\" \/>\n<link rel=\"canonical\" href=\"https:\/\/santapola.es\/ca\/el-sabado-se-inaugura-el-nuevo-campo-de-futbol-8-de-gran-alacant\/\" \/>\n<meta property=\"og:locale\" content=\"ca_ES\" \/>\n<meta property=\"og:type\" content=\"article\" \/>\n<meta property=\"og:title\" content=\"El s\u00e1bado se inaugura el nuevo campo de f\u00fatbol 8 de Gran Alacant - Ajuntament de Santa Pola\" \/>\n<meta property=\"og:description\" content=\"El Ayuntamiento firm\u00f3 ayer el acta de recepci\u00f3n de la obra que ha costado 385.000 euros y viene a satisfacer una demanda de los vecinos del barrio que refuerza la oferta de instalaciones deportivas municipales.\u00a0 El polideportivo Jos\u00e9 Antonio Alema\u00f1 de Gran Alacant ya tiene su flamante campo de f\u00fatbol 8. Una instalaci\u00f3n moderna y [&hellip;]\" \/>\n<meta property=\"og:url\" content=\"https:\/\/santapola.es\/ca\/el-sabado-se-inaugura-el-nuevo-campo-de-futbol-8-de-gran-alacant\/\" \/>\n<meta property=\"og:site_name\" content=\"Ajuntament de Santa Pola\" \/>\n<meta property=\"article:publisher\" content=\"https:\/\/www.facebook.com\/AyuntamientoSantaPola\/\" \/>\n<meta property=\"article:published_time\" content=\"2023-08-02T10:39:55+00:00\" \/>\n<meta property=\"article:modified_time\" content=\"2024-03-07T17:41:27+00:00\" \/>\n<meta property=\"og:image\" content=\"https:\/\/santapola.es\/wp-content\/uploads\/2023\/09\/2023-08-02-futbol8.jpeg\" \/>\n\t<meta property=\"og:image:width\" content=\"1200\" \/>\n\t<meta property=\"og:image:height\" content=\"900\" \/>\n\t<meta property=\"og:image:type\" content=\"image\/jpeg\" \/>\n<meta name=\"author\" content=\"Jos\u00e9 Juan L\u00f3pez Lafuente\" \/>\n<meta name=\"twitter:card\" content=\"summary_large_image\" \/>\n<meta name=\"twitter:creator\" content=\"@SantaPolaAyunt\" \/>\n<meta name=\"twitter:site\" content=\"@SantaPolaAyunt\" \/>\n<script type=\"application\/ld+json\" class=\"yoast-schema-graph\">{\"@context\":\"https:\\\/\\\/schema.org\",\"@graph\":[{\"@type\":\"Article\",\"@id\":\"https:\\\/\\\/santapola.es\\\/ca\\\/el-sabado-se-inaugura-el-nuevo-campo-de-futbol-8-de-gran-alacant\\\/#article\",\"isPartOf\":{\"@id\":\"https:\\\/\\\/santapola.es\\\/ca\\\/el-sabado-se-inaugura-el-nuevo-campo-de-futbol-8-de-gran-alacant\\\/\"},\"author\":{\"name\":\"Jos\u00e9 Juan L\u00f3pez Lafuente\",\"@id\":\"https:\\\/\\\/santapola.es\\\/ca\\\/#\\\/schema\\\/person\\\/ad1d67403707b58350c7be5e8dbc442d\"},\"headline\":\"El s\u00e1bado se inaugura el nuevo campo de f\u00fatbol 8 de Gran Alacant\",\"datePublished\":\"2023-08-02T10:39:55+00:00\",\"dateModified\":\"2024-03-07T17:41:27+00:00\",\"mainEntityOfPage\":{\"@id\":\"https:\\\/\\\/santapola.es\\\/ca\\\/el-sabado-se-inaugura-el-nuevo-campo-de-futbol-8-de-gran-alacant\\\/\"},\"wordCount\":296,\"image\":{\"@id\":\"https:\\\/\\\/santapola.es\\\/ca\\\/el-sabado-se-inaugura-el-nuevo-campo-de-futbol-8-de-gran-alacant\\\/#primaryimage\"},\"thumbnailUrl\":\"https:\\\/\\\/santapola.es\\\/wp-content\\\/uploads\\\/2023\\\/09\\\/2023-08-02-futbol8.jpeg\",\"keywords\":[\"F\u00fatbol\",\"Polideportivo Jos\u00e9 Antonio Alema\u00f1\"],\"articleSection\":[\"Deportes\",\"Gran Alacant\",\"Inicio\"],\"inLanguage\":\"ca\"},{\"@type\":\"WebPage\",\"@id\":\"https:\\\/\\\/santapola.es\\\/ca\\\/el-sabado-se-inaugura-el-nuevo-campo-de-futbol-8-de-gran-alacant\\\/\",\"url\":\"https:\\\/\\\/santapola.es\\\/ca\\\/el-sabado-se-inaugura-el-nuevo-campo-de-futbol-8-de-gran-alacant\\\/\",\"name\":\"El s\u00e1bado se inaugura el nuevo campo de f\u00fatbol 8 de Gran Alacant - Ajuntament de Santa Pola\",\"isPartOf\":{\"@id\":\"https:\\\/\\\/santapola.es\\\/ca\\\/#website\"},\"primaryImageOfPage\":{\"@id\":\"https:\\\/\\\/santapola.es\\\/ca\\\/el-sabado-se-inaugura-el-nuevo-campo-de-futbol-8-de-gran-alacant\\\/#primaryimage\"},\"image\":{\"@id\":\"https:\\\/\\\/santapola.es\\\/ca\\\/el-sabado-se-inaugura-el-nuevo-campo-de-futbol-8-de-gran-alacant\\\/#primaryimage\"},\"thumbnailUrl\":\"https:\\\/\\\/santapola.es\\\/wp-content\\\/uploads\\\/2023\\\/09\\\/2023-08-02-futbol8.jpeg\",\"datePublished\":\"2023-08-02T10:39:55+00:00\",\"dateModified\":\"2024-03-07T17:41:27+00:00\",\"author\":{\"@id\":\"https:\\\/\\\/santapola.es\\\/ca\\\/#\\\/schema\\\/person\\\/ad1d67403707b58350c7be5e8dbc442d\"},\"breadcrumb\":{\"@id\":\"https:\\\/\\\/santapola.es\\\/ca\\\/el-sabado-se-inaugura-el-nuevo-campo-de-futbol-8-de-gran-alacant\\\/#breadcrumb\"},\"inLanguage\":\"ca\",\"potentialAction\":[{\"@type\":\"ReadAction\",\"target\":[\"https:\\\/\\\/santapola.es\\\/ca\\\/el-sabado-se-inaugura-el-nuevo-campo-de-futbol-8-de-gran-alacant\\\/\"]}]},{\"@type\":\"ImageObject\",\"inLanguage\":\"ca\",\"@id\":\"https:\\\/\\\/santapola.es\\\/ca\\\/el-sabado-se-inaugura-el-nuevo-campo-de-futbol-8-de-gran-alacant\\\/#primaryimage\",\"url\":\"https:\\\/\\\/santapola.es\\\/wp-content\\\/uploads\\\/2023\\\/09\\\/2023-08-02-futbol8.jpeg\",\"contentUrl\":\"https:\\\/\\\/santapola.es\\\/wp-content\\\/uploads\\\/2023\\\/09\\\/2023-08-02-futbol8.jpeg\",\"width\":1200,\"height\":900,\"caption\":\"Foto inauguraci\u00f3n campo de f\u00fatbol 8 Gran Alacant\"},{\"@type\":\"BreadcrumbList\",\"@id\":\"https:\\\/\\\/santapola.es\\\/ca\\\/el-sabado-se-inaugura-el-nuevo-campo-de-futbol-8-de-gran-alacant\\\/#breadcrumb\",\"itemListElement\":[{\"@type\":\"ListItem\",\"position\":1,\"name\":\"Inici\",\"item\":\"https:\\\/\\\/santapola.es\\\/ca\\\/\"},{\"@type\":\"ListItem\",\"position\":2,\"name\":\"El s\u00e1bado se inaugura el nuevo campo de f\u00fatbol 8 de Gran Alacant\"}]},{\"@type\":\"WebSite\",\"@id\":\"https:\\\/\\\/santapola.es\\\/ca\\\/#website\",\"url\":\"https:\\\/\\\/santapola.es\\\/ca\\\/\",\"name\":\"Ayuntamiento de Santa Pola\",\"description\":\"Web de l'Ajuntament de Santa Pola\",\"potentialAction\":[{\"@type\":\"SearchAction\",\"target\":{\"@type\":\"EntryPoint\",\"urlTemplate\":\"https:\\\/\\\/santapola.es\\\/ca\\\/?s={search_term_string}\"},\"query-input\":{\"@type\":\"PropertyValueSpecification\",\"valueRequired\":true,\"valueName\":\"search_term_string\"}}],\"inLanguage\":\"ca\"},{\"@type\":\"Person\",\"@id\":\"https:\\\/\\\/santapola.es\\\/ca\\\/#\\\/schema\\\/person\\\/ad1d67403707b58350c7be5e8dbc442d\",\"name\":\"Jos\u00e9 Juan L\u00f3pez Lafuente\"}]}<\/script>\n<!-- \/ Yoast SEO plugin. -->","yoast_head_json":{"title":"El s\u00e1bado se inaugura el nuevo campo de f\u00fatbol 8 de Gran Alacant - Ajuntament de Santa Pola","robots":{"index":"index","follow":"follow","max-snippet":"max-snippet:-1","max-image-preview":"max-image-preview:large","max-video-preview":"max-video-preview:-1"},"canonical":"https:\/\/santapola.es\/ca\/el-sabado-se-inaugura-el-nuevo-campo-de-futbol-8-de-gran-alacant\/","og_locale":"ca_ES","og_type":"article","og_title":"El s\u00e1bado se inaugura el nuevo campo de f\u00fatbol 8 de Gran Alacant - Ajuntament de Santa Pola","og_description":"El Ayuntamiento firm\u00f3 ayer el acta de recepci\u00f3n de la obra que ha costado 385.000 euros y viene a satisfacer una demanda de los vecinos del barrio que refuerza la oferta de instalaciones deportivas municipales.\u00a0 El polideportivo Jos\u00e9 Antonio Alema\u00f1 de Gran Alacant ya tiene su flamante campo de f\u00fatbol 8. Una instalaci\u00f3n moderna y [&hellip;]","og_url":"https:\/\/santapola.es\/ca\/el-sabado-se-inaugura-el-nuevo-campo-de-futbol-8-de-gran-alacant\/","og_site_name":"Ajuntament de Santa Pola","article_publisher":"https:\/\/www.facebook.com\/AyuntamientoSantaPola\/","article_published_time":"2023-08-02T10:39:55+00:00","article_modified_time":"2024-03-07T17:41:27+00:00","og_image":[{"width":1200,"height":900,"url":"https:\/\/santapola.es\/wp-content\/uploads\/2023\/09\/2023-08-02-futbol8.jpeg","type":"image\/jpeg"}],"author":"Jos\u00e9 Juan L\u00f3pez Lafuente","twitter_card":"summary_large_image","twitter_creator":"@SantaPolaAyunt","twitter_site":"@SantaPolaAyunt","schema":{"@context":"https:\/\/schema.org","@graph":[{"@type":"Article","@id":"https:\/\/santapola.es\/ca\/el-sabado-se-inaugura-el-nuevo-campo-de-futbol-8-de-gran-alacant\/#article","isPartOf":{"@id":"https:\/\/santapola.es\/ca\/el-sabado-se-inaugura-el-nuevo-campo-de-futbol-8-de-gran-alacant\/"},"author":{"name":"Jos\u00e9 Juan L\u00f3pez Lafuente","@id":"https:\/\/santapola.es\/ca\/#\/schema\/person\/ad1d67403707b58350c7be5e8dbc442d"},"headline":"El s\u00e1bado se inaugura el nuevo campo de f\u00fatbol 8 de Gran Alacant","datePublished":"2023-08-02T10:39:55+00:00","dateModified":"2024-03-07T17:41:27+00:00","mainEntityOfPage":{"@id":"https:\/\/santapola.es\/ca\/el-sabado-se-inaugura-el-nuevo-campo-de-futbol-8-de-gran-alacant\/"},"wordCount":296,"image":{"@id":"https:\/\/santapola.es\/ca\/el-sabado-se-inaugura-el-nuevo-campo-de-futbol-8-de-gran-alacant\/#primaryimage"},"thumbnailUrl":"https:\/\/santapola.es\/wp-content\/uploads\/2023\/09\/2023-08-02-futbol8.jpeg","keywords":["F\u00fatbol","Polideportivo Jos\u00e9 Antonio Alema\u00f1"],"articleSection":["Deportes","Gran Alacant","Inicio"],"inLanguage":"ca"},{"@type":"WebPage","@id":"https:\/\/santapola.es\/ca\/el-sabado-se-inaugura-el-nuevo-campo-de-futbol-8-de-gran-alacant\/","url":"https:\/\/santapola.es\/ca\/el-sabado-se-inaugura-el-nuevo-campo-de-futbol-8-de-gran-alacant\/","name":"El s\u00e1bado se inaugura el nuevo campo de f\u00fatbol 8 de Gran Alacant - Ajuntament de Santa Pola","isPartOf":{"@id":"https:\/\/santapola.es\/ca\/#website"},"primaryImageOfPage":{"@id":"https:\/\/santapola.es\/ca\/el-sabado-se-inaugura-el-nuevo-campo-de-futbol-8-de-gran-alacant\/#primaryimage"},"image":{"@id":"https:\/\/santapola.es\/ca\/el-sabado-se-inaugura-el-nuevo-campo-de-futbol-8-de-gran-alacant\/#primaryimage"},"thumbnailUrl":"https:\/\/santapola.es\/wp-content\/uploads\/2023\/09\/2023-08-02-futbol8.jpeg","datePublished":"2023-08-02T10:39:55+00:00","dateModified":"2024-03-07T17:41:27+00:00","author":{"@id":"https:\/\/santapola.es\/ca\/#\/schema\/person\/ad1d67403707b58350c7be5e8dbc442d"},"breadcrumb":{"@id":"https:\/\/santapola.es\/ca\/el-sabado-se-inaugura-el-nuevo-campo-de-futbol-8-de-gran-alacant\/#breadcrumb"},"inLanguage":"ca","potentialAction":[{"@type":"ReadAction","target":["https:\/\/santapola.es\/ca\/el-sabado-se-inaugura-el-nuevo-campo-de-futbol-8-de-gran-alacant\/"]}]},{"@type":"ImageObject","inLanguage":"ca","@id":"https:\/\/santapola.es\/ca\/el-sabado-se-inaugura-el-nuevo-campo-de-futbol-8-de-gran-alacant\/#primaryimage","url":"https:\/\/santapola.es\/wp-content\/uploads\/2023\/09\/2023-08-02-futbol8.jpeg","contentUrl":"https:\/\/santapola.es\/wp-content\/uploads\/2023\/09\/2023-08-02-futbol8.jpeg","width":1200,"height":900,"caption":"Foto inauguraci\u00f3n campo de f\u00fatbol 8 Gran Alacant"},{"@type":"BreadcrumbList","@id":"https:\/\/santapola.es\/ca\/el-sabado-se-inaugura-el-nuevo-campo-de-futbol-8-de-gran-alacant\/#breadcrumb","itemListElement":[{"@type":"ListItem","position":1,"name":"Inici","item":"https:\/\/santapola.es\/ca\/"},{"@type":"ListItem","position":2,"name":"El s\u00e1bado se inaugura el nuevo campo de f\u00fatbol 8 de Gran Alacant"}]},{"@type":"WebSite","@id":"https:\/\/santapola.es\/ca\/#website","url":"https:\/\/santapola.es\/ca\/","name":"Ayuntamiento de Santa Pola","description":"Web de l'Ajuntament de Santa Pola","potentialAction":[{"@type":"SearchAction","target":{"@type":"EntryPoint","urlTemplate":"https:\/\/santapola.es\/ca\/?s={search_term_string}"},"query-input":{"@type":"PropertyValueSpecification","valueRequired":true,"valueName":"search_term_string"}}],"inLanguage":"ca"},{"@type":"Person","@id":"https:\/\/santapola.es\/ca\/#\/schema\/person\/ad1d67403707b58350c7be5e8dbc442d","name":"Jos\u00e9 Juan L\u00f3pez Lafuente"}]}},"_links":{"self":[{"href":"https:\/\/santapola.es\/ca\/wp-json\/wp\/v2\/posts\/21099","targetHints":{"allow":["GET"]}}],"collection":[{"href":"https:\/\/santapola.es\/ca\/wp-json\/wp\/v2\/posts"}],"about":[{"href":"https:\/\/santapola.es\/ca\/wp-json\/wp\/v2\/types\/post"}],"author":[{"embeddable":true,"href":"https:\/\/santapola.es\/ca\/wp-json\/wp\/v2\/users\/96"}],"replies":[{"embeddable":true,"href":"https:\/\/santapola.es\/ca\/wp-json\/wp\/v2\/comments?post=21099"}],"version-history":[{"count":0,"href":"https:\/\/santapola.es\/ca\/wp-json\/wp\/v2\/posts\/21099\/revisions"}],"wp:featuredmedia":[{"embeddable":true,"href":"https:\/\/santapola.es\/ca\/wp-json\/wp\/v2\/media\/21100"}],"wp:attachment":[{"href":"https:\/\/santapola.es\/ca\/wp-json\/wp\/v2\/media?parent=21099"}],"wp:term":[{"taxonomy":"category","embeddable":true,"href":"https:\/\/santapola.es\/ca\/wp-json\/wp\/v2\/categories?post=21099"},{"taxonomy":"post_tag","embeddable":true,"href":"https:\/\/santapola.es\/ca\/wp-json\/wp\/v2\/tags?post=21099"}],"curies":[{"name":"wp","href":"https:\/\/api.w.org\/{rel}","templated":true}]}}