{"id":21042,"date":"2023-08-01T18:12:09","date_gmt":"2023-08-01T17:12:09","guid":{"rendered":"https:\/\/www.desarrollo.santapola.es\/?p=21042"},"modified":"2024-03-07T18:41:26","modified_gmt":"2024-03-07T17:41:26","slug":"reconocimiento-a-los-jovenes-de-santa-pola-en-la-iii-gala-jovens-amb-valors","status":"publish","type":"post","link":"https:\/\/santapola.es\/ca\/reconocimiento-a-los-jovenes-de-santa-pola-en-la-iii-gala-jovens-amb-valors\/","title":{"rendered":"Reconocimiento a los j\u00f3venes de Santa Pola en la III Gala J\u00f3vens Amb Valors"},"content":{"rendered":"<p><strong>El patio de armas del Castillo-Fortaleza acoger\u00e1 este viernes 4 de agosto una nueva edici\u00f3n de la Gala Jovens amb Valors, en la que se reconocer\u00e1 la labor de nueve premiados.<\/strong><\/p>\n<p>Por tercer a\u00f1o consecutivo el Ayuntamiento de Santa Pola, a trav\u00e9s de la Concejal\u00eda de Juventud, quiere reconocer el esfuerzo, el rendimiento y el buen hacer de los j\u00f3venes del municipio que han destacado recientemente en diferentes \u00e1mbitos, desde el emprendimiento, la tecnolog\u00eda o la ciencia, pasando por el deporte, la cultura o el rendimiento acad\u00e9mico.<\/p>\n<p>En esta ocasi\u00f3n, y de nuevo en el Castillo Fortaleza, ocho j\u00f3venes a t\u00edtulo individual y un grupo a modo colectivo, recibir\u00e1n de manos del Concejal de Juventud, Joaqu\u00edn Lozano, este reconocimiento institucional que no es m\u00e1s que un premio a su esfuerzo personal, y que pretende dar visibilidad a los j\u00f3venes que se pueden convertir en referentes para el resto de sus compa\u00f1eros\/as.<\/p>\n<p>El acto tendr\u00e1 lugar en el patio de armas del Castillo el viernes a las 21,30 h y contar\u00e1 con la actuaci\u00f3n musical del joven cantautor local Gabri Ca\u00f1estro.<\/p>\n","protected":false},"excerpt":{"rendered":"<p>El patio de armas del Castillo-Fortaleza acoger\u00e1 este viernes 4 de agosto una nueva edici\u00f3n de la Gala Jovens amb Valors, en la que se reconocer\u00e1 la labor de nueve premiados. Por tercer a\u00f1o consecutivo el Ayuntamiento de Santa Pola, a trav\u00e9s de la Concejal\u00eda de Juventud, quiere reconocer el esfuerzo, el rendimiento y el [&hellip;]<\/p>\n","protected":false},"author":96,"featured_media":21023,"comment_status":"closed","ping_status":"closed","sticky":false,"template":"","format":"standard","meta":{"_et_pb_use_builder":"","_et_pb_old_content":"","_et_gb_content_width":"","footnotes":""},"categories":[66,98],"tags":[130,131,132,129],"class_list":["post-21042","post","type-post","status-publish","format-standard","has-post-thumbnail","hentry","category-inicio","category-juventud","tag-gabri-canestro","tag-joaquin-lozano","tag-jovens-amb-valors","tag-juventud"],"yoast_head":"<!-- This site is optimized with the Yoast SEO plugin v27.4 - https:\/\/yoast.com\/product\/yoast-seo-wordpress\/ -->\n<title>Reconocimiento a los j\u00f3venes de Santa Pola en la III Gala J\u00f3vens Amb Valors - Ajuntament de Santa Pola<\/title>\n<meta name=\"robots\" content=\"index, follow, max-snippet:-1, max-image-preview:large, max-video-preview:-1\" \/>\n<link rel=\"canonical\" href=\"https:\/\/santapola.es\/ca\/reconocimiento-a-los-jovenes-de-santa-pola-en-la-iii-gala-jovens-amb-valors\/\" \/>\n<meta property=\"og:locale\" content=\"ca_ES\" \/>\n<meta property=\"og:type\" content=\"article\" \/>\n<meta property=\"og:title\" content=\"Reconocimiento a los j\u00f3venes de Santa Pola en la III Gala J\u00f3vens Amb Valors - Ajuntament de Santa Pola\" \/>\n<meta property=\"og:description\" content=\"El patio de armas del Castillo-Fortaleza acoger\u00e1 este viernes 4 de agosto una nueva edici\u00f3n de la Gala Jovens amb Valors, en la que se reconocer\u00e1 la labor de nueve premiados. Por tercer a\u00f1o consecutivo el Ayuntamiento de Santa Pola, a trav\u00e9s de la Concejal\u00eda de Juventud, quiere reconocer el esfuerzo, el rendimiento y el [&hellip;]\" \/>\n<meta property=\"og:url\" content=\"https:\/\/santapola.es\/ca\/reconocimiento-a-los-jovenes-de-santa-pola-en-la-iii-gala-jovens-amb-valors\/\" \/>\n<meta property=\"og:site_name\" content=\"Ajuntament de Santa Pola\" \/>\n<meta property=\"article:publisher\" content=\"https:\/\/www.facebook.com\/AyuntamientoSantaPola\/\" \/>\n<meta property=\"article:published_time\" content=\"2023-08-01T17:12:09+00:00\" \/>\n<meta property=\"article:modified_time\" content=\"2024-03-07T17:41:26+00:00\" \/>\n<meta property=\"og:image\" content=\"https:\/\/santapola.es\/wp-content\/uploads\/2023\/08\/2023-08-01-jovens-amb-valors.jpeg\" \/>\n\t<meta property=\"og:image:width\" content=\"1080\" \/>\n\t<meta property=\"og:image:height\" content=\"1080\" \/>\n\t<meta property=\"og:image:type\" content=\"image\/jpeg\" \/>\n<meta name=\"author\" content=\"Jos\u00e9 Juan L\u00f3pez Lafuente\" \/>\n<meta name=\"twitter:card\" content=\"summary_large_image\" \/>\n<meta name=\"twitter:creator\" content=\"@SantaPolaAyunt\" \/>\n<meta name=\"twitter:site\" content=\"@SantaPolaAyunt\" \/>\n<script type=\"application\/ld+json\" class=\"yoast-schema-graph\">{\"@context\":\"https:\\\/\\\/schema.org\",\"@graph\":[{\"@type\":\"Article\",\"@id\":\"https:\\\/\\\/santapola.es\\\/ca\\\/reconocimiento-a-los-jovenes-de-santa-pola-en-la-iii-gala-jovens-amb-valors\\\/#article\",\"isPartOf\":{\"@id\":\"https:\\\/\\\/santapola.es\\\/ca\\\/reconocimiento-a-los-jovenes-de-santa-pola-en-la-iii-gala-jovens-amb-valors\\\/\"},\"author\":{\"name\":\"Jos\u00e9 Juan L\u00f3pez Lafuente\",\"@id\":\"https:\\\/\\\/santapola.es\\\/ca\\\/#\\\/schema\\\/person\\\/ad1d67403707b58350c7be5e8dbc442d\"},\"headline\":\"Reconocimiento a los j\u00f3venes de Santa Pola en la III Gala J\u00f3vens Amb Valors\",\"datePublished\":\"2023-08-01T17:12:09+00:00\",\"dateModified\":\"2024-03-07T17:41:26+00:00\",\"mainEntityOfPage\":{\"@id\":\"https:\\\/\\\/santapola.es\\\/ca\\\/reconocimiento-a-los-jovenes-de-santa-pola-en-la-iii-gala-jovens-amb-valors\\\/\"},\"wordCount\":212,\"image\":{\"@id\":\"https:\\\/\\\/santapola.es\\\/ca\\\/reconocimiento-a-los-jovenes-de-santa-pola-en-la-iii-gala-jovens-amb-valors\\\/#primaryimage\"},\"thumbnailUrl\":\"https:\\\/\\\/santapola.es\\\/wp-content\\\/uploads\\\/2023\\\/08\\\/2023-08-01-jovens-amb-valors.jpeg\",\"keywords\":[\"Gabri Ca\u00f1estro\",\"Joaqu\u00edn Lozano\",\"Jovens amb Valors\",\"Juventud\"],\"articleSection\":[\"Inicio\",\"Juventud\"],\"inLanguage\":\"ca\"},{\"@type\":\"WebPage\",\"@id\":\"https:\\\/\\\/santapola.es\\\/ca\\\/reconocimiento-a-los-jovenes-de-santa-pola-en-la-iii-gala-jovens-amb-valors\\\/\",\"url\":\"https:\\\/\\\/santapola.es\\\/ca\\\/reconocimiento-a-los-jovenes-de-santa-pola-en-la-iii-gala-jovens-amb-valors\\\/\",\"name\":\"Reconocimiento a los j\u00f3venes de Santa Pola en la III Gala J\u00f3vens Amb Valors - Ajuntament de Santa Pola\",\"isPartOf\":{\"@id\":\"https:\\\/\\\/santapola.es\\\/ca\\\/#website\"},\"primaryImageOfPage\":{\"@id\":\"https:\\\/\\\/santapola.es\\\/ca\\\/reconocimiento-a-los-jovenes-de-santa-pola-en-la-iii-gala-jovens-amb-valors\\\/#primaryimage\"},\"image\":{\"@id\":\"https:\\\/\\\/santapola.es\\\/ca\\\/reconocimiento-a-los-jovenes-de-santa-pola-en-la-iii-gala-jovens-amb-valors\\\/#primaryimage\"},\"thumbnailUrl\":\"https:\\\/\\\/santapola.es\\\/wp-content\\\/uploads\\\/2023\\\/08\\\/2023-08-01-jovens-amb-valors.jpeg\",\"datePublished\":\"2023-08-01T17:12:09+00:00\",\"dateModified\":\"2024-03-07T17:41:26+00:00\",\"author\":{\"@id\":\"https:\\\/\\\/santapola.es\\\/ca\\\/#\\\/schema\\\/person\\\/ad1d67403707b58350c7be5e8dbc442d\"},\"breadcrumb\":{\"@id\":\"https:\\\/\\\/santapola.es\\\/ca\\\/reconocimiento-a-los-jovenes-de-santa-pola-en-la-iii-gala-jovens-amb-valors\\\/#breadcrumb\"},\"inLanguage\":\"ca\",\"potentialAction\":[{\"@type\":\"ReadAction\",\"target\":[\"https:\\\/\\\/santapola.es\\\/ca\\\/reconocimiento-a-los-jovenes-de-santa-pola-en-la-iii-gala-jovens-amb-valors\\\/\"]}]},{\"@type\":\"ImageObject\",\"inLanguage\":\"ca\",\"@id\":\"https:\\\/\\\/santapola.es\\\/ca\\\/reconocimiento-a-los-jovenes-de-santa-pola-en-la-iii-gala-jovens-amb-valors\\\/#primaryimage\",\"url\":\"https:\\\/\\\/santapola.es\\\/wp-content\\\/uploads\\\/2023\\\/08\\\/2023-08-01-jovens-amb-valors.jpeg\",\"contentUrl\":\"https:\\\/\\\/santapola.es\\\/wp-content\\\/uploads\\\/2023\\\/08\\\/2023-08-01-jovens-amb-valors.jpeg\",\"width\":1080,\"height\":1080},{\"@type\":\"BreadcrumbList\",\"@id\":\"https:\\\/\\\/santapola.es\\\/ca\\\/reconocimiento-a-los-jovenes-de-santa-pola-en-la-iii-gala-jovens-amb-valors\\\/#breadcrumb\",\"itemListElement\":[{\"@type\":\"ListItem\",\"position\":1,\"name\":\"Inici\",\"item\":\"https:\\\/\\\/santapola.es\\\/ca\\\/\"},{\"@type\":\"ListItem\",\"position\":2,\"name\":\"Reconocimiento a los j\u00f3venes de Santa Pola en la III Gala J\u00f3vens Amb Valors\"}]},{\"@type\":\"WebSite\",\"@id\":\"https:\\\/\\\/santapola.es\\\/ca\\\/#website\",\"url\":\"https:\\\/\\\/santapola.es\\\/ca\\\/\",\"name\":\"Ayuntamiento de Santa Pola\",\"description\":\"Web de l'Ajuntament de Santa Pola\",\"potentialAction\":[{\"@type\":\"SearchAction\",\"target\":{\"@type\":\"EntryPoint\",\"urlTemplate\":\"https:\\\/\\\/santapola.es\\\/ca\\\/?s={search_term_string}\"},\"query-input\":{\"@type\":\"PropertyValueSpecification\",\"valueRequired\":true,\"valueName\":\"search_term_string\"}}],\"inLanguage\":\"ca\"},{\"@type\":\"Person\",\"@id\":\"https:\\\/\\\/santapola.es\\\/ca\\\/#\\\/schema\\\/person\\\/ad1d67403707b58350c7be5e8dbc442d\",\"name\":\"Jos\u00e9 Juan L\u00f3pez Lafuente\"}]}<\/script>\n<!-- \/ Yoast SEO plugin. -->","yoast_head_json":{"title":"Reconocimiento a los j\u00f3venes de Santa Pola en la III Gala J\u00f3vens Amb Valors - Ajuntament de Santa Pola","robots":{"index":"index","follow":"follow","max-snippet":"max-snippet:-1","max-image-preview":"max-image-preview:large","max-video-preview":"max-video-preview:-1"},"canonical":"https:\/\/santapola.es\/ca\/reconocimiento-a-los-jovenes-de-santa-pola-en-la-iii-gala-jovens-amb-valors\/","og_locale":"ca_ES","og_type":"article","og_title":"Reconocimiento a los j\u00f3venes de Santa Pola en la III Gala J\u00f3vens Amb Valors - Ajuntament de Santa Pola","og_description":"El patio de armas del Castillo-Fortaleza acoger\u00e1 este viernes 4 de agosto una nueva edici\u00f3n de la Gala Jovens amb Valors, en la que se reconocer\u00e1 la labor de nueve premiados. Por tercer a\u00f1o consecutivo el Ayuntamiento de Santa Pola, a trav\u00e9s de la Concejal\u00eda de Juventud, quiere reconocer el esfuerzo, el rendimiento y el [&hellip;]","og_url":"https:\/\/santapola.es\/ca\/reconocimiento-a-los-jovenes-de-santa-pola-en-la-iii-gala-jovens-amb-valors\/","og_site_name":"Ajuntament de Santa Pola","article_publisher":"https:\/\/www.facebook.com\/AyuntamientoSantaPola\/","article_published_time":"2023-08-01T17:12:09+00:00","article_modified_time":"2024-03-07T17:41:26+00:00","og_image":[{"width":1080,"height":1080,"url":"https:\/\/santapola.es\/wp-content\/uploads\/2023\/08\/2023-08-01-jovens-amb-valors.jpeg","type":"image\/jpeg"}],"author":"Jos\u00e9 Juan L\u00f3pez Lafuente","twitter_card":"summary_large_image","twitter_creator":"@SantaPolaAyunt","twitter_site":"@SantaPolaAyunt","schema":{"@context":"https:\/\/schema.org","@graph":[{"@type":"Article","@id":"https:\/\/santapola.es\/ca\/reconocimiento-a-los-jovenes-de-santa-pola-en-la-iii-gala-jovens-amb-valors\/#article","isPartOf":{"@id":"https:\/\/santapola.es\/ca\/reconocimiento-a-los-jovenes-de-santa-pola-en-la-iii-gala-jovens-amb-valors\/"},"author":{"name":"Jos\u00e9 Juan L\u00f3pez Lafuente","@id":"https:\/\/santapola.es\/ca\/#\/schema\/person\/ad1d67403707b58350c7be5e8dbc442d"},"headline":"Reconocimiento a los j\u00f3venes de Santa Pola en la III Gala J\u00f3vens Amb Valors","datePublished":"2023-08-01T17:12:09+00:00","dateModified":"2024-03-07T17:41:26+00:00","mainEntityOfPage":{"@id":"https:\/\/santapola.es\/ca\/reconocimiento-a-los-jovenes-de-santa-pola-en-la-iii-gala-jovens-amb-valors\/"},"wordCount":212,"image":{"@id":"https:\/\/santapola.es\/ca\/reconocimiento-a-los-jovenes-de-santa-pola-en-la-iii-gala-jovens-amb-valors\/#primaryimage"},"thumbnailUrl":"https:\/\/santapola.es\/wp-content\/uploads\/2023\/08\/2023-08-01-jovens-amb-valors.jpeg","keywords":["Gabri Ca\u00f1estro","Joaqu\u00edn Lozano","Jovens amb Valors","Juventud"],"articleSection":["Inicio","Juventud"],"inLanguage":"ca"},{"@type":"WebPage","@id":"https:\/\/santapola.es\/ca\/reconocimiento-a-los-jovenes-de-santa-pola-en-la-iii-gala-jovens-amb-valors\/","url":"https:\/\/santapola.es\/ca\/reconocimiento-a-los-jovenes-de-santa-pola-en-la-iii-gala-jovens-amb-valors\/","name":"Reconocimiento a los j\u00f3venes de Santa Pola en la III Gala J\u00f3vens Amb Valors - Ajuntament de Santa Pola","isPartOf":{"@id":"https:\/\/santapola.es\/ca\/#website"},"primaryImageOfPage":{"@id":"https:\/\/santapola.es\/ca\/reconocimiento-a-los-jovenes-de-santa-pola-en-la-iii-gala-jovens-amb-valors\/#primaryimage"},"image":{"@id":"https:\/\/santapola.es\/ca\/reconocimiento-a-los-jovenes-de-santa-pola-en-la-iii-gala-jovens-amb-valors\/#primaryimage"},"thumbnailUrl":"https:\/\/santapola.es\/wp-content\/uploads\/2023\/08\/2023-08-01-jovens-amb-valors.jpeg","datePublished":"2023-08-01T17:12:09+00:00","dateModified":"2024-03-07T17:41:26+00:00","author":{"@id":"https:\/\/santapola.es\/ca\/#\/schema\/person\/ad1d67403707b58350c7be5e8dbc442d"},"breadcrumb":{"@id":"https:\/\/santapola.es\/ca\/reconocimiento-a-los-jovenes-de-santa-pola-en-la-iii-gala-jovens-amb-valors\/#breadcrumb"},"inLanguage":"ca","potentialAction":[{"@type":"ReadAction","target":["https:\/\/santapola.es\/ca\/reconocimiento-a-los-jovenes-de-santa-pola-en-la-iii-gala-jovens-amb-valors\/"]}]},{"@type":"ImageObject","inLanguage":"ca","@id":"https:\/\/santapola.es\/ca\/reconocimiento-a-los-jovenes-de-santa-pola-en-la-iii-gala-jovens-amb-valors\/#primaryimage","url":"https:\/\/santapola.es\/wp-content\/uploads\/2023\/08\/2023-08-01-jovens-amb-valors.jpeg","contentUrl":"https:\/\/santapola.es\/wp-content\/uploads\/2023\/08\/2023-08-01-jovens-amb-valors.jpeg","width":1080,"height":1080},{"@type":"BreadcrumbList","@id":"https:\/\/santapola.es\/ca\/reconocimiento-a-los-jovenes-de-santa-pola-en-la-iii-gala-jovens-amb-valors\/#breadcrumb","itemListElement":[{"@type":"ListItem","position":1,"name":"Inici","item":"https:\/\/santapola.es\/ca\/"},{"@type":"ListItem","position":2,"name":"Reconocimiento a los j\u00f3venes de Santa Pola en la III Gala J\u00f3vens Amb Valors"}]},{"@type":"WebSite","@id":"https:\/\/santapola.es\/ca\/#website","url":"https:\/\/santapola.es\/ca\/","name":"Ayuntamiento de Santa Pola","description":"Web de l'Ajuntament de Santa Pola","potentialAction":[{"@type":"SearchAction","target":{"@type":"EntryPoint","urlTemplate":"https:\/\/santapola.es\/ca\/?s={search_term_string}"},"query-input":{"@type":"PropertyValueSpecification","valueRequired":true,"valueName":"search_term_string"}}],"inLanguage":"ca"},{"@type":"Person","@id":"https:\/\/santapola.es\/ca\/#\/schema\/person\/ad1d67403707b58350c7be5e8dbc442d","name":"Jos\u00e9 Juan L\u00f3pez Lafuente"}]}},"_links":{"self":[{"href":"https:\/\/santapola.es\/ca\/wp-json\/wp\/v2\/posts\/21042","targetHints":{"allow":["GET"]}}],"collection":[{"href":"https:\/\/santapola.es\/ca\/wp-json\/wp\/v2\/posts"}],"about":[{"href":"https:\/\/santapola.es\/ca\/wp-json\/wp\/v2\/types\/post"}],"author":[{"embeddable":true,"href":"https:\/\/santapola.es\/ca\/wp-json\/wp\/v2\/users\/96"}],"replies":[{"embeddable":true,"href":"https:\/\/santapola.es\/ca\/wp-json\/wp\/v2\/comments?post=21042"}],"version-history":[{"count":0,"href":"https:\/\/santapola.es\/ca\/wp-json\/wp\/v2\/posts\/21042\/revisions"}],"wp:featuredmedia":[{"embeddable":true,"href":"https:\/\/santapola.es\/ca\/wp-json\/wp\/v2\/media\/21023"}],"wp:attachment":[{"href":"https:\/\/santapola.es\/ca\/wp-json\/wp\/v2\/media?parent=21042"}],"wp:term":[{"taxonomy":"category","embeddable":true,"href":"https:\/\/santapola.es\/ca\/wp-json\/wp\/v2\/categories?post=21042"},{"taxonomy":"post_tag","embeddable":true,"href":"https:\/\/santapola.es\/ca\/wp-json\/wp\/v2\/tags?post=21042"}],"curies":[{"name":"wp","href":"https:\/\/api.w.org\/{rel}","templated":true}]}}