{"id":20919,"date":"2023-07-24T18:11:28","date_gmt":"2023-07-24T17:11:28","guid":{"rendered":"https:\/\/www.desarrollo.santapola.es\/?p=20919"},"modified":"2024-03-07T18:41:22","modified_gmt":"2024-03-07T17:41:22","slug":"cultura-en-santa-pola-para-combatir-el-calor-de-agosto","status":"publish","type":"post","link":"https:\/\/santapola.es\/ca\/cultura-en-santa-pola-para-combatir-el-calor-de-agosto\/","title":{"rendered":"Cultura en Santa Pola para combatir el calor de agosto"},"content":{"rendered":"<p><strong>M\u00fasica para todos los gustos, eventos cl\u00e1sicos, actividades infantiles y el pre\u00e1mbulo de las fiestas marcan la programaci\u00f3n de agosto de las \u201cFestes d\u2019Estiu\u201d que organizan las concejal\u00edas de Cultura, Fiestas y Juventud.<\/strong><\/p>\n<p>Agosto en Santa Pola es sin\u00f3nimo de playa, de sol, de gastronom\u00eda, de calor, de brisa marina y, por supuesto, de eventos para todos los p\u00fablicos.<\/p>\n<p>La programaci\u00f3n de \u201cFestes d\u2019Estiu\u201d para este pr\u00f3ximo mes tiene un marcado car\u00e1cter musical en el que destaca el concierto de <strong>Az\u00facar Moreno<\/strong> que tendr\u00e1 lugar el s\u00e1bado 26 en el audit\u00f3rium El Palmeral.<\/p>\n<p>La oferta musical es muy variada. Comenzaremos con la tradicional<strong> Noche de Habaneras<\/strong> a cargo de la Coral Villa de Santa Pola y otras corales invitadas, ser\u00e1 el jueves 3 en el Castillo-Fortaleza.<\/p>\n<p>El s\u00e1bado 5, tambi\u00e9n en el Castillo, llegar\u00e1 el turno del espect\u00e1culo <strong>Divos &amp; Divinas<\/strong>, dos voces femeninas y dos masculinas que interpretar\u00e1n grandes \u00e9xitos l\u00edricos de la historia de la m\u00fasica fusionados con el pop, con entrada a 5 euros.<\/p>\n<p>El colectivo local Caricia Musical ofrecer\u00e1 el d\u00eda 10 en el Castillo el concierto <strong>M\u00fasica para una noche en Tabarca.<\/strong><\/p>\n<p>Un d\u00eda despu\u00e9s podremos disfrutar del <strong>Viej\u00edsimo Aniversario<\/strong> de Regomello, en su gira de celebraci\u00f3n de 20 a\u00f1os de risas y m\u00fasica.<\/p>\n<p>La Coral Villa de Santa Pola cantar\u00e1 la noche del lunes 14 en la iglesia la <strong>Serenata a la Virgen de la Asunci\u00f3n<\/strong> en la v\u00edspera de su festividad.<\/p>\n<p>Cerrando el cap\u00edtulo musical, el viernes 25 recibiremos a la Orquesta Sinf\u00f3nica de Villena que refrescar\u00e1 la noche con su concierto <strong>Disco Fever<\/strong>, una interesante recopilaci\u00f3n de grandes \u00e9xitos de la m\u00fasica disco con un fondo sinf\u00f3nico.<\/p>\n<p><strong>Eventos que ya son tradicionales<\/strong><\/p>\n<p>Tres eventos con solera destacan en agosto. En primer lugar la <strong>Cena de la Luna Llena<\/strong> que organiza la Asociaci\u00f3n de Vecinos de Santa Pola del Este y que re\u00fane en su paseo mar\u00edtimo a un n\u00famero importante de locales y for\u00e1neos compartiendo viandas a la fresca y bajo la luz de la luna del mi\u00e9rcoles d\u00eda 2.<\/p>\n<p>El homenaje a los j\u00f3venes santapoleros m\u00e1s destacados llegar\u00e1 el viernes 4 con la gala de entrega de premios <strong>Joves Amb Valors<\/strong>, organizada por la Concejal\u00eda de Juventud y con la actuaci\u00f3n de Gabri Ca\u00f1estro.<\/p>\n<p>Y como nos faltaba el cine de verano, el Rac\u00f3 Jove nos lleva a ver cine el mi\u00e9rcoles 9 en la playa del Varadero con una nueva edici\u00f3n de <strong>La Mar de Cortos<\/strong>, donde podremos ver los cortometrajes participantes en el Certamen Auton\u00f3mico de Cortos de Santa Pola.<\/p>\n<p>Por \u00faltimo tendremos los talleres creativos y la Hora del Conte que organizan las bibliotecas municipales durante varios d\u00edas en el Castillo, la Biblioteca Infantil y la Biblioteca de Gran Alacant.<\/p>\n<p><strong>Pre\u00e1mbulo de las fiestas patronales<\/strong><\/p>\n<p>Y como es habitual, la programaci\u00f3n de agosto se completa con los cuatro actos previos a nuestras fiestas patronales en honor a la Virgen de Loreto.<\/p>\n<p>El s\u00e1bado 12 tendr\u00e1 lugar en el Castillo la <strong>presentaci\u00f3n del libro de fiestas 2023<\/strong>, que contar\u00e1 con los nuevos cargos de moros y cristianos y comparsas festeras, para cerrar con la actuaci\u00f3n de la Associaci\u00f3 Musical Mare de Deu de Loreto.<\/p>\n<p>Y del 19 al 21, la trilog\u00eda de elecciones festeras en el Palmeral.<\/p>\n<p>El s\u00e1bado 19 la gala de <strong>elecci\u00f3n de la Reina Mayor<\/strong> con el espect\u00e1culo Hola Raffaella, tributo a Raffaella Carr\u00e1.<\/p>\n<p>El domingo 20 la <strong>elecci\u00f3n de la Reina Infantil<\/strong> y presentaci\u00f3n de cargos infantiles de moros y cristianos y comparsas festeras, acompa\u00f1ados por la Escuela de Danza Inmaculada Ja\u00e9n que representar\u00e1 Alad\u00edn.<\/p>\n<p>Y el lunes 21 llega el turno de la <strong>elecci\u00f3n de la Reina de la Tercera Edad<\/strong>, amenizada por Antonio Caballero y sus Canciones de Ensue\u00f1o.<\/p>\n<p><img loading=\"lazy\" decoding=\"async\" class=\"aligncenter wp-image-20921 size-large\" src=\"https:\/\/santapola.es\/wp-content\/uploads\/2023\/07\/2023-Programa-Festes-Estiu-819x1024.jpeg\" alt=\"\" width=\"819\" height=\"1024\" \/><\/p>\n","protected":false},"excerpt":{"rendered":"<p>M\u00fasica para todos los gustos, eventos cl\u00e1sicos, actividades infantiles y el pre\u00e1mbulo de las fiestas marcan la programaci\u00f3n de agosto de las \u201cFestes d\u2019Estiu\u201d que organizan las concejal\u00edas de Cultura, Fiestas y Juventud. Agosto en Santa Pola es sin\u00f3nimo de playa, de sol, de gastronom\u00eda, de calor, de brisa marina y, por supuesto, de eventos [&hellip;]<\/p>\n","protected":false},"author":96,"featured_media":20920,"comment_status":"closed","ping_status":"closed","sticky":false,"template":"","format":"standard","meta":{"_et_pb_use_builder":"","_et_pb_old_content":"","_et_gb_content_width":"","footnotes":""},"categories":[96,97,66,98],"tags":[99],"class_list":["post-20919","post","type-post","status-publish","format-standard","has-post-thumbnail","hentry","category-cultura","category-fiestas","category-inicio","category-juventud","tag-festes-destiu"],"yoast_head":"<!-- This site is optimized with the Yoast SEO plugin v27.4 - https:\/\/yoast.com\/product\/yoast-seo-wordpress\/ -->\n<title>Cultura en Santa Pola para combatir el calor de agosto - Ajuntament de Santa Pola<\/title>\n<meta name=\"robots\" content=\"index, follow, max-snippet:-1, max-image-preview:large, max-video-preview:-1\" \/>\n<link rel=\"canonical\" href=\"https:\/\/santapola.es\/ca\/cultura-en-santa-pola-para-combatir-el-calor-de-agosto\/\" \/>\n<meta property=\"og:locale\" content=\"ca_ES\" \/>\n<meta property=\"og:type\" content=\"article\" \/>\n<meta property=\"og:title\" content=\"Cultura en Santa Pola para combatir el calor de agosto - Ajuntament de Santa Pola\" \/>\n<meta property=\"og:description\" content=\"M\u00fasica para todos los gustos, eventos cl\u00e1sicos, actividades infantiles y el pre\u00e1mbulo de las fiestas marcan la programaci\u00f3n de agosto de las \u201cFestes d\u2019Estiu\u201d que organizan las concejal\u00edas de Cultura, Fiestas y Juventud. Agosto en Santa Pola es sin\u00f3nimo de playa, de sol, de gastronom\u00eda, de calor, de brisa marina y, por supuesto, de eventos [&hellip;]\" \/>\n<meta property=\"og:url\" content=\"https:\/\/santapola.es\/ca\/cultura-en-santa-pola-para-combatir-el-calor-de-agosto\/\" \/>\n<meta property=\"og:site_name\" content=\"Ajuntament de Santa Pola\" \/>\n<meta property=\"article:publisher\" content=\"https:\/\/www.facebook.com\/AyuntamientoSantaPola\/\" \/>\n<meta property=\"article:published_time\" content=\"2023-07-24T17:11:28+00:00\" \/>\n<meta property=\"article:modified_time\" content=\"2024-03-07T17:41:22+00:00\" \/>\n<meta property=\"og:image\" content=\"https:\/\/santapola.es\/wp-content\/uploads\/2023\/07\/festes-agost-horizontal.jpeg\" \/>\n\t<meta property=\"og:image:width\" content=\"1920\" \/>\n\t<meta property=\"og:image:height\" content=\"1080\" \/>\n\t<meta property=\"og:image:type\" content=\"image\/jpeg\" \/>\n<meta name=\"author\" content=\"Jos\u00e9 Juan L\u00f3pez Lafuente\" \/>\n<meta name=\"twitter:card\" content=\"summary_large_image\" \/>\n<meta name=\"twitter:creator\" content=\"@SantaPolaAyunt\" \/>\n<meta name=\"twitter:site\" content=\"@SantaPolaAyunt\" \/>\n<script type=\"application\/ld+json\" class=\"yoast-schema-graph\">{\"@context\":\"https:\\\/\\\/schema.org\",\"@graph\":[{\"@type\":\"Article\",\"@id\":\"https:\\\/\\\/santapola.es\\\/ca\\\/cultura-en-santa-pola-para-combatir-el-calor-de-agosto\\\/#article\",\"isPartOf\":{\"@id\":\"https:\\\/\\\/santapola.es\\\/ca\\\/cultura-en-santa-pola-para-combatir-el-calor-de-agosto\\\/\"},\"author\":{\"name\":\"Jos\u00e9 Juan L\u00f3pez Lafuente\",\"@id\":\"https:\\\/\\\/santapola.es\\\/ca\\\/#\\\/schema\\\/person\\\/ad1d67403707b58350c7be5e8dbc442d\"},\"headline\":\"Cultura en Santa Pola para combatir el calor de agosto\",\"datePublished\":\"2023-07-24T17:11:28+00:00\",\"dateModified\":\"2024-03-07T17:41:22+00:00\",\"mainEntityOfPage\":{\"@id\":\"https:\\\/\\\/santapola.es\\\/ca\\\/cultura-en-santa-pola-para-combatir-el-calor-de-agosto\\\/\"},\"wordCount\":677,\"image\":{\"@id\":\"https:\\\/\\\/santapola.es\\\/ca\\\/cultura-en-santa-pola-para-combatir-el-calor-de-agosto\\\/#primaryimage\"},\"thumbnailUrl\":\"https:\\\/\\\/santapola.es\\\/wp-content\\\/uploads\\\/2023\\\/07\\\/festes-agost-horizontal.jpeg\",\"keywords\":[\"Festes d'Estiu\"],\"articleSection\":[\"Cultura\",\"Fiestas\",\"Inicio\",\"Juventud\"],\"inLanguage\":\"ca\"},{\"@type\":\"WebPage\",\"@id\":\"https:\\\/\\\/santapola.es\\\/ca\\\/cultura-en-santa-pola-para-combatir-el-calor-de-agosto\\\/\",\"url\":\"https:\\\/\\\/santapola.es\\\/ca\\\/cultura-en-santa-pola-para-combatir-el-calor-de-agosto\\\/\",\"name\":\"Cultura en Santa Pola para combatir el calor de agosto - Ajuntament de Santa Pola\",\"isPartOf\":{\"@id\":\"https:\\\/\\\/santapola.es\\\/ca\\\/#website\"},\"primaryImageOfPage\":{\"@id\":\"https:\\\/\\\/santapola.es\\\/ca\\\/cultura-en-santa-pola-para-combatir-el-calor-de-agosto\\\/#primaryimage\"},\"image\":{\"@id\":\"https:\\\/\\\/santapola.es\\\/ca\\\/cultura-en-santa-pola-para-combatir-el-calor-de-agosto\\\/#primaryimage\"},\"thumbnailUrl\":\"https:\\\/\\\/santapola.es\\\/wp-content\\\/uploads\\\/2023\\\/07\\\/festes-agost-horizontal.jpeg\",\"datePublished\":\"2023-07-24T17:11:28+00:00\",\"dateModified\":\"2024-03-07T17:41:22+00:00\",\"author\":{\"@id\":\"https:\\\/\\\/santapola.es\\\/ca\\\/#\\\/schema\\\/person\\\/ad1d67403707b58350c7be5e8dbc442d\"},\"breadcrumb\":{\"@id\":\"https:\\\/\\\/santapola.es\\\/ca\\\/cultura-en-santa-pola-para-combatir-el-calor-de-agosto\\\/#breadcrumb\"},\"inLanguage\":\"ca\",\"potentialAction\":[{\"@type\":\"ReadAction\",\"target\":[\"https:\\\/\\\/santapola.es\\\/ca\\\/cultura-en-santa-pola-para-combatir-el-calor-de-agosto\\\/\"]}]},{\"@type\":\"ImageObject\",\"inLanguage\":\"ca\",\"@id\":\"https:\\\/\\\/santapola.es\\\/ca\\\/cultura-en-santa-pola-para-combatir-el-calor-de-agosto\\\/#primaryimage\",\"url\":\"https:\\\/\\\/santapola.es\\\/wp-content\\\/uploads\\\/2023\\\/07\\\/festes-agost-horizontal.jpeg\",\"contentUrl\":\"https:\\\/\\\/santapola.es\\\/wp-content\\\/uploads\\\/2023\\\/07\\\/festes-agost-horizontal.jpeg\",\"width\":1920,\"height\":1080},{\"@type\":\"BreadcrumbList\",\"@id\":\"https:\\\/\\\/santapola.es\\\/ca\\\/cultura-en-santa-pola-para-combatir-el-calor-de-agosto\\\/#breadcrumb\",\"itemListElement\":[{\"@type\":\"ListItem\",\"position\":1,\"name\":\"Inici\",\"item\":\"https:\\\/\\\/santapola.es\\\/ca\\\/\"},{\"@type\":\"ListItem\",\"position\":2,\"name\":\"Cultura en Santa Pola para combatir el calor de agosto\"}]},{\"@type\":\"WebSite\",\"@id\":\"https:\\\/\\\/santapola.es\\\/ca\\\/#website\",\"url\":\"https:\\\/\\\/santapola.es\\\/ca\\\/\",\"name\":\"Ayuntamiento de Santa Pola\",\"description\":\"Web de l'Ajuntament de Santa Pola\",\"potentialAction\":[{\"@type\":\"SearchAction\",\"target\":{\"@type\":\"EntryPoint\",\"urlTemplate\":\"https:\\\/\\\/santapola.es\\\/ca\\\/?s={search_term_string}\"},\"query-input\":{\"@type\":\"PropertyValueSpecification\",\"valueRequired\":true,\"valueName\":\"search_term_string\"}}],\"inLanguage\":\"ca\"},{\"@type\":\"Person\",\"@id\":\"https:\\\/\\\/santapola.es\\\/ca\\\/#\\\/schema\\\/person\\\/ad1d67403707b58350c7be5e8dbc442d\",\"name\":\"Jos\u00e9 Juan L\u00f3pez Lafuente\"}]}<\/script>\n<!-- \/ Yoast SEO plugin. -->","yoast_head_json":{"title":"Cultura en Santa Pola para combatir el calor de agosto - Ajuntament de Santa Pola","robots":{"index":"index","follow":"follow","max-snippet":"max-snippet:-1","max-image-preview":"max-image-preview:large","max-video-preview":"max-video-preview:-1"},"canonical":"https:\/\/santapola.es\/ca\/cultura-en-santa-pola-para-combatir-el-calor-de-agosto\/","og_locale":"ca_ES","og_type":"article","og_title":"Cultura en Santa Pola para combatir el calor de agosto - Ajuntament de Santa Pola","og_description":"M\u00fasica para todos los gustos, eventos cl\u00e1sicos, actividades infantiles y el pre\u00e1mbulo de las fiestas marcan la programaci\u00f3n de agosto de las \u201cFestes d\u2019Estiu\u201d que organizan las concejal\u00edas de Cultura, Fiestas y Juventud. Agosto en Santa Pola es sin\u00f3nimo de playa, de sol, de gastronom\u00eda, de calor, de brisa marina y, por supuesto, de eventos [&hellip;]","og_url":"https:\/\/santapola.es\/ca\/cultura-en-santa-pola-para-combatir-el-calor-de-agosto\/","og_site_name":"Ajuntament de Santa Pola","article_publisher":"https:\/\/www.facebook.com\/AyuntamientoSantaPola\/","article_published_time":"2023-07-24T17:11:28+00:00","article_modified_time":"2024-03-07T17:41:22+00:00","og_image":[{"width":1920,"height":1080,"url":"https:\/\/santapola.es\/wp-content\/uploads\/2023\/07\/festes-agost-horizontal.jpeg","type":"image\/jpeg"}],"author":"Jos\u00e9 Juan L\u00f3pez Lafuente","twitter_card":"summary_large_image","twitter_creator":"@SantaPolaAyunt","twitter_site":"@SantaPolaAyunt","schema":{"@context":"https:\/\/schema.org","@graph":[{"@type":"Article","@id":"https:\/\/santapola.es\/ca\/cultura-en-santa-pola-para-combatir-el-calor-de-agosto\/#article","isPartOf":{"@id":"https:\/\/santapola.es\/ca\/cultura-en-santa-pola-para-combatir-el-calor-de-agosto\/"},"author":{"name":"Jos\u00e9 Juan L\u00f3pez Lafuente","@id":"https:\/\/santapola.es\/ca\/#\/schema\/person\/ad1d67403707b58350c7be5e8dbc442d"},"headline":"Cultura en Santa Pola para combatir el calor de agosto","datePublished":"2023-07-24T17:11:28+00:00","dateModified":"2024-03-07T17:41:22+00:00","mainEntityOfPage":{"@id":"https:\/\/santapola.es\/ca\/cultura-en-santa-pola-para-combatir-el-calor-de-agosto\/"},"wordCount":677,"image":{"@id":"https:\/\/santapola.es\/ca\/cultura-en-santa-pola-para-combatir-el-calor-de-agosto\/#primaryimage"},"thumbnailUrl":"https:\/\/santapola.es\/wp-content\/uploads\/2023\/07\/festes-agost-horizontal.jpeg","keywords":["Festes d'Estiu"],"articleSection":["Cultura","Fiestas","Inicio","Juventud"],"inLanguage":"ca"},{"@type":"WebPage","@id":"https:\/\/santapola.es\/ca\/cultura-en-santa-pola-para-combatir-el-calor-de-agosto\/","url":"https:\/\/santapola.es\/ca\/cultura-en-santa-pola-para-combatir-el-calor-de-agosto\/","name":"Cultura en Santa Pola para combatir el calor de agosto - Ajuntament de Santa Pola","isPartOf":{"@id":"https:\/\/santapola.es\/ca\/#website"},"primaryImageOfPage":{"@id":"https:\/\/santapola.es\/ca\/cultura-en-santa-pola-para-combatir-el-calor-de-agosto\/#primaryimage"},"image":{"@id":"https:\/\/santapola.es\/ca\/cultura-en-santa-pola-para-combatir-el-calor-de-agosto\/#primaryimage"},"thumbnailUrl":"https:\/\/santapola.es\/wp-content\/uploads\/2023\/07\/festes-agost-horizontal.jpeg","datePublished":"2023-07-24T17:11:28+00:00","dateModified":"2024-03-07T17:41:22+00:00","author":{"@id":"https:\/\/santapola.es\/ca\/#\/schema\/person\/ad1d67403707b58350c7be5e8dbc442d"},"breadcrumb":{"@id":"https:\/\/santapola.es\/ca\/cultura-en-santa-pola-para-combatir-el-calor-de-agosto\/#breadcrumb"},"inLanguage":"ca","potentialAction":[{"@type":"ReadAction","target":["https:\/\/santapola.es\/ca\/cultura-en-santa-pola-para-combatir-el-calor-de-agosto\/"]}]},{"@type":"ImageObject","inLanguage":"ca","@id":"https:\/\/santapola.es\/ca\/cultura-en-santa-pola-para-combatir-el-calor-de-agosto\/#primaryimage","url":"https:\/\/santapola.es\/wp-content\/uploads\/2023\/07\/festes-agost-horizontal.jpeg","contentUrl":"https:\/\/santapola.es\/wp-content\/uploads\/2023\/07\/festes-agost-horizontal.jpeg","width":1920,"height":1080},{"@type":"BreadcrumbList","@id":"https:\/\/santapola.es\/ca\/cultura-en-santa-pola-para-combatir-el-calor-de-agosto\/#breadcrumb","itemListElement":[{"@type":"ListItem","position":1,"name":"Inici","item":"https:\/\/santapola.es\/ca\/"},{"@type":"ListItem","position":2,"name":"Cultura en Santa Pola para combatir el calor de agosto"}]},{"@type":"WebSite","@id":"https:\/\/santapola.es\/ca\/#website","url":"https:\/\/santapola.es\/ca\/","name":"Ayuntamiento de Santa Pola","description":"Web de l'Ajuntament de Santa Pola","potentialAction":[{"@type":"SearchAction","target":{"@type":"EntryPoint","urlTemplate":"https:\/\/santapola.es\/ca\/?s={search_term_string}"},"query-input":{"@type":"PropertyValueSpecification","valueRequired":true,"valueName":"search_term_string"}}],"inLanguage":"ca"},{"@type":"Person","@id":"https:\/\/santapola.es\/ca\/#\/schema\/person\/ad1d67403707b58350c7be5e8dbc442d","name":"Jos\u00e9 Juan L\u00f3pez Lafuente"}]}},"_links":{"self":[{"href":"https:\/\/santapola.es\/ca\/wp-json\/wp\/v2\/posts\/20919","targetHints":{"allow":["GET"]}}],"collection":[{"href":"https:\/\/santapola.es\/ca\/wp-json\/wp\/v2\/posts"}],"about":[{"href":"https:\/\/santapola.es\/ca\/wp-json\/wp\/v2\/types\/post"}],"author":[{"embeddable":true,"href":"https:\/\/santapola.es\/ca\/wp-json\/wp\/v2\/users\/96"}],"replies":[{"embeddable":true,"href":"https:\/\/santapola.es\/ca\/wp-json\/wp\/v2\/comments?post=20919"}],"version-history":[{"count":0,"href":"https:\/\/santapola.es\/ca\/wp-json\/wp\/v2\/posts\/20919\/revisions"}],"wp:featuredmedia":[{"embeddable":true,"href":"https:\/\/santapola.es\/ca\/wp-json\/wp\/v2\/media\/20920"}],"wp:attachment":[{"href":"https:\/\/santapola.es\/ca\/wp-json\/wp\/v2\/media?parent=20919"}],"wp:term":[{"taxonomy":"category","embeddable":true,"href":"https:\/\/santapola.es\/ca\/wp-json\/wp\/v2\/categories?post=20919"},{"taxonomy":"post_tag","embeddable":true,"href":"https:\/\/santapola.es\/ca\/wp-json\/wp\/v2\/tags?post=20919"}],"curies":[{"name":"wp","href":"https:\/\/api.w.org\/{rel}","templated":true}]}}