{"id":20678,"date":"2023-07-21T12:25:12","date_gmt":"2023-07-21T11:25:12","guid":{"rendered":"https:\/\/www.desarrollo.santapola.es\/?p=20678"},"modified":"2024-03-07T18:41:21","modified_gmt":"2024-03-07T17:41:21","slug":"el-archivo-municipal-custodiara-documentos-administrativos-y-los-fondos-historicos-de-la-cofradia-de-pescadores","status":"publish","type":"post","link":"https:\/\/santapola.es\/ca\/el-archivo-municipal-custodiara-documentos-administrativos-y-los-fondos-historicos-de-la-cofradia-de-pescadores\/","title":{"rendered":"El Archivo Municipal custodiar\u00e1 documentos administrativos y los fondos hist\u00f3ricos de la Cofrad\u00eda de Pescadores"},"content":{"rendered":"<p><strong>El Ayuntamiento de Santa Pola y la Cofrad\u00eda de Pescadores firmar\u00e1n un convenio de colaboraci\u00f3n a trav\u00e9s del cual el archivo municipal custodiar\u00e1 y organizar\u00e1 toda la documentaci\u00f3n sin vigencia administrativa y los fondos hist\u00f3ricos para su consulta por investigadores o familiares.<\/strong><\/p>\n<p>Seg\u00fan ha explicado el concejal del \u00e1rea, Jos\u00e9 Pedro Mart\u00ednez, \u201ces una prioridad apoyar el papel del Archivo Municipal como responsable del patrimonio documental local, siendo pieza fundamental en la conservaci\u00f3n de nuestra memoria colectiva. Por ello siempre se ha considerado la incorporaci\u00f3n de nuevos fondos, para incrementar el patrimonio documental local y procurar un mejor conocimiento de nuestra historia\u201d.<\/p>\n<p>En el archivo se recib\u00eda peticiones de informaci\u00f3n sobre familiares o estudios relacionados con la pesca, de modo que al contactar con la Cofrad\u00eda de Pescadores para ver la posibilidad de acceder a sus documentos, \u201cera evidente la falta de espacio en sus propias oficinas que dificultaba su conservaci\u00f3n y consulta\u201d.<\/p>\n<p>En junio de 2022 la propia Cofrad\u00eda plante\u00f3 el traslado al archivo municipal de una parte de los documentos almacenados y se llevaron 38 cajas que ya permanecen custodiadas all\u00ed.<\/p>\n<p>El siguiente paso era encontrar una f\u00f3rmula de colaboraci\u00f3n entre Ayuntamiento y Cofrad\u00eda, que se ha fraguado en un convenio de colaboraci\u00f3n que fue aprobado por unanimidad en la Junta de Cabildos de la Cofrad\u00eda de Pescadores el pasado 15 de junio y cuya firma ha aprobado la Junta de Gobierno del Ayuntamiento celebrada el 20 de julio.<\/p>\n<p><strong>Beneficio para las dos partes y salvaguarda de los documentos<\/strong><\/p>\n<p>\u201cLas dos partes salimos beneficiadas -ha expresado Mart\u00ednez-. Por un lado, permitir\u00e1 a la Cofrad\u00eda disponer de un sistema de archivo adecuado a sus necesidades y garantizar\u00e1 la adecuada conservaci\u00f3n de su documentaci\u00f3n hist\u00f3rica y sin vigencia administrativa en nuestras instalaciones, manteniendo por supuesto la Cofrad\u00eda la propiedad de estos fondos.<\/p>\n<p>Por otro lado, nuestro ayuntamiento pone a disposici\u00f3n de investigadores e interesados una parte fundamental del patrimonio documental local, que permitir\u00e1 conocer mejor un aspecto tan importante de nuestra historia como es toda la actividad que rodea a la pesca y a sus protagonistas.<\/p>\n<p>Al fin y al cabo, la labor de esta concejal\u00eda es la recuperaci\u00f3n, protecci\u00f3n, conservaci\u00f3n y divulgaci\u00f3n de nuestro patrimonio hist\u00f3rico\u201d.<\/p>\n<p>En breves fechas se celebrar\u00e1 la firma oficial del convenio entre la alcaldesa Loreto Serrano y el patr\u00f3n mayor \u00c1ngel Luchoro.<\/p>\n<p><strong>Un quinto fondo para el archivo<\/strong><\/p>\n<p>El Ayuntamiento constituir\u00e1 el Fondo de la Cofrad\u00eda de Pescadores de Santa Pola para mantener la integridad del conjunto, y su cat\u00e1logo se incorporar\u00e1 a otros fondos conservados en el Archivo Municipal, para asegurarle la m\u00e1xima difusi\u00f3n. Se une as\u00ed a la colecci\u00f3n particular de partituras del Fondo Manuel Quislant, el Archivo Musical de la Familia Quislant, los Fondos Documentales de la Ayudant\u00eda de Marina y del Distrito Mar\u00edtimo de Santa Pola, y la documentaci\u00f3n recuperada de la empresa Varaderos y Talleres S. A. (VATASA).<\/p>\n","protected":false},"excerpt":{"rendered":"<p>El Ayuntamiento de Santa Pola y la Cofrad\u00eda de Pescadores firmar\u00e1n un convenio de colaboraci\u00f3n a trav\u00e9s del cual el archivo municipal custodiar\u00e1 y organizar\u00e1 toda la documentaci\u00f3n sin vigencia administrativa y los fondos hist\u00f3ricos para su consulta por investigadores o familiares. Seg\u00fan ha explicado el concejal del \u00e1rea, Jos\u00e9 Pedro Mart\u00ednez, \u201ces una prioridad [&hellip;]<\/p>\n","protected":false},"author":96,"featured_media":20679,"comment_status":"closed","ping_status":"closed","sticky":false,"template":"","format":"standard","meta":{"_et_pb_use_builder":"","_et_pb_old_content":"","_et_gb_content_width":"","footnotes":""},"categories":[94,66,95],"tags":[88,90,92],"class_list":["post-20678","post","type-post","status-publish","format-standard","has-post-thumbnail","hentry","category-archivo-municipal","category-inicio","category-pesca","tag-archivo-municipal","tag-cofradia-de-pescadores","tag-jose-pedro-martinez"],"yoast_head":"<!-- This site is optimized with the Yoast SEO plugin v27.4 - https:\/\/yoast.com\/product\/yoast-seo-wordpress\/ -->\n<title>El Archivo Municipal custodiar\u00e1 documentos administrativos y los fondos hist\u00f3ricos de la Cofrad\u00eda de Pescadores - Ajuntament de Santa Pola<\/title>\n<meta name=\"robots\" content=\"index, follow, max-snippet:-1, max-image-preview:large, max-video-preview:-1\" \/>\n<link rel=\"canonical\" href=\"https:\/\/santapola.es\/ca\/el-archivo-municipal-custodiara-documentos-administrativos-y-los-fondos-historicos-de-la-cofradia-de-pescadores\/\" \/>\n<meta property=\"og:locale\" content=\"ca_ES\" \/>\n<meta property=\"og:type\" content=\"article\" \/>\n<meta property=\"og:title\" content=\"El Archivo Municipal custodiar\u00e1 documentos administrativos y los fondos hist\u00f3ricos de la Cofrad\u00eda de Pescadores - Ajuntament de Santa Pola\" \/>\n<meta property=\"og:description\" content=\"El Ayuntamiento de Santa Pola y la Cofrad\u00eda de Pescadores firmar\u00e1n un convenio de colaboraci\u00f3n a trav\u00e9s del cual el archivo municipal custodiar\u00e1 y organizar\u00e1 toda la documentaci\u00f3n sin vigencia administrativa y los fondos hist\u00f3ricos para su consulta por investigadores o familiares. Seg\u00fan ha explicado el concejal del \u00e1rea, Jos\u00e9 Pedro Mart\u00ednez, \u201ces una prioridad [&hellip;]\" \/>\n<meta property=\"og:url\" content=\"https:\/\/santapola.es\/ca\/el-archivo-municipal-custodiara-documentos-administrativos-y-los-fondos-historicos-de-la-cofradia-de-pescadores\/\" \/>\n<meta property=\"og:site_name\" content=\"Ajuntament de Santa Pola\" \/>\n<meta property=\"article:publisher\" content=\"https:\/\/www.facebook.com\/AyuntamientoSantaPola\/\" \/>\n<meta property=\"article:published_time\" content=\"2023-07-21T11:25:12+00:00\" \/>\n<meta property=\"article:modified_time\" content=\"2024-03-07T17:41:21+00:00\" \/>\n<meta property=\"og:image\" content=\"https:\/\/santapola.es\/wp-content\/uploads\/2023\/07\/Cofradia-1-1600.jpg\" \/>\n\t<meta property=\"og:image:width\" content=\"1600\" \/>\n\t<meta property=\"og:image:height\" content=\"780\" \/>\n\t<meta property=\"og:image:type\" content=\"image\/jpeg\" \/>\n<meta name=\"author\" content=\"Jos\u00e9 Juan L\u00f3pez Lafuente\" \/>\n<meta name=\"twitter:card\" content=\"summary_large_image\" \/>\n<meta name=\"twitter:creator\" content=\"@SantaPolaAyunt\" \/>\n<meta name=\"twitter:site\" content=\"@SantaPolaAyunt\" \/>\n<script type=\"application\/ld+json\" class=\"yoast-schema-graph\">{\"@context\":\"https:\\\/\\\/schema.org\",\"@graph\":[{\"@type\":\"Article\",\"@id\":\"https:\\\/\\\/santapola.es\\\/ca\\\/el-archivo-municipal-custodiara-documentos-administrativos-y-los-fondos-historicos-de-la-cofradia-de-pescadores\\\/#article\",\"isPartOf\":{\"@id\":\"https:\\\/\\\/santapola.es\\\/ca\\\/el-archivo-municipal-custodiara-documentos-administrativos-y-los-fondos-historicos-de-la-cofradia-de-pescadores\\\/\"},\"author\":{\"name\":\"Jos\u00e9 Juan L\u00f3pez Lafuente\",\"@id\":\"https:\\\/\\\/santapola.es\\\/ca\\\/#\\\/schema\\\/person\\\/ad1d67403707b58350c7be5e8dbc442d\"},\"headline\":\"El Archivo Municipal custodiar\u00e1 documentos administrativos y los fondos hist\u00f3ricos de la Cofrad\u00eda de Pescadores\",\"datePublished\":\"2023-07-21T11:25:12+00:00\",\"dateModified\":\"2024-03-07T17:41:21+00:00\",\"mainEntityOfPage\":{\"@id\":\"https:\\\/\\\/santapola.es\\\/ca\\\/el-archivo-municipal-custodiara-documentos-administrativos-y-los-fondos-historicos-de-la-cofradia-de-pescadores\\\/\"},\"wordCount\":534,\"image\":{\"@id\":\"https:\\\/\\\/santapola.es\\\/ca\\\/el-archivo-municipal-custodiara-documentos-administrativos-y-los-fondos-historicos-de-la-cofradia-de-pescadores\\\/#primaryimage\"},\"thumbnailUrl\":\"https:\\\/\\\/santapola.es\\\/wp-content\\\/uploads\\\/2023\\\/07\\\/Cofradia-1-1600.jpg\",\"keywords\":[\"Archivo Municipal\",\"Cofrad\u00eda de Pescadores\",\"Jos\u00e9 Pedro Mart\u00ednez\"],\"articleSection\":[\"Archivo Municipal\",\"Inicio\",\"Pesca\"],\"inLanguage\":\"ca\"},{\"@type\":\"WebPage\",\"@id\":\"https:\\\/\\\/santapola.es\\\/ca\\\/el-archivo-municipal-custodiara-documentos-administrativos-y-los-fondos-historicos-de-la-cofradia-de-pescadores\\\/\",\"url\":\"https:\\\/\\\/santapola.es\\\/ca\\\/el-archivo-municipal-custodiara-documentos-administrativos-y-los-fondos-historicos-de-la-cofradia-de-pescadores\\\/\",\"name\":\"El Archivo Municipal custodiar\u00e1 documentos administrativos y los fondos hist\u00f3ricos de la Cofrad\u00eda de Pescadores - Ajuntament de Santa Pola\",\"isPartOf\":{\"@id\":\"https:\\\/\\\/santapola.es\\\/ca\\\/#website\"},\"primaryImageOfPage\":{\"@id\":\"https:\\\/\\\/santapola.es\\\/ca\\\/el-archivo-municipal-custodiara-documentos-administrativos-y-los-fondos-historicos-de-la-cofradia-de-pescadores\\\/#primaryimage\"},\"image\":{\"@id\":\"https:\\\/\\\/santapola.es\\\/ca\\\/el-archivo-municipal-custodiara-documentos-administrativos-y-los-fondos-historicos-de-la-cofradia-de-pescadores\\\/#primaryimage\"},\"thumbnailUrl\":\"https:\\\/\\\/santapola.es\\\/wp-content\\\/uploads\\\/2023\\\/07\\\/Cofradia-1-1600.jpg\",\"datePublished\":\"2023-07-21T11:25:12+00:00\",\"dateModified\":\"2024-03-07T17:41:21+00:00\",\"author\":{\"@id\":\"https:\\\/\\\/santapola.es\\\/ca\\\/#\\\/schema\\\/person\\\/ad1d67403707b58350c7be5e8dbc442d\"},\"breadcrumb\":{\"@id\":\"https:\\\/\\\/santapola.es\\\/ca\\\/el-archivo-municipal-custodiara-documentos-administrativos-y-los-fondos-historicos-de-la-cofradia-de-pescadores\\\/#breadcrumb\"},\"inLanguage\":\"ca\",\"potentialAction\":[{\"@type\":\"ReadAction\",\"target\":[\"https:\\\/\\\/santapola.es\\\/ca\\\/el-archivo-municipal-custodiara-documentos-administrativos-y-los-fondos-historicos-de-la-cofradia-de-pescadores\\\/\"]}]},{\"@type\":\"ImageObject\",\"inLanguage\":\"ca\",\"@id\":\"https:\\\/\\\/santapola.es\\\/ca\\\/el-archivo-municipal-custodiara-documentos-administrativos-y-los-fondos-historicos-de-la-cofradia-de-pescadores\\\/#primaryimage\",\"url\":\"https:\\\/\\\/santapola.es\\\/wp-content\\\/uploads\\\/2023\\\/07\\\/Cofradia-1-1600.jpg\",\"contentUrl\":\"https:\\\/\\\/santapola.es\\\/wp-content\\\/uploads\\\/2023\\\/07\\\/Cofradia-1-1600.jpg\",\"width\":1600,\"height\":780},{\"@type\":\"BreadcrumbList\",\"@id\":\"https:\\\/\\\/santapola.es\\\/ca\\\/el-archivo-municipal-custodiara-documentos-administrativos-y-los-fondos-historicos-de-la-cofradia-de-pescadores\\\/#breadcrumb\",\"itemListElement\":[{\"@type\":\"ListItem\",\"position\":1,\"name\":\"Inici\",\"item\":\"https:\\\/\\\/santapola.es\\\/ca\\\/\"},{\"@type\":\"ListItem\",\"position\":2,\"name\":\"El Archivo Municipal custodiar\u00e1 documentos administrativos y los fondos hist\u00f3ricos de la Cofrad\u00eda de Pescadores\"}]},{\"@type\":\"WebSite\",\"@id\":\"https:\\\/\\\/santapola.es\\\/ca\\\/#website\",\"url\":\"https:\\\/\\\/santapola.es\\\/ca\\\/\",\"name\":\"Ayuntamiento de Santa Pola\",\"description\":\"Web de l'Ajuntament de Santa Pola\",\"potentialAction\":[{\"@type\":\"SearchAction\",\"target\":{\"@type\":\"EntryPoint\",\"urlTemplate\":\"https:\\\/\\\/santapola.es\\\/ca\\\/?s={search_term_string}\"},\"query-input\":{\"@type\":\"PropertyValueSpecification\",\"valueRequired\":true,\"valueName\":\"search_term_string\"}}],\"inLanguage\":\"ca\"},{\"@type\":\"Person\",\"@id\":\"https:\\\/\\\/santapola.es\\\/ca\\\/#\\\/schema\\\/person\\\/ad1d67403707b58350c7be5e8dbc442d\",\"name\":\"Jos\u00e9 Juan L\u00f3pez Lafuente\"}]}<\/script>\n<!-- \/ Yoast SEO plugin. -->","yoast_head_json":{"title":"El Archivo Municipal custodiar\u00e1 documentos administrativos y los fondos hist\u00f3ricos de la Cofrad\u00eda de Pescadores - Ajuntament de Santa Pola","robots":{"index":"index","follow":"follow","max-snippet":"max-snippet:-1","max-image-preview":"max-image-preview:large","max-video-preview":"max-video-preview:-1"},"canonical":"https:\/\/santapola.es\/ca\/el-archivo-municipal-custodiara-documentos-administrativos-y-los-fondos-historicos-de-la-cofradia-de-pescadores\/","og_locale":"ca_ES","og_type":"article","og_title":"El Archivo Municipal custodiar\u00e1 documentos administrativos y los fondos hist\u00f3ricos de la Cofrad\u00eda de Pescadores - Ajuntament de Santa Pola","og_description":"El Ayuntamiento de Santa Pola y la Cofrad\u00eda de Pescadores firmar\u00e1n un convenio de colaboraci\u00f3n a trav\u00e9s del cual el archivo municipal custodiar\u00e1 y organizar\u00e1 toda la documentaci\u00f3n sin vigencia administrativa y los fondos hist\u00f3ricos para su consulta por investigadores o familiares. Seg\u00fan ha explicado el concejal del \u00e1rea, Jos\u00e9 Pedro Mart\u00ednez, \u201ces una prioridad [&hellip;]","og_url":"https:\/\/santapola.es\/ca\/el-archivo-municipal-custodiara-documentos-administrativos-y-los-fondos-historicos-de-la-cofradia-de-pescadores\/","og_site_name":"Ajuntament de Santa Pola","article_publisher":"https:\/\/www.facebook.com\/AyuntamientoSantaPola\/","article_published_time":"2023-07-21T11:25:12+00:00","article_modified_time":"2024-03-07T17:41:21+00:00","og_image":[{"width":1600,"height":780,"url":"https:\/\/santapola.es\/wp-content\/uploads\/2023\/07\/Cofradia-1-1600.jpg","type":"image\/jpeg"}],"author":"Jos\u00e9 Juan L\u00f3pez Lafuente","twitter_card":"summary_large_image","twitter_creator":"@SantaPolaAyunt","twitter_site":"@SantaPolaAyunt","schema":{"@context":"https:\/\/schema.org","@graph":[{"@type":"Article","@id":"https:\/\/santapola.es\/ca\/el-archivo-municipal-custodiara-documentos-administrativos-y-los-fondos-historicos-de-la-cofradia-de-pescadores\/#article","isPartOf":{"@id":"https:\/\/santapola.es\/ca\/el-archivo-municipal-custodiara-documentos-administrativos-y-los-fondos-historicos-de-la-cofradia-de-pescadores\/"},"author":{"name":"Jos\u00e9 Juan L\u00f3pez Lafuente","@id":"https:\/\/santapola.es\/ca\/#\/schema\/person\/ad1d67403707b58350c7be5e8dbc442d"},"headline":"El Archivo Municipal custodiar\u00e1 documentos administrativos y los fondos hist\u00f3ricos de la Cofrad\u00eda de Pescadores","datePublished":"2023-07-21T11:25:12+00:00","dateModified":"2024-03-07T17:41:21+00:00","mainEntityOfPage":{"@id":"https:\/\/santapola.es\/ca\/el-archivo-municipal-custodiara-documentos-administrativos-y-los-fondos-historicos-de-la-cofradia-de-pescadores\/"},"wordCount":534,"image":{"@id":"https:\/\/santapola.es\/ca\/el-archivo-municipal-custodiara-documentos-administrativos-y-los-fondos-historicos-de-la-cofradia-de-pescadores\/#primaryimage"},"thumbnailUrl":"https:\/\/santapola.es\/wp-content\/uploads\/2023\/07\/Cofradia-1-1600.jpg","keywords":["Archivo Municipal","Cofrad\u00eda de Pescadores","Jos\u00e9 Pedro Mart\u00ednez"],"articleSection":["Archivo Municipal","Inicio","Pesca"],"inLanguage":"ca"},{"@type":"WebPage","@id":"https:\/\/santapola.es\/ca\/el-archivo-municipal-custodiara-documentos-administrativos-y-los-fondos-historicos-de-la-cofradia-de-pescadores\/","url":"https:\/\/santapola.es\/ca\/el-archivo-municipal-custodiara-documentos-administrativos-y-los-fondos-historicos-de-la-cofradia-de-pescadores\/","name":"El Archivo Municipal custodiar\u00e1 documentos administrativos y los fondos hist\u00f3ricos de la Cofrad\u00eda de Pescadores - Ajuntament de Santa Pola","isPartOf":{"@id":"https:\/\/santapola.es\/ca\/#website"},"primaryImageOfPage":{"@id":"https:\/\/santapola.es\/ca\/el-archivo-municipal-custodiara-documentos-administrativos-y-los-fondos-historicos-de-la-cofradia-de-pescadores\/#primaryimage"},"image":{"@id":"https:\/\/santapola.es\/ca\/el-archivo-municipal-custodiara-documentos-administrativos-y-los-fondos-historicos-de-la-cofradia-de-pescadores\/#primaryimage"},"thumbnailUrl":"https:\/\/santapola.es\/wp-content\/uploads\/2023\/07\/Cofradia-1-1600.jpg","datePublished":"2023-07-21T11:25:12+00:00","dateModified":"2024-03-07T17:41:21+00:00","author":{"@id":"https:\/\/santapola.es\/ca\/#\/schema\/person\/ad1d67403707b58350c7be5e8dbc442d"},"breadcrumb":{"@id":"https:\/\/santapola.es\/ca\/el-archivo-municipal-custodiara-documentos-administrativos-y-los-fondos-historicos-de-la-cofradia-de-pescadores\/#breadcrumb"},"inLanguage":"ca","potentialAction":[{"@type":"ReadAction","target":["https:\/\/santapola.es\/ca\/el-archivo-municipal-custodiara-documentos-administrativos-y-los-fondos-historicos-de-la-cofradia-de-pescadores\/"]}]},{"@type":"ImageObject","inLanguage":"ca","@id":"https:\/\/santapola.es\/ca\/el-archivo-municipal-custodiara-documentos-administrativos-y-los-fondos-historicos-de-la-cofradia-de-pescadores\/#primaryimage","url":"https:\/\/santapola.es\/wp-content\/uploads\/2023\/07\/Cofradia-1-1600.jpg","contentUrl":"https:\/\/santapola.es\/wp-content\/uploads\/2023\/07\/Cofradia-1-1600.jpg","width":1600,"height":780},{"@type":"BreadcrumbList","@id":"https:\/\/santapola.es\/ca\/el-archivo-municipal-custodiara-documentos-administrativos-y-los-fondos-historicos-de-la-cofradia-de-pescadores\/#breadcrumb","itemListElement":[{"@type":"ListItem","position":1,"name":"Inici","item":"https:\/\/santapola.es\/ca\/"},{"@type":"ListItem","position":2,"name":"El Archivo Municipal custodiar\u00e1 documentos administrativos y los fondos hist\u00f3ricos de la Cofrad\u00eda de Pescadores"}]},{"@type":"WebSite","@id":"https:\/\/santapola.es\/ca\/#website","url":"https:\/\/santapola.es\/ca\/","name":"Ayuntamiento de Santa Pola","description":"Web de l'Ajuntament de Santa Pola","potentialAction":[{"@type":"SearchAction","target":{"@type":"EntryPoint","urlTemplate":"https:\/\/santapola.es\/ca\/?s={search_term_string}"},"query-input":{"@type":"PropertyValueSpecification","valueRequired":true,"valueName":"search_term_string"}}],"inLanguage":"ca"},{"@type":"Person","@id":"https:\/\/santapola.es\/ca\/#\/schema\/person\/ad1d67403707b58350c7be5e8dbc442d","name":"Jos\u00e9 Juan L\u00f3pez Lafuente"}]}},"_links":{"self":[{"href":"https:\/\/santapola.es\/ca\/wp-json\/wp\/v2\/posts\/20678","targetHints":{"allow":["GET"]}}],"collection":[{"href":"https:\/\/santapola.es\/ca\/wp-json\/wp\/v2\/posts"}],"about":[{"href":"https:\/\/santapola.es\/ca\/wp-json\/wp\/v2\/types\/post"}],"author":[{"embeddable":true,"href":"https:\/\/santapola.es\/ca\/wp-json\/wp\/v2\/users\/96"}],"replies":[{"embeddable":true,"href":"https:\/\/santapola.es\/ca\/wp-json\/wp\/v2\/comments?post=20678"}],"version-history":[{"count":0,"href":"https:\/\/santapola.es\/ca\/wp-json\/wp\/v2\/posts\/20678\/revisions"}],"wp:featuredmedia":[{"embeddable":true,"href":"https:\/\/santapola.es\/ca\/wp-json\/wp\/v2\/media\/20679"}],"wp:attachment":[{"href":"https:\/\/santapola.es\/ca\/wp-json\/wp\/v2\/media?parent=20678"}],"wp:term":[{"taxonomy":"category","embeddable":true,"href":"https:\/\/santapola.es\/ca\/wp-json\/wp\/v2\/categories?post=20678"},{"taxonomy":"post_tag","embeddable":true,"href":"https:\/\/santapola.es\/ca\/wp-json\/wp\/v2\/tags?post=20678"}],"curies":[{"name":"wp","href":"https:\/\/api.w.org\/{rel}","templated":true}]}}