{"id":17973,"date":"2023-05-16T19:38:18","date_gmt":"2023-05-16T18:38:18","guid":{"rendered":"https:\/\/www.santapola.es\/?p=17973"},"modified":"2023-05-16T19:38:20","modified_gmt":"2023-05-16T18:38:20","slug":"dia-internacional-contra-la-homofobia","status":"publish","type":"post","link":"https:\/\/santapola.es\/ca\/dia-internacional-contra-la-homofobia\/","title":{"rendered":"D\u00eda internacional contra la homofobia"},"content":{"rendered":"\n<p>Cada 17 de mayo desde 2004 se conmemora el D\u00eda Internacional contra la LGTBfobia, en recuerdo de la fecha (en 1990) en el que la Organizaci\u00f3n Mundial de la Salud tomaba la decisi\u00f3n de excluir la homosexualidad de la clasificaci\u00f3n estad\u00edstica internacional de enfermedades y otros problemas de salud. El objetivo de esta conmemoraci\u00f3n es concienciar sobre la violencia y la discriminaci\u00f3n que sufren las personas LGTBI aun en el SXXI.<\/p>\n\n\n\n<p>Seg\u00fan datos del mes de Octubre de 2022, el ministerio del Interior registr\u00f3 un aumento de casi un 70% en los delitos contra la orientaci\u00f3n sexual en el Estado espa\u00f1ol. E incluso aunque la subida sea espectacularmente impactante, la realidad sigue siendo mucho peor, ya que solo una de cada diez v\u00edctimas decide denunciar.<\/p>\n\n\n\n<p>Desde el Ayuntamiento de Santa Pola condenamos esta violencia y seguimos concienciando con la \u00fanica premisa que hay; el respeto, la tolerancia y la igualdad.<\/p>\n\n\n\n<p>Hoy hacemos menci\u00f3n especial a nuestros centros educativos representados por CONVIPOLA, que coeducan d\u00eda a d\u00eda en sus aulas. Y con motivo del d\u00eda de hoy y del pasado 15 de mayo (D\u00eda internacional de las Familias) desde CONVIPOLA se esta celebrando la &#8220;Semana de la diversidad&#8221;\u00a0 en la que todos los CEIP E IES de la localidad han querido darle visibilidad mediante una exposici\u00f3n en cada uno de los centros. El objetivo es trabajar los valores, el respeto y tolerancia hacia cualquier persona, sea cual sea su familia y su orientaci\u00f3n afectivo sexual, sin importar qui\u00e9n seas, ni a quien ames.<\/p>\n\n\n\n<p>En todos los centros durante esta semana sonara la canci\u00f3n AMOR LIBRE de Javiera Mena y Esteman: https:\/\/www.youtube.com\/watch?v=1Hc9ekRxs0g<\/p>\n\n\n\n<p>Para ponerle la guinda al pastel, HOY OS ANUNCIAMOS QUE LA CELEBRACI\u00d3N DEL D\u00cdA DEL ORGULLO LGTBI EN NUESTRO MUNICIPIO SER\u00c1 EL S\u00c1BADO 1 DE JULIO.<\/p>\n\n\n\n<p>Se informar\u00e1 de toda la programaci\u00f3n en torno al d\u00eda internacional de orgullo<\/p>\n\n\n\n<p>Cada 17 de maig des de 2004 es commemora el Dia Internacional contra la LGTBfobia, en record de la data (en 1990) en el qual l&#8217;Organitzaci\u00f3 Mundial de la Salut prenia la decisi\u00f3 d&#8217;excloure l&#8217;homosexualitat de la classificaci\u00f3 estad\u00edstica internacional de malalties i altres problemes de salut. L&#8217;objectiu d&#8217;aquesta commemoraci\u00f3 \u00e9s conscienciar sobre la viol\u00e8ncia i la discriminaci\u00f3 que pateixen les persones LGTBI fins i tot en el *SXXI.<\/p>\n\n\n\n<p>Segons dades del mes d&#8217;Octubre de 2022, el ministeri de l&#8217;Interior va registrar un augment de quasi un 70% en els delictes contra l&#8217;orientaci\u00f3 sexual en l&#8217;Estat espanyol. I fins i tot encara que la pujada siga espectacularment impactant, la realitat continua sent molt pitjor, ja que nom\u00e9s una de cada deu v\u00edctimes decideix denunciar.<\/p>\n\n\n\n<p>Des de l&#8217;Ajuntament de Santa Pola condemnem aquesta viol\u00e8ncia i continuem conscienciant amb l&#8217;\u00fanica premissa que hi ha; el respecte, la toler\u00e0ncia i la igualtat.<\/p>\n\n\n\n<p>Hui fem esment especial als nostres centres educatius representats per CONVIPOLA, que coeducan dia a dia a les seues aules. I amb motiu del dia de hui i del passat 15 de maig (Dia internacional de les Fam\u00edlies) des de CONVIPOLA s&#8217;aquesta celebrant la &#8220;Setmana de la diversitat\u00a0 en la qual tots els *CEIP I IES de la localitat han volgut donar-li visibilitat mitjan\u00e7ant una exposici\u00f3 en cadascun dels centres. L&#8217;objectiu \u00e9s treballar els valors, el respecte i toler\u00e0ncia cap a qualsevol persona, siga com siga la seua fam\u00edlia i la seua orientaci\u00f3 afectiu sexual, sense importar qui sigues, ni a qui estimes.<\/p>\n\n\n\n<p>En tots els centres durant aquesta setmana sonara la can\u00e7\u00f3 AMOR LLIURE de *Javiera Mena i *Esteman: https:\/\/www.youtube.com\/watch?v=1hc9ekrxs0g<\/p>\n\n\n\n<p>Per a posar-li la guinda al past\u00eds, HUI US ANUNCIEM QUE LA CELEBRACI\u00d3 DEL DIA DE L&#8217;ORGULL *LGTBI EN EL NOSTRE MUNICIPI SER\u00c0 EL DISSABTE 1 DE JULIOL.<\/p>\n\n\n\n<p>S&#8217;informar\u00e0 de tota la programaci\u00f3 entorn del dia internacional d&#8217;orgull<\/p>\n","protected":false},"excerpt":{"rendered":"<p>Cada 17 de mayo desde 2004 se conmemora el D\u00eda Internacional contra la LGTBfobia, en recuerdo de la fecha (en 1990) en el que la Organizaci\u00f3n Mundial de la Salud tomaba la decisi\u00f3n de excluir la homosexualidad de la clasificaci\u00f3n estad\u00edstica internacional de enfermedades y otros problemas de salud. El objetivo de esta conmemoraci\u00f3n es [&hellip;]<\/p>\n","protected":false},"author":75,"featured_media":17974,"comment_status":"closed","ping_status":"closed","sticky":false,"template":"","format":"standard","meta":{"_et_pb_use_builder":"off","_et_pb_old_content":"","_et_gb_content_width":"","footnotes":""},"categories":[53,66],"tags":[],"class_list":["post-17973","post","type-post","status-publish","format-standard","has-post-thumbnail","hentry","category-igualdad-diversidad-ac-social-vivienda","category-inicio"],"yoast_head":"<!-- This site is optimized with the Yoast SEO plugin v27.4 - https:\/\/yoast.com\/product\/yoast-seo-wordpress\/ -->\n<title>D\u00eda internacional contra la homofobia - Ajuntament de Santa Pola<\/title>\n<meta name=\"robots\" content=\"index, follow, max-snippet:-1, max-image-preview:large, max-video-preview:-1\" \/>\n<link rel=\"canonical\" href=\"https:\/\/santapola.es\/ca\/dia-internacional-contra-la-homofobia\/\" \/>\n<meta property=\"og:locale\" content=\"ca_ES\" \/>\n<meta property=\"og:type\" content=\"article\" \/>\n<meta property=\"og:title\" content=\"D\u00eda internacional contra la homofobia - Ajuntament de Santa Pola\" \/>\n<meta property=\"og:description\" content=\"Cada 17 de mayo desde 2004 se conmemora el D\u00eda Internacional contra la LGTBfobia, en recuerdo de la fecha (en 1990) en el que la Organizaci\u00f3n Mundial de la Salud tomaba la decisi\u00f3n de excluir la homosexualidad de la clasificaci\u00f3n estad\u00edstica internacional de enfermedades y otros problemas de salud. El objetivo de esta conmemoraci\u00f3n es [&hellip;]\" \/>\n<meta property=\"og:url\" content=\"https:\/\/santapola.es\/ca\/dia-internacional-contra-la-homofobia\/\" \/>\n<meta property=\"og:site_name\" content=\"Ajuntament de Santa Pola\" \/>\n<meta property=\"article:publisher\" content=\"https:\/\/www.facebook.com\/AyuntamientoSantaPola\/\" \/>\n<meta property=\"article:published_time\" content=\"2023-05-16T18:38:18+00:00\" \/>\n<meta property=\"article:modified_time\" content=\"2023-05-16T18:38:20+00:00\" \/>\n<meta property=\"og:image\" content=\"https:\/\/santapola.es\/wp-content\/uploads\/2023\/05\/banner_LGTB_fobia_17may23_santapola-819x1024.png\" \/>\n\t<meta property=\"og:image:width\" content=\"819\" \/>\n\t<meta property=\"og:image:height\" content=\"1024\" \/>\n\t<meta property=\"og:image:type\" content=\"image\/png\" \/>\n<meta name=\"author\" content=\"\u00c1rea Municipal Alcald\u00eda\" \/>\n<meta name=\"twitter:card\" content=\"summary_large_image\" \/>\n<meta name=\"twitter:creator\" content=\"@SantaPolaAyunt\" \/>\n<meta name=\"twitter:site\" content=\"@SantaPolaAyunt\" \/>\n<script type=\"application\/ld+json\" class=\"yoast-schema-graph\">{\"@context\":\"https:\\\/\\\/schema.org\",\"@graph\":[{\"@type\":\"Article\",\"@id\":\"https:\\\/\\\/santapola.es\\\/ca\\\/dia-internacional-contra-la-homofobia\\\/#article\",\"isPartOf\":{\"@id\":\"https:\\\/\\\/santapola.es\\\/ca\\\/dia-internacional-contra-la-homofobia\\\/\"},\"author\":{\"name\":\"\u00c1rea Municipal Alcald\u00eda\",\"@id\":\"https:\\\/\\\/santapola.es\\\/ca\\\/#\\\/schema\\\/person\\\/c08381290b84c068e06ca5dc1f5a08a7\"},\"headline\":\"D\u00eda internacional contra la homofobia\",\"datePublished\":\"2023-05-16T18:38:18+00:00\",\"dateModified\":\"2023-05-16T18:38:20+00:00\",\"mainEntityOfPage\":{\"@id\":\"https:\\\/\\\/santapola.es\\\/ca\\\/dia-internacional-contra-la-homofobia\\\/\"},\"wordCount\":677,\"image\":{\"@id\":\"https:\\\/\\\/santapola.es\\\/ca\\\/dia-internacional-contra-la-homofobia\\\/#primaryimage\"},\"thumbnailUrl\":\"https:\\\/\\\/santapola.es\\\/wp-content\\\/uploads\\\/2023\\\/05\\\/banner_LGTB_fobia_17may23_santapola.png\",\"articleSection\":[\"Igualdad\\\/ Diversidad\\\/ Ac Social\\\/ Vivienda\",\"Inicio\"],\"inLanguage\":\"ca\"},{\"@type\":\"WebPage\",\"@id\":\"https:\\\/\\\/santapola.es\\\/ca\\\/dia-internacional-contra-la-homofobia\\\/\",\"url\":\"https:\\\/\\\/santapola.es\\\/ca\\\/dia-internacional-contra-la-homofobia\\\/\",\"name\":\"D\u00eda internacional contra la homofobia - Ajuntament de Santa Pola\",\"isPartOf\":{\"@id\":\"https:\\\/\\\/santapola.es\\\/ca\\\/#website\"},\"primaryImageOfPage\":{\"@id\":\"https:\\\/\\\/santapola.es\\\/ca\\\/dia-internacional-contra-la-homofobia\\\/#primaryimage\"},\"image\":{\"@id\":\"https:\\\/\\\/santapola.es\\\/ca\\\/dia-internacional-contra-la-homofobia\\\/#primaryimage\"},\"thumbnailUrl\":\"https:\\\/\\\/santapola.es\\\/wp-content\\\/uploads\\\/2023\\\/05\\\/banner_LGTB_fobia_17may23_santapola.png\",\"datePublished\":\"2023-05-16T18:38:18+00:00\",\"dateModified\":\"2023-05-16T18:38:20+00:00\",\"author\":{\"@id\":\"https:\\\/\\\/santapola.es\\\/ca\\\/#\\\/schema\\\/person\\\/c08381290b84c068e06ca5dc1f5a08a7\"},\"breadcrumb\":{\"@id\":\"https:\\\/\\\/santapola.es\\\/ca\\\/dia-internacional-contra-la-homofobia\\\/#breadcrumb\"},\"inLanguage\":\"ca\",\"potentialAction\":[{\"@type\":\"ReadAction\",\"target\":[\"https:\\\/\\\/santapola.es\\\/ca\\\/dia-internacional-contra-la-homofobia\\\/\"]}]},{\"@type\":\"ImageObject\",\"inLanguage\":\"ca\",\"@id\":\"https:\\\/\\\/santapola.es\\\/ca\\\/dia-internacional-contra-la-homofobia\\\/#primaryimage\",\"url\":\"https:\\\/\\\/santapola.es\\\/wp-content\\\/uploads\\\/2023\\\/05\\\/banner_LGTB_fobia_17may23_santapola.png\",\"contentUrl\":\"https:\\\/\\\/santapola.es\\\/wp-content\\\/uploads\\\/2023\\\/05\\\/banner_LGTB_fobia_17may23_santapola.png\",\"width\":1080,\"height\":1350},{\"@type\":\"BreadcrumbList\",\"@id\":\"https:\\\/\\\/santapola.es\\\/ca\\\/dia-internacional-contra-la-homofobia\\\/#breadcrumb\",\"itemListElement\":[{\"@type\":\"ListItem\",\"position\":1,\"name\":\"Inici\",\"item\":\"https:\\\/\\\/santapola.es\\\/ca\\\/\"},{\"@type\":\"ListItem\",\"position\":2,\"name\":\"D\u00eda internacional contra la homofobia\"}]},{\"@type\":\"WebSite\",\"@id\":\"https:\\\/\\\/santapola.es\\\/ca\\\/#website\",\"url\":\"https:\\\/\\\/santapola.es\\\/ca\\\/\",\"name\":\"Ayuntamiento de Santa Pola\",\"description\":\"Web de l'Ajuntament de Santa Pola\",\"potentialAction\":[{\"@type\":\"SearchAction\",\"target\":{\"@type\":\"EntryPoint\",\"urlTemplate\":\"https:\\\/\\\/santapola.es\\\/ca\\\/?s={search_term_string}\"},\"query-input\":{\"@type\":\"PropertyValueSpecification\",\"valueRequired\":true,\"valueName\":\"search_term_string\"}}],\"inLanguage\":\"ca\"},{\"@type\":\"Person\",\"@id\":\"https:\\\/\\\/santapola.es\\\/ca\\\/#\\\/schema\\\/person\\\/c08381290b84c068e06ca5dc1f5a08a7\",\"name\":\"\u00c1rea Municipal Alcald\u00eda\"}]}<\/script>\n<!-- \/ Yoast SEO plugin. -->","yoast_head_json":{"title":"D\u00eda internacional contra la homofobia - Ajuntament de Santa Pola","robots":{"index":"index","follow":"follow","max-snippet":"max-snippet:-1","max-image-preview":"max-image-preview:large","max-video-preview":"max-video-preview:-1"},"canonical":"https:\/\/santapola.es\/ca\/dia-internacional-contra-la-homofobia\/","og_locale":"ca_ES","og_type":"article","og_title":"D\u00eda internacional contra la homofobia - Ajuntament de Santa Pola","og_description":"Cada 17 de mayo desde 2004 se conmemora el D\u00eda Internacional contra la LGTBfobia, en recuerdo de la fecha (en 1990) en el que la Organizaci\u00f3n Mundial de la Salud tomaba la decisi\u00f3n de excluir la homosexualidad de la clasificaci\u00f3n estad\u00edstica internacional de enfermedades y otros problemas de salud. El objetivo de esta conmemoraci\u00f3n es [&hellip;]","og_url":"https:\/\/santapola.es\/ca\/dia-internacional-contra-la-homofobia\/","og_site_name":"Ajuntament de Santa Pola","article_publisher":"https:\/\/www.facebook.com\/AyuntamientoSantaPola\/","article_published_time":"2023-05-16T18:38:18+00:00","article_modified_time":"2023-05-16T18:38:20+00:00","og_image":[{"width":819,"height":1024,"url":"https:\/\/santapola.es\/wp-content\/uploads\/2023\/05\/banner_LGTB_fobia_17may23_santapola-819x1024.png","type":"image\/png"}],"author":"\u00c1rea Municipal Alcald\u00eda","twitter_card":"summary_large_image","twitter_creator":"@SantaPolaAyunt","twitter_site":"@SantaPolaAyunt","schema":{"@context":"https:\/\/schema.org","@graph":[{"@type":"Article","@id":"https:\/\/santapola.es\/ca\/dia-internacional-contra-la-homofobia\/#article","isPartOf":{"@id":"https:\/\/santapola.es\/ca\/dia-internacional-contra-la-homofobia\/"},"author":{"name":"\u00c1rea Municipal Alcald\u00eda","@id":"https:\/\/santapola.es\/ca\/#\/schema\/person\/c08381290b84c068e06ca5dc1f5a08a7"},"headline":"D\u00eda internacional contra la homofobia","datePublished":"2023-05-16T18:38:18+00:00","dateModified":"2023-05-16T18:38:20+00:00","mainEntityOfPage":{"@id":"https:\/\/santapola.es\/ca\/dia-internacional-contra-la-homofobia\/"},"wordCount":677,"image":{"@id":"https:\/\/santapola.es\/ca\/dia-internacional-contra-la-homofobia\/#primaryimage"},"thumbnailUrl":"https:\/\/santapola.es\/wp-content\/uploads\/2023\/05\/banner_LGTB_fobia_17may23_santapola.png","articleSection":["Igualdad\/ Diversidad\/ Ac Social\/ Vivienda","Inicio"],"inLanguage":"ca"},{"@type":"WebPage","@id":"https:\/\/santapola.es\/ca\/dia-internacional-contra-la-homofobia\/","url":"https:\/\/santapola.es\/ca\/dia-internacional-contra-la-homofobia\/","name":"D\u00eda internacional contra la homofobia - Ajuntament de Santa Pola","isPartOf":{"@id":"https:\/\/santapola.es\/ca\/#website"},"primaryImageOfPage":{"@id":"https:\/\/santapola.es\/ca\/dia-internacional-contra-la-homofobia\/#primaryimage"},"image":{"@id":"https:\/\/santapola.es\/ca\/dia-internacional-contra-la-homofobia\/#primaryimage"},"thumbnailUrl":"https:\/\/santapola.es\/wp-content\/uploads\/2023\/05\/banner_LGTB_fobia_17may23_santapola.png","datePublished":"2023-05-16T18:38:18+00:00","dateModified":"2023-05-16T18:38:20+00:00","author":{"@id":"https:\/\/santapola.es\/ca\/#\/schema\/person\/c08381290b84c068e06ca5dc1f5a08a7"},"breadcrumb":{"@id":"https:\/\/santapola.es\/ca\/dia-internacional-contra-la-homofobia\/#breadcrumb"},"inLanguage":"ca","potentialAction":[{"@type":"ReadAction","target":["https:\/\/santapola.es\/ca\/dia-internacional-contra-la-homofobia\/"]}]},{"@type":"ImageObject","inLanguage":"ca","@id":"https:\/\/santapola.es\/ca\/dia-internacional-contra-la-homofobia\/#primaryimage","url":"https:\/\/santapola.es\/wp-content\/uploads\/2023\/05\/banner_LGTB_fobia_17may23_santapola.png","contentUrl":"https:\/\/santapola.es\/wp-content\/uploads\/2023\/05\/banner_LGTB_fobia_17may23_santapola.png","width":1080,"height":1350},{"@type":"BreadcrumbList","@id":"https:\/\/santapola.es\/ca\/dia-internacional-contra-la-homofobia\/#breadcrumb","itemListElement":[{"@type":"ListItem","position":1,"name":"Inici","item":"https:\/\/santapola.es\/ca\/"},{"@type":"ListItem","position":2,"name":"D\u00eda internacional contra la homofobia"}]},{"@type":"WebSite","@id":"https:\/\/santapola.es\/ca\/#website","url":"https:\/\/santapola.es\/ca\/","name":"Ayuntamiento de Santa Pola","description":"Web de l'Ajuntament de Santa Pola","potentialAction":[{"@type":"SearchAction","target":{"@type":"EntryPoint","urlTemplate":"https:\/\/santapola.es\/ca\/?s={search_term_string}"},"query-input":{"@type":"PropertyValueSpecification","valueRequired":true,"valueName":"search_term_string"}}],"inLanguage":"ca"},{"@type":"Person","@id":"https:\/\/santapola.es\/ca\/#\/schema\/person\/c08381290b84c068e06ca5dc1f5a08a7","name":"\u00c1rea Municipal Alcald\u00eda"}]}},"_links":{"self":[{"href":"https:\/\/santapola.es\/ca\/wp-json\/wp\/v2\/posts\/17973","targetHints":{"allow":["GET"]}}],"collection":[{"href":"https:\/\/santapola.es\/ca\/wp-json\/wp\/v2\/posts"}],"about":[{"href":"https:\/\/santapola.es\/ca\/wp-json\/wp\/v2\/types\/post"}],"author":[{"embeddable":true,"href":"https:\/\/santapola.es\/ca\/wp-json\/wp\/v2\/users\/75"}],"replies":[{"embeddable":true,"href":"https:\/\/santapola.es\/ca\/wp-json\/wp\/v2\/comments?post=17973"}],"version-history":[{"count":0,"href":"https:\/\/santapola.es\/ca\/wp-json\/wp\/v2\/posts\/17973\/revisions"}],"wp:featuredmedia":[{"embeddable":true,"href":"https:\/\/santapola.es\/ca\/wp-json\/wp\/v2\/media\/17974"}],"wp:attachment":[{"href":"https:\/\/santapola.es\/ca\/wp-json\/wp\/v2\/media?parent=17973"}],"wp:term":[{"taxonomy":"category","embeddable":true,"href":"https:\/\/santapola.es\/ca\/wp-json\/wp\/v2\/categories?post=17973"},{"taxonomy":"post_tag","embeddable":true,"href":"https:\/\/santapola.es\/ca\/wp-json\/wp\/v2\/tags?post=17973"}],"curies":[{"name":"wp","href":"https:\/\/api.w.org\/{rel}","templated":true}]}}