{"id":17940,"date":"2023-05-11T10:12:14","date_gmt":"2023-05-11T09:12:14","guid":{"rendered":"https:\/\/www.santapola.es\/?p=17940"},"modified":"2023-05-11T10:12:16","modified_gmt":"2023-05-11T09:12:16","slug":"inicio-de-las-obras-del-polideportivo-paco-hernandez","status":"publish","type":"post","link":"https:\/\/santapola.es\/ca\/inicio-de-las-obras-del-polideportivo-paco-hernandez\/","title":{"rendered":"Inicio de las obras del polideportivo Paco Hern\u00e1ndez"},"content":{"rendered":"\n<p><img loading=\"lazy\" decoding=\"async\" height=\"16\" width=\"16\" alt=\"\ud83d\udea7\" src=\"https:\/\/static.xx.fbcdn.net\/images\/emoji.php\/v9\/tc4\/1\/16\/1f6a7.png\">Inicio de las obras de remodelaci\u00f3n del Polideportivo Paco Hern\u00e1ndez.<\/p>\n\n\n\n<p><img loading=\"lazy\" decoding=\"async\" height=\"16\" width=\"16\" alt=\"\u2705\" src=\"https:\/\/static.xx.fbcdn.net\/images\/emoji.php\/v9\/t33\/1\/16\/2705.png\">El importe de las obras es de 527 mil euros<\/p>\n\n\n\n<p><img loading=\"lazy\" decoding=\"async\" height=\"16\" width=\"16\" alt=\"\u2705\" src=\"https:\/\/static.xx.fbcdn.net\/images\/emoji.php\/v9\/t33\/1\/16\/2705.png\"> La ejecuci\u00f3n de la obra es de m\u00e1ximo 5 meses<\/p>\n\n\n\n<p><img loading=\"lazy\" decoding=\"async\" height=\"16\" width=\"16\" alt=\"\u2705\" src=\"https:\/\/static.xx.fbcdn.net\/images\/emoji.php\/v9\/t33\/1\/16\/2705.png\"> Contar\u00e1 con 1 nueva pista deportiva<\/p>\n\n\n\n<p><img loading=\"lazy\" decoding=\"async\" height=\"16\" width=\"16\" alt=\"\u2705\" src=\"https:\/\/static.xx.fbcdn.net\/images\/emoji.php\/v9\/t33\/1\/16\/2705.png\"> Se <a><\/a>construir\u00e1n nuevos vestuarios y almacenes<\/p>\n\n\n\n<p><img loading=\"lazy\" decoding=\"async\" height=\"16\" width=\"16\" alt=\"\u2705\" src=\"https:\/\/static.xx.fbcdn.net\/images\/emoji.php\/v9\/t33\/1\/16\/2705.png\"> La luminaria y la fachada ser\u00e1n renovadas.<\/p>\n\n\n\n<p><img loading=\"lazy\" decoding=\"async\" height=\"16\" width=\"16\" alt=\"\ud83c\udfa5\" src=\"https:\/\/static.xx.fbcdn.net\/images\/emoji.php\/v9\/tff\/1\/16\/1f3a5.png\"><a href=\"https:\/\/www.facebook.com\/profile.php?id=100064186350354&amp;__cft__[0]=AZVznkyMc_LU6RY5ZuQg2FvUr7Ikqr5Ik71G1N_SYZh3mkK-HCYff1ICrBbdtMy1bKlHKEeaCcjCcQMIF5vFgKPty8U7b_pjrRIok4h_FdJ4kj0X8OpbMQ4em0BBM1H3uXOZSB1RsaY7xtW-u1JlzT_GNQLeH1rk29PlTcx5ZGIHpiGGJEeeIsK4pzQq8-rOZz4&amp;__tn__=-]K-R\">Julio Miguel Baeza Andreu &#8211; Concejal Santa Pola<\/a><\/p>\n\n\n\n<p>\u2014\u2014\u2014-<\/p>\n\n\n\n<p><img loading=\"lazy\" decoding=\"async\" height=\"16\" width=\"16\" alt=\"\ud83d\udea7\" src=\"https:\/\/static.xx.fbcdn.net\/images\/emoji.php\/v9\/tc4\/1\/16\/1f6a7.png\">Inici de les obres de remodelaci\u00f3 del Paco Hern\u00e1ndez.<\/p>\n\n\n\n<p><img loading=\"lazy\" decoding=\"async\" height=\"16\" width=\"16\" alt=\"\u2705\" src=\"https:\/\/static.xx.fbcdn.net\/images\/emoji.php\/v9\/t33\/1\/16\/2705.png\">L&#8217;import de les obres \u00e9s de 527 mil euros<\/p>\n\n\n\n<p><img loading=\"lazy\" decoding=\"async\" height=\"16\" width=\"16\" alt=\"\u2705\" src=\"https:\/\/static.xx.fbcdn.net\/images\/emoji.php\/v9\/t33\/1\/16\/2705.png\"> L&#8217;execuci\u00f3 de l&#8217;obra \u00e9s de m\u00e0xim 5 mesos<\/p>\n\n\n\n<p><img loading=\"lazy\" decoding=\"async\" height=\"16\" width=\"16\" alt=\"\u2705\" src=\"https:\/\/static.xx.fbcdn.net\/images\/emoji.php\/v9\/t33\/1\/16\/2705.png\"> Comptar\u00e0 amb 1 nova pista esportiva<\/p>\n\n\n\n<p><img loading=\"lazy\" decoding=\"async\" height=\"16\" width=\"16\" alt=\"\u2705\" src=\"https:\/\/static.xx.fbcdn.net\/images\/emoji.php\/v9\/t33\/1\/16\/2705.png\"> Es construiran nous vestuaris i magatzems<\/p>\n\n\n\n<p><img loading=\"lazy\" decoding=\"async\" height=\"16\" width=\"16\" alt=\"\u2705\" src=\"https:\/\/static.xx.fbcdn.net\/images\/emoji.php\/v9\/t33\/1\/16\/2705.png\"> La llumin\u00e0ria i la fa\u00e7ana seran renovades.<\/p>\n","protected":false},"excerpt":{"rendered":"<p>Inicio de las obras de remodelaci\u00f3n del Polideportivo Paco Hern\u00e1ndez. El importe de las obras es de 527 mil euros La ejecuci\u00f3n de la obra es de m\u00e1ximo 5 meses Contar\u00e1 con 1 nueva pista deportiva Se construir\u00e1n nuevos vestuarios y almacenes La luminaria y la fachada ser\u00e1n renovadas. Julio Miguel Baeza Andreu &#8211; Concejal [&hellip;]<\/p>\n","protected":false},"author":75,"featured_media":17941,"comment_status":"closed","ping_status":"closed","sticky":false,"template":"","format":"standard","meta":{"_et_pb_use_builder":"off","_et_pb_old_content":"","_et_gb_content_width":"","footnotes":""},"categories":[66],"tags":[],"class_list":["post-17940","post","type-post","status-publish","format-standard","has-post-thumbnail","hentry","category-inicio"],"yoast_head":"<!-- This site is optimized with the Yoast SEO plugin v27.4 - https:\/\/yoast.com\/product\/yoast-seo-wordpress\/ -->\n<title>Inicio de las obras del polideportivo Paco Hern\u00e1ndez - Ajuntament de Santa Pola<\/title>\n<meta name=\"robots\" content=\"index, follow, max-snippet:-1, max-image-preview:large, max-video-preview:-1\" \/>\n<link rel=\"canonical\" href=\"https:\/\/santapola.es\/ca\/inicio-de-las-obras-del-polideportivo-paco-hernandez\/\" \/>\n<meta property=\"og:locale\" content=\"ca_ES\" \/>\n<meta property=\"og:type\" content=\"article\" \/>\n<meta property=\"og:title\" content=\"Inicio de las obras del polideportivo Paco Hern\u00e1ndez - Ajuntament de Santa Pola\" \/>\n<meta property=\"og:description\" content=\"Inicio de las obras de remodelaci\u00f3n del Polideportivo Paco Hern\u00e1ndez. El importe de las obras es de 527 mil euros La ejecuci\u00f3n de la obra es de m\u00e1ximo 5 meses Contar\u00e1 con 1 nueva pista deportiva Se construir\u00e1n nuevos vestuarios y almacenes La luminaria y la fachada ser\u00e1n renovadas. Julio Miguel Baeza Andreu &#8211; Concejal [&hellip;]\" \/>\n<meta property=\"og:url\" content=\"https:\/\/santapola.es\/ca\/inicio-de-las-obras-del-polideportivo-paco-hernandez\/\" \/>\n<meta property=\"og:site_name\" content=\"Ajuntament de Santa Pola\" \/>\n<meta property=\"article:publisher\" content=\"https:\/\/www.facebook.com\/AyuntamientoSantaPola\/\" \/>\n<meta property=\"article:published_time\" content=\"2023-05-11T09:12:14+00:00\" \/>\n<meta property=\"article:modified_time\" content=\"2023-05-11T09:12:16+00:00\" \/>\n<meta property=\"og:image\" content=\"https:\/\/santapola.es\/wp-content\/uploads\/2023\/05\/WhatsApp-Image-2023-05-10-at-14.20.46-1.jpeg\" \/>\n\t<meta property=\"og:image:width\" content=\"1024\" \/>\n\t<meta property=\"og:image:height\" content=\"768\" \/>\n\t<meta property=\"og:image:type\" content=\"image\/jpeg\" \/>\n<meta name=\"author\" content=\"\u00c1rea Municipal Alcald\u00eda\" \/>\n<meta name=\"twitter:card\" content=\"summary_large_image\" \/>\n<meta name=\"twitter:creator\" content=\"@SantaPolaAyunt\" \/>\n<meta name=\"twitter:site\" content=\"@SantaPolaAyunt\" \/>\n<script type=\"application\/ld+json\" class=\"yoast-schema-graph\">{\"@context\":\"https:\\\/\\\/schema.org\",\"@graph\":[{\"@type\":\"Article\",\"@id\":\"https:\\\/\\\/santapola.es\\\/ca\\\/inicio-de-las-obras-del-polideportivo-paco-hernandez\\\/#article\",\"isPartOf\":{\"@id\":\"https:\\\/\\\/santapola.es\\\/ca\\\/inicio-de-las-obras-del-polideportivo-paco-hernandez\\\/\"},\"author\":{\"name\":\"\u00c1rea Municipal Alcald\u00eda\",\"@id\":\"https:\\\/\\\/santapola.es\\\/ca\\\/#\\\/schema\\\/person\\\/c08381290b84c068e06ca5dc1f5a08a7\"},\"headline\":\"Inicio de las obras del polideportivo Paco Hern\u00e1ndez\",\"datePublished\":\"2023-05-11T09:12:14+00:00\",\"dateModified\":\"2023-05-11T09:12:16+00:00\",\"mainEntityOfPage\":{\"@id\":\"https:\\\/\\\/santapola.es\\\/ca\\\/inicio-de-las-obras-del-polideportivo-paco-hernandez\\\/\"},\"wordCount\":119,\"image\":{\"@id\":\"https:\\\/\\\/santapola.es\\\/ca\\\/inicio-de-las-obras-del-polideportivo-paco-hernandez\\\/#primaryimage\"},\"thumbnailUrl\":\"https:\\\/\\\/santapola.es\\\/wp-content\\\/uploads\\\/2023\\\/05\\\/WhatsApp-Image-2023-05-10-at-14.20.46-1.jpeg\",\"articleSection\":[\"Inicio\"],\"inLanguage\":\"ca\"},{\"@type\":\"WebPage\",\"@id\":\"https:\\\/\\\/santapola.es\\\/ca\\\/inicio-de-las-obras-del-polideportivo-paco-hernandez\\\/\",\"url\":\"https:\\\/\\\/santapola.es\\\/ca\\\/inicio-de-las-obras-del-polideportivo-paco-hernandez\\\/\",\"name\":\"Inicio de las obras del polideportivo Paco Hern\u00e1ndez - Ajuntament de Santa Pola\",\"isPartOf\":{\"@id\":\"https:\\\/\\\/santapola.es\\\/ca\\\/#website\"},\"primaryImageOfPage\":{\"@id\":\"https:\\\/\\\/santapola.es\\\/ca\\\/inicio-de-las-obras-del-polideportivo-paco-hernandez\\\/#primaryimage\"},\"image\":{\"@id\":\"https:\\\/\\\/santapola.es\\\/ca\\\/inicio-de-las-obras-del-polideportivo-paco-hernandez\\\/#primaryimage\"},\"thumbnailUrl\":\"https:\\\/\\\/santapola.es\\\/wp-content\\\/uploads\\\/2023\\\/05\\\/WhatsApp-Image-2023-05-10-at-14.20.46-1.jpeg\",\"datePublished\":\"2023-05-11T09:12:14+00:00\",\"dateModified\":\"2023-05-11T09:12:16+00:00\",\"author\":{\"@id\":\"https:\\\/\\\/santapola.es\\\/ca\\\/#\\\/schema\\\/person\\\/c08381290b84c068e06ca5dc1f5a08a7\"},\"breadcrumb\":{\"@id\":\"https:\\\/\\\/santapola.es\\\/ca\\\/inicio-de-las-obras-del-polideportivo-paco-hernandez\\\/#breadcrumb\"},\"inLanguage\":\"ca\",\"potentialAction\":[{\"@type\":\"ReadAction\",\"target\":[\"https:\\\/\\\/santapola.es\\\/ca\\\/inicio-de-las-obras-del-polideportivo-paco-hernandez\\\/\"]}]},{\"@type\":\"ImageObject\",\"inLanguage\":\"ca\",\"@id\":\"https:\\\/\\\/santapola.es\\\/ca\\\/inicio-de-las-obras-del-polideportivo-paco-hernandez\\\/#primaryimage\",\"url\":\"https:\\\/\\\/santapola.es\\\/wp-content\\\/uploads\\\/2023\\\/05\\\/WhatsApp-Image-2023-05-10-at-14.20.46-1.jpeg\",\"contentUrl\":\"https:\\\/\\\/santapola.es\\\/wp-content\\\/uploads\\\/2023\\\/05\\\/WhatsApp-Image-2023-05-10-at-14.20.46-1.jpeg\",\"width\":1024,\"height\":768},{\"@type\":\"BreadcrumbList\",\"@id\":\"https:\\\/\\\/santapola.es\\\/ca\\\/inicio-de-las-obras-del-polideportivo-paco-hernandez\\\/#breadcrumb\",\"itemListElement\":[{\"@type\":\"ListItem\",\"position\":1,\"name\":\"Inici\",\"item\":\"https:\\\/\\\/santapola.es\\\/ca\\\/\"},{\"@type\":\"ListItem\",\"position\":2,\"name\":\"Inicio de las obras del polideportivo Paco Hern\u00e1ndez\"}]},{\"@type\":\"WebSite\",\"@id\":\"https:\\\/\\\/santapola.es\\\/ca\\\/#website\",\"url\":\"https:\\\/\\\/santapola.es\\\/ca\\\/\",\"name\":\"Ayuntamiento de Santa Pola\",\"description\":\"Web de l'Ajuntament de Santa Pola\",\"potentialAction\":[{\"@type\":\"SearchAction\",\"target\":{\"@type\":\"EntryPoint\",\"urlTemplate\":\"https:\\\/\\\/santapola.es\\\/ca\\\/?s={search_term_string}\"},\"query-input\":{\"@type\":\"PropertyValueSpecification\",\"valueRequired\":true,\"valueName\":\"search_term_string\"}}],\"inLanguage\":\"ca\"},{\"@type\":\"Person\",\"@id\":\"https:\\\/\\\/santapola.es\\\/ca\\\/#\\\/schema\\\/person\\\/c08381290b84c068e06ca5dc1f5a08a7\",\"name\":\"\u00c1rea Municipal Alcald\u00eda\"}]}<\/script>\n<!-- \/ Yoast SEO plugin. -->","yoast_head_json":{"title":"Inicio de las obras del polideportivo Paco Hern\u00e1ndez - Ajuntament de Santa Pola","robots":{"index":"index","follow":"follow","max-snippet":"max-snippet:-1","max-image-preview":"max-image-preview:large","max-video-preview":"max-video-preview:-1"},"canonical":"https:\/\/santapola.es\/ca\/inicio-de-las-obras-del-polideportivo-paco-hernandez\/","og_locale":"ca_ES","og_type":"article","og_title":"Inicio de las obras del polideportivo Paco Hern\u00e1ndez - Ajuntament de Santa Pola","og_description":"Inicio de las obras de remodelaci\u00f3n del Polideportivo Paco Hern\u00e1ndez. El importe de las obras es de 527 mil euros La ejecuci\u00f3n de la obra es de m\u00e1ximo 5 meses Contar\u00e1 con 1 nueva pista deportiva Se construir\u00e1n nuevos vestuarios y almacenes La luminaria y la fachada ser\u00e1n renovadas. Julio Miguel Baeza Andreu &#8211; Concejal [&hellip;]","og_url":"https:\/\/santapola.es\/ca\/inicio-de-las-obras-del-polideportivo-paco-hernandez\/","og_site_name":"Ajuntament de Santa Pola","article_publisher":"https:\/\/www.facebook.com\/AyuntamientoSantaPola\/","article_published_time":"2023-05-11T09:12:14+00:00","article_modified_time":"2023-05-11T09:12:16+00:00","og_image":[{"width":1024,"height":768,"url":"https:\/\/santapola.es\/wp-content\/uploads\/2023\/05\/WhatsApp-Image-2023-05-10-at-14.20.46-1.jpeg","type":"image\/jpeg"}],"author":"\u00c1rea Municipal Alcald\u00eda","twitter_card":"summary_large_image","twitter_creator":"@SantaPolaAyunt","twitter_site":"@SantaPolaAyunt","schema":{"@context":"https:\/\/schema.org","@graph":[{"@type":"Article","@id":"https:\/\/santapola.es\/ca\/inicio-de-las-obras-del-polideportivo-paco-hernandez\/#article","isPartOf":{"@id":"https:\/\/santapola.es\/ca\/inicio-de-las-obras-del-polideportivo-paco-hernandez\/"},"author":{"name":"\u00c1rea Municipal Alcald\u00eda","@id":"https:\/\/santapola.es\/ca\/#\/schema\/person\/c08381290b84c068e06ca5dc1f5a08a7"},"headline":"Inicio de las obras del polideportivo Paco Hern\u00e1ndez","datePublished":"2023-05-11T09:12:14+00:00","dateModified":"2023-05-11T09:12:16+00:00","mainEntityOfPage":{"@id":"https:\/\/santapola.es\/ca\/inicio-de-las-obras-del-polideportivo-paco-hernandez\/"},"wordCount":119,"image":{"@id":"https:\/\/santapola.es\/ca\/inicio-de-las-obras-del-polideportivo-paco-hernandez\/#primaryimage"},"thumbnailUrl":"https:\/\/santapola.es\/wp-content\/uploads\/2023\/05\/WhatsApp-Image-2023-05-10-at-14.20.46-1.jpeg","articleSection":["Inicio"],"inLanguage":"ca"},{"@type":"WebPage","@id":"https:\/\/santapola.es\/ca\/inicio-de-las-obras-del-polideportivo-paco-hernandez\/","url":"https:\/\/santapola.es\/ca\/inicio-de-las-obras-del-polideportivo-paco-hernandez\/","name":"Inicio de las obras del polideportivo Paco Hern\u00e1ndez - Ajuntament de Santa Pola","isPartOf":{"@id":"https:\/\/santapola.es\/ca\/#website"},"primaryImageOfPage":{"@id":"https:\/\/santapola.es\/ca\/inicio-de-las-obras-del-polideportivo-paco-hernandez\/#primaryimage"},"image":{"@id":"https:\/\/santapola.es\/ca\/inicio-de-las-obras-del-polideportivo-paco-hernandez\/#primaryimage"},"thumbnailUrl":"https:\/\/santapola.es\/wp-content\/uploads\/2023\/05\/WhatsApp-Image-2023-05-10-at-14.20.46-1.jpeg","datePublished":"2023-05-11T09:12:14+00:00","dateModified":"2023-05-11T09:12:16+00:00","author":{"@id":"https:\/\/santapola.es\/ca\/#\/schema\/person\/c08381290b84c068e06ca5dc1f5a08a7"},"breadcrumb":{"@id":"https:\/\/santapola.es\/ca\/inicio-de-las-obras-del-polideportivo-paco-hernandez\/#breadcrumb"},"inLanguage":"ca","potentialAction":[{"@type":"ReadAction","target":["https:\/\/santapola.es\/ca\/inicio-de-las-obras-del-polideportivo-paco-hernandez\/"]}]},{"@type":"ImageObject","inLanguage":"ca","@id":"https:\/\/santapola.es\/ca\/inicio-de-las-obras-del-polideportivo-paco-hernandez\/#primaryimage","url":"https:\/\/santapola.es\/wp-content\/uploads\/2023\/05\/WhatsApp-Image-2023-05-10-at-14.20.46-1.jpeg","contentUrl":"https:\/\/santapola.es\/wp-content\/uploads\/2023\/05\/WhatsApp-Image-2023-05-10-at-14.20.46-1.jpeg","width":1024,"height":768},{"@type":"BreadcrumbList","@id":"https:\/\/santapola.es\/ca\/inicio-de-las-obras-del-polideportivo-paco-hernandez\/#breadcrumb","itemListElement":[{"@type":"ListItem","position":1,"name":"Inici","item":"https:\/\/santapola.es\/ca\/"},{"@type":"ListItem","position":2,"name":"Inicio de las obras del polideportivo Paco Hern\u00e1ndez"}]},{"@type":"WebSite","@id":"https:\/\/santapola.es\/ca\/#website","url":"https:\/\/santapola.es\/ca\/","name":"Ayuntamiento de Santa Pola","description":"Web de l'Ajuntament de Santa Pola","potentialAction":[{"@type":"SearchAction","target":{"@type":"EntryPoint","urlTemplate":"https:\/\/santapola.es\/ca\/?s={search_term_string}"},"query-input":{"@type":"PropertyValueSpecification","valueRequired":true,"valueName":"search_term_string"}}],"inLanguage":"ca"},{"@type":"Person","@id":"https:\/\/santapola.es\/ca\/#\/schema\/person\/c08381290b84c068e06ca5dc1f5a08a7","name":"\u00c1rea Municipal Alcald\u00eda"}]}},"_links":{"self":[{"href":"https:\/\/santapola.es\/ca\/wp-json\/wp\/v2\/posts\/17940","targetHints":{"allow":["GET"]}}],"collection":[{"href":"https:\/\/santapola.es\/ca\/wp-json\/wp\/v2\/posts"}],"about":[{"href":"https:\/\/santapola.es\/ca\/wp-json\/wp\/v2\/types\/post"}],"author":[{"embeddable":true,"href":"https:\/\/santapola.es\/ca\/wp-json\/wp\/v2\/users\/75"}],"replies":[{"embeddable":true,"href":"https:\/\/santapola.es\/ca\/wp-json\/wp\/v2\/comments?post=17940"}],"version-history":[{"count":0,"href":"https:\/\/santapola.es\/ca\/wp-json\/wp\/v2\/posts\/17940\/revisions"}],"wp:featuredmedia":[{"embeddable":true,"href":"https:\/\/santapola.es\/ca\/wp-json\/wp\/v2\/media\/17941"}],"wp:attachment":[{"href":"https:\/\/santapola.es\/ca\/wp-json\/wp\/v2\/media?parent=17940"}],"wp:term":[{"taxonomy":"category","embeddable":true,"href":"https:\/\/santapola.es\/ca\/wp-json\/wp\/v2\/categories?post=17940"},{"taxonomy":"post_tag","embeddable":true,"href":"https:\/\/santapola.es\/ca\/wp-json\/wp\/v2\/tags?post=17940"}],"curies":[{"name":"wp","href":"https:\/\/api.w.org\/{rel}","templated":true}]}}