{"id":17150,"date":"2023-01-31T09:46:01","date_gmt":"2023-01-31T08:46:01","guid":{"rendered":"https:\/\/www.santapola.es\/?p=17150"},"modified":"2024-03-07T18:41:19","modified_gmt":"2024-03-07T17:41:19","slug":"santa-pola-delimita-el-barrio-felipe-ii-y-poder-optar-ayudas-europeas-para-la-renovacion-integral-de-la-zona","status":"publish","type":"post","link":"https:\/\/santapola.es\/ca\/santa-pola-delimita-el-barrio-felipe-ii-y-poder-optar-ayudas-europeas-para-la-renovacion-integral-de-la-zona\/","title":{"rendered":"Santa Pola delimita el barrio Felipe II y poder optar ayudas europeas para la renovaci\u00f3n integral de la zona"},"content":{"rendered":"<p>El Ayuntamiento de Santa Pola aprob\u00f3 por unanimidad en el pleno ordinario del mes de enero, una modificaci\u00f3n puntual del Plan General de Ordenaci\u00f3n Urbana (PGOU) con el fin de permitir la reforma, regeneraci\u00f3n y rehabilitaci\u00f3n urbana en el entorno del barrio Felipe II.<\/p>\n<p>&nbsp;<\/p>\n<p>La modificaci\u00f3n consiste en delimitar la zona para poder establecer un plan de reforma interior que precisa el barrio, as\u00ed como diferentes calles de la zona. Estas necesidades se enmarcan en trabajos de renovaci\u00f3n de los pisos, mejoras en la accesibilidad y eficiencia energ\u00e9tica.<\/p>\n<p>&nbsp;<\/p>\n<p>La concejal de Urbanismo, Trini Ortiz se\u00f1ala que \u201clo que hacemos es delimitar el barrio de Felipe II como una zona que necesita una renovaci\u00f3n integral, igual que ya hicimos en su d\u00eda con el barrio de El Calvario. Este paso es muy importante y sirve fundamentalmente para que cuando lleguen las ayudas de los fondos europeos, podamos solicitarlas e iniciar la rehabilitaci\u00f3n en los 2 barrios\u201d.<\/p>\n<p>&nbsp;<\/p>\n<p>El barrio Felipe II se une as\u00ed al barrio de El Calvario, ambos con proyectos de reforma interior. El Ayuntamiento de Santa Pola solicit\u00f3 el pasado a\u00f1o una subvenci\u00f3n para la reforma de las dos zonas, pero fue rechazada. \u201cCon esta modificaci\u00f3n del PGOU, lo que hacemos conseguimos es \u00a0poder optar a las ayudas. El Ayuntamiento va a ir de la mano de los vecinos para que no suponga ning\u00fan problema para ellos\u201d, matiza Ortiz.<\/p>\n<p>&nbsp;<\/p>\n<p>&nbsp;<\/p>\n<p>&nbsp;<\/p>\n","protected":false},"excerpt":{"rendered":"<p>El Ayuntamiento de Santa Pola aprob\u00f3 por unanimidad en el pleno ordinario del mes de enero, una modificaci\u00f3n puntual del Plan General de Ordenaci\u00f3n Urbana (PGOU) con el fin de permitir la reforma, regeneraci\u00f3n y rehabilitaci\u00f3n urbana en el entorno del barrio Felipe II. &nbsp; La modificaci\u00f3n consiste en delimitar la zona para poder establecer [&hellip;]<\/p>\n","protected":false},"author":75,"featured_media":17153,"comment_status":"closed","ping_status":"closed","sticky":false,"template":"","format":"standard","meta":{"_et_pb_use_builder":"","_et_pb_old_content":"","_et_gb_content_width":"","footnotes":""},"categories":[61,66,54],"tags":[],"class_list":["post-17150","post","type-post","status-publish","format-standard","has-post-thumbnail","hentry","category-alcaldia","category-inicio","category-servicios-publicos-infraestructura-fomento-cementerios"],"yoast_head":"<!-- This site is optimized with the Yoast SEO plugin v27.4 - https:\/\/yoast.com\/product\/yoast-seo-wordpress\/ -->\n<title>Santa Pola delimita el barrio Felipe II y poder optar ayudas europeas para la renovaci\u00f3n integral de la zona - Ajuntament de Santa Pola<\/title>\n<meta name=\"robots\" content=\"index, follow, max-snippet:-1, max-image-preview:large, max-video-preview:-1\" \/>\n<link rel=\"canonical\" href=\"https:\/\/santapola.es\/ca\/santa-pola-delimita-el-barrio-felipe-ii-y-poder-optar-ayudas-europeas-para-la-renovacion-integral-de-la-zona\/\" \/>\n<meta property=\"og:locale\" content=\"ca_ES\" \/>\n<meta property=\"og:type\" content=\"article\" \/>\n<meta property=\"og:title\" content=\"Santa Pola delimita el barrio Felipe II y poder optar ayudas europeas para la renovaci\u00f3n integral de la zona - Ajuntament de Santa Pola\" \/>\n<meta property=\"og:description\" content=\"El Ayuntamiento de Santa Pola aprob\u00f3 por unanimidad en el pleno ordinario del mes de enero, una modificaci\u00f3n puntual del Plan General de Ordenaci\u00f3n Urbana (PGOU) con el fin de permitir la reforma, regeneraci\u00f3n y rehabilitaci\u00f3n urbana en el entorno del barrio Felipe II. &nbsp; La modificaci\u00f3n consiste en delimitar la zona para poder establecer [&hellip;]\" \/>\n<meta property=\"og:url\" content=\"https:\/\/santapola.es\/ca\/santa-pola-delimita-el-barrio-felipe-ii-y-poder-optar-ayudas-europeas-para-la-renovacion-integral-de-la-zona\/\" \/>\n<meta property=\"og:site_name\" content=\"Ajuntament de Santa Pola\" \/>\n<meta property=\"article:publisher\" content=\"https:\/\/www.facebook.com\/AyuntamientoSantaPola\/\" \/>\n<meta property=\"article:published_time\" content=\"2023-01-31T08:46:01+00:00\" \/>\n<meta property=\"article:modified_time\" content=\"2024-03-07T17:41:19+00:00\" \/>\n<meta property=\"og:image\" content=\"https:\/\/santapola.es\/wp-content\/uploads\/2023\/01\/544840577.jpg\" \/>\n\t<meta property=\"og:image:width\" content=\"775\" \/>\n\t<meta property=\"og:image:height\" content=\"581\" \/>\n\t<meta property=\"og:image:type\" content=\"image\/jpeg\" \/>\n<meta name=\"author\" content=\"\u00c1rea Municipal Alcald\u00eda\" \/>\n<meta name=\"twitter:card\" content=\"summary_large_image\" \/>\n<meta name=\"twitter:creator\" content=\"@SantaPolaAyunt\" \/>\n<meta name=\"twitter:site\" content=\"@SantaPolaAyunt\" \/>\n<script type=\"application\/ld+json\" class=\"yoast-schema-graph\">{\"@context\":\"https:\\\/\\\/schema.org\",\"@graph\":[{\"@type\":\"Article\",\"@id\":\"https:\\\/\\\/santapola.es\\\/ca\\\/santa-pola-delimita-el-barrio-felipe-ii-y-poder-optar-ayudas-europeas-para-la-renovacion-integral-de-la-zona\\\/#article\",\"isPartOf\":{\"@id\":\"https:\\\/\\\/santapola.es\\\/ca\\\/santa-pola-delimita-el-barrio-felipe-ii-y-poder-optar-ayudas-europeas-para-la-renovacion-integral-de-la-zona\\\/\"},\"author\":{\"name\":\"\u00c1rea Municipal Alcald\u00eda\",\"@id\":\"https:\\\/\\\/santapola.es\\\/ca\\\/#\\\/schema\\\/person\\\/c08381290b84c068e06ca5dc1f5a08a7\"},\"headline\":\"Santa Pola delimita el barrio Felipe II y poder optar ayudas europeas para la renovaci\u00f3n integral de la zona\",\"datePublished\":\"2023-01-31T08:46:01+00:00\",\"dateModified\":\"2024-03-07T17:41:19+00:00\",\"mainEntityOfPage\":{\"@id\":\"https:\\\/\\\/santapola.es\\\/ca\\\/santa-pola-delimita-el-barrio-felipe-ii-y-poder-optar-ayudas-europeas-para-la-renovacion-integral-de-la-zona\\\/\"},\"wordCount\":270,\"image\":{\"@id\":\"https:\\\/\\\/santapola.es\\\/ca\\\/santa-pola-delimita-el-barrio-felipe-ii-y-poder-optar-ayudas-europeas-para-la-renovacion-integral-de-la-zona\\\/#primaryimage\"},\"thumbnailUrl\":\"https:\\\/\\\/santapola.es\\\/wp-content\\\/uploads\\\/2023\\\/01\\\/544840577.jpg\",\"articleSection\":[\"Alcald\u00eda\",\"Inicio\",\"Servicios p\u00fablicos \\\/ infraestructura \\\/ fomento \\\/ cementerios\"],\"inLanguage\":\"ca\"},{\"@type\":\"WebPage\",\"@id\":\"https:\\\/\\\/santapola.es\\\/ca\\\/santa-pola-delimita-el-barrio-felipe-ii-y-poder-optar-ayudas-europeas-para-la-renovacion-integral-de-la-zona\\\/\",\"url\":\"https:\\\/\\\/santapola.es\\\/ca\\\/santa-pola-delimita-el-barrio-felipe-ii-y-poder-optar-ayudas-europeas-para-la-renovacion-integral-de-la-zona\\\/\",\"name\":\"Santa Pola delimita el barrio Felipe II y poder optar ayudas europeas para la renovaci\u00f3n integral de la zona - Ajuntament de Santa Pola\",\"isPartOf\":{\"@id\":\"https:\\\/\\\/santapola.es\\\/ca\\\/#website\"},\"primaryImageOfPage\":{\"@id\":\"https:\\\/\\\/santapola.es\\\/ca\\\/santa-pola-delimita-el-barrio-felipe-ii-y-poder-optar-ayudas-europeas-para-la-renovacion-integral-de-la-zona\\\/#primaryimage\"},\"image\":{\"@id\":\"https:\\\/\\\/santapola.es\\\/ca\\\/santa-pola-delimita-el-barrio-felipe-ii-y-poder-optar-ayudas-europeas-para-la-renovacion-integral-de-la-zona\\\/#primaryimage\"},\"thumbnailUrl\":\"https:\\\/\\\/santapola.es\\\/wp-content\\\/uploads\\\/2023\\\/01\\\/544840577.jpg\",\"datePublished\":\"2023-01-31T08:46:01+00:00\",\"dateModified\":\"2024-03-07T17:41:19+00:00\",\"author\":{\"@id\":\"https:\\\/\\\/santapola.es\\\/ca\\\/#\\\/schema\\\/person\\\/c08381290b84c068e06ca5dc1f5a08a7\"},\"breadcrumb\":{\"@id\":\"https:\\\/\\\/santapola.es\\\/ca\\\/santa-pola-delimita-el-barrio-felipe-ii-y-poder-optar-ayudas-europeas-para-la-renovacion-integral-de-la-zona\\\/#breadcrumb\"},\"inLanguage\":\"ca\",\"potentialAction\":[{\"@type\":\"ReadAction\",\"target\":[\"https:\\\/\\\/santapola.es\\\/ca\\\/santa-pola-delimita-el-barrio-felipe-ii-y-poder-optar-ayudas-europeas-para-la-renovacion-integral-de-la-zona\\\/\"]}]},{\"@type\":\"ImageObject\",\"inLanguage\":\"ca\",\"@id\":\"https:\\\/\\\/santapola.es\\\/ca\\\/santa-pola-delimita-el-barrio-felipe-ii-y-poder-optar-ayudas-europeas-para-la-renovacion-integral-de-la-zona\\\/#primaryimage\",\"url\":\"https:\\\/\\\/santapola.es\\\/wp-content\\\/uploads\\\/2023\\\/01\\\/544840577.jpg\",\"contentUrl\":\"https:\\\/\\\/santapola.es\\\/wp-content\\\/uploads\\\/2023\\\/01\\\/544840577.jpg\",\"width\":775,\"height\":581},{\"@type\":\"BreadcrumbList\",\"@id\":\"https:\\\/\\\/santapola.es\\\/ca\\\/santa-pola-delimita-el-barrio-felipe-ii-y-poder-optar-ayudas-europeas-para-la-renovacion-integral-de-la-zona\\\/#breadcrumb\",\"itemListElement\":[{\"@type\":\"ListItem\",\"position\":1,\"name\":\"Inici\",\"item\":\"https:\\\/\\\/santapola.es\\\/ca\\\/\"},{\"@type\":\"ListItem\",\"position\":2,\"name\":\"Santa Pola delimita el barrio Felipe II y poder optar ayudas europeas para la renovaci\u00f3n integral de la zona\"}]},{\"@type\":\"WebSite\",\"@id\":\"https:\\\/\\\/santapola.es\\\/ca\\\/#website\",\"url\":\"https:\\\/\\\/santapola.es\\\/ca\\\/\",\"name\":\"Ayuntamiento de Santa Pola\",\"description\":\"Web de l'Ajuntament de Santa Pola\",\"potentialAction\":[{\"@type\":\"SearchAction\",\"target\":{\"@type\":\"EntryPoint\",\"urlTemplate\":\"https:\\\/\\\/santapola.es\\\/ca\\\/?s={search_term_string}\"},\"query-input\":{\"@type\":\"PropertyValueSpecification\",\"valueRequired\":true,\"valueName\":\"search_term_string\"}}],\"inLanguage\":\"ca\"},{\"@type\":\"Person\",\"@id\":\"https:\\\/\\\/santapola.es\\\/ca\\\/#\\\/schema\\\/person\\\/c08381290b84c068e06ca5dc1f5a08a7\",\"name\":\"\u00c1rea Municipal Alcald\u00eda\"}]}<\/script>\n<!-- \/ Yoast SEO plugin. -->","yoast_head_json":{"title":"Santa Pola delimita el barrio Felipe II y poder optar ayudas europeas para la renovaci\u00f3n integral de la zona - Ajuntament de Santa Pola","robots":{"index":"index","follow":"follow","max-snippet":"max-snippet:-1","max-image-preview":"max-image-preview:large","max-video-preview":"max-video-preview:-1"},"canonical":"https:\/\/santapola.es\/ca\/santa-pola-delimita-el-barrio-felipe-ii-y-poder-optar-ayudas-europeas-para-la-renovacion-integral-de-la-zona\/","og_locale":"ca_ES","og_type":"article","og_title":"Santa Pola delimita el barrio Felipe II y poder optar ayudas europeas para la renovaci\u00f3n integral de la zona - Ajuntament de Santa Pola","og_description":"El Ayuntamiento de Santa Pola aprob\u00f3 por unanimidad en el pleno ordinario del mes de enero, una modificaci\u00f3n puntual del Plan General de Ordenaci\u00f3n Urbana (PGOU) con el fin de permitir la reforma, regeneraci\u00f3n y rehabilitaci\u00f3n urbana en el entorno del barrio Felipe II. &nbsp; La modificaci\u00f3n consiste en delimitar la zona para poder establecer [&hellip;]","og_url":"https:\/\/santapola.es\/ca\/santa-pola-delimita-el-barrio-felipe-ii-y-poder-optar-ayudas-europeas-para-la-renovacion-integral-de-la-zona\/","og_site_name":"Ajuntament de Santa Pola","article_publisher":"https:\/\/www.facebook.com\/AyuntamientoSantaPola\/","article_published_time":"2023-01-31T08:46:01+00:00","article_modified_time":"2024-03-07T17:41:19+00:00","og_image":[{"width":775,"height":581,"url":"https:\/\/santapola.es\/wp-content\/uploads\/2023\/01\/544840577.jpg","type":"image\/jpeg"}],"author":"\u00c1rea Municipal Alcald\u00eda","twitter_card":"summary_large_image","twitter_creator":"@SantaPolaAyunt","twitter_site":"@SantaPolaAyunt","schema":{"@context":"https:\/\/schema.org","@graph":[{"@type":"Article","@id":"https:\/\/santapola.es\/ca\/santa-pola-delimita-el-barrio-felipe-ii-y-poder-optar-ayudas-europeas-para-la-renovacion-integral-de-la-zona\/#article","isPartOf":{"@id":"https:\/\/santapola.es\/ca\/santa-pola-delimita-el-barrio-felipe-ii-y-poder-optar-ayudas-europeas-para-la-renovacion-integral-de-la-zona\/"},"author":{"name":"\u00c1rea Municipal Alcald\u00eda","@id":"https:\/\/santapola.es\/ca\/#\/schema\/person\/c08381290b84c068e06ca5dc1f5a08a7"},"headline":"Santa Pola delimita el barrio Felipe II y poder optar ayudas europeas para la renovaci\u00f3n integral de la zona","datePublished":"2023-01-31T08:46:01+00:00","dateModified":"2024-03-07T17:41:19+00:00","mainEntityOfPage":{"@id":"https:\/\/santapola.es\/ca\/santa-pola-delimita-el-barrio-felipe-ii-y-poder-optar-ayudas-europeas-para-la-renovacion-integral-de-la-zona\/"},"wordCount":270,"image":{"@id":"https:\/\/santapola.es\/ca\/santa-pola-delimita-el-barrio-felipe-ii-y-poder-optar-ayudas-europeas-para-la-renovacion-integral-de-la-zona\/#primaryimage"},"thumbnailUrl":"https:\/\/santapola.es\/wp-content\/uploads\/2023\/01\/544840577.jpg","articleSection":["Alcald\u00eda","Inicio","Servicios p\u00fablicos \/ infraestructura \/ fomento \/ cementerios"],"inLanguage":"ca"},{"@type":"WebPage","@id":"https:\/\/santapola.es\/ca\/santa-pola-delimita-el-barrio-felipe-ii-y-poder-optar-ayudas-europeas-para-la-renovacion-integral-de-la-zona\/","url":"https:\/\/santapola.es\/ca\/santa-pola-delimita-el-barrio-felipe-ii-y-poder-optar-ayudas-europeas-para-la-renovacion-integral-de-la-zona\/","name":"Santa Pola delimita el barrio Felipe II y poder optar ayudas europeas para la renovaci\u00f3n integral de la zona - Ajuntament de Santa Pola","isPartOf":{"@id":"https:\/\/santapola.es\/ca\/#website"},"primaryImageOfPage":{"@id":"https:\/\/santapola.es\/ca\/santa-pola-delimita-el-barrio-felipe-ii-y-poder-optar-ayudas-europeas-para-la-renovacion-integral-de-la-zona\/#primaryimage"},"image":{"@id":"https:\/\/santapola.es\/ca\/santa-pola-delimita-el-barrio-felipe-ii-y-poder-optar-ayudas-europeas-para-la-renovacion-integral-de-la-zona\/#primaryimage"},"thumbnailUrl":"https:\/\/santapola.es\/wp-content\/uploads\/2023\/01\/544840577.jpg","datePublished":"2023-01-31T08:46:01+00:00","dateModified":"2024-03-07T17:41:19+00:00","author":{"@id":"https:\/\/santapola.es\/ca\/#\/schema\/person\/c08381290b84c068e06ca5dc1f5a08a7"},"breadcrumb":{"@id":"https:\/\/santapola.es\/ca\/santa-pola-delimita-el-barrio-felipe-ii-y-poder-optar-ayudas-europeas-para-la-renovacion-integral-de-la-zona\/#breadcrumb"},"inLanguage":"ca","potentialAction":[{"@type":"ReadAction","target":["https:\/\/santapola.es\/ca\/santa-pola-delimita-el-barrio-felipe-ii-y-poder-optar-ayudas-europeas-para-la-renovacion-integral-de-la-zona\/"]}]},{"@type":"ImageObject","inLanguage":"ca","@id":"https:\/\/santapola.es\/ca\/santa-pola-delimita-el-barrio-felipe-ii-y-poder-optar-ayudas-europeas-para-la-renovacion-integral-de-la-zona\/#primaryimage","url":"https:\/\/santapola.es\/wp-content\/uploads\/2023\/01\/544840577.jpg","contentUrl":"https:\/\/santapola.es\/wp-content\/uploads\/2023\/01\/544840577.jpg","width":775,"height":581},{"@type":"BreadcrumbList","@id":"https:\/\/santapola.es\/ca\/santa-pola-delimita-el-barrio-felipe-ii-y-poder-optar-ayudas-europeas-para-la-renovacion-integral-de-la-zona\/#breadcrumb","itemListElement":[{"@type":"ListItem","position":1,"name":"Inici","item":"https:\/\/santapola.es\/ca\/"},{"@type":"ListItem","position":2,"name":"Santa Pola delimita el barrio Felipe II y poder optar ayudas europeas para la renovaci\u00f3n integral de la zona"}]},{"@type":"WebSite","@id":"https:\/\/santapola.es\/ca\/#website","url":"https:\/\/santapola.es\/ca\/","name":"Ayuntamiento de Santa Pola","description":"Web de l'Ajuntament de Santa Pola","potentialAction":[{"@type":"SearchAction","target":{"@type":"EntryPoint","urlTemplate":"https:\/\/santapola.es\/ca\/?s={search_term_string}"},"query-input":{"@type":"PropertyValueSpecification","valueRequired":true,"valueName":"search_term_string"}}],"inLanguage":"ca"},{"@type":"Person","@id":"https:\/\/santapola.es\/ca\/#\/schema\/person\/c08381290b84c068e06ca5dc1f5a08a7","name":"\u00c1rea Municipal Alcald\u00eda"}]}},"_links":{"self":[{"href":"https:\/\/santapola.es\/ca\/wp-json\/wp\/v2\/posts\/17150","targetHints":{"allow":["GET"]}}],"collection":[{"href":"https:\/\/santapola.es\/ca\/wp-json\/wp\/v2\/posts"}],"about":[{"href":"https:\/\/santapola.es\/ca\/wp-json\/wp\/v2\/types\/post"}],"author":[{"embeddable":true,"href":"https:\/\/santapola.es\/ca\/wp-json\/wp\/v2\/users\/75"}],"replies":[{"embeddable":true,"href":"https:\/\/santapola.es\/ca\/wp-json\/wp\/v2\/comments?post=17150"}],"version-history":[{"count":0,"href":"https:\/\/santapola.es\/ca\/wp-json\/wp\/v2\/posts\/17150\/revisions"}],"wp:featuredmedia":[{"embeddable":true,"href":"https:\/\/santapola.es\/ca\/wp-json\/wp\/v2\/media\/17153"}],"wp:attachment":[{"href":"https:\/\/santapola.es\/ca\/wp-json\/wp\/v2\/media?parent=17150"}],"wp:term":[{"taxonomy":"category","embeddable":true,"href":"https:\/\/santapola.es\/ca\/wp-json\/wp\/v2\/categories?post=17150"},{"taxonomy":"post_tag","embeddable":true,"href":"https:\/\/santapola.es\/ca\/wp-json\/wp\/v2\/tags?post=17150"}],"curies":[{"name":"wp","href":"https:\/\/api.w.org\/{rel}","templated":true}]}}