{"id":17034,"date":"2023-01-09T11:52:41","date_gmt":"2023-01-09T10:52:41","guid":{"rendered":"https:\/\/www.santapola.es\/?p=17034"},"modified":"2024-03-07T18:41:16","modified_gmt":"2024-03-07T17:41:16","slug":"santa-pola-reordenara-el-trafico-en-la-zona-de-los-institutos-con-nuevas-plazas-de-aparcamiento-y-rotondas","status":"publish","type":"post","link":"https:\/\/santapola.es\/ca\/santa-pola-reordenara-el-trafico-en-la-zona-de-los-institutos-con-nuevas-plazas-de-aparcamiento-y-rotondas\/","title":{"rendered":"Santa Pola reordenar\u00e1 el tr\u00e1fico en la zona de los institutos con nuevas plazas de aparcamiento y rotondas"},"content":{"rendered":"<p>Los nuevos presupuestos municipales contemplan la inversi\u00f3n de m\u00e1s de 640 mil euros en la reordenaci\u00f3n del tr\u00e1fico y creaci\u00f3n de zonas de aparcamiento en la zona de los institutos IES Santa Pola e IES Cap de l\u2019Aljub<\/p>\n<p>Que acumulan problemas hist\u00f3ricos de tr\u00e1fico.<\/p>\n<p>&nbsp;<\/p>\n<p>El nuevo proyecto, que ser\u00e1 aprobado pr\u00f3ximamente por la Junta de Gobierno, prev\u00e9 la construcci\u00f3n de un carril de acceso desde la Ronda Norte hasta los Institutos y la creaci\u00f3n de un aparcamiento de 131 plazas en la zona, con espacios reservados para bicicletas y motocicletas.<\/p>\n<p>&nbsp;<\/p>\n<p>El proyecto tiene un coste estimado de 640 mil euros, con la aportaci\u00f3n del 30% de la Diputaci\u00f3n de la Alicante, dentro del Plan Planifica, se llevar\u00e1 a cabo en los pr\u00f3ximos meses una vez que haya licitado la obra.<\/p>\n<p>&nbsp;<\/p>\n<p>La concejal de Infraestructuras, Trini Ortiz incide en que \u201ces un proyecto muy importante que va a cambiar la fisionom\u00eda de la zona y nos va a ayudar a reordenar el tr\u00e1fico que tiene un amplio volumen de a las horas de entrada y salida, y en los meses de verano con la mayor afluencia hacia Santa Pola del Este por la ronda norte\u201d.<\/p>\n<p>&nbsp;<\/p>\n<p>\u201cse va a construir una rotonda para facilitar los accesos a la calle del Mar y a los institutos, y una zona de acceso desde la Ronda para poder dejar a los escolares de manera r\u00e1pida y segura que ser\u00e1 usada solamente para los autobuses\u201d.<\/p>\n<p><img loading=\"lazy\" decoding=\"async\" class=\"aligncenter size-full wp-image-17036\" src=\"https:\/\/santapola.es\/wp-content\/uploads\/2023\/01\/WhatsApp-Image-2023-01-05-at-10.14.52.jpeg\" alt=\"\" width=\"1024\" height=\"462\" srcset=\"https:\/\/santapola.es\/wp-content\/uploads\/2023\/01\/WhatsApp-Image-2023-01-05-at-10.14.52.jpeg 1024w, https:\/\/santapola.es\/wp-content\/uploads\/2023\/01\/WhatsApp-Image-2023-01-05-at-10.14.52-300x135.jpeg 300w, https:\/\/santapola.es\/wp-content\/uploads\/2023\/01\/WhatsApp-Image-2023-01-05-at-10.14.52-768x347.jpeg 768w, https:\/\/santapola.es\/wp-content\/uploads\/2023\/01\/WhatsApp-Image-2023-01-05-at-10.14.52-610x275.jpeg 610w\" sizes=\"(max-width: 1024px) 100vw, 1024px\" \/><\/p>\n<p>&nbsp;<\/p>\n<p>&nbsp;<\/p>\n","protected":false},"excerpt":{"rendered":"<p>Los nuevos presupuestos municipales contemplan la inversi\u00f3n de m\u00e1s de 640 mil euros en la reordenaci\u00f3n del tr\u00e1fico y creaci\u00f3n de zonas de aparcamiento en la zona de los institutos IES Santa Pola e IES Cap de l\u2019Aljub Que acumulan problemas hist\u00f3ricos de tr\u00e1fico. &nbsp; El nuevo proyecto, que ser\u00e1 aprobado pr\u00f3ximamente por la Junta [&hellip;]<\/p>\n","protected":false},"author":75,"featured_media":17035,"comment_status":"closed","ping_status":"closed","sticky":false,"template":"","format":"standard","meta":{"_et_pb_use_builder":"","_et_pb_old_content":"","_et_gb_content_width":"","footnotes":""},"categories":[61,66,54],"tags":[],"class_list":["post-17034","post","type-post","status-publish","format-standard","has-post-thumbnail","hentry","category-alcaldia","category-inicio","category-servicios-publicos-infraestructura-fomento-cementerios"],"yoast_head":"<!-- This site is optimized with the Yoast SEO plugin v27.4 - https:\/\/yoast.com\/product\/yoast-seo-wordpress\/ -->\n<title>Santa Pola reordenar\u00e1 el tr\u00e1fico en la zona de los institutos con nuevas plazas de aparcamiento y rotondas - Ajuntament de Santa Pola<\/title>\n<meta name=\"robots\" content=\"index, follow, max-snippet:-1, max-image-preview:large, max-video-preview:-1\" \/>\n<link rel=\"canonical\" href=\"https:\/\/santapola.es\/ca\/santa-pola-reordenara-el-trafico-en-la-zona-de-los-institutos-con-nuevas-plazas-de-aparcamiento-y-rotondas\/\" \/>\n<meta property=\"og:locale\" content=\"ca_ES\" \/>\n<meta property=\"og:type\" content=\"article\" \/>\n<meta property=\"og:title\" content=\"Santa Pola reordenar\u00e1 el tr\u00e1fico en la zona de los institutos con nuevas plazas de aparcamiento y rotondas - Ajuntament de Santa Pola\" \/>\n<meta property=\"og:description\" content=\"Los nuevos presupuestos municipales contemplan la inversi\u00f3n de m\u00e1s de 640 mil euros en la reordenaci\u00f3n del tr\u00e1fico y creaci\u00f3n de zonas de aparcamiento en la zona de los institutos IES Santa Pola e IES Cap de l\u2019Aljub Que acumulan problemas hist\u00f3ricos de tr\u00e1fico. &nbsp; El nuevo proyecto, que ser\u00e1 aprobado pr\u00f3ximamente por la Junta [&hellip;]\" \/>\n<meta property=\"og:url\" content=\"https:\/\/santapola.es\/ca\/santa-pola-reordenara-el-trafico-en-la-zona-de-los-institutos-con-nuevas-plazas-de-aparcamiento-y-rotondas\/\" \/>\n<meta property=\"og:site_name\" content=\"Ajuntament de Santa Pola\" \/>\n<meta property=\"article:publisher\" content=\"https:\/\/www.facebook.com\/AyuntamientoSantaPola\/\" \/>\n<meta property=\"article:published_time\" content=\"2023-01-09T10:52:41+00:00\" \/>\n<meta property=\"article:modified_time\" content=\"2024-03-07T17:41:16+00:00\" \/>\n<meta property=\"og:image\" content=\"https:\/\/santapola.es\/wp-content\/uploads\/2023\/01\/WhatsApp-Image-2023-01-05-at-10.14.52-2.jpeg\" \/>\n\t<meta property=\"og:image:width\" content=\"742\" \/>\n\t<meta property=\"og:image:height\" content=\"413\" \/>\n\t<meta property=\"og:image:type\" content=\"image\/jpeg\" \/>\n<meta name=\"author\" content=\"\u00c1rea Municipal Alcald\u00eda\" \/>\n<meta name=\"twitter:card\" content=\"summary_large_image\" \/>\n<meta name=\"twitter:creator\" content=\"@SantaPolaAyunt\" \/>\n<meta name=\"twitter:site\" content=\"@SantaPolaAyunt\" \/>\n<script type=\"application\/ld+json\" class=\"yoast-schema-graph\">{\"@context\":\"https:\\\/\\\/schema.org\",\"@graph\":[{\"@type\":\"Article\",\"@id\":\"https:\\\/\\\/santapola.es\\\/ca\\\/santa-pola-reordenara-el-trafico-en-la-zona-de-los-institutos-con-nuevas-plazas-de-aparcamiento-y-rotondas\\\/#article\",\"isPartOf\":{\"@id\":\"https:\\\/\\\/santapola.es\\\/ca\\\/santa-pola-reordenara-el-trafico-en-la-zona-de-los-institutos-con-nuevas-plazas-de-aparcamiento-y-rotondas\\\/\"},\"author\":{\"name\":\"\u00c1rea Municipal Alcald\u00eda\",\"@id\":\"https:\\\/\\\/santapola.es\\\/ca\\\/#\\\/schema\\\/person\\\/c08381290b84c068e06ca5dc1f5a08a7\"},\"headline\":\"Santa Pola reordenar\u00e1 el tr\u00e1fico en la zona de los institutos con nuevas plazas de aparcamiento y rotondas\",\"datePublished\":\"2023-01-09T10:52:41+00:00\",\"dateModified\":\"2024-03-07T17:41:16+00:00\",\"mainEntityOfPage\":{\"@id\":\"https:\\\/\\\/santapola.es\\\/ca\\\/santa-pola-reordenara-el-trafico-en-la-zona-de-los-institutos-con-nuevas-plazas-de-aparcamiento-y-rotondas\\\/\"},\"wordCount\":277,\"image\":{\"@id\":\"https:\\\/\\\/santapola.es\\\/ca\\\/santa-pola-reordenara-el-trafico-en-la-zona-de-los-institutos-con-nuevas-plazas-de-aparcamiento-y-rotondas\\\/#primaryimage\"},\"thumbnailUrl\":\"https:\\\/\\\/santapola.es\\\/wp-content\\\/uploads\\\/2023\\\/01\\\/WhatsApp-Image-2023-01-05-at-10.14.52-2.jpeg\",\"articleSection\":[\"Alcald\u00eda\",\"Inicio\",\"Servicios p\u00fablicos \\\/ infraestructura \\\/ fomento \\\/ cementerios\"],\"inLanguage\":\"ca\"},{\"@type\":\"WebPage\",\"@id\":\"https:\\\/\\\/santapola.es\\\/ca\\\/santa-pola-reordenara-el-trafico-en-la-zona-de-los-institutos-con-nuevas-plazas-de-aparcamiento-y-rotondas\\\/\",\"url\":\"https:\\\/\\\/santapola.es\\\/ca\\\/santa-pola-reordenara-el-trafico-en-la-zona-de-los-institutos-con-nuevas-plazas-de-aparcamiento-y-rotondas\\\/\",\"name\":\"Santa Pola reordenar\u00e1 el tr\u00e1fico en la zona de los institutos con nuevas plazas de aparcamiento y rotondas - Ajuntament de Santa Pola\",\"isPartOf\":{\"@id\":\"https:\\\/\\\/santapola.es\\\/ca\\\/#website\"},\"primaryImageOfPage\":{\"@id\":\"https:\\\/\\\/santapola.es\\\/ca\\\/santa-pola-reordenara-el-trafico-en-la-zona-de-los-institutos-con-nuevas-plazas-de-aparcamiento-y-rotondas\\\/#primaryimage\"},\"image\":{\"@id\":\"https:\\\/\\\/santapola.es\\\/ca\\\/santa-pola-reordenara-el-trafico-en-la-zona-de-los-institutos-con-nuevas-plazas-de-aparcamiento-y-rotondas\\\/#primaryimage\"},\"thumbnailUrl\":\"https:\\\/\\\/santapola.es\\\/wp-content\\\/uploads\\\/2023\\\/01\\\/WhatsApp-Image-2023-01-05-at-10.14.52-2.jpeg\",\"datePublished\":\"2023-01-09T10:52:41+00:00\",\"dateModified\":\"2024-03-07T17:41:16+00:00\",\"author\":{\"@id\":\"https:\\\/\\\/santapola.es\\\/ca\\\/#\\\/schema\\\/person\\\/c08381290b84c068e06ca5dc1f5a08a7\"},\"breadcrumb\":{\"@id\":\"https:\\\/\\\/santapola.es\\\/ca\\\/santa-pola-reordenara-el-trafico-en-la-zona-de-los-institutos-con-nuevas-plazas-de-aparcamiento-y-rotondas\\\/#breadcrumb\"},\"inLanguage\":\"ca\",\"potentialAction\":[{\"@type\":\"ReadAction\",\"target\":[\"https:\\\/\\\/santapola.es\\\/ca\\\/santa-pola-reordenara-el-trafico-en-la-zona-de-los-institutos-con-nuevas-plazas-de-aparcamiento-y-rotondas\\\/\"]}]},{\"@type\":\"ImageObject\",\"inLanguage\":\"ca\",\"@id\":\"https:\\\/\\\/santapola.es\\\/ca\\\/santa-pola-reordenara-el-trafico-en-la-zona-de-los-institutos-con-nuevas-plazas-de-aparcamiento-y-rotondas\\\/#primaryimage\",\"url\":\"https:\\\/\\\/santapola.es\\\/wp-content\\\/uploads\\\/2023\\\/01\\\/WhatsApp-Image-2023-01-05-at-10.14.52-2.jpeg\",\"contentUrl\":\"https:\\\/\\\/santapola.es\\\/wp-content\\\/uploads\\\/2023\\\/01\\\/WhatsApp-Image-2023-01-05-at-10.14.52-2.jpeg\",\"width\":742,\"height\":413},{\"@type\":\"BreadcrumbList\",\"@id\":\"https:\\\/\\\/santapola.es\\\/ca\\\/santa-pola-reordenara-el-trafico-en-la-zona-de-los-institutos-con-nuevas-plazas-de-aparcamiento-y-rotondas\\\/#breadcrumb\",\"itemListElement\":[{\"@type\":\"ListItem\",\"position\":1,\"name\":\"Inici\",\"item\":\"https:\\\/\\\/santapola.es\\\/ca\\\/\"},{\"@type\":\"ListItem\",\"position\":2,\"name\":\"Santa Pola reordenar\u00e1 el tr\u00e1fico en la zona de los institutos con nuevas plazas de aparcamiento y rotondas\"}]},{\"@type\":\"WebSite\",\"@id\":\"https:\\\/\\\/santapola.es\\\/ca\\\/#website\",\"url\":\"https:\\\/\\\/santapola.es\\\/ca\\\/\",\"name\":\"Ayuntamiento de Santa Pola\",\"description\":\"Web de l'Ajuntament de Santa Pola\",\"potentialAction\":[{\"@type\":\"SearchAction\",\"target\":{\"@type\":\"EntryPoint\",\"urlTemplate\":\"https:\\\/\\\/santapola.es\\\/ca\\\/?s={search_term_string}\"},\"query-input\":{\"@type\":\"PropertyValueSpecification\",\"valueRequired\":true,\"valueName\":\"search_term_string\"}}],\"inLanguage\":\"ca\"},{\"@type\":\"Person\",\"@id\":\"https:\\\/\\\/santapola.es\\\/ca\\\/#\\\/schema\\\/person\\\/c08381290b84c068e06ca5dc1f5a08a7\",\"name\":\"\u00c1rea Municipal Alcald\u00eda\"}]}<\/script>\n<!-- \/ Yoast SEO plugin. -->","yoast_head_json":{"title":"Santa Pola reordenar\u00e1 el tr\u00e1fico en la zona de los institutos con nuevas plazas de aparcamiento y rotondas - Ajuntament de Santa Pola","robots":{"index":"index","follow":"follow","max-snippet":"max-snippet:-1","max-image-preview":"max-image-preview:large","max-video-preview":"max-video-preview:-1"},"canonical":"https:\/\/santapola.es\/ca\/santa-pola-reordenara-el-trafico-en-la-zona-de-los-institutos-con-nuevas-plazas-de-aparcamiento-y-rotondas\/","og_locale":"ca_ES","og_type":"article","og_title":"Santa Pola reordenar\u00e1 el tr\u00e1fico en la zona de los institutos con nuevas plazas de aparcamiento y rotondas - Ajuntament de Santa Pola","og_description":"Los nuevos presupuestos municipales contemplan la inversi\u00f3n de m\u00e1s de 640 mil euros en la reordenaci\u00f3n del tr\u00e1fico y creaci\u00f3n de zonas de aparcamiento en la zona de los institutos IES Santa Pola e IES Cap de l\u2019Aljub Que acumulan problemas hist\u00f3ricos de tr\u00e1fico. &nbsp; El nuevo proyecto, que ser\u00e1 aprobado pr\u00f3ximamente por la Junta [&hellip;]","og_url":"https:\/\/santapola.es\/ca\/santa-pola-reordenara-el-trafico-en-la-zona-de-los-institutos-con-nuevas-plazas-de-aparcamiento-y-rotondas\/","og_site_name":"Ajuntament de Santa Pola","article_publisher":"https:\/\/www.facebook.com\/AyuntamientoSantaPola\/","article_published_time":"2023-01-09T10:52:41+00:00","article_modified_time":"2024-03-07T17:41:16+00:00","og_image":[{"width":742,"height":413,"url":"https:\/\/santapola.es\/wp-content\/uploads\/2023\/01\/WhatsApp-Image-2023-01-05-at-10.14.52-2.jpeg","type":"image\/jpeg"}],"author":"\u00c1rea Municipal Alcald\u00eda","twitter_card":"summary_large_image","twitter_creator":"@SantaPolaAyunt","twitter_site":"@SantaPolaAyunt","schema":{"@context":"https:\/\/schema.org","@graph":[{"@type":"Article","@id":"https:\/\/santapola.es\/ca\/santa-pola-reordenara-el-trafico-en-la-zona-de-los-institutos-con-nuevas-plazas-de-aparcamiento-y-rotondas\/#article","isPartOf":{"@id":"https:\/\/santapola.es\/ca\/santa-pola-reordenara-el-trafico-en-la-zona-de-los-institutos-con-nuevas-plazas-de-aparcamiento-y-rotondas\/"},"author":{"name":"\u00c1rea Municipal Alcald\u00eda","@id":"https:\/\/santapola.es\/ca\/#\/schema\/person\/c08381290b84c068e06ca5dc1f5a08a7"},"headline":"Santa Pola reordenar\u00e1 el tr\u00e1fico en la zona de los institutos con nuevas plazas de aparcamiento y rotondas","datePublished":"2023-01-09T10:52:41+00:00","dateModified":"2024-03-07T17:41:16+00:00","mainEntityOfPage":{"@id":"https:\/\/santapola.es\/ca\/santa-pola-reordenara-el-trafico-en-la-zona-de-los-institutos-con-nuevas-plazas-de-aparcamiento-y-rotondas\/"},"wordCount":277,"image":{"@id":"https:\/\/santapola.es\/ca\/santa-pola-reordenara-el-trafico-en-la-zona-de-los-institutos-con-nuevas-plazas-de-aparcamiento-y-rotondas\/#primaryimage"},"thumbnailUrl":"https:\/\/santapola.es\/wp-content\/uploads\/2023\/01\/WhatsApp-Image-2023-01-05-at-10.14.52-2.jpeg","articleSection":["Alcald\u00eda","Inicio","Servicios p\u00fablicos \/ infraestructura \/ fomento \/ cementerios"],"inLanguage":"ca"},{"@type":"WebPage","@id":"https:\/\/santapola.es\/ca\/santa-pola-reordenara-el-trafico-en-la-zona-de-los-institutos-con-nuevas-plazas-de-aparcamiento-y-rotondas\/","url":"https:\/\/santapola.es\/ca\/santa-pola-reordenara-el-trafico-en-la-zona-de-los-institutos-con-nuevas-plazas-de-aparcamiento-y-rotondas\/","name":"Santa Pola reordenar\u00e1 el tr\u00e1fico en la zona de los institutos con nuevas plazas de aparcamiento y rotondas - Ajuntament de Santa Pola","isPartOf":{"@id":"https:\/\/santapola.es\/ca\/#website"},"primaryImageOfPage":{"@id":"https:\/\/santapola.es\/ca\/santa-pola-reordenara-el-trafico-en-la-zona-de-los-institutos-con-nuevas-plazas-de-aparcamiento-y-rotondas\/#primaryimage"},"image":{"@id":"https:\/\/santapola.es\/ca\/santa-pola-reordenara-el-trafico-en-la-zona-de-los-institutos-con-nuevas-plazas-de-aparcamiento-y-rotondas\/#primaryimage"},"thumbnailUrl":"https:\/\/santapola.es\/wp-content\/uploads\/2023\/01\/WhatsApp-Image-2023-01-05-at-10.14.52-2.jpeg","datePublished":"2023-01-09T10:52:41+00:00","dateModified":"2024-03-07T17:41:16+00:00","author":{"@id":"https:\/\/santapola.es\/ca\/#\/schema\/person\/c08381290b84c068e06ca5dc1f5a08a7"},"breadcrumb":{"@id":"https:\/\/santapola.es\/ca\/santa-pola-reordenara-el-trafico-en-la-zona-de-los-institutos-con-nuevas-plazas-de-aparcamiento-y-rotondas\/#breadcrumb"},"inLanguage":"ca","potentialAction":[{"@type":"ReadAction","target":["https:\/\/santapola.es\/ca\/santa-pola-reordenara-el-trafico-en-la-zona-de-los-institutos-con-nuevas-plazas-de-aparcamiento-y-rotondas\/"]}]},{"@type":"ImageObject","inLanguage":"ca","@id":"https:\/\/santapola.es\/ca\/santa-pola-reordenara-el-trafico-en-la-zona-de-los-institutos-con-nuevas-plazas-de-aparcamiento-y-rotondas\/#primaryimage","url":"https:\/\/santapola.es\/wp-content\/uploads\/2023\/01\/WhatsApp-Image-2023-01-05-at-10.14.52-2.jpeg","contentUrl":"https:\/\/santapola.es\/wp-content\/uploads\/2023\/01\/WhatsApp-Image-2023-01-05-at-10.14.52-2.jpeg","width":742,"height":413},{"@type":"BreadcrumbList","@id":"https:\/\/santapola.es\/ca\/santa-pola-reordenara-el-trafico-en-la-zona-de-los-institutos-con-nuevas-plazas-de-aparcamiento-y-rotondas\/#breadcrumb","itemListElement":[{"@type":"ListItem","position":1,"name":"Inici","item":"https:\/\/santapola.es\/ca\/"},{"@type":"ListItem","position":2,"name":"Santa Pola reordenar\u00e1 el tr\u00e1fico en la zona de los institutos con nuevas plazas de aparcamiento y rotondas"}]},{"@type":"WebSite","@id":"https:\/\/santapola.es\/ca\/#website","url":"https:\/\/santapola.es\/ca\/","name":"Ayuntamiento de Santa Pola","description":"Web de l'Ajuntament de Santa Pola","potentialAction":[{"@type":"SearchAction","target":{"@type":"EntryPoint","urlTemplate":"https:\/\/santapola.es\/ca\/?s={search_term_string}"},"query-input":{"@type":"PropertyValueSpecification","valueRequired":true,"valueName":"search_term_string"}}],"inLanguage":"ca"},{"@type":"Person","@id":"https:\/\/santapola.es\/ca\/#\/schema\/person\/c08381290b84c068e06ca5dc1f5a08a7","name":"\u00c1rea Municipal Alcald\u00eda"}]}},"_links":{"self":[{"href":"https:\/\/santapola.es\/ca\/wp-json\/wp\/v2\/posts\/17034","targetHints":{"allow":["GET"]}}],"collection":[{"href":"https:\/\/santapola.es\/ca\/wp-json\/wp\/v2\/posts"}],"about":[{"href":"https:\/\/santapola.es\/ca\/wp-json\/wp\/v2\/types\/post"}],"author":[{"embeddable":true,"href":"https:\/\/santapola.es\/ca\/wp-json\/wp\/v2\/users\/75"}],"replies":[{"embeddable":true,"href":"https:\/\/santapola.es\/ca\/wp-json\/wp\/v2\/comments?post=17034"}],"version-history":[{"count":0,"href":"https:\/\/santapola.es\/ca\/wp-json\/wp\/v2\/posts\/17034\/revisions"}],"wp:featuredmedia":[{"embeddable":true,"href":"https:\/\/santapola.es\/ca\/wp-json\/wp\/v2\/media\/17035"}],"wp:attachment":[{"href":"https:\/\/santapola.es\/ca\/wp-json\/wp\/v2\/media?parent=17034"}],"wp:term":[{"taxonomy":"category","embeddable":true,"href":"https:\/\/santapola.es\/ca\/wp-json\/wp\/v2\/categories?post=17034"},{"taxonomy":"post_tag","embeddable":true,"href":"https:\/\/santapola.es\/ca\/wp-json\/wp\/v2\/tags?post=17034"}],"curies":[{"name":"wp","href":"https:\/\/api.w.org\/{rel}","templated":true}]}}