{"id":17017,"date":"2023-01-03T09:36:38","date_gmt":"2023-01-03T08:36:38","guid":{"rendered":"https:\/\/www.santapola.es\/?p=17017"},"modified":"2024-03-27T13:46:39","modified_gmt":"2024-03-27T12:46:39","slug":"santa-pola-capta-24-millones-de-euros-de-fondos-europeos-para-turismo-y-accesibilidad","status":"publish","type":"post","link":"https:\/\/santapola.es\/ca\/santa-pola-capta-24-millones-de-euros-de-fondos-europeos-para-turismo-y-accesibilidad\/","title":{"rendered":"Santa Pola capta 2,4 millones de euros de fondos europeos para turismo y accesibilidad"},"content":{"rendered":"<p>Santa Pola est\u00e1 de enhorabuena. Este a\u00f1o, desde el \u00e1rea de Turismo del Ayuntamiento se han logrado 2 objetivos fundamentales:<\/p>\n<p>* el reconocimiento como MUNICIPIO TUR\u00cdSTICO DE RELEVANCIA<\/p>\n<p>* el PLAN DE SOSTENIBILIDAD \u201cSANTA POLA, Renaturalizaci\u00f3n, accesibilidad y gesti\u00f3n tur\u00edstica inteligente\u201d.<\/p>\n<p>&nbsp;<\/p>\n<p>La Conferencia Sectorial de Turismo aprob\u00f3 los proyectos beneficiarios de la II convocatoria extraordinaria del programa de Planes de Sostenibilidad Tur\u00edstica en Destinos, que se financia \u00edntegramente con los fondos de recuperaci\u00f3n Next Generation EU, entre los que se encuentra el de Santa Pola. Este plan supone una inyecci\u00f3n de casi 2,5 millones de euros, que se destinar\u00e1n principalmente a la ejecuci\u00f3n de las siguientes actuaciones:<\/p>\n<p>&nbsp;<\/p>\n<p>* Implantar sistemas de drenaje urbanos para prevenir inundaciones<\/p>\n<p>* Restauraci\u00f3n ambiental y renaturalizaci\u00f3n de la l\u00ednea costera<\/p>\n<p>* Conexiones peatonales entre el castillo y el frente mar\u00edtimo<\/p>\n<p>* Sensorizar zonas de aparcamiento<\/p>\n<p>* Crear un centro de interpretaci\u00f3n y recepci\u00f3n de visitantes en la sierra<\/p>\n<p>* Proyectos de digitalizaci\u00f3n y realidad virtual<\/p>\n<p>* Adaptar el n\u00facleo urbano a criterios de accesibilidad<\/p>\n<p>&nbsp;<\/p>\n<p>En definitiva, proyectos que van a mejorar la calidad de vida de la poblaci\u00f3n de Santa Pola y de sus visitantes, potenciando el destino como municipio tur\u00edstico inteligente.<\/p>\n<p>&nbsp;<\/p>\n<p>El PSTD se ha solicitado en varias ocasiones, siendo esta \u00faltima la que ha logrado obtener la puntuaci\u00f3n necesaria tanto del Ministerio de Turismo como de Turisme Comunitat Valenciana, para conseguir la ayuda de 2.441.513 \u20ac.<\/p>\n","protected":false},"excerpt":{"rendered":"<p>Santa Pola est\u00e1 de enhorabuena. Este a\u00f1o, desde el \u00e1rea de Turismo del Ayuntamiento se han logrado 2 objetivos fundamentales: * el reconocimiento como MUNICIPIO TUR\u00cdSTICO DE RELEVANCIA * el PLAN DE SOSTENIBILIDAD \u201cSANTA POLA, Renaturalizaci\u00f3n, accesibilidad y gesti\u00f3n tur\u00edstica inteligente\u201d. &nbsp; La Conferencia Sectorial de Turismo aprob\u00f3 los proyectos beneficiarios de la II convocatoria [&hellip;]<\/p>\n","protected":false},"author":75,"featured_media":17018,"comment_status":"closed","ping_status":"closed","sticky":false,"template":"","format":"standard","meta":{"_et_pb_use_builder":"","_et_pb_old_content":"","_et_gb_content_width":"","footnotes":""},"categories":[216],"tags":[],"class_list":["post-17017","post","type-post","status-publish","format-standard","has-post-thumbnail","hentry","category-turismo"],"yoast_head":"<!-- This site is optimized with the Yoast SEO plugin v27.4 - https:\/\/yoast.com\/product\/yoast-seo-wordpress\/ -->\n<title>Santa Pola capta 2,4 millones de euros de fondos europeos para turismo y accesibilidad - Ajuntament de Santa Pola<\/title>\n<meta name=\"robots\" content=\"index, follow, max-snippet:-1, max-image-preview:large, max-video-preview:-1\" \/>\n<link rel=\"canonical\" href=\"https:\/\/santapola.es\/ca\/santa-pola-capta-24-millones-de-euros-de-fondos-europeos-para-turismo-y-accesibilidad\/\" \/>\n<meta property=\"og:locale\" content=\"ca_ES\" \/>\n<meta property=\"og:type\" content=\"article\" \/>\n<meta property=\"og:title\" content=\"Santa Pola capta 2,4 millones de euros de fondos europeos para turismo y accesibilidad - Ajuntament de Santa Pola\" \/>\n<meta property=\"og:description\" content=\"Santa Pola est\u00e1 de enhorabuena. Este a\u00f1o, desde el \u00e1rea de Turismo del Ayuntamiento se han logrado 2 objetivos fundamentales: * el reconocimiento como MUNICIPIO TUR\u00cdSTICO DE RELEVANCIA * el PLAN DE SOSTENIBILIDAD \u201cSANTA POLA, Renaturalizaci\u00f3n, accesibilidad y gesti\u00f3n tur\u00edstica inteligente\u201d. &nbsp; La Conferencia Sectorial de Turismo aprob\u00f3 los proyectos beneficiarios de la II convocatoria [&hellip;]\" \/>\n<meta property=\"og:url\" content=\"https:\/\/santapola.es\/ca\/santa-pola-capta-24-millones-de-euros-de-fondos-europeos-para-turismo-y-accesibilidad\/\" \/>\n<meta property=\"og:site_name\" content=\"Ajuntament de Santa Pola\" \/>\n<meta property=\"article:publisher\" content=\"https:\/\/www.facebook.com\/AyuntamientoSantaPola\/\" \/>\n<meta property=\"article:published_time\" content=\"2023-01-03T08:36:38+00:00\" \/>\n<meta property=\"article:modified_time\" content=\"2024-03-27T12:46:39+00:00\" \/>\n<meta property=\"og:image\" content=\"https:\/\/santapola.es\/wp-content\/uploads\/2023\/01\/17661636d0529ea278305873091.jpg\" \/>\n\t<meta property=\"og:image:width\" content=\"1050\" \/>\n\t<meta property=\"og:image:height\" content=\"344\" \/>\n\t<meta property=\"og:image:type\" content=\"image\/jpeg\" \/>\n<meta name=\"author\" content=\"\u00c1rea Municipal Alcald\u00eda\" \/>\n<meta name=\"twitter:card\" content=\"summary_large_image\" \/>\n<meta name=\"twitter:creator\" content=\"@SantaPolaAyunt\" \/>\n<meta name=\"twitter:site\" content=\"@SantaPolaAyunt\" \/>\n<script type=\"application\/ld+json\" class=\"yoast-schema-graph\">{\"@context\":\"https:\\\/\\\/schema.org\",\"@graph\":[{\"@type\":\"Article\",\"@id\":\"https:\\\/\\\/santapola.es\\\/ca\\\/santa-pola-capta-24-millones-de-euros-de-fondos-europeos-para-turismo-y-accesibilidad\\\/#article\",\"isPartOf\":{\"@id\":\"https:\\\/\\\/santapola.es\\\/ca\\\/santa-pola-capta-24-millones-de-euros-de-fondos-europeos-para-turismo-y-accesibilidad\\\/\"},\"author\":{\"name\":\"\u00c1rea Municipal Alcald\u00eda\",\"@id\":\"https:\\\/\\\/santapola.es\\\/ca\\\/#\\\/schema\\\/person\\\/c08381290b84c068e06ca5dc1f5a08a7\"},\"headline\":\"Santa Pola capta 2,4 millones de euros de fondos europeos para turismo y accesibilidad\",\"datePublished\":\"2023-01-03T08:36:38+00:00\",\"dateModified\":\"2024-03-27T12:46:39+00:00\",\"mainEntityOfPage\":{\"@id\":\"https:\\\/\\\/santapola.es\\\/ca\\\/santa-pola-capta-24-millones-de-euros-de-fondos-europeos-para-turismo-y-accesibilidad\\\/\"},\"wordCount\":258,\"image\":{\"@id\":\"https:\\\/\\\/santapola.es\\\/ca\\\/santa-pola-capta-24-millones-de-euros-de-fondos-europeos-para-turismo-y-accesibilidad\\\/#primaryimage\"},\"thumbnailUrl\":\"https:\\\/\\\/santapola.es\\\/wp-content\\\/uploads\\\/2023\\\/01\\\/17661636d0529ea278305873091.jpg\",\"articleSection\":[\"Turismo\"],\"inLanguage\":\"ca\"},{\"@type\":\"WebPage\",\"@id\":\"https:\\\/\\\/santapola.es\\\/ca\\\/santa-pola-capta-24-millones-de-euros-de-fondos-europeos-para-turismo-y-accesibilidad\\\/\",\"url\":\"https:\\\/\\\/santapola.es\\\/ca\\\/santa-pola-capta-24-millones-de-euros-de-fondos-europeos-para-turismo-y-accesibilidad\\\/\",\"name\":\"Santa Pola capta 2,4 millones de euros de fondos europeos para turismo y accesibilidad - Ajuntament de Santa Pola\",\"isPartOf\":{\"@id\":\"https:\\\/\\\/santapola.es\\\/ca\\\/#website\"},\"primaryImageOfPage\":{\"@id\":\"https:\\\/\\\/santapola.es\\\/ca\\\/santa-pola-capta-24-millones-de-euros-de-fondos-europeos-para-turismo-y-accesibilidad\\\/#primaryimage\"},\"image\":{\"@id\":\"https:\\\/\\\/santapola.es\\\/ca\\\/santa-pola-capta-24-millones-de-euros-de-fondos-europeos-para-turismo-y-accesibilidad\\\/#primaryimage\"},\"thumbnailUrl\":\"https:\\\/\\\/santapola.es\\\/wp-content\\\/uploads\\\/2023\\\/01\\\/17661636d0529ea278305873091.jpg\",\"datePublished\":\"2023-01-03T08:36:38+00:00\",\"dateModified\":\"2024-03-27T12:46:39+00:00\",\"author\":{\"@id\":\"https:\\\/\\\/santapola.es\\\/ca\\\/#\\\/schema\\\/person\\\/c08381290b84c068e06ca5dc1f5a08a7\"},\"breadcrumb\":{\"@id\":\"https:\\\/\\\/santapola.es\\\/ca\\\/santa-pola-capta-24-millones-de-euros-de-fondos-europeos-para-turismo-y-accesibilidad\\\/#breadcrumb\"},\"inLanguage\":\"ca\",\"potentialAction\":[{\"@type\":\"ReadAction\",\"target\":[\"https:\\\/\\\/santapola.es\\\/ca\\\/santa-pola-capta-24-millones-de-euros-de-fondos-europeos-para-turismo-y-accesibilidad\\\/\"]}]},{\"@type\":\"ImageObject\",\"inLanguage\":\"ca\",\"@id\":\"https:\\\/\\\/santapola.es\\\/ca\\\/santa-pola-capta-24-millones-de-euros-de-fondos-europeos-para-turismo-y-accesibilidad\\\/#primaryimage\",\"url\":\"https:\\\/\\\/santapola.es\\\/wp-content\\\/uploads\\\/2023\\\/01\\\/17661636d0529ea278305873091.jpg\",\"contentUrl\":\"https:\\\/\\\/santapola.es\\\/wp-content\\\/uploads\\\/2023\\\/01\\\/17661636d0529ea278305873091.jpg\",\"width\":1050,\"height\":344},{\"@type\":\"BreadcrumbList\",\"@id\":\"https:\\\/\\\/santapola.es\\\/ca\\\/santa-pola-capta-24-millones-de-euros-de-fondos-europeos-para-turismo-y-accesibilidad\\\/#breadcrumb\",\"itemListElement\":[{\"@type\":\"ListItem\",\"position\":1,\"name\":\"Inici\",\"item\":\"https:\\\/\\\/santapola.es\\\/ca\\\/\"},{\"@type\":\"ListItem\",\"position\":2,\"name\":\"Santa Pola capta 2,4 millones de euros de fondos europeos para turismo y accesibilidad\"}]},{\"@type\":\"WebSite\",\"@id\":\"https:\\\/\\\/santapola.es\\\/ca\\\/#website\",\"url\":\"https:\\\/\\\/santapola.es\\\/ca\\\/\",\"name\":\"Ayuntamiento de Santa Pola\",\"description\":\"Web de l'Ajuntament de Santa Pola\",\"potentialAction\":[{\"@type\":\"SearchAction\",\"target\":{\"@type\":\"EntryPoint\",\"urlTemplate\":\"https:\\\/\\\/santapola.es\\\/ca\\\/?s={search_term_string}\"},\"query-input\":{\"@type\":\"PropertyValueSpecification\",\"valueRequired\":true,\"valueName\":\"search_term_string\"}}],\"inLanguage\":\"ca\"},{\"@type\":\"Person\",\"@id\":\"https:\\\/\\\/santapola.es\\\/ca\\\/#\\\/schema\\\/person\\\/c08381290b84c068e06ca5dc1f5a08a7\",\"name\":\"\u00c1rea Municipal Alcald\u00eda\"}]}<\/script>\n<!-- \/ Yoast SEO plugin. -->","yoast_head_json":{"title":"Santa Pola capta 2,4 millones de euros de fondos europeos para turismo y accesibilidad - Ajuntament de Santa Pola","robots":{"index":"index","follow":"follow","max-snippet":"max-snippet:-1","max-image-preview":"max-image-preview:large","max-video-preview":"max-video-preview:-1"},"canonical":"https:\/\/santapola.es\/ca\/santa-pola-capta-24-millones-de-euros-de-fondos-europeos-para-turismo-y-accesibilidad\/","og_locale":"ca_ES","og_type":"article","og_title":"Santa Pola capta 2,4 millones de euros de fondos europeos para turismo y accesibilidad - Ajuntament de Santa Pola","og_description":"Santa Pola est\u00e1 de enhorabuena. Este a\u00f1o, desde el \u00e1rea de Turismo del Ayuntamiento se han logrado 2 objetivos fundamentales: * el reconocimiento como MUNICIPIO TUR\u00cdSTICO DE RELEVANCIA * el PLAN DE SOSTENIBILIDAD \u201cSANTA POLA, Renaturalizaci\u00f3n, accesibilidad y gesti\u00f3n tur\u00edstica inteligente\u201d. &nbsp; La Conferencia Sectorial de Turismo aprob\u00f3 los proyectos beneficiarios de la II convocatoria [&hellip;]","og_url":"https:\/\/santapola.es\/ca\/santa-pola-capta-24-millones-de-euros-de-fondos-europeos-para-turismo-y-accesibilidad\/","og_site_name":"Ajuntament de Santa Pola","article_publisher":"https:\/\/www.facebook.com\/AyuntamientoSantaPola\/","article_published_time":"2023-01-03T08:36:38+00:00","article_modified_time":"2024-03-27T12:46:39+00:00","og_image":[{"width":1050,"height":344,"url":"https:\/\/santapola.es\/wp-content\/uploads\/2023\/01\/17661636d0529ea278305873091.jpg","type":"image\/jpeg"}],"author":"\u00c1rea Municipal Alcald\u00eda","twitter_card":"summary_large_image","twitter_creator":"@SantaPolaAyunt","twitter_site":"@SantaPolaAyunt","schema":{"@context":"https:\/\/schema.org","@graph":[{"@type":"Article","@id":"https:\/\/santapola.es\/ca\/santa-pola-capta-24-millones-de-euros-de-fondos-europeos-para-turismo-y-accesibilidad\/#article","isPartOf":{"@id":"https:\/\/santapola.es\/ca\/santa-pola-capta-24-millones-de-euros-de-fondos-europeos-para-turismo-y-accesibilidad\/"},"author":{"name":"\u00c1rea Municipal Alcald\u00eda","@id":"https:\/\/santapola.es\/ca\/#\/schema\/person\/c08381290b84c068e06ca5dc1f5a08a7"},"headline":"Santa Pola capta 2,4 millones de euros de fondos europeos para turismo y accesibilidad","datePublished":"2023-01-03T08:36:38+00:00","dateModified":"2024-03-27T12:46:39+00:00","mainEntityOfPage":{"@id":"https:\/\/santapola.es\/ca\/santa-pola-capta-24-millones-de-euros-de-fondos-europeos-para-turismo-y-accesibilidad\/"},"wordCount":258,"image":{"@id":"https:\/\/santapola.es\/ca\/santa-pola-capta-24-millones-de-euros-de-fondos-europeos-para-turismo-y-accesibilidad\/#primaryimage"},"thumbnailUrl":"https:\/\/santapola.es\/wp-content\/uploads\/2023\/01\/17661636d0529ea278305873091.jpg","articleSection":["Turismo"],"inLanguage":"ca"},{"@type":"WebPage","@id":"https:\/\/santapola.es\/ca\/santa-pola-capta-24-millones-de-euros-de-fondos-europeos-para-turismo-y-accesibilidad\/","url":"https:\/\/santapola.es\/ca\/santa-pola-capta-24-millones-de-euros-de-fondos-europeos-para-turismo-y-accesibilidad\/","name":"Santa Pola capta 2,4 millones de euros de fondos europeos para turismo y accesibilidad - Ajuntament de Santa Pola","isPartOf":{"@id":"https:\/\/santapola.es\/ca\/#website"},"primaryImageOfPage":{"@id":"https:\/\/santapola.es\/ca\/santa-pola-capta-24-millones-de-euros-de-fondos-europeos-para-turismo-y-accesibilidad\/#primaryimage"},"image":{"@id":"https:\/\/santapola.es\/ca\/santa-pola-capta-24-millones-de-euros-de-fondos-europeos-para-turismo-y-accesibilidad\/#primaryimage"},"thumbnailUrl":"https:\/\/santapola.es\/wp-content\/uploads\/2023\/01\/17661636d0529ea278305873091.jpg","datePublished":"2023-01-03T08:36:38+00:00","dateModified":"2024-03-27T12:46:39+00:00","author":{"@id":"https:\/\/santapola.es\/ca\/#\/schema\/person\/c08381290b84c068e06ca5dc1f5a08a7"},"breadcrumb":{"@id":"https:\/\/santapola.es\/ca\/santa-pola-capta-24-millones-de-euros-de-fondos-europeos-para-turismo-y-accesibilidad\/#breadcrumb"},"inLanguage":"ca","potentialAction":[{"@type":"ReadAction","target":["https:\/\/santapola.es\/ca\/santa-pola-capta-24-millones-de-euros-de-fondos-europeos-para-turismo-y-accesibilidad\/"]}]},{"@type":"ImageObject","inLanguage":"ca","@id":"https:\/\/santapola.es\/ca\/santa-pola-capta-24-millones-de-euros-de-fondos-europeos-para-turismo-y-accesibilidad\/#primaryimage","url":"https:\/\/santapola.es\/wp-content\/uploads\/2023\/01\/17661636d0529ea278305873091.jpg","contentUrl":"https:\/\/santapola.es\/wp-content\/uploads\/2023\/01\/17661636d0529ea278305873091.jpg","width":1050,"height":344},{"@type":"BreadcrumbList","@id":"https:\/\/santapola.es\/ca\/santa-pola-capta-24-millones-de-euros-de-fondos-europeos-para-turismo-y-accesibilidad\/#breadcrumb","itemListElement":[{"@type":"ListItem","position":1,"name":"Inici","item":"https:\/\/santapola.es\/ca\/"},{"@type":"ListItem","position":2,"name":"Santa Pola capta 2,4 millones de euros de fondos europeos para turismo y accesibilidad"}]},{"@type":"WebSite","@id":"https:\/\/santapola.es\/ca\/#website","url":"https:\/\/santapola.es\/ca\/","name":"Ayuntamiento de Santa Pola","description":"Web de l'Ajuntament de Santa Pola","potentialAction":[{"@type":"SearchAction","target":{"@type":"EntryPoint","urlTemplate":"https:\/\/santapola.es\/ca\/?s={search_term_string}"},"query-input":{"@type":"PropertyValueSpecification","valueRequired":true,"valueName":"search_term_string"}}],"inLanguage":"ca"},{"@type":"Person","@id":"https:\/\/santapola.es\/ca\/#\/schema\/person\/c08381290b84c068e06ca5dc1f5a08a7","name":"\u00c1rea Municipal Alcald\u00eda"}]}},"_links":{"self":[{"href":"https:\/\/santapola.es\/ca\/wp-json\/wp\/v2\/posts\/17017","targetHints":{"allow":["GET"]}}],"collection":[{"href":"https:\/\/santapola.es\/ca\/wp-json\/wp\/v2\/posts"}],"about":[{"href":"https:\/\/santapola.es\/ca\/wp-json\/wp\/v2\/types\/post"}],"author":[{"embeddable":true,"href":"https:\/\/santapola.es\/ca\/wp-json\/wp\/v2\/users\/75"}],"replies":[{"embeddable":true,"href":"https:\/\/santapola.es\/ca\/wp-json\/wp\/v2\/comments?post=17017"}],"version-history":[{"count":0,"href":"https:\/\/santapola.es\/ca\/wp-json\/wp\/v2\/posts\/17017\/revisions"}],"wp:featuredmedia":[{"embeddable":true,"href":"https:\/\/santapola.es\/ca\/wp-json\/wp\/v2\/media\/17018"}],"wp:attachment":[{"href":"https:\/\/santapola.es\/ca\/wp-json\/wp\/v2\/media?parent=17017"}],"wp:term":[{"taxonomy":"category","embeddable":true,"href":"https:\/\/santapola.es\/ca\/wp-json\/wp\/v2\/categories?post=17017"},{"taxonomy":"post_tag","embeddable":true,"href":"https:\/\/santapola.es\/ca\/wp-json\/wp\/v2\/tags?post=17017"}],"curies":[{"name":"wp","href":"https:\/\/api.w.org\/{rel}","templated":true}]}}