{"id":16936,"date":"2022-12-20T12:56:02","date_gmt":"2022-12-20T11:56:02","guid":{"rendered":"https:\/\/www.santapola.es\/?p=16936"},"modified":"2024-03-07T18:41:14","modified_gmt":"2024-03-07T17:41:14","slug":"aflora-una-cisterna-romana-en-santa-pola-con-mas-de-2-000-anos-de-antiguedad","status":"publish","type":"post","link":"https:\/\/santapola.es\/ca\/aflora-una-cisterna-romana-en-santa-pola-con-mas-de-2-000-anos-de-antiguedad\/","title":{"rendered":"Aflora una cisterna romana en Santa Pola con m\u00e1s de 2.000 a\u00f1os de antig\u00fcedad"},"content":{"rendered":"<ul>\n<li><u>Los arque\u00f3logos indican que podr\u00eda tratarse de la balsa de una f\u00e1brica romana de salazones<\/u><\/li>\n<\/ul>\n<p>&nbsp;<\/p>\n<p>Las obras de derribo del antiguo edificio de la Cruz Roja en la zona de Viguetas en Santa Pola han sacado a la luz una cisterna romana debajo del aljibe que se iba a proteger.<\/p>\n<p>&nbsp;<\/p>\n<p>La cisterna de unos 15 metros de profundidad podr\u00eda estar datada en el Alto Imperio Romano entre los siglos I y II, en el antiguo Portus Ilicitanus. La Alcalde de Santa Pola, Loreto Serrano que ya ha adelantado que se van a \u201cproteger y poner en valor el hallazgo\u201d, que podr\u00eda tratarse \u201cseg\u00fan indican los arque\u00f3logos de una balsa para una \u00a0antigua cetaria o f\u00e1brica de salazones en la zona, por lo que ser\u00edamos la \u00fanica ciudad con dos factor\u00edas en la misma\u00a0 zona\u201d.<\/p>\n<p>&nbsp;<\/p>\n<p>Por el momento, se va a realizar una protecci\u00f3n de emergencia de la zona. La directora del Museo del Mar, Mar\u00eda Jos\u00e9 Cerd\u00e0 subraya que \u201cayer tuvimos la inspecci\u00f3n del arque\u00f3logo de la Generalitat, que nos ha dado instrucciones de c\u00f3mo operar. Ahora, hay que conservar la estructura y la m\u00e1xima seguridad para las personas. Despu\u00e9s vallaremos la zona y la cerraremos, para que el a\u00f1o pr\u00f3ximo pongamos en marcha una campa\u00f1a de excavaciones para el conocimiento preciso del hallazgo y de la zona, y lo podamos poner en valor\u201d.<\/p>\n<p>&nbsp;<\/p>\n<p>Cerd\u00e0 destaca que durante el derribo del edificio y la limpieza del aljibe superior \u201cayer mismo sali\u00f3 a la luz un mortero que llama la atenci\u00f3n especial de los arque\u00f3logos. Es un mortero t\u00edpicamente romano utilizado en las construcciones hidr\u00e1ulicas. Recibimos la inspecci\u00f3n del hallazgo arqueol\u00f3gico del arque\u00f3logo inspector que se desplaza r\u00e1pidamente a Santa Pola dada la importancia de la noticia. La visita confirma nuestros datos. Nos hallamos ante una cisterna romana que est\u00e1 actuando de base sobre la que se construye el aljibe de \u00e9poca moderna (finales del S. XVIII o principios del S. XIX).<\/p>\n<p>Este hallazgo modifica la idea original de la intervenci\u00f3n estableciendo, seg\u00fan las directrices dadas por la Conselleria, todos los pasos necesarios para la protecci\u00f3n del Bien de Inter\u00e9s Cultural.<\/p>\n<p>Por este motivo, se van a plantear unas medidas de conservaci\u00f3n de urgencia del aljibe realizadas por expertos restauradores de bienes culturales y con la supervisi\u00f3n de la Direcci\u00f3n Territorial de Cultura. En esta intervenci\u00f3n concretamente se va a realizar el tapiado de todas las aberturas para proteger la seguridad y tambi\u00e9n la conservaci\u00f3n de los materiales del interior del aljibe, se va a realizar el rejuntado de la f\u00e1brica de mamposter\u00eda con mortero bastardo de cal en las partes m\u00e1s da\u00f1adas, se va a realizar la limpieza y protecci\u00f3n de la carpinter\u00eda existente.<\/p>\n<p>&nbsp;<\/p>\n<p><img loading=\"lazy\" decoding=\"async\" class=\"aligncenter size-large wp-image-16938\" src=\"https:\/\/santapola.es\/wp-content\/uploads\/2022\/12\/WhatsApp-Image-2022-12-20-at-12.29.48-1024x768.jpeg\" alt=\"\" width=\"1024\" height=\"768\" srcset=\"https:\/\/santapola.es\/wp-content\/uploads\/2022\/12\/WhatsApp-Image-2022-12-20-at-12.29.48-1024x768.jpeg 1024w, https:\/\/santapola.es\/wp-content\/uploads\/2022\/12\/WhatsApp-Image-2022-12-20-at-12.29.48-300x225.jpeg 300w, https:\/\/santapola.es\/wp-content\/uploads\/2022\/12\/WhatsApp-Image-2022-12-20-at-12.29.48-768x576.jpeg 768w, https:\/\/santapola.es\/wp-content\/uploads\/2022\/12\/WhatsApp-Image-2022-12-20-at-12.29.48-1536x1152.jpeg 1536w, https:\/\/santapola.es\/wp-content\/uploads\/2022\/12\/WhatsApp-Image-2022-12-20-at-12.29.48-510x382.jpeg 510w, https:\/\/santapola.es\/wp-content\/uploads\/2022\/12\/WhatsApp-Image-2022-12-20-at-12.29.48-1080x810.jpeg 1080w, https:\/\/santapola.es\/wp-content\/uploads\/2022\/12\/WhatsApp-Image-2022-12-20-at-12.29.48-610x458.jpeg 610w, https:\/\/santapola.es\/wp-content\/uploads\/2022\/12\/WhatsApp-Image-2022-12-20-at-12.29.48.jpeg 2048w\" sizes=\"(max-width: 1024px) 100vw, 1024px\" \/><\/p>\n<p>&nbsp;<\/p>\n<p>&nbsp;<\/p>\n<p>&nbsp;<\/p>\n<p>&nbsp;<\/p>\n","protected":false},"excerpt":{"rendered":"<p>Los arque\u00f3logos indican que podr\u00eda tratarse de la balsa de una f\u00e1brica romana de salazones &nbsp; Las obras de derribo del antiguo edificio de la Cruz Roja en la zona de Viguetas en Santa Pola han sacado a la luz una cisterna romana debajo del aljibe que se iba a proteger. &nbsp; La cisterna de [&hellip;]<\/p>\n","protected":false},"author":75,"featured_media":16937,"comment_status":"closed","ping_status":"closed","sticky":false,"template":"","format":"standard","meta":{"_et_pb_use_builder":"","_et_pb_old_content":"","_et_gb_content_width":"","footnotes":""},"categories":[66,54],"tags":[],"class_list":["post-16936","post","type-post","status-publish","format-standard","has-post-thumbnail","hentry","category-inicio","category-servicios-publicos-infraestructura-fomento-cementerios"],"yoast_head":"<!-- This site is optimized with the Yoast SEO plugin v27.4 - https:\/\/yoast.com\/product\/yoast-seo-wordpress\/ -->\n<title>Aflora una cisterna romana en Santa Pola con m\u00e1s de 2.000 a\u00f1os de antig\u00fcedad - Ajuntament de Santa Pola<\/title>\n<meta name=\"robots\" content=\"index, follow, max-snippet:-1, max-image-preview:large, max-video-preview:-1\" \/>\n<link rel=\"canonical\" href=\"https:\/\/santapola.es\/ca\/aflora-una-cisterna-romana-en-santa-pola-con-mas-de-2-000-anos-de-antiguedad\/\" \/>\n<meta property=\"og:locale\" content=\"ca_ES\" \/>\n<meta property=\"og:type\" content=\"article\" \/>\n<meta property=\"og:title\" content=\"Aflora una cisterna romana en Santa Pola con m\u00e1s de 2.000 a\u00f1os de antig\u00fcedad - Ajuntament de Santa Pola\" \/>\n<meta property=\"og:description\" content=\"Los arque\u00f3logos indican que podr\u00eda tratarse de la balsa de una f\u00e1brica romana de salazones &nbsp; Las obras de derribo del antiguo edificio de la Cruz Roja en la zona de Viguetas en Santa Pola han sacado a la luz una cisterna romana debajo del aljibe que se iba a proteger. &nbsp; La cisterna de [&hellip;]\" \/>\n<meta property=\"og:url\" content=\"https:\/\/santapola.es\/ca\/aflora-una-cisterna-romana-en-santa-pola-con-mas-de-2-000-anos-de-antiguedad\/\" \/>\n<meta property=\"og:site_name\" content=\"Ajuntament de Santa Pola\" \/>\n<meta property=\"article:publisher\" content=\"https:\/\/www.facebook.com\/AyuntamientoSantaPola\/\" \/>\n<meta property=\"article:published_time\" content=\"2022-12-20T11:56:02+00:00\" \/>\n<meta property=\"article:modified_time\" content=\"2024-03-07T17:41:14+00:00\" \/>\n<meta property=\"og:image\" content=\"https:\/\/santapola.es\/wp-content\/uploads\/2022\/12\/WhatsApp-Image-2022-12-20-at-12.29.41.jpeg\" \/>\n\t<meta property=\"og:image:width\" content=\"2048\" \/>\n\t<meta property=\"og:image:height\" content=\"1536\" \/>\n\t<meta property=\"og:image:type\" content=\"image\/jpeg\" \/>\n<meta name=\"author\" content=\"\u00c1rea Municipal Alcald\u00eda\" \/>\n<meta name=\"twitter:card\" content=\"summary_large_image\" \/>\n<meta name=\"twitter:creator\" content=\"@SantaPolaAyunt\" \/>\n<meta name=\"twitter:site\" content=\"@SantaPolaAyunt\" \/>\n<script type=\"application\/ld+json\" class=\"yoast-schema-graph\">{\"@context\":\"https:\\\/\\\/schema.org\",\"@graph\":[{\"@type\":\"Article\",\"@id\":\"https:\\\/\\\/santapola.es\\\/ca\\\/aflora-una-cisterna-romana-en-santa-pola-con-mas-de-2-000-anos-de-antiguedad\\\/#article\",\"isPartOf\":{\"@id\":\"https:\\\/\\\/santapola.es\\\/ca\\\/aflora-una-cisterna-romana-en-santa-pola-con-mas-de-2-000-anos-de-antiguedad\\\/\"},\"author\":{\"name\":\"\u00c1rea Municipal Alcald\u00eda\",\"@id\":\"https:\\\/\\\/santapola.es\\\/ca\\\/#\\\/schema\\\/person\\\/c08381290b84c068e06ca5dc1f5a08a7\"},\"headline\":\"Aflora una cisterna romana en Santa Pola con m\u00e1s de 2.000 a\u00f1os de antig\u00fcedad\",\"datePublished\":\"2022-12-20T11:56:02+00:00\",\"dateModified\":\"2024-03-07T17:41:14+00:00\",\"mainEntityOfPage\":{\"@id\":\"https:\\\/\\\/santapola.es\\\/ca\\\/aflora-una-cisterna-romana-en-santa-pola-con-mas-de-2-000-anos-de-antiguedad\\\/\"},\"wordCount\":512,\"image\":{\"@id\":\"https:\\\/\\\/santapola.es\\\/ca\\\/aflora-una-cisterna-romana-en-santa-pola-con-mas-de-2-000-anos-de-antiguedad\\\/#primaryimage\"},\"thumbnailUrl\":\"https:\\\/\\\/santapola.es\\\/wp-content\\\/uploads\\\/2022\\\/12\\\/WhatsApp-Image-2022-12-20-at-12.29.41.jpeg\",\"articleSection\":[\"Inicio\",\"Servicios p\u00fablicos \\\/ infraestructura \\\/ fomento \\\/ cementerios\"],\"inLanguage\":\"ca\"},{\"@type\":\"WebPage\",\"@id\":\"https:\\\/\\\/santapola.es\\\/ca\\\/aflora-una-cisterna-romana-en-santa-pola-con-mas-de-2-000-anos-de-antiguedad\\\/\",\"url\":\"https:\\\/\\\/santapola.es\\\/ca\\\/aflora-una-cisterna-romana-en-santa-pola-con-mas-de-2-000-anos-de-antiguedad\\\/\",\"name\":\"Aflora una cisterna romana en Santa Pola con m\u00e1s de 2.000 a\u00f1os de antig\u00fcedad - Ajuntament de Santa Pola\",\"isPartOf\":{\"@id\":\"https:\\\/\\\/santapola.es\\\/ca\\\/#website\"},\"primaryImageOfPage\":{\"@id\":\"https:\\\/\\\/santapola.es\\\/ca\\\/aflora-una-cisterna-romana-en-santa-pola-con-mas-de-2-000-anos-de-antiguedad\\\/#primaryimage\"},\"image\":{\"@id\":\"https:\\\/\\\/santapola.es\\\/ca\\\/aflora-una-cisterna-romana-en-santa-pola-con-mas-de-2-000-anos-de-antiguedad\\\/#primaryimage\"},\"thumbnailUrl\":\"https:\\\/\\\/santapola.es\\\/wp-content\\\/uploads\\\/2022\\\/12\\\/WhatsApp-Image-2022-12-20-at-12.29.41.jpeg\",\"datePublished\":\"2022-12-20T11:56:02+00:00\",\"dateModified\":\"2024-03-07T17:41:14+00:00\",\"author\":{\"@id\":\"https:\\\/\\\/santapola.es\\\/ca\\\/#\\\/schema\\\/person\\\/c08381290b84c068e06ca5dc1f5a08a7\"},\"breadcrumb\":{\"@id\":\"https:\\\/\\\/santapola.es\\\/ca\\\/aflora-una-cisterna-romana-en-santa-pola-con-mas-de-2-000-anos-de-antiguedad\\\/#breadcrumb\"},\"inLanguage\":\"ca\",\"potentialAction\":[{\"@type\":\"ReadAction\",\"target\":[\"https:\\\/\\\/santapola.es\\\/ca\\\/aflora-una-cisterna-romana-en-santa-pola-con-mas-de-2-000-anos-de-antiguedad\\\/\"]}]},{\"@type\":\"ImageObject\",\"inLanguage\":\"ca\",\"@id\":\"https:\\\/\\\/santapola.es\\\/ca\\\/aflora-una-cisterna-romana-en-santa-pola-con-mas-de-2-000-anos-de-antiguedad\\\/#primaryimage\",\"url\":\"https:\\\/\\\/santapola.es\\\/wp-content\\\/uploads\\\/2022\\\/12\\\/WhatsApp-Image-2022-12-20-at-12.29.41.jpeg\",\"contentUrl\":\"https:\\\/\\\/santapola.es\\\/wp-content\\\/uploads\\\/2022\\\/12\\\/WhatsApp-Image-2022-12-20-at-12.29.41.jpeg\",\"width\":2048,\"height\":1536},{\"@type\":\"BreadcrumbList\",\"@id\":\"https:\\\/\\\/santapola.es\\\/ca\\\/aflora-una-cisterna-romana-en-santa-pola-con-mas-de-2-000-anos-de-antiguedad\\\/#breadcrumb\",\"itemListElement\":[{\"@type\":\"ListItem\",\"position\":1,\"name\":\"Inici\",\"item\":\"https:\\\/\\\/santapola.es\\\/ca\\\/\"},{\"@type\":\"ListItem\",\"position\":2,\"name\":\"Aflora una cisterna romana en Santa Pola con m\u00e1s de 2.000 a\u00f1os de antig\u00fcedad\"}]},{\"@type\":\"WebSite\",\"@id\":\"https:\\\/\\\/santapola.es\\\/ca\\\/#website\",\"url\":\"https:\\\/\\\/santapola.es\\\/ca\\\/\",\"name\":\"Ayuntamiento de Santa Pola\",\"description\":\"Web de l'Ajuntament de Santa Pola\",\"potentialAction\":[{\"@type\":\"SearchAction\",\"target\":{\"@type\":\"EntryPoint\",\"urlTemplate\":\"https:\\\/\\\/santapola.es\\\/ca\\\/?s={search_term_string}\"},\"query-input\":{\"@type\":\"PropertyValueSpecification\",\"valueRequired\":true,\"valueName\":\"search_term_string\"}}],\"inLanguage\":\"ca\"},{\"@type\":\"Person\",\"@id\":\"https:\\\/\\\/santapola.es\\\/ca\\\/#\\\/schema\\\/person\\\/c08381290b84c068e06ca5dc1f5a08a7\",\"name\":\"\u00c1rea Municipal Alcald\u00eda\"}]}<\/script>\n<!-- \/ Yoast SEO plugin. -->","yoast_head_json":{"title":"Aflora una cisterna romana en Santa Pola con m\u00e1s de 2.000 a\u00f1os de antig\u00fcedad - Ajuntament de Santa Pola","robots":{"index":"index","follow":"follow","max-snippet":"max-snippet:-1","max-image-preview":"max-image-preview:large","max-video-preview":"max-video-preview:-1"},"canonical":"https:\/\/santapola.es\/ca\/aflora-una-cisterna-romana-en-santa-pola-con-mas-de-2-000-anos-de-antiguedad\/","og_locale":"ca_ES","og_type":"article","og_title":"Aflora una cisterna romana en Santa Pola con m\u00e1s de 2.000 a\u00f1os de antig\u00fcedad - Ajuntament de Santa Pola","og_description":"Los arque\u00f3logos indican que podr\u00eda tratarse de la balsa de una f\u00e1brica romana de salazones &nbsp; Las obras de derribo del antiguo edificio de la Cruz Roja en la zona de Viguetas en Santa Pola han sacado a la luz una cisterna romana debajo del aljibe que se iba a proteger. &nbsp; La cisterna de [&hellip;]","og_url":"https:\/\/santapola.es\/ca\/aflora-una-cisterna-romana-en-santa-pola-con-mas-de-2-000-anos-de-antiguedad\/","og_site_name":"Ajuntament de Santa Pola","article_publisher":"https:\/\/www.facebook.com\/AyuntamientoSantaPola\/","article_published_time":"2022-12-20T11:56:02+00:00","article_modified_time":"2024-03-07T17:41:14+00:00","og_image":[{"width":2048,"height":1536,"url":"https:\/\/santapola.es\/wp-content\/uploads\/2022\/12\/WhatsApp-Image-2022-12-20-at-12.29.41.jpeg","type":"image\/jpeg"}],"author":"\u00c1rea Municipal Alcald\u00eda","twitter_card":"summary_large_image","twitter_creator":"@SantaPolaAyunt","twitter_site":"@SantaPolaAyunt","schema":{"@context":"https:\/\/schema.org","@graph":[{"@type":"Article","@id":"https:\/\/santapola.es\/ca\/aflora-una-cisterna-romana-en-santa-pola-con-mas-de-2-000-anos-de-antiguedad\/#article","isPartOf":{"@id":"https:\/\/santapola.es\/ca\/aflora-una-cisterna-romana-en-santa-pola-con-mas-de-2-000-anos-de-antiguedad\/"},"author":{"name":"\u00c1rea Municipal Alcald\u00eda","@id":"https:\/\/santapola.es\/ca\/#\/schema\/person\/c08381290b84c068e06ca5dc1f5a08a7"},"headline":"Aflora una cisterna romana en Santa Pola con m\u00e1s de 2.000 a\u00f1os de antig\u00fcedad","datePublished":"2022-12-20T11:56:02+00:00","dateModified":"2024-03-07T17:41:14+00:00","mainEntityOfPage":{"@id":"https:\/\/santapola.es\/ca\/aflora-una-cisterna-romana-en-santa-pola-con-mas-de-2-000-anos-de-antiguedad\/"},"wordCount":512,"image":{"@id":"https:\/\/santapola.es\/ca\/aflora-una-cisterna-romana-en-santa-pola-con-mas-de-2-000-anos-de-antiguedad\/#primaryimage"},"thumbnailUrl":"https:\/\/santapola.es\/wp-content\/uploads\/2022\/12\/WhatsApp-Image-2022-12-20-at-12.29.41.jpeg","articleSection":["Inicio","Servicios p\u00fablicos \/ infraestructura \/ fomento \/ cementerios"],"inLanguage":"ca"},{"@type":"WebPage","@id":"https:\/\/santapola.es\/ca\/aflora-una-cisterna-romana-en-santa-pola-con-mas-de-2-000-anos-de-antiguedad\/","url":"https:\/\/santapola.es\/ca\/aflora-una-cisterna-romana-en-santa-pola-con-mas-de-2-000-anos-de-antiguedad\/","name":"Aflora una cisterna romana en Santa Pola con m\u00e1s de 2.000 a\u00f1os de antig\u00fcedad - Ajuntament de Santa Pola","isPartOf":{"@id":"https:\/\/santapola.es\/ca\/#website"},"primaryImageOfPage":{"@id":"https:\/\/santapola.es\/ca\/aflora-una-cisterna-romana-en-santa-pola-con-mas-de-2-000-anos-de-antiguedad\/#primaryimage"},"image":{"@id":"https:\/\/santapola.es\/ca\/aflora-una-cisterna-romana-en-santa-pola-con-mas-de-2-000-anos-de-antiguedad\/#primaryimage"},"thumbnailUrl":"https:\/\/santapola.es\/wp-content\/uploads\/2022\/12\/WhatsApp-Image-2022-12-20-at-12.29.41.jpeg","datePublished":"2022-12-20T11:56:02+00:00","dateModified":"2024-03-07T17:41:14+00:00","author":{"@id":"https:\/\/santapola.es\/ca\/#\/schema\/person\/c08381290b84c068e06ca5dc1f5a08a7"},"breadcrumb":{"@id":"https:\/\/santapola.es\/ca\/aflora-una-cisterna-romana-en-santa-pola-con-mas-de-2-000-anos-de-antiguedad\/#breadcrumb"},"inLanguage":"ca","potentialAction":[{"@type":"ReadAction","target":["https:\/\/santapola.es\/ca\/aflora-una-cisterna-romana-en-santa-pola-con-mas-de-2-000-anos-de-antiguedad\/"]}]},{"@type":"ImageObject","inLanguage":"ca","@id":"https:\/\/santapola.es\/ca\/aflora-una-cisterna-romana-en-santa-pola-con-mas-de-2-000-anos-de-antiguedad\/#primaryimage","url":"https:\/\/santapola.es\/wp-content\/uploads\/2022\/12\/WhatsApp-Image-2022-12-20-at-12.29.41.jpeg","contentUrl":"https:\/\/santapola.es\/wp-content\/uploads\/2022\/12\/WhatsApp-Image-2022-12-20-at-12.29.41.jpeg","width":2048,"height":1536},{"@type":"BreadcrumbList","@id":"https:\/\/santapola.es\/ca\/aflora-una-cisterna-romana-en-santa-pola-con-mas-de-2-000-anos-de-antiguedad\/#breadcrumb","itemListElement":[{"@type":"ListItem","position":1,"name":"Inici","item":"https:\/\/santapola.es\/ca\/"},{"@type":"ListItem","position":2,"name":"Aflora una cisterna romana en Santa Pola con m\u00e1s de 2.000 a\u00f1os de antig\u00fcedad"}]},{"@type":"WebSite","@id":"https:\/\/santapola.es\/ca\/#website","url":"https:\/\/santapola.es\/ca\/","name":"Ayuntamiento de Santa Pola","description":"Web de l'Ajuntament de Santa Pola","potentialAction":[{"@type":"SearchAction","target":{"@type":"EntryPoint","urlTemplate":"https:\/\/santapola.es\/ca\/?s={search_term_string}"},"query-input":{"@type":"PropertyValueSpecification","valueRequired":true,"valueName":"search_term_string"}}],"inLanguage":"ca"},{"@type":"Person","@id":"https:\/\/santapola.es\/ca\/#\/schema\/person\/c08381290b84c068e06ca5dc1f5a08a7","name":"\u00c1rea Municipal Alcald\u00eda"}]}},"_links":{"self":[{"href":"https:\/\/santapola.es\/ca\/wp-json\/wp\/v2\/posts\/16936","targetHints":{"allow":["GET"]}}],"collection":[{"href":"https:\/\/santapola.es\/ca\/wp-json\/wp\/v2\/posts"}],"about":[{"href":"https:\/\/santapola.es\/ca\/wp-json\/wp\/v2\/types\/post"}],"author":[{"embeddable":true,"href":"https:\/\/santapola.es\/ca\/wp-json\/wp\/v2\/users\/75"}],"replies":[{"embeddable":true,"href":"https:\/\/santapola.es\/ca\/wp-json\/wp\/v2\/comments?post=16936"}],"version-history":[{"count":0,"href":"https:\/\/santapola.es\/ca\/wp-json\/wp\/v2\/posts\/16936\/revisions"}],"wp:featuredmedia":[{"embeddable":true,"href":"https:\/\/santapola.es\/ca\/wp-json\/wp\/v2\/media\/16937"}],"wp:attachment":[{"href":"https:\/\/santapola.es\/ca\/wp-json\/wp\/v2\/media?parent=16936"}],"wp:term":[{"taxonomy":"category","embeddable":true,"href":"https:\/\/santapola.es\/ca\/wp-json\/wp\/v2\/categories?post=16936"},{"taxonomy":"post_tag","embeddable":true,"href":"https:\/\/santapola.es\/ca\/wp-json\/wp\/v2\/tags?post=16936"}],"curies":[{"name":"wp","href":"https:\/\/api.w.org\/{rel}","templated":true}]}}