{"id":16915,"date":"2022-12-14T11:17:02","date_gmt":"2022-12-14T10:17:02","guid":{"rendered":"https:\/\/www.santapola.es\/?p=16915"},"modified":"2024-03-07T18:41:13","modified_gmt":"2024-03-07T17:41:13","slug":"derribo-del-edificio-de-cruz-roja","status":"publish","type":"post","link":"https:\/\/santapola.es\/ca\/derribo-del-edificio-de-cruz-roja\/","title":{"rendered":"Derribo del edificio de Cruz Roja"},"content":{"rendered":"<p>Se ha ejecutado parte del derribo del antiguo edificio de la Cruz Roja, junto al mercado de Viguetas, por un importe total de 33.914 euros.<\/p>\n<p>El edificio estuvo ocupado antiguamente por la Cruz Roja y se encontraba en desuso desde el traslado de la asociaci\u00f3n. El Ayuntamiento ha procedido al derrumbe del edificio, con el desmontaje previo del fibrocemento que recubre el techo.<\/p>\n<p>La concejal de Infraestructuras, Trini Ortiz indica que\u00a0 &#8220;Es una obra delicada ya que primero hemos desmontado\u00a0 el fibrocemento y tenemos que proteger el aljibe de principios del S.XX que hay bajo el edificio.<\/p>\n<p>El aljibe que hab\u00eda en su interior se proteger\u00e1 y se pondr\u00e1 en valor, a trav\u00e9s de un proyecto que est\u00e1 desarrollando el Museo del Mar por hallarse en una zona arqueol\u00f3gica. La superficie a derruir es de 417m2 y ocupa un volumen de 1.375 metros c\u00fabicos.<\/p>\n","protected":false},"excerpt":{"rendered":"<p>Se ha ejecutado parte del derribo del antiguo edificio de la Cruz Roja, junto al mercado de Viguetas, por un importe total de 33.914 euros. El edificio estuvo ocupado antiguamente por la Cruz Roja y se encontraba en desuso desde el traslado de la asociaci\u00f3n. El Ayuntamiento ha procedido al derrumbe del edificio, con el [&hellip;]<\/p>\n","protected":false},"author":75,"featured_media":16916,"comment_status":"closed","ping_status":"closed","sticky":false,"template":"","format":"standard","meta":{"_et_pb_use_builder":"","_et_pb_old_content":"","_et_gb_content_width":"","footnotes":""},"categories":[66,54],"tags":[],"class_list":["post-16915","post","type-post","status-publish","format-standard","has-post-thumbnail","hentry","category-inicio","category-servicios-publicos-infraestructura-fomento-cementerios"],"yoast_head":"<!-- This site is optimized with the Yoast SEO plugin v27.4 - https:\/\/yoast.com\/product\/yoast-seo-wordpress\/ -->\n<title>Derribo del edificio de Cruz Roja - Ajuntament de Santa Pola<\/title>\n<meta name=\"robots\" content=\"index, follow, max-snippet:-1, max-image-preview:large, max-video-preview:-1\" \/>\n<link rel=\"canonical\" href=\"https:\/\/santapola.es\/ca\/derribo-del-edificio-de-cruz-roja\/\" \/>\n<meta property=\"og:locale\" content=\"ca_ES\" \/>\n<meta property=\"og:type\" content=\"article\" \/>\n<meta property=\"og:title\" content=\"Derribo del edificio de Cruz Roja - Ajuntament de Santa Pola\" \/>\n<meta property=\"og:description\" content=\"Se ha ejecutado parte del derribo del antiguo edificio de la Cruz Roja, junto al mercado de Viguetas, por un importe total de 33.914 euros. El edificio estuvo ocupado antiguamente por la Cruz Roja y se encontraba en desuso desde el traslado de la asociaci\u00f3n. El Ayuntamiento ha procedido al derrumbe del edificio, con el [&hellip;]\" \/>\n<meta property=\"og:url\" content=\"https:\/\/santapola.es\/ca\/derribo-del-edificio-de-cruz-roja\/\" \/>\n<meta property=\"og:site_name\" content=\"Ajuntament de Santa Pola\" \/>\n<meta property=\"article:publisher\" content=\"https:\/\/www.facebook.com\/AyuntamientoSantaPola\/\" \/>\n<meta property=\"article:published_time\" content=\"2022-12-14T10:17:02+00:00\" \/>\n<meta property=\"article:modified_time\" content=\"2024-03-07T17:41:13+00:00\" \/>\n<meta property=\"og:image\" content=\"https:\/\/santapola.es\/wp-content\/uploads\/2022\/12\/WhatsApp-Image-2022-12-13-at-12.59.40-1.jpeg\" \/>\n\t<meta property=\"og:image:width\" content=\"1599\" \/>\n\t<meta property=\"og:image:height\" content=\"899\" \/>\n\t<meta property=\"og:image:type\" content=\"image\/jpeg\" \/>\n<meta name=\"author\" content=\"\u00c1rea Municipal Alcald\u00eda\" \/>\n<meta name=\"twitter:card\" content=\"summary_large_image\" \/>\n<meta name=\"twitter:creator\" content=\"@SantaPolaAyunt\" \/>\n<meta name=\"twitter:site\" content=\"@SantaPolaAyunt\" \/>\n<script type=\"application\/ld+json\" class=\"yoast-schema-graph\">{\"@context\":\"https:\\\/\\\/schema.org\",\"@graph\":[{\"@type\":\"Article\",\"@id\":\"https:\\\/\\\/santapola.es\\\/ca\\\/derribo-del-edificio-de-cruz-roja\\\/#article\",\"isPartOf\":{\"@id\":\"https:\\\/\\\/santapola.es\\\/ca\\\/derribo-del-edificio-de-cruz-roja\\\/\"},\"author\":{\"name\":\"\u00c1rea Municipal Alcald\u00eda\",\"@id\":\"https:\\\/\\\/santapola.es\\\/ca\\\/#\\\/schema\\\/person\\\/c08381290b84c068e06ca5dc1f5a08a7\"},\"headline\":\"Derribo del edificio de Cruz Roja\",\"datePublished\":\"2022-12-14T10:17:02+00:00\",\"dateModified\":\"2024-03-07T17:41:13+00:00\",\"mainEntityOfPage\":{\"@id\":\"https:\\\/\\\/santapola.es\\\/ca\\\/derribo-del-edificio-de-cruz-roja\\\/\"},\"wordCount\":154,\"image\":{\"@id\":\"https:\\\/\\\/santapola.es\\\/ca\\\/derribo-del-edificio-de-cruz-roja\\\/#primaryimage\"},\"thumbnailUrl\":\"https:\\\/\\\/santapola.es\\\/wp-content\\\/uploads\\\/2022\\\/12\\\/WhatsApp-Image-2022-12-13-at-12.59.40-1.jpeg\",\"articleSection\":[\"Inicio\",\"Servicios p\u00fablicos \\\/ infraestructura \\\/ fomento \\\/ cementerios\"],\"inLanguage\":\"ca\"},{\"@type\":\"WebPage\",\"@id\":\"https:\\\/\\\/santapola.es\\\/ca\\\/derribo-del-edificio-de-cruz-roja\\\/\",\"url\":\"https:\\\/\\\/santapola.es\\\/ca\\\/derribo-del-edificio-de-cruz-roja\\\/\",\"name\":\"Derribo del edificio de Cruz Roja - Ajuntament de Santa Pola\",\"isPartOf\":{\"@id\":\"https:\\\/\\\/santapola.es\\\/ca\\\/#website\"},\"primaryImageOfPage\":{\"@id\":\"https:\\\/\\\/santapola.es\\\/ca\\\/derribo-del-edificio-de-cruz-roja\\\/#primaryimage\"},\"image\":{\"@id\":\"https:\\\/\\\/santapola.es\\\/ca\\\/derribo-del-edificio-de-cruz-roja\\\/#primaryimage\"},\"thumbnailUrl\":\"https:\\\/\\\/santapola.es\\\/wp-content\\\/uploads\\\/2022\\\/12\\\/WhatsApp-Image-2022-12-13-at-12.59.40-1.jpeg\",\"datePublished\":\"2022-12-14T10:17:02+00:00\",\"dateModified\":\"2024-03-07T17:41:13+00:00\",\"author\":{\"@id\":\"https:\\\/\\\/santapola.es\\\/ca\\\/#\\\/schema\\\/person\\\/c08381290b84c068e06ca5dc1f5a08a7\"},\"breadcrumb\":{\"@id\":\"https:\\\/\\\/santapola.es\\\/ca\\\/derribo-del-edificio-de-cruz-roja\\\/#breadcrumb\"},\"inLanguage\":\"ca\",\"potentialAction\":[{\"@type\":\"ReadAction\",\"target\":[\"https:\\\/\\\/santapola.es\\\/ca\\\/derribo-del-edificio-de-cruz-roja\\\/\"]}]},{\"@type\":\"ImageObject\",\"inLanguage\":\"ca\",\"@id\":\"https:\\\/\\\/santapola.es\\\/ca\\\/derribo-del-edificio-de-cruz-roja\\\/#primaryimage\",\"url\":\"https:\\\/\\\/santapola.es\\\/wp-content\\\/uploads\\\/2022\\\/12\\\/WhatsApp-Image-2022-12-13-at-12.59.40-1.jpeg\",\"contentUrl\":\"https:\\\/\\\/santapola.es\\\/wp-content\\\/uploads\\\/2022\\\/12\\\/WhatsApp-Image-2022-12-13-at-12.59.40-1.jpeg\",\"width\":1599,\"height\":899},{\"@type\":\"BreadcrumbList\",\"@id\":\"https:\\\/\\\/santapola.es\\\/ca\\\/derribo-del-edificio-de-cruz-roja\\\/#breadcrumb\",\"itemListElement\":[{\"@type\":\"ListItem\",\"position\":1,\"name\":\"Inici\",\"item\":\"https:\\\/\\\/santapola.es\\\/ca\\\/\"},{\"@type\":\"ListItem\",\"position\":2,\"name\":\"Derribo del edificio de Cruz Roja\"}]},{\"@type\":\"WebSite\",\"@id\":\"https:\\\/\\\/santapola.es\\\/ca\\\/#website\",\"url\":\"https:\\\/\\\/santapola.es\\\/ca\\\/\",\"name\":\"Ayuntamiento de Santa Pola\",\"description\":\"Web de l'Ajuntament de Santa Pola\",\"potentialAction\":[{\"@type\":\"SearchAction\",\"target\":{\"@type\":\"EntryPoint\",\"urlTemplate\":\"https:\\\/\\\/santapola.es\\\/ca\\\/?s={search_term_string}\"},\"query-input\":{\"@type\":\"PropertyValueSpecification\",\"valueRequired\":true,\"valueName\":\"search_term_string\"}}],\"inLanguage\":\"ca\"},{\"@type\":\"Person\",\"@id\":\"https:\\\/\\\/santapola.es\\\/ca\\\/#\\\/schema\\\/person\\\/c08381290b84c068e06ca5dc1f5a08a7\",\"name\":\"\u00c1rea Municipal Alcald\u00eda\"}]}<\/script>\n<!-- \/ Yoast SEO plugin. -->","yoast_head_json":{"title":"Derribo del edificio de Cruz Roja - Ajuntament de Santa Pola","robots":{"index":"index","follow":"follow","max-snippet":"max-snippet:-1","max-image-preview":"max-image-preview:large","max-video-preview":"max-video-preview:-1"},"canonical":"https:\/\/santapola.es\/ca\/derribo-del-edificio-de-cruz-roja\/","og_locale":"ca_ES","og_type":"article","og_title":"Derribo del edificio de Cruz Roja - Ajuntament de Santa Pola","og_description":"Se ha ejecutado parte del derribo del antiguo edificio de la Cruz Roja, junto al mercado de Viguetas, por un importe total de 33.914 euros. El edificio estuvo ocupado antiguamente por la Cruz Roja y se encontraba en desuso desde el traslado de la asociaci\u00f3n. El Ayuntamiento ha procedido al derrumbe del edificio, con el [&hellip;]","og_url":"https:\/\/santapola.es\/ca\/derribo-del-edificio-de-cruz-roja\/","og_site_name":"Ajuntament de Santa Pola","article_publisher":"https:\/\/www.facebook.com\/AyuntamientoSantaPola\/","article_published_time":"2022-12-14T10:17:02+00:00","article_modified_time":"2024-03-07T17:41:13+00:00","og_image":[{"width":1599,"height":899,"url":"https:\/\/santapola.es\/wp-content\/uploads\/2022\/12\/WhatsApp-Image-2022-12-13-at-12.59.40-1.jpeg","type":"image\/jpeg"}],"author":"\u00c1rea Municipal Alcald\u00eda","twitter_card":"summary_large_image","twitter_creator":"@SantaPolaAyunt","twitter_site":"@SantaPolaAyunt","schema":{"@context":"https:\/\/schema.org","@graph":[{"@type":"Article","@id":"https:\/\/santapola.es\/ca\/derribo-del-edificio-de-cruz-roja\/#article","isPartOf":{"@id":"https:\/\/santapola.es\/ca\/derribo-del-edificio-de-cruz-roja\/"},"author":{"name":"\u00c1rea Municipal Alcald\u00eda","@id":"https:\/\/santapola.es\/ca\/#\/schema\/person\/c08381290b84c068e06ca5dc1f5a08a7"},"headline":"Derribo del edificio de Cruz Roja","datePublished":"2022-12-14T10:17:02+00:00","dateModified":"2024-03-07T17:41:13+00:00","mainEntityOfPage":{"@id":"https:\/\/santapola.es\/ca\/derribo-del-edificio-de-cruz-roja\/"},"wordCount":154,"image":{"@id":"https:\/\/santapola.es\/ca\/derribo-del-edificio-de-cruz-roja\/#primaryimage"},"thumbnailUrl":"https:\/\/santapola.es\/wp-content\/uploads\/2022\/12\/WhatsApp-Image-2022-12-13-at-12.59.40-1.jpeg","articleSection":["Inicio","Servicios p\u00fablicos \/ infraestructura \/ fomento \/ cementerios"],"inLanguage":"ca"},{"@type":"WebPage","@id":"https:\/\/santapola.es\/ca\/derribo-del-edificio-de-cruz-roja\/","url":"https:\/\/santapola.es\/ca\/derribo-del-edificio-de-cruz-roja\/","name":"Derribo del edificio de Cruz Roja - Ajuntament de Santa Pola","isPartOf":{"@id":"https:\/\/santapola.es\/ca\/#website"},"primaryImageOfPage":{"@id":"https:\/\/santapola.es\/ca\/derribo-del-edificio-de-cruz-roja\/#primaryimage"},"image":{"@id":"https:\/\/santapola.es\/ca\/derribo-del-edificio-de-cruz-roja\/#primaryimage"},"thumbnailUrl":"https:\/\/santapola.es\/wp-content\/uploads\/2022\/12\/WhatsApp-Image-2022-12-13-at-12.59.40-1.jpeg","datePublished":"2022-12-14T10:17:02+00:00","dateModified":"2024-03-07T17:41:13+00:00","author":{"@id":"https:\/\/santapola.es\/ca\/#\/schema\/person\/c08381290b84c068e06ca5dc1f5a08a7"},"breadcrumb":{"@id":"https:\/\/santapola.es\/ca\/derribo-del-edificio-de-cruz-roja\/#breadcrumb"},"inLanguage":"ca","potentialAction":[{"@type":"ReadAction","target":["https:\/\/santapola.es\/ca\/derribo-del-edificio-de-cruz-roja\/"]}]},{"@type":"ImageObject","inLanguage":"ca","@id":"https:\/\/santapola.es\/ca\/derribo-del-edificio-de-cruz-roja\/#primaryimage","url":"https:\/\/santapola.es\/wp-content\/uploads\/2022\/12\/WhatsApp-Image-2022-12-13-at-12.59.40-1.jpeg","contentUrl":"https:\/\/santapola.es\/wp-content\/uploads\/2022\/12\/WhatsApp-Image-2022-12-13-at-12.59.40-1.jpeg","width":1599,"height":899},{"@type":"BreadcrumbList","@id":"https:\/\/santapola.es\/ca\/derribo-del-edificio-de-cruz-roja\/#breadcrumb","itemListElement":[{"@type":"ListItem","position":1,"name":"Inici","item":"https:\/\/santapola.es\/ca\/"},{"@type":"ListItem","position":2,"name":"Derribo del edificio de Cruz Roja"}]},{"@type":"WebSite","@id":"https:\/\/santapola.es\/ca\/#website","url":"https:\/\/santapola.es\/ca\/","name":"Ayuntamiento de Santa Pola","description":"Web de l'Ajuntament de Santa Pola","potentialAction":[{"@type":"SearchAction","target":{"@type":"EntryPoint","urlTemplate":"https:\/\/santapola.es\/ca\/?s={search_term_string}"},"query-input":{"@type":"PropertyValueSpecification","valueRequired":true,"valueName":"search_term_string"}}],"inLanguage":"ca"},{"@type":"Person","@id":"https:\/\/santapola.es\/ca\/#\/schema\/person\/c08381290b84c068e06ca5dc1f5a08a7","name":"\u00c1rea Municipal Alcald\u00eda"}]}},"_links":{"self":[{"href":"https:\/\/santapola.es\/ca\/wp-json\/wp\/v2\/posts\/16915","targetHints":{"allow":["GET"]}}],"collection":[{"href":"https:\/\/santapola.es\/ca\/wp-json\/wp\/v2\/posts"}],"about":[{"href":"https:\/\/santapola.es\/ca\/wp-json\/wp\/v2\/types\/post"}],"author":[{"embeddable":true,"href":"https:\/\/santapola.es\/ca\/wp-json\/wp\/v2\/users\/75"}],"replies":[{"embeddable":true,"href":"https:\/\/santapola.es\/ca\/wp-json\/wp\/v2\/comments?post=16915"}],"version-history":[{"count":0,"href":"https:\/\/santapola.es\/ca\/wp-json\/wp\/v2\/posts\/16915\/revisions"}],"wp:featuredmedia":[{"embeddable":true,"href":"https:\/\/santapola.es\/ca\/wp-json\/wp\/v2\/media\/16916"}],"wp:attachment":[{"href":"https:\/\/santapola.es\/ca\/wp-json\/wp\/v2\/media?parent=16915"}],"wp:term":[{"taxonomy":"category","embeddable":true,"href":"https:\/\/santapola.es\/ca\/wp-json\/wp\/v2\/categories?post=16915"},{"taxonomy":"post_tag","embeddable":true,"href":"https:\/\/santapola.es\/ca\/wp-json\/wp\/v2\/tags?post=16915"}],"curies":[{"name":"wp","href":"https:\/\/api.w.org\/{rel}","templated":true}]}}