{"id":16788,"date":"2022-11-22T11:33:05","date_gmt":"2022-11-22T10:33:05","guid":{"rendered":"https:\/\/www.santapola.es\/?p=16788"},"modified":"2024-03-07T18:41:11","modified_gmt":"2024-03-07T17:41:11","slug":"el-pleno-extraordinario-inicia-los-tramites-para-licitar-el-pliego-de-eficiencia-energetica-por-15-anos-y-175-millones-de-euros","status":"publish","type":"post","link":"https:\/\/santapola.es\/ca\/el-pleno-extraordinario-inicia-los-tramites-para-licitar-el-pliego-de-eficiencia-energetica-por-15-anos-y-175-millones-de-euros\/","title":{"rendered":"El Pleno extraordinario inicia los tr\u00e1mites para licitar el pliego de eficiencia energ\u00e9tica por 15 a\u00f1os y 17,5 millones de euros"},"content":{"rendered":"<p>El Pleno extraordinario del Ayuntamiento de Santa Pola ha aprobado esta semana el inicio del expediente de licitaci\u00f3n para la contrataci\u00f3n de los servicios energ\u00e9ticos y mantenimiento, con garant\u00eda total, de las instalaciones\u00a0 de alumbrado exterior, sem\u00e1foros y dispositivos Smart City.<\/p>\n<p>&nbsp;<\/p>\n<p>La duraci\u00f3n del contrato ser\u00e1 de 15 a\u00f1os, con un presupuesto base de licitaci\u00f3n 17,56 millones de euros para el total del contrato.<\/p>\n<p>&nbsp;<\/p>\n<p>Entre otros aspectos, se proceder\u00e1 a la sustituci\u00f3n de 5.739 luminarias, lo que supone un 85% del total existente en la ciudad, por luminarias de tecnolog\u00eda LED, con telegesti\u00f3n punto a punto, lo que permitir\u00e1 controlar y supervisar remotamente las instalaciones de alumbrado p\u00fablico, convirtiendo la instalaci\u00f3n en un sistema inteligente cuyos beneficios son la reducci\u00f3n de energ\u00eda y la mejora de la eficiencia operacional.<\/p>\n<p>&nbsp;<\/p>\n<p>Adem\u00e1s, se incluye, en este proyecto, la iluminaci\u00f3n din\u00e1mica y art\u00edstica digital recreativa\u00a0 del Castillo-Fortaleza que proporcionar\u00e1 proyecciones e\u00a0 iluminaciones singulares.<\/p>\n<p>&nbsp;<\/p>\n<p>El ahorro estimado, en principio, era de entre el 50% y el 80% del consumo actual. Como consecuencia del estrepitoso aumento del coste de la energ\u00eda, que se ha producido recientemente, este ahorro podr\u00eda verse reducido hasta tanto no se estabilice la situaci\u00f3n en el mercado el\u00e9ctrico.<\/p>\n<p>&nbsp;<\/p>\n<p>Por otro lado, se implantar\u00e1 el Plan director Smart City, ya redactado, para la construcci\u00f3n de una SMART CITY (ciudad inteligente) en Santa Pola, con el que se pretende orientar el futuro del municipio, apoyar e impulsar el desarrollo y la transformaci\u00f3n\u00a0 de la ciudad actual en un entorno eficiente y sostenible y un espacio inteligente al servicio de los ciudadanos.<\/p>\n<p>&nbsp;<\/p>\n<p>Santa Pola dispondr\u00e1 de un centro de operaciones, control, supervisi\u00f3n y gesti\u00f3n que unificar\u00e1 la gesti\u00f3n de todos los servicios y de los actuales sistemas de control y vigilancia, permitiendo realizar una gesti\u00f3n inteligente de la ciudad.<\/p>\n<p>&nbsp;<\/p>\n<p>Por \u00faltimo, cabe mencionar, que la Empresa de Servicios Energ\u00e9ticos (ESE) realizar\u00e1 campa\u00f1as de concienciaci\u00f3n y divulgaci\u00f3n sobre ahorro energ\u00e9tico.<\/p>\n<p>&nbsp;<\/p>\n","protected":false},"excerpt":{"rendered":"<p>El Pleno extraordinario del Ayuntamiento de Santa Pola ha aprobado esta semana el inicio del expediente de licitaci\u00f3n para la contrataci\u00f3n de los servicios energ\u00e9ticos y mantenimiento, con garant\u00eda total, de las instalaciones\u00a0 de alumbrado exterior, sem\u00e1foros y dispositivos Smart City. &nbsp; La duraci\u00f3n del contrato ser\u00e1 de 15 a\u00f1os, con un presupuesto base de [&hellip;]<\/p>\n","protected":false},"author":75,"featured_media":16786,"comment_status":"closed","ping_status":"closed","sticky":false,"template":"","format":"standard","meta":{"_et_pb_use_builder":"","_et_pb_old_content":"","_et_gb_content_width":"","footnotes":""},"categories":[66,54],"tags":[],"class_list":["post-16788","post","type-post","status-publish","format-standard","has-post-thumbnail","hentry","category-inicio","category-servicios-publicos-infraestructura-fomento-cementerios"],"yoast_head":"<!-- This site is optimized with the Yoast SEO plugin v27.4 - https:\/\/yoast.com\/product\/yoast-seo-wordpress\/ -->\n<title>El Pleno extraordinario inicia los tr\u00e1mites para licitar el pliego de eficiencia energ\u00e9tica por 15 a\u00f1os y 17,5 millones de euros - Ajuntament de Santa Pola<\/title>\n<meta name=\"robots\" content=\"index, follow, max-snippet:-1, max-image-preview:large, max-video-preview:-1\" \/>\n<link rel=\"canonical\" href=\"https:\/\/santapola.es\/ca\/el-pleno-extraordinario-inicia-los-tramites-para-licitar-el-pliego-de-eficiencia-energetica-por-15-anos-y-175-millones-de-euros\/\" \/>\n<meta property=\"og:locale\" content=\"ca_ES\" \/>\n<meta property=\"og:type\" content=\"article\" \/>\n<meta property=\"og:title\" content=\"El Pleno extraordinario inicia los tr\u00e1mites para licitar el pliego de eficiencia energ\u00e9tica por 15 a\u00f1os y 17,5 millones de euros - Ajuntament de Santa Pola\" \/>\n<meta property=\"og:description\" content=\"El Pleno extraordinario del Ayuntamiento de Santa Pola ha aprobado esta semana el inicio del expediente de licitaci\u00f3n para la contrataci\u00f3n de los servicios energ\u00e9ticos y mantenimiento, con garant\u00eda total, de las instalaciones\u00a0 de alumbrado exterior, sem\u00e1foros y dispositivos Smart City. &nbsp; La duraci\u00f3n del contrato ser\u00e1 de 15 a\u00f1os, con un presupuesto base de [&hellip;]\" \/>\n<meta property=\"og:url\" content=\"https:\/\/santapola.es\/ca\/el-pleno-extraordinario-inicia-los-tramites-para-licitar-el-pliego-de-eficiencia-energetica-por-15-anos-y-175-millones-de-euros\/\" \/>\n<meta property=\"og:site_name\" content=\"Ajuntament de Santa Pola\" \/>\n<meta property=\"article:publisher\" content=\"https:\/\/www.facebook.com\/AyuntamientoSantaPola\/\" \/>\n<meta property=\"article:published_time\" content=\"2022-11-22T10:33:05+00:00\" \/>\n<meta property=\"article:modified_time\" content=\"2024-03-07T17:41:11+00:00\" \/>\n<meta property=\"og:image\" content=\"https:\/\/santapola.es\/wp-content\/uploads\/2022\/11\/ala-farolas-alumbrado-vitoria-kwsB-U907070332269fH-624x385@El-Correo.jpg\" \/>\n\t<meta property=\"og:image:width\" content=\"624\" \/>\n\t<meta property=\"og:image:height\" content=\"385\" \/>\n\t<meta property=\"og:image:type\" content=\"image\/jpeg\" \/>\n<meta name=\"author\" content=\"\u00c1rea Municipal Alcald\u00eda\" \/>\n<meta name=\"twitter:card\" content=\"summary_large_image\" \/>\n<meta name=\"twitter:creator\" content=\"@SantaPolaAyunt\" \/>\n<meta name=\"twitter:site\" content=\"@SantaPolaAyunt\" \/>\n<script type=\"application\/ld+json\" class=\"yoast-schema-graph\">{\"@context\":\"https:\\\/\\\/schema.org\",\"@graph\":[{\"@type\":\"Article\",\"@id\":\"https:\\\/\\\/santapola.es\\\/ca\\\/el-pleno-extraordinario-inicia-los-tramites-para-licitar-el-pliego-de-eficiencia-energetica-por-15-anos-y-175-millones-de-euros\\\/#article\",\"isPartOf\":{\"@id\":\"https:\\\/\\\/santapola.es\\\/ca\\\/el-pleno-extraordinario-inicia-los-tramites-para-licitar-el-pliego-de-eficiencia-energetica-por-15-anos-y-175-millones-de-euros\\\/\"},\"author\":{\"name\":\"\u00c1rea Municipal Alcald\u00eda\",\"@id\":\"https:\\\/\\\/santapola.es\\\/ca\\\/#\\\/schema\\\/person\\\/c08381290b84c068e06ca5dc1f5a08a7\"},\"headline\":\"El Pleno extraordinario inicia los tr\u00e1mites para licitar el pliego de eficiencia energ\u00e9tica por 15 a\u00f1os y 17,5 millones de euros\",\"datePublished\":\"2022-11-22T10:33:05+00:00\",\"dateModified\":\"2024-03-07T17:41:11+00:00\",\"mainEntityOfPage\":{\"@id\":\"https:\\\/\\\/santapola.es\\\/ca\\\/el-pleno-extraordinario-inicia-los-tramites-para-licitar-el-pliego-de-eficiencia-energetica-por-15-anos-y-175-millones-de-euros\\\/\"},\"wordCount\":373,\"image\":{\"@id\":\"https:\\\/\\\/santapola.es\\\/ca\\\/el-pleno-extraordinario-inicia-los-tramites-para-licitar-el-pliego-de-eficiencia-energetica-por-15-anos-y-175-millones-de-euros\\\/#primaryimage\"},\"thumbnailUrl\":\"https:\\\/\\\/santapola.es\\\/wp-content\\\/uploads\\\/2022\\\/11\\\/ala-farolas-alumbrado-vitoria-kwsB-U907070332269fH-624x385@El-Correo.jpg\",\"articleSection\":[\"Inicio\",\"Servicios p\u00fablicos \\\/ infraestructura \\\/ fomento \\\/ cementerios\"],\"inLanguage\":\"ca\"},{\"@type\":\"WebPage\",\"@id\":\"https:\\\/\\\/santapola.es\\\/ca\\\/el-pleno-extraordinario-inicia-los-tramites-para-licitar-el-pliego-de-eficiencia-energetica-por-15-anos-y-175-millones-de-euros\\\/\",\"url\":\"https:\\\/\\\/santapola.es\\\/ca\\\/el-pleno-extraordinario-inicia-los-tramites-para-licitar-el-pliego-de-eficiencia-energetica-por-15-anos-y-175-millones-de-euros\\\/\",\"name\":\"El Pleno extraordinario inicia los tr\u00e1mites para licitar el pliego de eficiencia energ\u00e9tica por 15 a\u00f1os y 17,5 millones de euros - Ajuntament de Santa Pola\",\"isPartOf\":{\"@id\":\"https:\\\/\\\/santapola.es\\\/ca\\\/#website\"},\"primaryImageOfPage\":{\"@id\":\"https:\\\/\\\/santapola.es\\\/ca\\\/el-pleno-extraordinario-inicia-los-tramites-para-licitar-el-pliego-de-eficiencia-energetica-por-15-anos-y-175-millones-de-euros\\\/#primaryimage\"},\"image\":{\"@id\":\"https:\\\/\\\/santapola.es\\\/ca\\\/el-pleno-extraordinario-inicia-los-tramites-para-licitar-el-pliego-de-eficiencia-energetica-por-15-anos-y-175-millones-de-euros\\\/#primaryimage\"},\"thumbnailUrl\":\"https:\\\/\\\/santapola.es\\\/wp-content\\\/uploads\\\/2022\\\/11\\\/ala-farolas-alumbrado-vitoria-kwsB-U907070332269fH-624x385@El-Correo.jpg\",\"datePublished\":\"2022-11-22T10:33:05+00:00\",\"dateModified\":\"2024-03-07T17:41:11+00:00\",\"author\":{\"@id\":\"https:\\\/\\\/santapola.es\\\/ca\\\/#\\\/schema\\\/person\\\/c08381290b84c068e06ca5dc1f5a08a7\"},\"breadcrumb\":{\"@id\":\"https:\\\/\\\/santapola.es\\\/ca\\\/el-pleno-extraordinario-inicia-los-tramites-para-licitar-el-pliego-de-eficiencia-energetica-por-15-anos-y-175-millones-de-euros\\\/#breadcrumb\"},\"inLanguage\":\"ca\",\"potentialAction\":[{\"@type\":\"ReadAction\",\"target\":[\"https:\\\/\\\/santapola.es\\\/ca\\\/el-pleno-extraordinario-inicia-los-tramites-para-licitar-el-pliego-de-eficiencia-energetica-por-15-anos-y-175-millones-de-euros\\\/\"]}]},{\"@type\":\"ImageObject\",\"inLanguage\":\"ca\",\"@id\":\"https:\\\/\\\/santapola.es\\\/ca\\\/el-pleno-extraordinario-inicia-los-tramites-para-licitar-el-pliego-de-eficiencia-energetica-por-15-anos-y-175-millones-de-euros\\\/#primaryimage\",\"url\":\"https:\\\/\\\/santapola.es\\\/wp-content\\\/uploads\\\/2022\\\/11\\\/ala-farolas-alumbrado-vitoria-kwsB-U907070332269fH-624x385@El-Correo.jpg\",\"contentUrl\":\"https:\\\/\\\/santapola.es\\\/wp-content\\\/uploads\\\/2022\\\/11\\\/ala-farolas-alumbrado-vitoria-kwsB-U907070332269fH-624x385@El-Correo.jpg\",\"width\":624,\"height\":385},{\"@type\":\"BreadcrumbList\",\"@id\":\"https:\\\/\\\/santapola.es\\\/ca\\\/el-pleno-extraordinario-inicia-los-tramites-para-licitar-el-pliego-de-eficiencia-energetica-por-15-anos-y-175-millones-de-euros\\\/#breadcrumb\",\"itemListElement\":[{\"@type\":\"ListItem\",\"position\":1,\"name\":\"Inici\",\"item\":\"https:\\\/\\\/santapola.es\\\/ca\\\/\"},{\"@type\":\"ListItem\",\"position\":2,\"name\":\"El Pleno extraordinario inicia los tr\u00e1mites para licitar el pliego de eficiencia energ\u00e9tica por 15 a\u00f1os y 17,5 millones de euros\"}]},{\"@type\":\"WebSite\",\"@id\":\"https:\\\/\\\/santapola.es\\\/ca\\\/#website\",\"url\":\"https:\\\/\\\/santapola.es\\\/ca\\\/\",\"name\":\"Ayuntamiento de Santa Pola\",\"description\":\"Web de l'Ajuntament de Santa Pola\",\"potentialAction\":[{\"@type\":\"SearchAction\",\"target\":{\"@type\":\"EntryPoint\",\"urlTemplate\":\"https:\\\/\\\/santapola.es\\\/ca\\\/?s={search_term_string}\"},\"query-input\":{\"@type\":\"PropertyValueSpecification\",\"valueRequired\":true,\"valueName\":\"search_term_string\"}}],\"inLanguage\":\"ca\"},{\"@type\":\"Person\",\"@id\":\"https:\\\/\\\/santapola.es\\\/ca\\\/#\\\/schema\\\/person\\\/c08381290b84c068e06ca5dc1f5a08a7\",\"name\":\"\u00c1rea Municipal Alcald\u00eda\"}]}<\/script>\n<!-- \/ Yoast SEO plugin. -->","yoast_head_json":{"title":"El Pleno extraordinario inicia los tr\u00e1mites para licitar el pliego de eficiencia energ\u00e9tica por 15 a\u00f1os y 17,5 millones de euros - Ajuntament de Santa Pola","robots":{"index":"index","follow":"follow","max-snippet":"max-snippet:-1","max-image-preview":"max-image-preview:large","max-video-preview":"max-video-preview:-1"},"canonical":"https:\/\/santapola.es\/ca\/el-pleno-extraordinario-inicia-los-tramites-para-licitar-el-pliego-de-eficiencia-energetica-por-15-anos-y-175-millones-de-euros\/","og_locale":"ca_ES","og_type":"article","og_title":"El Pleno extraordinario inicia los tr\u00e1mites para licitar el pliego de eficiencia energ\u00e9tica por 15 a\u00f1os y 17,5 millones de euros - Ajuntament de Santa Pola","og_description":"El Pleno extraordinario del Ayuntamiento de Santa Pola ha aprobado esta semana el inicio del expediente de licitaci\u00f3n para la contrataci\u00f3n de los servicios energ\u00e9ticos y mantenimiento, con garant\u00eda total, de las instalaciones\u00a0 de alumbrado exterior, sem\u00e1foros y dispositivos Smart City. &nbsp; La duraci\u00f3n del contrato ser\u00e1 de 15 a\u00f1os, con un presupuesto base de [&hellip;]","og_url":"https:\/\/santapola.es\/ca\/el-pleno-extraordinario-inicia-los-tramites-para-licitar-el-pliego-de-eficiencia-energetica-por-15-anos-y-175-millones-de-euros\/","og_site_name":"Ajuntament de Santa Pola","article_publisher":"https:\/\/www.facebook.com\/AyuntamientoSantaPola\/","article_published_time":"2022-11-22T10:33:05+00:00","article_modified_time":"2024-03-07T17:41:11+00:00","og_image":[{"width":624,"height":385,"url":"https:\/\/santapola.es\/wp-content\/uploads\/2022\/11\/ala-farolas-alumbrado-vitoria-kwsB-U907070332269fH-624x385@El-Correo.jpg","type":"image\/jpeg"}],"author":"\u00c1rea Municipal Alcald\u00eda","twitter_card":"summary_large_image","twitter_creator":"@SantaPolaAyunt","twitter_site":"@SantaPolaAyunt","schema":{"@context":"https:\/\/schema.org","@graph":[{"@type":"Article","@id":"https:\/\/santapola.es\/ca\/el-pleno-extraordinario-inicia-los-tramites-para-licitar-el-pliego-de-eficiencia-energetica-por-15-anos-y-175-millones-de-euros\/#article","isPartOf":{"@id":"https:\/\/santapola.es\/ca\/el-pleno-extraordinario-inicia-los-tramites-para-licitar-el-pliego-de-eficiencia-energetica-por-15-anos-y-175-millones-de-euros\/"},"author":{"name":"\u00c1rea Municipal Alcald\u00eda","@id":"https:\/\/santapola.es\/ca\/#\/schema\/person\/c08381290b84c068e06ca5dc1f5a08a7"},"headline":"El Pleno extraordinario inicia los tr\u00e1mites para licitar el pliego de eficiencia energ\u00e9tica por 15 a\u00f1os y 17,5 millones de euros","datePublished":"2022-11-22T10:33:05+00:00","dateModified":"2024-03-07T17:41:11+00:00","mainEntityOfPage":{"@id":"https:\/\/santapola.es\/ca\/el-pleno-extraordinario-inicia-los-tramites-para-licitar-el-pliego-de-eficiencia-energetica-por-15-anos-y-175-millones-de-euros\/"},"wordCount":373,"image":{"@id":"https:\/\/santapola.es\/ca\/el-pleno-extraordinario-inicia-los-tramites-para-licitar-el-pliego-de-eficiencia-energetica-por-15-anos-y-175-millones-de-euros\/#primaryimage"},"thumbnailUrl":"https:\/\/santapola.es\/wp-content\/uploads\/2022\/11\/ala-farolas-alumbrado-vitoria-kwsB-U907070332269fH-624x385@El-Correo.jpg","articleSection":["Inicio","Servicios p\u00fablicos \/ infraestructura \/ fomento \/ cementerios"],"inLanguage":"ca"},{"@type":"WebPage","@id":"https:\/\/santapola.es\/ca\/el-pleno-extraordinario-inicia-los-tramites-para-licitar-el-pliego-de-eficiencia-energetica-por-15-anos-y-175-millones-de-euros\/","url":"https:\/\/santapola.es\/ca\/el-pleno-extraordinario-inicia-los-tramites-para-licitar-el-pliego-de-eficiencia-energetica-por-15-anos-y-175-millones-de-euros\/","name":"El Pleno extraordinario inicia los tr\u00e1mites para licitar el pliego de eficiencia energ\u00e9tica por 15 a\u00f1os y 17,5 millones de euros - Ajuntament de Santa Pola","isPartOf":{"@id":"https:\/\/santapola.es\/ca\/#website"},"primaryImageOfPage":{"@id":"https:\/\/santapola.es\/ca\/el-pleno-extraordinario-inicia-los-tramites-para-licitar-el-pliego-de-eficiencia-energetica-por-15-anos-y-175-millones-de-euros\/#primaryimage"},"image":{"@id":"https:\/\/santapola.es\/ca\/el-pleno-extraordinario-inicia-los-tramites-para-licitar-el-pliego-de-eficiencia-energetica-por-15-anos-y-175-millones-de-euros\/#primaryimage"},"thumbnailUrl":"https:\/\/santapola.es\/wp-content\/uploads\/2022\/11\/ala-farolas-alumbrado-vitoria-kwsB-U907070332269fH-624x385@El-Correo.jpg","datePublished":"2022-11-22T10:33:05+00:00","dateModified":"2024-03-07T17:41:11+00:00","author":{"@id":"https:\/\/santapola.es\/ca\/#\/schema\/person\/c08381290b84c068e06ca5dc1f5a08a7"},"breadcrumb":{"@id":"https:\/\/santapola.es\/ca\/el-pleno-extraordinario-inicia-los-tramites-para-licitar-el-pliego-de-eficiencia-energetica-por-15-anos-y-175-millones-de-euros\/#breadcrumb"},"inLanguage":"ca","potentialAction":[{"@type":"ReadAction","target":["https:\/\/santapola.es\/ca\/el-pleno-extraordinario-inicia-los-tramites-para-licitar-el-pliego-de-eficiencia-energetica-por-15-anos-y-175-millones-de-euros\/"]}]},{"@type":"ImageObject","inLanguage":"ca","@id":"https:\/\/santapola.es\/ca\/el-pleno-extraordinario-inicia-los-tramites-para-licitar-el-pliego-de-eficiencia-energetica-por-15-anos-y-175-millones-de-euros\/#primaryimage","url":"https:\/\/santapola.es\/wp-content\/uploads\/2022\/11\/ala-farolas-alumbrado-vitoria-kwsB-U907070332269fH-624x385@El-Correo.jpg","contentUrl":"https:\/\/santapola.es\/wp-content\/uploads\/2022\/11\/ala-farolas-alumbrado-vitoria-kwsB-U907070332269fH-624x385@El-Correo.jpg","width":624,"height":385},{"@type":"BreadcrumbList","@id":"https:\/\/santapola.es\/ca\/el-pleno-extraordinario-inicia-los-tramites-para-licitar-el-pliego-de-eficiencia-energetica-por-15-anos-y-175-millones-de-euros\/#breadcrumb","itemListElement":[{"@type":"ListItem","position":1,"name":"Inici","item":"https:\/\/santapola.es\/ca\/"},{"@type":"ListItem","position":2,"name":"El Pleno extraordinario inicia los tr\u00e1mites para licitar el pliego de eficiencia energ\u00e9tica por 15 a\u00f1os y 17,5 millones de euros"}]},{"@type":"WebSite","@id":"https:\/\/santapola.es\/ca\/#website","url":"https:\/\/santapola.es\/ca\/","name":"Ayuntamiento de Santa Pola","description":"Web de l'Ajuntament de Santa Pola","potentialAction":[{"@type":"SearchAction","target":{"@type":"EntryPoint","urlTemplate":"https:\/\/santapola.es\/ca\/?s={search_term_string}"},"query-input":{"@type":"PropertyValueSpecification","valueRequired":true,"valueName":"search_term_string"}}],"inLanguage":"ca"},{"@type":"Person","@id":"https:\/\/santapola.es\/ca\/#\/schema\/person\/c08381290b84c068e06ca5dc1f5a08a7","name":"\u00c1rea Municipal Alcald\u00eda"}]}},"_links":{"self":[{"href":"https:\/\/santapola.es\/ca\/wp-json\/wp\/v2\/posts\/16788","targetHints":{"allow":["GET"]}}],"collection":[{"href":"https:\/\/santapola.es\/ca\/wp-json\/wp\/v2\/posts"}],"about":[{"href":"https:\/\/santapola.es\/ca\/wp-json\/wp\/v2\/types\/post"}],"author":[{"embeddable":true,"href":"https:\/\/santapola.es\/ca\/wp-json\/wp\/v2\/users\/75"}],"replies":[{"embeddable":true,"href":"https:\/\/santapola.es\/ca\/wp-json\/wp\/v2\/comments?post=16788"}],"version-history":[{"count":0,"href":"https:\/\/santapola.es\/ca\/wp-json\/wp\/v2\/posts\/16788\/revisions"}],"wp:featuredmedia":[{"embeddable":true,"href":"https:\/\/santapola.es\/ca\/wp-json\/wp\/v2\/media\/16786"}],"wp:attachment":[{"href":"https:\/\/santapola.es\/ca\/wp-json\/wp\/v2\/media?parent=16788"}],"wp:term":[{"taxonomy":"category","embeddable":true,"href":"https:\/\/santapola.es\/ca\/wp-json\/wp\/v2\/categories?post=16788"},{"taxonomy":"post_tag","embeddable":true,"href":"https:\/\/santapola.es\/ca\/wp-json\/wp\/v2\/tags?post=16788"}],"curies":[{"name":"wp","href":"https:\/\/api.w.org\/{rel}","templated":true}]}}