{"id":16772,"date":"2022-11-17T14:15:37","date_gmt":"2022-11-17T13:15:37","guid":{"rendered":"https:\/\/www.santapola.es\/?p=16772"},"modified":"2024-03-07T18:41:10","modified_gmt":"2024-03-07T17:41:10","slug":"concurso-navideno-de-escaparates-y-balcones","status":"publish","type":"post","link":"https:\/\/santapola.es\/ca\/concurso-navideno-de-escaparates-y-balcones\/","title":{"rendered":"Concurso Navide\u00f1o de escaparates y balcones"},"content":{"rendered":"<p>El Ayuntamiento de Santa Pola convoca un a\u00f1o m\u00e1s los concursos navide\u00f1os de escaparates y balcones o fachadas. Los participantes pueden inscribirse hasta el 5 de diciembre.<\/p>\n<p>El principal objetivo es potenciar el comercio local y reconocer la labor de los comerciantes, que con sus escaparates animan y dinamizan la villa marinera durante la celebraci\u00f3n de las\u00a0 fiestas navide\u00f1as, as\u00ed como animar a que la poblaci\u00f3n decore sus balcones y fachadas para que la magia de la Navidad est\u00e9 latente en nuestra villa.<\/p>\n<p><a href=\"https:\/\/bit.ly\/Escaparates_Balcones_Navidad_SantaPola\">Inscr\u00edbete y consulta las bases<\/a><\/p>\n<p>&nbsp;<\/p>\n","protected":false},"excerpt":{"rendered":"<p>El Ayuntamiento de Santa Pola convoca un a\u00f1o m\u00e1s los concursos navide\u00f1os de escaparates y balcones o fachadas. Los participantes pueden inscribirse hasta el 5 de diciembre. El principal objetivo es potenciar el comercio local y reconocer la labor de los comerciantes, que con sus escaparates animan y dinamizan la villa marinera durante la celebraci\u00f3n [&hellip;]<\/p>\n","protected":false},"author":75,"featured_media":16773,"comment_status":"closed","ping_status":"closed","sticky":false,"template":"","format":"standard","meta":{"_et_pb_use_builder":"","_et_pb_old_content":"","_et_gb_content_width":"","footnotes":""},"categories":[51,66],"tags":[],"class_list":["post-16772","post","type-post","status-publish","format-standard","has-post-thumbnail","hentry","category-cultura-fiestas","category-inicio"],"yoast_head":"<!-- This site is optimized with the Yoast SEO plugin v27.4 - https:\/\/yoast.com\/product\/yoast-seo-wordpress\/ -->\n<title>Concurso Navide\u00f1o de escaparates y balcones - Ajuntament de Santa Pola<\/title>\n<meta name=\"robots\" content=\"index, follow, max-snippet:-1, max-image-preview:large, max-video-preview:-1\" \/>\n<link rel=\"canonical\" href=\"https:\/\/santapola.es\/ca\/concurso-navideno-de-escaparates-y-balcones\/\" \/>\n<meta property=\"og:locale\" content=\"ca_ES\" \/>\n<meta property=\"og:type\" content=\"article\" \/>\n<meta property=\"og:title\" content=\"Concurso Navide\u00f1o de escaparates y balcones - Ajuntament de Santa Pola\" \/>\n<meta property=\"og:description\" content=\"El Ayuntamiento de Santa Pola convoca un a\u00f1o m\u00e1s los concursos navide\u00f1os de escaparates y balcones o fachadas. Los participantes pueden inscribirse hasta el 5 de diciembre. El principal objetivo es potenciar el comercio local y reconocer la labor de los comerciantes, que con sus escaparates animan y dinamizan la villa marinera durante la celebraci\u00f3n [&hellip;]\" \/>\n<meta property=\"og:url\" content=\"https:\/\/santapola.es\/ca\/concurso-navideno-de-escaparates-y-balcones\/\" \/>\n<meta property=\"og:site_name\" content=\"Ajuntament de Santa Pola\" \/>\n<meta property=\"article:publisher\" content=\"https:\/\/www.facebook.com\/AyuntamientoSantaPola\/\" \/>\n<meta property=\"article:published_time\" content=\"2022-11-17T13:15:37+00:00\" \/>\n<meta property=\"article:modified_time\" content=\"2024-03-07T17:41:10+00:00\" \/>\n<meta property=\"og:image\" content=\"https:\/\/santapola.es\/wp-content\/uploads\/2022\/11\/2022_concursos_navidad_santapola.png\" \/>\n\t<meta property=\"og:image:width\" content=\"940\" \/>\n\t<meta property=\"og:image:height\" content=\"788\" \/>\n\t<meta property=\"og:image:type\" content=\"image\/png\" \/>\n<meta name=\"author\" content=\"\u00c1rea Municipal Alcald\u00eda\" \/>\n<meta name=\"twitter:card\" content=\"summary_large_image\" \/>\n<meta name=\"twitter:creator\" content=\"@SantaPolaAyunt\" \/>\n<meta name=\"twitter:site\" content=\"@SantaPolaAyunt\" \/>\n<script type=\"application\/ld+json\" class=\"yoast-schema-graph\">{\"@context\":\"https:\\\/\\\/schema.org\",\"@graph\":[{\"@type\":\"Article\",\"@id\":\"https:\\\/\\\/santapola.es\\\/ca\\\/concurso-navideno-de-escaparates-y-balcones\\\/#article\",\"isPartOf\":{\"@id\":\"https:\\\/\\\/santapola.es\\\/ca\\\/concurso-navideno-de-escaparates-y-balcones\\\/\"},\"author\":{\"name\":\"\u00c1rea Municipal Alcald\u00eda\",\"@id\":\"https:\\\/\\\/santapola.es\\\/ca\\\/#\\\/schema\\\/person\\\/c08381290b84c068e06ca5dc1f5a08a7\"},\"headline\":\"Concurso Navide\u00f1o de escaparates y balcones\",\"datePublished\":\"2022-11-17T13:15:37+00:00\",\"dateModified\":\"2024-03-07T17:41:10+00:00\",\"mainEntityOfPage\":{\"@id\":\"https:\\\/\\\/santapola.es\\\/ca\\\/concurso-navideno-de-escaparates-y-balcones\\\/\"},\"wordCount\":102,\"image\":{\"@id\":\"https:\\\/\\\/santapola.es\\\/ca\\\/concurso-navideno-de-escaparates-y-balcones\\\/#primaryimage\"},\"thumbnailUrl\":\"https:\\\/\\\/santapola.es\\\/wp-content\\\/uploads\\\/2022\\\/11\\\/2022_concursos_navidad_santapola.png\",\"articleSection\":[\"Cultura\\\/ Fiestas\",\"Inicio\"],\"inLanguage\":\"ca\"},{\"@type\":\"WebPage\",\"@id\":\"https:\\\/\\\/santapola.es\\\/ca\\\/concurso-navideno-de-escaparates-y-balcones\\\/\",\"url\":\"https:\\\/\\\/santapola.es\\\/ca\\\/concurso-navideno-de-escaparates-y-balcones\\\/\",\"name\":\"Concurso Navide\u00f1o de escaparates y balcones - Ajuntament de Santa Pola\",\"isPartOf\":{\"@id\":\"https:\\\/\\\/santapola.es\\\/ca\\\/#website\"},\"primaryImageOfPage\":{\"@id\":\"https:\\\/\\\/santapola.es\\\/ca\\\/concurso-navideno-de-escaparates-y-balcones\\\/#primaryimage\"},\"image\":{\"@id\":\"https:\\\/\\\/santapola.es\\\/ca\\\/concurso-navideno-de-escaparates-y-balcones\\\/#primaryimage\"},\"thumbnailUrl\":\"https:\\\/\\\/santapola.es\\\/wp-content\\\/uploads\\\/2022\\\/11\\\/2022_concursos_navidad_santapola.png\",\"datePublished\":\"2022-11-17T13:15:37+00:00\",\"dateModified\":\"2024-03-07T17:41:10+00:00\",\"author\":{\"@id\":\"https:\\\/\\\/santapola.es\\\/ca\\\/#\\\/schema\\\/person\\\/c08381290b84c068e06ca5dc1f5a08a7\"},\"breadcrumb\":{\"@id\":\"https:\\\/\\\/santapola.es\\\/ca\\\/concurso-navideno-de-escaparates-y-balcones\\\/#breadcrumb\"},\"inLanguage\":\"ca\",\"potentialAction\":[{\"@type\":\"ReadAction\",\"target\":[\"https:\\\/\\\/santapola.es\\\/ca\\\/concurso-navideno-de-escaparates-y-balcones\\\/\"]}]},{\"@type\":\"ImageObject\",\"inLanguage\":\"ca\",\"@id\":\"https:\\\/\\\/santapola.es\\\/ca\\\/concurso-navideno-de-escaparates-y-balcones\\\/#primaryimage\",\"url\":\"https:\\\/\\\/santapola.es\\\/wp-content\\\/uploads\\\/2022\\\/11\\\/2022_concursos_navidad_santapola.png\",\"contentUrl\":\"https:\\\/\\\/santapola.es\\\/wp-content\\\/uploads\\\/2022\\\/11\\\/2022_concursos_navidad_santapola.png\",\"width\":940,\"height\":788},{\"@type\":\"BreadcrumbList\",\"@id\":\"https:\\\/\\\/santapola.es\\\/ca\\\/concurso-navideno-de-escaparates-y-balcones\\\/#breadcrumb\",\"itemListElement\":[{\"@type\":\"ListItem\",\"position\":1,\"name\":\"Inici\",\"item\":\"https:\\\/\\\/santapola.es\\\/ca\\\/\"},{\"@type\":\"ListItem\",\"position\":2,\"name\":\"Concurso Navide\u00f1o de escaparates y balcones\"}]},{\"@type\":\"WebSite\",\"@id\":\"https:\\\/\\\/santapola.es\\\/ca\\\/#website\",\"url\":\"https:\\\/\\\/santapola.es\\\/ca\\\/\",\"name\":\"Ayuntamiento de Santa Pola\",\"description\":\"Web de l'Ajuntament de Santa Pola\",\"potentialAction\":[{\"@type\":\"SearchAction\",\"target\":{\"@type\":\"EntryPoint\",\"urlTemplate\":\"https:\\\/\\\/santapola.es\\\/ca\\\/?s={search_term_string}\"},\"query-input\":{\"@type\":\"PropertyValueSpecification\",\"valueRequired\":true,\"valueName\":\"search_term_string\"}}],\"inLanguage\":\"ca\"},{\"@type\":\"Person\",\"@id\":\"https:\\\/\\\/santapola.es\\\/ca\\\/#\\\/schema\\\/person\\\/c08381290b84c068e06ca5dc1f5a08a7\",\"name\":\"\u00c1rea Municipal Alcald\u00eda\"}]}<\/script>\n<!-- \/ Yoast SEO plugin. -->","yoast_head_json":{"title":"Concurso Navide\u00f1o de escaparates y balcones - Ajuntament de Santa Pola","robots":{"index":"index","follow":"follow","max-snippet":"max-snippet:-1","max-image-preview":"max-image-preview:large","max-video-preview":"max-video-preview:-1"},"canonical":"https:\/\/santapola.es\/ca\/concurso-navideno-de-escaparates-y-balcones\/","og_locale":"ca_ES","og_type":"article","og_title":"Concurso Navide\u00f1o de escaparates y balcones - Ajuntament de Santa Pola","og_description":"El Ayuntamiento de Santa Pola convoca un a\u00f1o m\u00e1s los concursos navide\u00f1os de escaparates y balcones o fachadas. Los participantes pueden inscribirse hasta el 5 de diciembre. El principal objetivo es potenciar el comercio local y reconocer la labor de los comerciantes, que con sus escaparates animan y dinamizan la villa marinera durante la celebraci\u00f3n [&hellip;]","og_url":"https:\/\/santapola.es\/ca\/concurso-navideno-de-escaparates-y-balcones\/","og_site_name":"Ajuntament de Santa Pola","article_publisher":"https:\/\/www.facebook.com\/AyuntamientoSantaPola\/","article_published_time":"2022-11-17T13:15:37+00:00","article_modified_time":"2024-03-07T17:41:10+00:00","og_image":[{"width":940,"height":788,"url":"https:\/\/santapola.es\/wp-content\/uploads\/2022\/11\/2022_concursos_navidad_santapola.png","type":"image\/png"}],"author":"\u00c1rea Municipal Alcald\u00eda","twitter_card":"summary_large_image","twitter_creator":"@SantaPolaAyunt","twitter_site":"@SantaPolaAyunt","schema":{"@context":"https:\/\/schema.org","@graph":[{"@type":"Article","@id":"https:\/\/santapola.es\/ca\/concurso-navideno-de-escaparates-y-balcones\/#article","isPartOf":{"@id":"https:\/\/santapola.es\/ca\/concurso-navideno-de-escaparates-y-balcones\/"},"author":{"name":"\u00c1rea Municipal Alcald\u00eda","@id":"https:\/\/santapola.es\/ca\/#\/schema\/person\/c08381290b84c068e06ca5dc1f5a08a7"},"headline":"Concurso Navide\u00f1o de escaparates y balcones","datePublished":"2022-11-17T13:15:37+00:00","dateModified":"2024-03-07T17:41:10+00:00","mainEntityOfPage":{"@id":"https:\/\/santapola.es\/ca\/concurso-navideno-de-escaparates-y-balcones\/"},"wordCount":102,"image":{"@id":"https:\/\/santapola.es\/ca\/concurso-navideno-de-escaparates-y-balcones\/#primaryimage"},"thumbnailUrl":"https:\/\/santapola.es\/wp-content\/uploads\/2022\/11\/2022_concursos_navidad_santapola.png","articleSection":["Cultura\/ Fiestas","Inicio"],"inLanguage":"ca"},{"@type":"WebPage","@id":"https:\/\/santapola.es\/ca\/concurso-navideno-de-escaparates-y-balcones\/","url":"https:\/\/santapola.es\/ca\/concurso-navideno-de-escaparates-y-balcones\/","name":"Concurso Navide\u00f1o de escaparates y balcones - Ajuntament de Santa Pola","isPartOf":{"@id":"https:\/\/santapola.es\/ca\/#website"},"primaryImageOfPage":{"@id":"https:\/\/santapola.es\/ca\/concurso-navideno-de-escaparates-y-balcones\/#primaryimage"},"image":{"@id":"https:\/\/santapola.es\/ca\/concurso-navideno-de-escaparates-y-balcones\/#primaryimage"},"thumbnailUrl":"https:\/\/santapola.es\/wp-content\/uploads\/2022\/11\/2022_concursos_navidad_santapola.png","datePublished":"2022-11-17T13:15:37+00:00","dateModified":"2024-03-07T17:41:10+00:00","author":{"@id":"https:\/\/santapola.es\/ca\/#\/schema\/person\/c08381290b84c068e06ca5dc1f5a08a7"},"breadcrumb":{"@id":"https:\/\/santapola.es\/ca\/concurso-navideno-de-escaparates-y-balcones\/#breadcrumb"},"inLanguage":"ca","potentialAction":[{"@type":"ReadAction","target":["https:\/\/santapola.es\/ca\/concurso-navideno-de-escaparates-y-balcones\/"]}]},{"@type":"ImageObject","inLanguage":"ca","@id":"https:\/\/santapola.es\/ca\/concurso-navideno-de-escaparates-y-balcones\/#primaryimage","url":"https:\/\/santapola.es\/wp-content\/uploads\/2022\/11\/2022_concursos_navidad_santapola.png","contentUrl":"https:\/\/santapola.es\/wp-content\/uploads\/2022\/11\/2022_concursos_navidad_santapola.png","width":940,"height":788},{"@type":"BreadcrumbList","@id":"https:\/\/santapola.es\/ca\/concurso-navideno-de-escaparates-y-balcones\/#breadcrumb","itemListElement":[{"@type":"ListItem","position":1,"name":"Inici","item":"https:\/\/santapola.es\/ca\/"},{"@type":"ListItem","position":2,"name":"Concurso Navide\u00f1o de escaparates y balcones"}]},{"@type":"WebSite","@id":"https:\/\/santapola.es\/ca\/#website","url":"https:\/\/santapola.es\/ca\/","name":"Ayuntamiento de Santa Pola","description":"Web de l'Ajuntament de Santa Pola","potentialAction":[{"@type":"SearchAction","target":{"@type":"EntryPoint","urlTemplate":"https:\/\/santapola.es\/ca\/?s={search_term_string}"},"query-input":{"@type":"PropertyValueSpecification","valueRequired":true,"valueName":"search_term_string"}}],"inLanguage":"ca"},{"@type":"Person","@id":"https:\/\/santapola.es\/ca\/#\/schema\/person\/c08381290b84c068e06ca5dc1f5a08a7","name":"\u00c1rea Municipal Alcald\u00eda"}]}},"_links":{"self":[{"href":"https:\/\/santapola.es\/ca\/wp-json\/wp\/v2\/posts\/16772","targetHints":{"allow":["GET"]}}],"collection":[{"href":"https:\/\/santapola.es\/ca\/wp-json\/wp\/v2\/posts"}],"about":[{"href":"https:\/\/santapola.es\/ca\/wp-json\/wp\/v2\/types\/post"}],"author":[{"embeddable":true,"href":"https:\/\/santapola.es\/ca\/wp-json\/wp\/v2\/users\/75"}],"replies":[{"embeddable":true,"href":"https:\/\/santapola.es\/ca\/wp-json\/wp\/v2\/comments?post=16772"}],"version-history":[{"count":0,"href":"https:\/\/santapola.es\/ca\/wp-json\/wp\/v2\/posts\/16772\/revisions"}],"wp:featuredmedia":[{"embeddable":true,"href":"https:\/\/santapola.es\/ca\/wp-json\/wp\/v2\/media\/16773"}],"wp:attachment":[{"href":"https:\/\/santapola.es\/ca\/wp-json\/wp\/v2\/media?parent=16772"}],"wp:term":[{"taxonomy":"category","embeddable":true,"href":"https:\/\/santapola.es\/ca\/wp-json\/wp\/v2\/categories?post=16772"},{"taxonomy":"post_tag","embeddable":true,"href":"https:\/\/santapola.es\/ca\/wp-json\/wp\/v2\/tags?post=16772"}],"curies":[{"name":"wp","href":"https:\/\/api.w.org\/{rel}","templated":true}]}}