{"id":16766,"date":"2022-11-16T12:11:09","date_gmt":"2022-11-16T11:11:09","guid":{"rendered":"https:\/\/www.santapola.es\/?p=16766"},"modified":"2024-03-07T18:41:09","modified_gmt":"2024-03-07T17:41:09","slug":"v-edicion-de-concurso-de-talentos-demostra-el-que-vals","status":"publish","type":"post","link":"https:\/\/santapola.es\/ca\/v-edicion-de-concurso-de-talentos-demostra-el-que-vals\/","title":{"rendered":"V edici\u00f3n de concurso de talentos &#8220;Demostra el que vals&#8221;"},"content":{"rendered":"<div>Quinta edici\u00f3n de este certamen de talentos &#8220;Demostra el que vals&#8221; que pretende dar a conocer a los j\u00f3venes artistas locales. Para ello, los j\u00f3venes interesados, entre 12 y 25 a\u00f1os, podr\u00e1n inscribirse en la web <a href=\"http:\/\/www.racojove.com%2C\/\" target=\"_blank\" rel=\"noopener\" data-saferedirecturl=\"https:\/\/www.google.com\/url?q=http:\/\/www.racojove.com,&amp;source=gmail&amp;ust=1668683135681000&amp;usg=AOvVaw2gew_y90eYIAo-ykdo8sXj\">www.racojove.com,<\/a> hasta el 12 de diciembre.<\/div>\n<div>Se contemplan categor\u00eda diversas, donde pueden entrar m\u00fasica, canci\u00f3n, interpretaci\u00f3n musical, danza, humor, magia&#8230;.y, un jurado compuesto por artistas del mundo de la m\u00fasica y danza, escoger\u00e1 a los 4 mejores artistas o grupos.<\/div>\n<div><\/div>\n<div>Las Concejal\u00edas de Juventud y Cultura, organizadoras del evento, realizar\u00e1n una Gala Final en la carpa del Castillo, el d\u00eda 22 de diciembre a las 19 horas, donde el p\u00fablico podr\u00e1 ver en directo las actuaciones de los j\u00f3venes artistas seleccionados.<\/div>\n","protected":false},"excerpt":{"rendered":"<p>Quinta edici\u00f3n de este certamen de talentos &#8220;Demostra el que vals&#8221; que pretende dar a conocer a los j\u00f3venes artistas locales. Para ello, los j\u00f3venes interesados, entre 12 y 25 a\u00f1os, podr\u00e1n inscribirse en la web www.racojove.com, hasta el 12 de diciembre. Se contemplan categor\u00eda diversas, donde pueden entrar m\u00fasica, canci\u00f3n, interpretaci\u00f3n musical, danza, humor, [&hellip;]<\/p>\n","protected":false},"author":75,"featured_media":16767,"comment_status":"closed","ping_status":"closed","sticky":false,"template":"","format":"standard","meta":{"_et_pb_use_builder":"","_et_pb_old_content":"","_et_gb_content_width":"","footnotes":""},"categories":[51,60,66],"tags":[],"class_list":["post-16766","post","type-post","status-publish","format-standard","has-post-thumbnail","hentry","category-cultura-fiestas","category-educacion-juventud","category-inicio"],"yoast_head":"<!-- This site is optimized with the Yoast SEO plugin v27.4 - https:\/\/yoast.com\/product\/yoast-seo-wordpress\/ -->\n<title>V edici\u00f3n de concurso de talentos &quot;Demostra el que vals&quot; - Ajuntament de Santa Pola<\/title>\n<meta name=\"robots\" content=\"index, follow, max-snippet:-1, max-image-preview:large, max-video-preview:-1\" \/>\n<link rel=\"canonical\" href=\"https:\/\/santapola.es\/ca\/v-edicion-de-concurso-de-talentos-demostra-el-que-vals\/\" \/>\n<meta property=\"og:locale\" content=\"ca_ES\" \/>\n<meta property=\"og:type\" content=\"article\" \/>\n<meta property=\"og:title\" content=\"V edici\u00f3n de concurso de talentos &quot;Demostra el que vals&quot; - Ajuntament de Santa Pola\" \/>\n<meta property=\"og:description\" content=\"Quinta edici\u00f3n de este certamen de talentos &#8220;Demostra el que vals&#8221; que pretende dar a conocer a los j\u00f3venes artistas locales. Para ello, los j\u00f3venes interesados, entre 12 y 25 a\u00f1os, podr\u00e1n inscribirse en la web www.racojove.com, hasta el 12 de diciembre. Se contemplan categor\u00eda diversas, donde pueden entrar m\u00fasica, canci\u00f3n, interpretaci\u00f3n musical, danza, humor, [&hellip;]\" \/>\n<meta property=\"og:url\" content=\"https:\/\/santapola.es\/ca\/v-edicion-de-concurso-de-talentos-demostra-el-que-vals\/\" \/>\n<meta property=\"og:site_name\" content=\"Ajuntament de Santa Pola\" \/>\n<meta property=\"article:publisher\" content=\"https:\/\/www.facebook.com\/AyuntamientoSantaPola\/\" \/>\n<meta property=\"article:published_time\" content=\"2022-11-16T11:11:09+00:00\" \/>\n<meta property=\"article:modified_time\" content=\"2024-03-07T17:41:09+00:00\" \/>\n<meta property=\"og:image\" content=\"https:\/\/santapola.es\/wp-content\/uploads\/2022\/11\/cartel-demostra-2022-1-819x1024.png\" \/>\n\t<meta property=\"og:image:width\" content=\"819\" \/>\n\t<meta property=\"og:image:height\" content=\"1024\" \/>\n\t<meta property=\"og:image:type\" content=\"image\/png\" \/>\n<meta name=\"author\" content=\"\u00c1rea Municipal Alcald\u00eda\" \/>\n<meta name=\"twitter:card\" content=\"summary_large_image\" \/>\n<meta name=\"twitter:creator\" content=\"@SantaPolaAyunt\" \/>\n<meta name=\"twitter:site\" content=\"@SantaPolaAyunt\" \/>\n<script type=\"application\/ld+json\" class=\"yoast-schema-graph\">{\"@context\":\"https:\\\/\\\/schema.org\",\"@graph\":[{\"@type\":\"Article\",\"@id\":\"https:\\\/\\\/santapola.es\\\/ca\\\/v-edicion-de-concurso-de-talentos-demostra-el-que-vals\\\/#article\",\"isPartOf\":{\"@id\":\"https:\\\/\\\/santapola.es\\\/ca\\\/v-edicion-de-concurso-de-talentos-demostra-el-que-vals\\\/\"},\"author\":{\"name\":\"\u00c1rea Municipal Alcald\u00eda\",\"@id\":\"https:\\\/\\\/santapola.es\\\/ca\\\/#\\\/schema\\\/person\\\/c08381290b84c068e06ca5dc1f5a08a7\"},\"headline\":\"V edici\u00f3n de concurso de talentos &#8220;Demostra el que vals&#8221;\",\"datePublished\":\"2022-11-16T11:11:09+00:00\",\"dateModified\":\"2024-03-07T17:41:09+00:00\",\"mainEntityOfPage\":{\"@id\":\"https:\\\/\\\/santapola.es\\\/ca\\\/v-edicion-de-concurso-de-talentos-demostra-el-que-vals\\\/\"},\"wordCount\":140,\"image\":{\"@id\":\"https:\\\/\\\/santapola.es\\\/ca\\\/v-edicion-de-concurso-de-talentos-demostra-el-que-vals\\\/#primaryimage\"},\"thumbnailUrl\":\"https:\\\/\\\/santapola.es\\\/wp-content\\\/uploads\\\/2022\\\/11\\\/cartel-demostra-2022-1.png\",\"articleSection\":[\"Cultura\\\/ Fiestas\",\"Educaci\u00f3n \\\/ Juventud\",\"Inicio\"],\"inLanguage\":\"ca\"},{\"@type\":\"WebPage\",\"@id\":\"https:\\\/\\\/santapola.es\\\/ca\\\/v-edicion-de-concurso-de-talentos-demostra-el-que-vals\\\/\",\"url\":\"https:\\\/\\\/santapola.es\\\/ca\\\/v-edicion-de-concurso-de-talentos-demostra-el-que-vals\\\/\",\"name\":\"V edici\u00f3n de concurso de talentos \\\"Demostra el que vals\\\" - Ajuntament de Santa Pola\",\"isPartOf\":{\"@id\":\"https:\\\/\\\/santapola.es\\\/ca\\\/#website\"},\"primaryImageOfPage\":{\"@id\":\"https:\\\/\\\/santapola.es\\\/ca\\\/v-edicion-de-concurso-de-talentos-demostra-el-que-vals\\\/#primaryimage\"},\"image\":{\"@id\":\"https:\\\/\\\/santapola.es\\\/ca\\\/v-edicion-de-concurso-de-talentos-demostra-el-que-vals\\\/#primaryimage\"},\"thumbnailUrl\":\"https:\\\/\\\/santapola.es\\\/wp-content\\\/uploads\\\/2022\\\/11\\\/cartel-demostra-2022-1.png\",\"datePublished\":\"2022-11-16T11:11:09+00:00\",\"dateModified\":\"2024-03-07T17:41:09+00:00\",\"author\":{\"@id\":\"https:\\\/\\\/santapola.es\\\/ca\\\/#\\\/schema\\\/person\\\/c08381290b84c068e06ca5dc1f5a08a7\"},\"breadcrumb\":{\"@id\":\"https:\\\/\\\/santapola.es\\\/ca\\\/v-edicion-de-concurso-de-talentos-demostra-el-que-vals\\\/#breadcrumb\"},\"inLanguage\":\"ca\",\"potentialAction\":[{\"@type\":\"ReadAction\",\"target\":[\"https:\\\/\\\/santapola.es\\\/ca\\\/v-edicion-de-concurso-de-talentos-demostra-el-que-vals\\\/\"]}]},{\"@type\":\"ImageObject\",\"inLanguage\":\"ca\",\"@id\":\"https:\\\/\\\/santapola.es\\\/ca\\\/v-edicion-de-concurso-de-talentos-demostra-el-que-vals\\\/#primaryimage\",\"url\":\"https:\\\/\\\/santapola.es\\\/wp-content\\\/uploads\\\/2022\\\/11\\\/cartel-demostra-2022-1.png\",\"contentUrl\":\"https:\\\/\\\/santapola.es\\\/wp-content\\\/uploads\\\/2022\\\/11\\\/cartel-demostra-2022-1.png\",\"width\":2401,\"height\":3000},{\"@type\":\"BreadcrumbList\",\"@id\":\"https:\\\/\\\/santapola.es\\\/ca\\\/v-edicion-de-concurso-de-talentos-demostra-el-que-vals\\\/#breadcrumb\",\"itemListElement\":[{\"@type\":\"ListItem\",\"position\":1,\"name\":\"Inici\",\"item\":\"https:\\\/\\\/santapola.es\\\/ca\\\/\"},{\"@type\":\"ListItem\",\"position\":2,\"name\":\"V edici\u00f3n de concurso de talentos &#8220;Demostra el que vals&#8221;\"}]},{\"@type\":\"WebSite\",\"@id\":\"https:\\\/\\\/santapola.es\\\/ca\\\/#website\",\"url\":\"https:\\\/\\\/santapola.es\\\/ca\\\/\",\"name\":\"Ayuntamiento de Santa Pola\",\"description\":\"Web de l'Ajuntament de Santa Pola\",\"potentialAction\":[{\"@type\":\"SearchAction\",\"target\":{\"@type\":\"EntryPoint\",\"urlTemplate\":\"https:\\\/\\\/santapola.es\\\/ca\\\/?s={search_term_string}\"},\"query-input\":{\"@type\":\"PropertyValueSpecification\",\"valueRequired\":true,\"valueName\":\"search_term_string\"}}],\"inLanguage\":\"ca\"},{\"@type\":\"Person\",\"@id\":\"https:\\\/\\\/santapola.es\\\/ca\\\/#\\\/schema\\\/person\\\/c08381290b84c068e06ca5dc1f5a08a7\",\"name\":\"\u00c1rea Municipal Alcald\u00eda\"}]}<\/script>\n<!-- \/ Yoast SEO plugin. -->","yoast_head_json":{"title":"V edici\u00f3n de concurso de talentos \"Demostra el que vals\" - Ajuntament de Santa Pola","robots":{"index":"index","follow":"follow","max-snippet":"max-snippet:-1","max-image-preview":"max-image-preview:large","max-video-preview":"max-video-preview:-1"},"canonical":"https:\/\/santapola.es\/ca\/v-edicion-de-concurso-de-talentos-demostra-el-que-vals\/","og_locale":"ca_ES","og_type":"article","og_title":"V edici\u00f3n de concurso de talentos \"Demostra el que vals\" - Ajuntament de Santa Pola","og_description":"Quinta edici\u00f3n de este certamen de talentos &#8220;Demostra el que vals&#8221; que pretende dar a conocer a los j\u00f3venes artistas locales. Para ello, los j\u00f3venes interesados, entre 12 y 25 a\u00f1os, podr\u00e1n inscribirse en la web www.racojove.com, hasta el 12 de diciembre. Se contemplan categor\u00eda diversas, donde pueden entrar m\u00fasica, canci\u00f3n, interpretaci\u00f3n musical, danza, humor, [&hellip;]","og_url":"https:\/\/santapola.es\/ca\/v-edicion-de-concurso-de-talentos-demostra-el-que-vals\/","og_site_name":"Ajuntament de Santa Pola","article_publisher":"https:\/\/www.facebook.com\/AyuntamientoSantaPola\/","article_published_time":"2022-11-16T11:11:09+00:00","article_modified_time":"2024-03-07T17:41:09+00:00","og_image":[{"width":819,"height":1024,"url":"https:\/\/santapola.es\/wp-content\/uploads\/2022\/11\/cartel-demostra-2022-1-819x1024.png","type":"image\/png"}],"author":"\u00c1rea Municipal Alcald\u00eda","twitter_card":"summary_large_image","twitter_creator":"@SantaPolaAyunt","twitter_site":"@SantaPolaAyunt","schema":{"@context":"https:\/\/schema.org","@graph":[{"@type":"Article","@id":"https:\/\/santapola.es\/ca\/v-edicion-de-concurso-de-talentos-demostra-el-que-vals\/#article","isPartOf":{"@id":"https:\/\/santapola.es\/ca\/v-edicion-de-concurso-de-talentos-demostra-el-que-vals\/"},"author":{"name":"\u00c1rea Municipal Alcald\u00eda","@id":"https:\/\/santapola.es\/ca\/#\/schema\/person\/c08381290b84c068e06ca5dc1f5a08a7"},"headline":"V edici\u00f3n de concurso de talentos &#8220;Demostra el que vals&#8221;","datePublished":"2022-11-16T11:11:09+00:00","dateModified":"2024-03-07T17:41:09+00:00","mainEntityOfPage":{"@id":"https:\/\/santapola.es\/ca\/v-edicion-de-concurso-de-talentos-demostra-el-que-vals\/"},"wordCount":140,"image":{"@id":"https:\/\/santapola.es\/ca\/v-edicion-de-concurso-de-talentos-demostra-el-que-vals\/#primaryimage"},"thumbnailUrl":"https:\/\/santapola.es\/wp-content\/uploads\/2022\/11\/cartel-demostra-2022-1.png","articleSection":["Cultura\/ Fiestas","Educaci\u00f3n \/ Juventud","Inicio"],"inLanguage":"ca"},{"@type":"WebPage","@id":"https:\/\/santapola.es\/ca\/v-edicion-de-concurso-de-talentos-demostra-el-que-vals\/","url":"https:\/\/santapola.es\/ca\/v-edicion-de-concurso-de-talentos-demostra-el-que-vals\/","name":"V edici\u00f3n de concurso de talentos \"Demostra el que vals\" - Ajuntament de Santa Pola","isPartOf":{"@id":"https:\/\/santapola.es\/ca\/#website"},"primaryImageOfPage":{"@id":"https:\/\/santapola.es\/ca\/v-edicion-de-concurso-de-talentos-demostra-el-que-vals\/#primaryimage"},"image":{"@id":"https:\/\/santapola.es\/ca\/v-edicion-de-concurso-de-talentos-demostra-el-que-vals\/#primaryimage"},"thumbnailUrl":"https:\/\/santapola.es\/wp-content\/uploads\/2022\/11\/cartel-demostra-2022-1.png","datePublished":"2022-11-16T11:11:09+00:00","dateModified":"2024-03-07T17:41:09+00:00","author":{"@id":"https:\/\/santapola.es\/ca\/#\/schema\/person\/c08381290b84c068e06ca5dc1f5a08a7"},"breadcrumb":{"@id":"https:\/\/santapola.es\/ca\/v-edicion-de-concurso-de-talentos-demostra-el-que-vals\/#breadcrumb"},"inLanguage":"ca","potentialAction":[{"@type":"ReadAction","target":["https:\/\/santapola.es\/ca\/v-edicion-de-concurso-de-talentos-demostra-el-que-vals\/"]}]},{"@type":"ImageObject","inLanguage":"ca","@id":"https:\/\/santapola.es\/ca\/v-edicion-de-concurso-de-talentos-demostra-el-que-vals\/#primaryimage","url":"https:\/\/santapola.es\/wp-content\/uploads\/2022\/11\/cartel-demostra-2022-1.png","contentUrl":"https:\/\/santapola.es\/wp-content\/uploads\/2022\/11\/cartel-demostra-2022-1.png","width":2401,"height":3000},{"@type":"BreadcrumbList","@id":"https:\/\/santapola.es\/ca\/v-edicion-de-concurso-de-talentos-demostra-el-que-vals\/#breadcrumb","itemListElement":[{"@type":"ListItem","position":1,"name":"Inici","item":"https:\/\/santapola.es\/ca\/"},{"@type":"ListItem","position":2,"name":"V edici\u00f3n de concurso de talentos &#8220;Demostra el que vals&#8221;"}]},{"@type":"WebSite","@id":"https:\/\/santapola.es\/ca\/#website","url":"https:\/\/santapola.es\/ca\/","name":"Ayuntamiento de Santa Pola","description":"Web de l'Ajuntament de Santa Pola","potentialAction":[{"@type":"SearchAction","target":{"@type":"EntryPoint","urlTemplate":"https:\/\/santapola.es\/ca\/?s={search_term_string}"},"query-input":{"@type":"PropertyValueSpecification","valueRequired":true,"valueName":"search_term_string"}}],"inLanguage":"ca"},{"@type":"Person","@id":"https:\/\/santapola.es\/ca\/#\/schema\/person\/c08381290b84c068e06ca5dc1f5a08a7","name":"\u00c1rea Municipal Alcald\u00eda"}]}},"_links":{"self":[{"href":"https:\/\/santapola.es\/ca\/wp-json\/wp\/v2\/posts\/16766","targetHints":{"allow":["GET"]}}],"collection":[{"href":"https:\/\/santapola.es\/ca\/wp-json\/wp\/v2\/posts"}],"about":[{"href":"https:\/\/santapola.es\/ca\/wp-json\/wp\/v2\/types\/post"}],"author":[{"embeddable":true,"href":"https:\/\/santapola.es\/ca\/wp-json\/wp\/v2\/users\/75"}],"replies":[{"embeddable":true,"href":"https:\/\/santapola.es\/ca\/wp-json\/wp\/v2\/comments?post=16766"}],"version-history":[{"count":0,"href":"https:\/\/santapola.es\/ca\/wp-json\/wp\/v2\/posts\/16766\/revisions"}],"wp:featuredmedia":[{"embeddable":true,"href":"https:\/\/santapola.es\/ca\/wp-json\/wp\/v2\/media\/16767"}],"wp:attachment":[{"href":"https:\/\/santapola.es\/ca\/wp-json\/wp\/v2\/media?parent=16766"}],"wp:term":[{"taxonomy":"category","embeddable":true,"href":"https:\/\/santapola.es\/ca\/wp-json\/wp\/v2\/categories?post=16766"},{"taxonomy":"post_tag","embeddable":true,"href":"https:\/\/santapola.es\/ca\/wp-json\/wp\/v2\/tags?post=16766"}],"curies":[{"name":"wp","href":"https:\/\/api.w.org\/{rel}","templated":true}]}}